{"id":84,"date":"2012-01-31T09:43:12","date_gmt":"2012-01-31T07:43:12","guid":{"rendered":"https:\/\/suomenkuvalehti.fi\/tahanontultu\/2012\/01\/31\/presidenttiehdokkaiden-mielipiteita-metsastamassa\/"},"modified":"2013-11-29T15:28:41","modified_gmt":"2013-11-29T13:28:41","slug":"presidenttiehdokkaiden-mielipiteita-metsastamassa","status":"publish","type":"post","link":"https:\/\/suomenkuvalehti.fi\/tahanontultu\/presidenttiehdokkaiden-mielipiteita-metsastamassa\/","title":{"rendered":"Presidenttiehdokkaiden mielipiteit\u00e4 mets\u00e4st\u00e4m\u00e4ss\u00e4"},"content":{"rendered":"\n<p>Er\u00e4s tuntemani ihminen rohkeni viel\u00e4 p\u00e4ivi\u00e4 presidentinvaalien ensimm\u00e4isen kierroksen j\u00e4lkeen olla ep\u00e4varma siit\u00e4, kumpaa ehdokasta \u00e4\u00e4nest\u00e4isi. H\u00e4n valitteli, ettei oikein tied\u00e4 millaista politiikkaa <strong>Pekka Haavisto<\/strong> ja <strong>Sauli Niinist\u00f6<\/strong> ajavat.<\/p>\n\n\n\n<p>Ongelma kuulosti oudolta, tunsin mielest\u00e4ni ainakin Haaviston mielipiteet melko hyvin. T\u00e4m\u00e4 tosin johtui siit\u00e4, ett\u00e4 olin ollut paikalla muutamissa vaalitilaisuuksissa. Mutta onhan kaikki netiss\u00e4. L\u00e4hdin demonstroimaan, kuinka nopeasti ehdokkaan kanta asiasta kuin asiasta l\u00f6ytyy pienell\u00e4 hakukoneen k\u00e4yt\u00f6ll\u00e4.<\/p>\n\n\n\n<p><a title=\"pekka haavisto\" href=\"http:\/\/www.pekkahaavisto.net\/?page_id=92\" target=\"_blank\">Pekka Haavistolla<\/a> on kyll\u00e4 aika selkeit\u00e4 blogikirjoituksia joistain aiheista. Esimerkiksi siit\u00e4, mit\u00e4 h\u00e4n oikeasti tarkoitti puhuessaan <a title=\"pekka haavisto\" href=\"http:\/\/www.pekkahaavisto.net\/?p=713\" target=\"_blank\">naamioituneista sikaloiden salakuvaajista<\/a>. Oma taannoinen <a title=\"t\u00e4h\u00e4n on tultu\" href=\"https:\/\/suomenkuvalehti.fi\/tahanontultu\/2012\/01\/10\/viela-teemu-maesta-ja-kansalaistottelemattomuudesta\/\" target=\"_blank\">blogitukseni samasta aiheesta<\/a> meni muuten pitk\u00e4lti mets\u00e4\u00e4n, kun en ollut tajunnut lukea tuota.<\/p>\n\n\n\n<p>Haaviston blogituksia l\u00f6ytyy nyt sek\u00e4 h\u00e4nen omilta kampanjasivuiltaan, ett\u00e4 <a title=\"vihre\u00e4t\" href=\"http:\/\/www.vihreat.fi\/blog\/443\" target=\"_blank\">Vihreiden sivuilta<\/a>. Mieluiten ne n\u00e4kisi saman katon alla. Ent\u00e4 <a title=\"sauli niinist\u00f6\" href=\"http:\/\/www.niinisto.fi\/kirjoitukset\/\" target=\"_blank\">Sauli Niinist\u00f6<\/a>? H\u00e4n ei ik\u00e4v\u00e4 kyll\u00e4 ole ehtinyt kirjoittamaan yht\u00e4 ahkerasti. Siksi selkeit\u00e4 kannanottoja yksitt\u00e4isiin asioihin on vaikeampi l\u00f6yt\u00e4\u00e4.<\/p>\n\n\n\n<p>Erilaiset vaalikoneet ehdokkaiden antamine vastausperusteluineen ovat ehk\u00e4 paras tietol\u00e4hde, olettaen ett\u00e4 \u00e4\u00e4nest\u00e4j\u00e4\u00e4 kiinnostavia asioita on niiss\u00e4 kysytty.<\/p>\n\n\n\n<p>Mielipidekirjoitukset ja todellinen toiminta eduskunnassa ovat kaksi eri asiaa. Onneksi on eduskunta.fi, sielt\u00e4 on selattavissa <a title=\"eduskunta\" href=\"http:\/\/www.eduskunta.fi\/triphome\/bin\/vexhaku.sh?lyh=%27%27?kieli=su\" target=\"_blank\">valtiop\u00e4iv\u00e4asiat vuodesta 1989<\/a>.<\/p>\n\n\n\n<p>Olette ehk\u00e4 n\u00e4hneet Vauva-lehden foorumilta levinneen listan <a title=\"vauva fi\" href=\"http:\/\/www.vauva.fi\/keskustelut\/alue\/2\/viestiketju\/1549232\/kiinnostava_vertailu_niiniston_ja_haaviston_aloitt\" target=\"_blank\">Sauli Niinist\u00f6n ja Pekka Haaviston tekemist\u00e4 lakialoitteista<\/a>. On kommentoitu aivan oikein, ett\u00e4 erityisesti Niinist\u00f6n lakialoitteet ovat ikivanhoja, ajalta jolloin h\u00e4n oli tuore kansanedustaja. Sellaisilla on tapana ajaa niiden alueiden asioita, joilta ovat tulleet valituiksi. Ei kauhean hy\u00f6dyllinen lista vuoden 2012 vaaleja ajatellen.<\/p>\n\n\n\n<p>Vuoden 1993 j\u00e4lkeen Niinist\u00f6 on toiminut ministerin\u00e4 ja eduskunnan puhemiehen\u00e4, ollut siis pois \u00e4\u00e4nestyksist\u00e4. Sit\u00e4 suuremmalla syyll\u00e4 toivoisi, ett\u00e4 h\u00e4nen kampanjav\u00e4kens\u00e4 olisi ker\u00e4nnyt jonnekin selke\u00e4n tietopaketin Niinist\u00f6n mielipiteist\u00e4 ja toiminnasta. Eip\u00e4 Haavistonkaan kampanjalta sellaista n\u00e4y l\u00f6ytyv\u00e4n. Kaikenmaailman sarjakuvia kyll\u00e4.<\/p>\n\n\n\n<p>\u00c4\u00e4nest\u00e4jist\u00e4 monet eiv\u00e4t osaa, ehdi tai viitsi etsi\u00e4 tietoa ehdokkaiden mielipiteist\u00e4 ja toiminnasta. En tied\u00e4, olisiko kohtuutonta odottaa, ett\u00e4 ne olisivat kampanjasivujen peruskauraa potrettien ohella, eiv\u00e4tk\u00e4 pienin\u00e4 palasina maailmalla.<\/p>\n\n\n","protected":false},"excerpt":{"rendered":"<p>Er\u00e4s tuntemani ihminen rohkeni viel\u00e4 p\u00e4ivi\u00e4 presidentinvaalien ensimm\u00e4isen kierroksen j\u00e4lkeen olla ep\u00e4varma siit\u00e4, kumpaa ehdokasta \u00e4\u00e4nest\u00e4isi. H\u00e4n valitteli, ettei oikein tied\u00e4 millaista politiikkaa Pekka Haavisto ja Sauli Niinist\u00f6 ajavat. Ongelma kuulosti oudolta,<br \/>\ntunsin mieles&hellip;<\/p>\n","protected":false},"author":153,"featured_media":0,"comment_status":"open","ping_status":"open","sticky":false,"template":"","format":"standard","meta":{"_acf_changed":false,"asauth_required_access_level":0,"asauth_cansharepaid":"","om_header_attributes":[],"footnotes":"","om_featured_image_focal_point":[],"om_primary_tag":0,"om_contributors":[],"om_co_authors":[],"beyondwords_generate_audio":"","beyondwords_project_id":"","beyondwords_content_id":"","beyondwords_preview_token":"","beyondwords_player_content":"","beyondwords_player_style":"","beyondwords_language_code":"","beyondwords_language_id":"","beyondwords_title_voice_id":"","beyondwords_body_voice_id":"","beyondwords_summary_voice_id":"","beyondwords_error_message":"","beyondwords_disabled":"","beyondwords_delete_content":"","beyondwords_podcast_id":"","beyondwords_hash":"","publish_post_to_speechkit":"","speechkit_hash":"","speechkit_generate_audio":"","speechkit_project_id":"","speechkit_podcast_id":"","speechkit_error_message":"","speechkit_disabled":"","speechkit_access_key":"","speechkit_error":"","speechkit_info":"","speechkit_response":"","speechkit_retries":"","speechkit_status":"","speechkit_updated_at":"","_speechkit_link":"","_speechkit_text":""},"categories":[1],"tags":[231,228,230,229],"class_list":["post-84","post","type-post","status-publish","format-standard","hentry","category-tahan-on-tultu","tag-mielipiteet","tag-pekka-haavisto","tag-presidentinvaalit-2012","tag-sauli-niinisto"],"om_views":null,"acf":{"tuuma_off":false,"tuuma_kysymys":"","tuuma_vastaus":""},"asauth":{"required_access_level":1,"share_token":"","is_paid":false},"yoast_head":"<!-- This site is optimized with the Yoast SEO plugin v26.4 - https:\/\/yoast.com\/wordpress\/plugins\/seo\/ -->\n<title>Presidenttiehdokkaiden mielipiteit\u00e4 mets\u00e4st\u00e4m\u00e4ss\u00e4 - T\u00e4h\u00e4n on tultu<\/title>\n<meta name=\"robots\" content=\"index, follow, max-snippet:-1, max-image-preview:large, max-video-preview:-1\" \/>\n<link rel=\"canonical\" href=\"https:\/\/suomenkuvalehti.fi\/tahanontultu\/presidenttiehdokkaiden-mielipiteita-metsastamassa\/\" \/>\n<meta property=\"og:locale\" content=\"fi_FI\" \/>\n<meta property=\"og:type\" content=\"article\" \/>\n<meta property=\"og:title\" content=\"Presidenttiehdokkaiden mielipiteit\u00e4 mets\u00e4st\u00e4m\u00e4ss\u00e4 - T\u00e4h\u00e4n on tultu\" \/>\n<meta property=\"og:description\" content=\"Er\u00e4s tuntemani ihminen rohkeni viel\u00e4 p\u00e4ivi\u00e4 presidentinvaalien ensimm\u00e4isen kierroksen j\u00e4lkeen olla ep\u00e4varma siit\u00e4, kumpaa ehdokasta \u00e4\u00e4nest\u00e4isi. H\u00e4n valitteli, ettei oikein tied\u00e4 millaista politiikkaa Pekka Haavisto ja Sauli Niinist\u00f6 ajavat. Ongelma kuulosti oudolta, tunsin mieles&hellip;\" \/>\n<meta property=\"og:url\" content=\"https:\/\/suomenkuvalehti.fi\/tahanontultu\/presidenttiehdokkaiden-mielipiteita-metsastamassa\/\" \/>\n<meta property=\"og:site_name\" content=\"T\u00e4h\u00e4n on tultu\" \/>\n<meta property=\"article:published_time\" content=\"2012-01-31T07:43:12+00:00\" \/>\n<meta property=\"article:modified_time\" content=\"2013-11-29T13:28:41+00:00\" \/>\n<meta property=\"og:image\" content=\"https:\/\/suomenkuvalehti.fi\/tahanontultu\/wp-content\/uploads\/sites\/14\/2013\/11\/jarla.jpg\" \/>\n\t<meta property=\"og:image:width\" content=\"419\" \/>\n\t<meta property=\"og:image:height\" content=\"425\" \/>\n\t<meta property=\"og:image:type\" content=\"image\/jpeg\" \/>\n<meta name=\"author\" content=\"Pertti Jarla\" \/>\n<meta name=\"twitter:card\" content=\"summary_large_image\" \/>\n<meta name=\"twitter:label1\" content=\"Written by\" \/>\n\t<meta name=\"twitter:data1\" content=\"Pertti Jarla\" \/>\n\t<meta name=\"twitter:label2\" content=\"Est. reading time\" \/>\n\t<meta name=\"twitter:data2\" content=\"2 minuuttia\" \/>\n<script type=\"application\/ld+json\" class=\"yoast-schema-graph\">{\"@context\":\"https:\/\/schema.org\",\"@graph\":[{\"@type\":\"WebPage\",\"@id\":\"https:\/\/suomenkuvalehti.fi\/tahanontultu\/presidenttiehdokkaiden-mielipiteita-metsastamassa\/\",\"url\":\"https:\/\/suomenkuvalehti.fi\/tahanontultu\/presidenttiehdokkaiden-mielipiteita-metsastamassa\/\",\"name\":\"Presidenttiehdokkaiden mielipiteit\u00e4 mets\u00e4st\u00e4m\u00e4ss\u00e4 - T\u00e4h\u00e4n on tultu\",\"isPartOf\":{\"@id\":\"https:\/\/suomenkuvalehti.fi\/tahanontultu\/#website\"},\"datePublished\":\"2012-01-31T07:43:12+00:00\",\"dateModified\":\"2013-11-29T13:28:41+00:00\",\"author\":{\"@id\":\"https:\/\/suomenkuvalehti.fi\/tahanontultu\/#\/schema\/person\/f258b4d6c9f57d438aab20b0066db5e7\"},\"breadcrumb\":{\"@id\":\"https:\/\/suomenkuvalehti.fi\/tahanontultu\/presidenttiehdokkaiden-mielipiteita-metsastamassa\/#breadcrumb\"},\"inLanguage\":\"fi\",\"potentialAction\":[{\"@type\":\"ReadAction\",\"target\":[\"https:\/\/suomenkuvalehti.fi\/tahanontultu\/presidenttiehdokkaiden-mielipiteita-metsastamassa\/\"]}]},{\"@type\":\"BreadcrumbList\",\"@id\":\"https:\/\/suomenkuvalehti.fi\/tahanontultu\/presidenttiehdokkaiden-mielipiteita-metsastamassa\/#breadcrumb\",\"itemListElement\":[{\"@type\":\"ListItem\",\"position\":1,\"name\":\"Home\",\"item\":\"https:\/\/suomenkuvalehti.fi\/tahanontultu\/\"},{\"@type\":\"ListItem\",\"position\":2,\"name\":\"Presidenttiehdokkaiden mielipiteit\u00e4 mets\u00e4st\u00e4m\u00e4ss\u00e4\"}]},{\"@type\":\"WebSite\",\"@id\":\"https:\/\/suomenkuvalehti.fi\/tahanontultu\/#website\",\"url\":\"https:\/\/suomenkuvalehti.fi\/tahanontultu\/\",\"name\":\"T\u00e4h\u00e4n on tultu\",\"description\":\"Fingerpori-sarjakuvan piirt\u00e4j\u00e4 p\u00e4hk\u00e4ilee maailmaa vitsien takana.\",\"potentialAction\":[{\"@type\":\"SearchAction\",\"target\":{\"@type\":\"EntryPoint\",\"urlTemplate\":\"https:\/\/suomenkuvalehti.fi\/haku\/?q={search_term_string}\"},\"query-input\":{\"@type\":\"PropertyValueSpecification\",\"valueRequired\":true,\"valueName\":\"search_term_string\"}}],\"inLanguage\":\"fi\"},{\"@type\":\"Person\",\"@id\":\"https:\/\/suomenkuvalehti.fi\/tahanontultu\/#\/schema\/person\/f258b4d6c9f57d438aab20b0066db5e7\",\"name\":\"Pertti Jarla\",\"image\":{\"@type\":\"ImageObject\",\"inLanguage\":\"fi\",\"@id\":\"https:\/\/suomenkuvalehti.fi\/tahanontultu\/#\/schema\/person\/image\/\",\"url\":\"https:\/\/suomenkuvalehti.fi\/tahanontultu\/wp-content\/uploads\/sites\/14\/2013\/11\/jarla-150x150.jpg\",\"contentUrl\":\"https:\/\/suomenkuvalehti.fi\/tahanontultu\/wp-content\/uploads\/sites\/14\/2013\/11\/jarla-150x150.jpg\",\"caption\":\"Pertti Jarla\"},\"description\":\"Kirjoittaja on porvoolainen sarjakuvantekij\u00e4.\"}]}<\/script>\n<!-- \/ Yoast SEO plugin. -->","yoast_head_json":{"title":"Presidenttiehdokkaiden mielipiteit\u00e4 mets\u00e4st\u00e4m\u00e4ss\u00e4 - T\u00e4h\u00e4n on tultu","robots":{"index":"index","follow":"follow","max-snippet":"max-snippet:-1","max-image-preview":"max-image-preview:large","max-video-preview":"max-video-preview:-1"},"canonical":"https:\/\/suomenkuvalehti.fi\/tahanontultu\/presidenttiehdokkaiden-mielipiteita-metsastamassa\/","og_locale":"fi_FI","og_type":"article","og_title":"Presidenttiehdokkaiden mielipiteit\u00e4 mets\u00e4st\u00e4m\u00e4ss\u00e4 - T\u00e4h\u00e4n on tultu","og_description":"Er\u00e4s tuntemani ihminen rohkeni viel\u00e4 p\u00e4ivi\u00e4 presidentinvaalien ensimm\u00e4isen kierroksen j\u00e4lkeen olla ep\u00e4varma siit\u00e4, kumpaa ehdokasta \u00e4\u00e4nest\u00e4isi. H\u00e4n valitteli, ettei oikein tied\u00e4 millaista politiikkaa Pekka Haavisto ja Sauli Niinist\u00f6 ajavat. Ongelma kuulosti oudolta, tunsin mieles&hellip;","og_url":"https:\/\/suomenkuvalehti.fi\/tahanontultu\/presidenttiehdokkaiden-mielipiteita-metsastamassa\/","og_site_name":"T\u00e4h\u00e4n on tultu","article_published_time":"2012-01-31T07:43:12+00:00","article_modified_time":"2013-11-29T13:28:41+00:00","og_image":[{"width":419,"height":425,"url":"https:\/\/suomenkuvalehti.fi\/tahanontultu\/wp-content\/uploads\/sites\/14\/2013\/11\/jarla.jpg","type":"image\/jpeg"}],"author":"Pertti Jarla","twitter_card":"summary_large_image","twitter_misc":{"Written by":"Pertti Jarla","Est. reading time":"2 minuuttia"},"schema":{"@context":"https:\/\/schema.org","@graph":[{"@type":"WebPage","@id":"https:\/\/suomenkuvalehti.fi\/tahanontultu\/presidenttiehdokkaiden-mielipiteita-metsastamassa\/","url":"https:\/\/suomenkuvalehti.fi\/tahanontultu\/presidenttiehdokkaiden-mielipiteita-metsastamassa\/","name":"Presidenttiehdokkaiden mielipiteit\u00e4 mets\u00e4st\u00e4m\u00e4ss\u00e4 - T\u00e4h\u00e4n on tultu","isPartOf":{"@id":"https:\/\/suomenkuvalehti.fi\/tahanontultu\/#website"},"datePublished":"2012-01-31T07:43:12+00:00","dateModified":"2013-11-29T13:28:41+00:00","author":{"@id":"https:\/\/suomenkuvalehti.fi\/tahanontultu\/#\/schema\/person\/f258b4d6c9f57d438aab20b0066db5e7"},"breadcrumb":{"@id":"https:\/\/suomenkuvalehti.fi\/tahanontultu\/presidenttiehdokkaiden-mielipiteita-metsastamassa\/#breadcrumb"},"inLanguage":"fi","potentialAction":[{"@type":"ReadAction","target":["https:\/\/suomenkuvalehti.fi\/tahanontultu\/presidenttiehdokkaiden-mielipiteita-metsastamassa\/"]}]},{"@type":"BreadcrumbList","@id":"https:\/\/suomenkuvalehti.fi\/tahanontultu\/presidenttiehdokkaiden-mielipiteita-metsastamassa\/#breadcrumb","itemListElement":[{"@type":"ListItem","position":1,"name":"Home","item":"https:\/\/suomenkuvalehti.fi\/tahanontultu\/"},{"@type":"ListItem","position":2,"name":"Presidenttiehdokkaiden mielipiteit\u00e4 mets\u00e4st\u00e4m\u00e4ss\u00e4"}]},{"@type":"WebSite","@id":"https:\/\/suomenkuvalehti.fi\/tahanontultu\/#website","url":"https:\/\/suomenkuvalehti.fi\/tahanontultu\/","name":"T\u00e4h\u00e4n on tultu","description":"Fingerpori-sarjakuvan piirt\u00e4j\u00e4 p\u00e4hk\u00e4ilee maailmaa vitsien takana.","potentialAction":[{"@type":"SearchAction","target":{"@type":"EntryPoint","urlTemplate":"https:\/\/suomenkuvalehti.fi\/haku\/?q={search_term_string}"},"query-input":{"@type":"PropertyValueSpecification","valueRequired":true,"valueName":"search_term_string"}}],"inLanguage":"fi"},{"@type":"Person","@id":"https:\/\/suomenkuvalehti.fi\/tahanontultu\/#\/schema\/person\/f258b4d6c9f57d438aab20b0066db5e7","name":"Pertti Jarla","image":{"@type":"ImageObject","inLanguage":"fi","@id":"https:\/\/suomenkuvalehti.fi\/tahanontultu\/#\/schema\/person\/image\/","url":"https:\/\/suomenkuvalehti.fi\/tahanontultu\/wp-content\/uploads\/sites\/14\/2013\/11\/jarla-150x150.jpg","contentUrl":"https:\/\/suomenkuvalehti.fi\/tahanontultu\/wp-content\/uploads\/sites\/14\/2013\/11\/jarla-150x150.jpg","caption":"Pertti Jarla"},"description":"Kirjoittaja on porvoolainen sarjakuvantekij\u00e4."}]}},"_links":{"self":[{"href":"https:\/\/suomenkuvalehti.fi\/tahanontultu\/wp-json\/wp\/v2\/posts\/84","targetHints":{"allow":["GET"]}}],"collection":[{"href":"https:\/\/suomenkuvalehti.fi\/tahanontultu\/wp-json\/wp\/v2\/posts"}],"about":[{"href":"https:\/\/suomenkuvalehti.fi\/tahanontultu\/wp-json\/wp\/v2\/types\/post"}],"author":[{"embeddable":true,"href":"https:\/\/suomenkuvalehti.fi\/tahanontultu\/wp-json\/wp\/v2\/users\/153"}],"replies":[{"embeddable":true,"href":"https:\/\/suomenkuvalehti.fi\/tahanontultu\/wp-json\/wp\/v2\/comments?post=84"}],"version-history":[{"count":1,"href":"https:\/\/suomenkuvalehti.fi\/tahanontultu\/wp-json\/wp\/v2\/posts\/84\/revisions"}],"predecessor-version":[{"id":157,"href":"https:\/\/suomenkuvalehti.fi\/tahanontultu\/wp-json\/wp\/v2\/posts\/84\/revisions\/157"}],"wp:attachment":[{"href":"https:\/\/suomenkuvalehti.fi\/tahanontultu\/wp-json\/wp\/v2\/media?parent=84"}],"wp:term":[{"taxonomy":"category","embeddable":true,"href":"https:\/\/suomenkuvalehti.fi\/tahanontultu\/wp-json\/wp\/v2\/categories?post=84"},{"taxonomy":"post_tag","embeddable":true,"href":"https:\/\/suomenkuvalehti.fi\/tahanontultu\/wp-json\/wp\/v2\/tags?post=84"}],"curies":[{"name":"wp","href":"https:\/\/api.w.org\/{rel}","templated":true}]}}