{"id":79,"date":"2012-03-19T12:32:39","date_gmt":"2012-03-19T10:32:39","guid":{"rendered":"https:\/\/suomenkuvalehti.fi\/tahanontultu\/2012\/03\/19\/konkretisoituuko-aarioikeistolainen-uhopuhe-vakivallaksi\/"},"modified":"2012-03-19T12:32:39","modified_gmt":"2012-03-19T10:32:39","slug":"konkretisoituuko-aarioikeistolainen-uhopuhe-vakivallaksi","status":"publish","type":"post","link":"https:\/\/suomenkuvalehti.fi\/tahanontultu\/konkretisoituuko-aarioikeistolainen-uhopuhe-vakivallaksi\/","title":{"rendered":"Konkretisoituuko \u00e4\u00e4rioikeistolainen uhopuhe v\u00e4kivallaksi?"},"content":{"rendered":"\n<p>Olen saanut lukea parikin pitk\u00e4\u00e4 ja perusteellista kirjoitusta Suomen Sisu-tyyppisten \u00e4\u00e4rioikeistolaisten ryhmien ajattelusta ja toiminnasta. Jo aiemmin mainitsemani <strong>Jussi K. Niemel\u00e4<\/strong> vertaa \u00e4\u00e4rioikeistolaisia <a title=\"vallan vahtikoira\" href=\"http:\/\/vallanvahtikoira.blogspot.com\/\" target=\"_blank\">uskonnollisiin fanaatikkoihin<\/a>. <strong>Panu H\u00f6glund<\/strong> pohtii, <a title=\"plaza.fi\" href=\"http:\/\/plaza.fi\/ajassa\/kolinaa-panuhuoneesta\/perareian-kaivertajia-ja-muita-persuja\" target=\"_blank\">kuinka vakavasti<\/a> erilaiset netiss\u00e4 esitetyt nylkemis- kaivertamis- ym. uhkaukset pit\u00e4isi ottaa.<\/p>\n\n\n\n<p>Panu H\u00f6glund on er\u00e4iden perussuomalaiskommenttiensa takia joutunut useampienkin uhkausten kohteeksi, poliisille on j\u00e4tetty tutkintapyynt\u00f6j\u00e4 puolin ja toisin. H\u00e4nen mukaansa poliisi pit\u00e4\u00e4 \u00e4\u00e4rioikeistolaisia uhkailijoita l\u00e4hinn\u00e4 harmittomina kyl\u00e4hulluina. H\u00f6glund itse ottaa asian vakavammin, ja miettii voisivatko n\u00e4m\u00e4 kyl\u00e4hullut jopa kutsua maahamme ulkomaalaisia aatevelji\u00e4 pieks\u00e4mis- tai tappohommiin.<\/p>\n\n\n\n<p>Minua ei ole uhkailtu, ehk\u00e4 siksi en osaa n\u00e4hd\u00e4 nettifasisteja aivan tuonsorttisena riskin\u00e4. Jussi K. Niemel\u00e4 kirjoittaa: <em>&#8221;\u00c4\u00e4ri-ihmisen tunnistaa my\u00f6s siit\u00e4, ett\u00e4 h\u00e4n puhuu omilleen eri tavalla kuin muille. Kannattajiensa keskuudessa fanaatikko saarnaa viiteryhm\u00e4ns\u00e4 oppeja, poseeraa heille, mutta vaikkapa televisiossa h\u00e4n saattaa jopa kiist\u00e4\u00e4 agendansa keskeiset opinkappaleet kriittisen toimittajan ristitulessa&#8221; <\/em><\/p>\n\n\n\n<p>Silt\u00e4 tosiaan n\u00e4ytt\u00e4\u00e4, natsahtavilla foorumeilla hehkutetaan pieks\u00e4misill\u00e4 ja etnisill\u00e4 puhdistuksilla, toimittajille puhutaan ihan muuta. Mutta kumpi on todellisempi poseeraus? Mit\u00e4 jos varsinaista valheellista paskapuhetta onkin se suljetuilla foorumeilla uhoaminen? Olen alkanut ep\u00e4ill\u00e4, ett\u00e4 kovat puheet maahanmuuttajien ja punavihreiden kylm\u00e4\u00e4misest\u00e4 ovat l\u00e4hinn\u00e4 er\u00e4\u00e4nlaista nettiroolipeli\u00e4, virtuaalisen natsihahmon saappaisiin heitt\u00e4ytymist\u00e4.<\/p>\n\n\n\n<p>Ehk\u00e4 kiukku n\u00e4iden uhokeskustelujen julkistamisesta <a title=\"natsivahti\" href=\"http:\/\/natsivahti.blogspot.com\/\" target=\"_blank\">Natsivahdin<\/a> tyylisill\u00e4 sivuilla ei johdu vain salaisten suunnitelmien paljastumisesta, vaan <em>noloudesta<\/em>, kun aikuinen on tullut yll\u00e4tetyksi kesken leikin. On noloa joutua vastaamaan v\u00e4kivaltaisen natsin roolissa esitetyst\u00e4 uhosta, jota ei tosiel\u00e4m\u00e4ss\u00e4 ole valmis toteuttamaan.<\/p>\n\n\n\n<p>Kun <strong>James Hirvisaari<\/strong> ja kumppanit selittelev\u00e4t vihapuheitaan pelkkin\u00e4 &#8221;k\u00e4rjistyksin\u00e4&#8221; tms. l\u00e4p\u00e4nheittoina, ehk\u00e4 se ei olekaan pelkk\u00e4\u00e4 v\u00e4istely\u00e4, vaan yritys selitt\u00e4\u00e4 ettei heid\u00e4n uhonsa vastaa todellisuutta? En tied\u00e4, en ole t\u00e4m\u00e4n porukan tuntija.<\/p>\n\n\n\n<p>Joka tapauksessa ep\u00e4ilen, syntyyk\u00f6 Suomen \u00e4\u00e4rioikeistosta koskaan vakavasti otettavaa voimaa. Voi olla, ett\u00e4 touhu j\u00e4\u00e4 ikuiseksi sis\u00e4piirin uhoksi, josta syntyy l\u00e4hinn\u00e4 uhkauksia ja tarroja. V\u00e4kivaltaisesta etnisest\u00e4 puhdistuksesta on turha haaveilla, keskivertokansalainen arvostaa aivan liikaa vakautta ja turvallisuutta. Ennen kaikkea maahanmuuttajat mokomat ovat asettuneet yhteiskuntaamme liian hyvin, heist\u00e4 ei koidu todellista k\u00e4yt\u00e4nn\u00f6n haittaa. Enemm\u00e4n tulevaisuutta lienee EU-kriittisyydell\u00e4.<\/p>\n\n\n\n<p>Pid\u00e4nk\u00f6 <a title=\"suojeluskunta\" href=\"http:\/\/suojeluskunta.com\/forum\/index.php\" target=\"_blank\">Suojeluskunta<\/a>-foorumia ja vastaavia tosiaan harmittomina? En. Ep\u00e4ilen syntyyk\u00f6 niist\u00e4 ikin\u00e4 uhkaavaa joukkoliikett\u00e4, mutta kammoan muutamia niihin hakeutuvia yksil\u00f6it\u00e4. H\u00e4iriintyneit\u00e4, jotka eiv\u00e4t ymm\u00e4rr\u00e4 netiss\u00e4 uhoamisen ja toden eroa. Noilla foorumeilla enemm\u00e4n tai v\u00e4hemm\u00e4n tosissaan heitetyt rasistiset kauhutarinat ja v\u00e4kivaltaiset puhdistusfantasiat levi\u00e4v\u00e4t, mielipiteet k\u00e4rjistyv\u00e4t. Pahoin pelk\u00e4\u00e4n, ett\u00e4 ne ovat joukkomurhaajien hautomoita.<\/p>\n\n\n\n<p><strong>Jussi Halla-Aho<\/strong> ja muut \u00e4\u00e4rioikeiston ideologit tulevat varmaan pysyttelem\u00e4\u00e4n k\u00e4yt\u00e4nn\u00f6n el\u00e4m\u00e4ss\u00e4\u00e4n kilttein\u00e4 kansalaisina, tuskinpa tajuavat vastuutaan kun jossain aina v\u00e4lill\u00e4 ammuskellaan.<\/p>\n\n\n\n<p>&#8212;-<\/p>\n\n\n\n<p><strong>EDIT: (20.3.2012 klo 17:35)<\/strong> Homma-Foorumilla on mielest\u00e4ni aivan perustellusti kritisoitu sit\u00e4 tapaa, jolla alunperin esitin kyseisen foorumin esimerkkin\u00e4 &#8221;v\u00e4kivaltaisia puhdistusfantasioita&#8221; sis\u00e4lt\u00e4vist\u00e4 saiteista. Esimerkkini oli virheellinen, en muista n\u00e4hneeni siell\u00e4 moisia tekstej\u00e4. Sekoitin huolimattomasti ja perusteettomasti Homman Suojeluskunta.com-tyyppisiin foorumeihin. Pyyd\u00e4n t\u00e4lt\u00e4 osin anteeksi Homma-foorumilaisilta, ja yrit\u00e4n jatkossa hosua v\u00e4hemm\u00e4n.<\/p>\n\n\n\n\n\n\n","protected":false},"excerpt":{"rendered":"<p>Olen saanut lukea parikin pitk\u00e4\u00e4 ja perusteellista kirjoitusta Suomen Sisu-tyyppisten \u00e4\u00e4rioikeistolaisten ryhmien ajattelusta ja toiminnasta. Jo aiemmin mainitsemani Jussi K. Niemel\u00e4 vertaa \u00e4\u00e4rioikeistolaisia uskonnollisiin fanaatikkoihin. Panu H\u00f6glund pohtii,<br \/>\nkuinka &hellip;<\/p>\n","protected":false},"author":153,"featured_media":0,"comment_status":"open","ping_status":"open","sticky":false,"template":"","format":"standard","meta":{"_acf_changed":false,"asauth_required_access_level":0,"asauth_cansharepaid":"","om_header_attributes":[],"footnotes":"","om_featured_image_focal_point":[],"om_primary_tag":0,"om_contributors":[],"om_co_authors":[],"beyondwords_generate_audio":"","beyondwords_project_id":"","beyondwords_content_id":"","beyondwords_preview_token":"","beyondwords_player_content":"","beyondwords_player_style":"","beyondwords_language_code":"","beyondwords_language_id":"","beyondwords_title_voice_id":"","beyondwords_body_voice_id":"","beyondwords_summary_voice_id":"","beyondwords_error_message":"","beyondwords_disabled":"","beyondwords_delete_content":"","beyondwords_podcast_id":"","beyondwords_hash":"","publish_post_to_speechkit":"","speechkit_hash":"","speechkit_generate_audio":"","speechkit_project_id":"","speechkit_podcast_id":"","speechkit_error_message":"","speechkit_disabled":"","speechkit_access_key":"","speechkit_error":"","speechkit_info":"","speechkit_response":"","speechkit_retries":"","speechkit_status":"","speechkit_updated_at":"","_speechkit_link":"","_speechkit_text":""},"categories":[1],"tags":[216,215,142,54,213,214],"class_list":["post-79","post","type-post","status-publish","format-standard","hentry","category-tahan-on-tultu","tag-aarioikeisto","tag-hommaforum","tag-james-hirvisaari","tag-jussi-halla-aho","tag-jussi-k-niemela","tag-panu-hoglund"],"om_views":null,"acf":{"tuuma_off":false,"tuuma_kysymys":"","tuuma_vastaus":""},"asauth":{"required_access_level":1,"share_token":"","is_paid":false},"yoast_head":"<!-- This site is optimized with the Yoast SEO plugin v26.4 - https:\/\/yoast.com\/wordpress\/plugins\/seo\/ -->\n<title>Konkretisoituuko \u00e4\u00e4rioikeistolainen uhopuhe v\u00e4kivallaksi? - T\u00e4h\u00e4n on tultu<\/title>\n<meta name=\"robots\" content=\"index, follow, max-snippet:-1, max-image-preview:large, max-video-preview:-1\" \/>\n<link rel=\"canonical\" href=\"https:\/\/suomenkuvalehti.fi\/tahanontultu\/konkretisoituuko-aarioikeistolainen-uhopuhe-vakivallaksi\/\" \/>\n<meta property=\"og:locale\" content=\"fi_FI\" \/>\n<meta property=\"og:type\" content=\"article\" \/>\n<meta property=\"og:title\" content=\"Konkretisoituuko \u00e4\u00e4rioikeistolainen uhopuhe v\u00e4kivallaksi? - T\u00e4h\u00e4n on tultu\" \/>\n<meta property=\"og:description\" content=\"Olen saanut lukea parikin pitk\u00e4\u00e4 ja perusteellista kirjoitusta Suomen Sisu-tyyppisten \u00e4\u00e4rioikeistolaisten ryhmien ajattelusta ja toiminnasta. Jo aiemmin mainitsemani Jussi K. Niemel\u00e4 vertaa \u00e4\u00e4rioikeistolaisia uskonnollisiin fanaatikkoihin. Panu H\u00f6glund pohtii, kuinka &hellip;\" \/>\n<meta property=\"og:url\" content=\"https:\/\/suomenkuvalehti.fi\/tahanontultu\/konkretisoituuko-aarioikeistolainen-uhopuhe-vakivallaksi\/\" \/>\n<meta property=\"og:site_name\" content=\"T\u00e4h\u00e4n on tultu\" \/>\n<meta property=\"article:published_time\" content=\"2012-03-19T10:32:39+00:00\" \/>\n<meta property=\"og:image\" content=\"https:\/\/suomenkuvalehti.fi\/tahanontultu\/wp-content\/uploads\/sites\/14\/2013\/11\/jarla.jpg\" \/>\n\t<meta property=\"og:image:width\" content=\"419\" \/>\n\t<meta property=\"og:image:height\" content=\"425\" \/>\n\t<meta property=\"og:image:type\" content=\"image\/jpeg\" \/>\n<meta name=\"author\" content=\"Pertti Jarla\" \/>\n<meta name=\"twitter:card\" content=\"summary_large_image\" \/>\n<meta name=\"twitter:label1\" content=\"Written by\" \/>\n\t<meta name=\"twitter:data1\" content=\"Pertti Jarla\" \/>\n\t<meta name=\"twitter:label2\" content=\"Est. reading time\" \/>\n\t<meta name=\"twitter:data2\" content=\"3 minuuttia\" \/>\n<script type=\"application\/ld+json\" class=\"yoast-schema-graph\">{\"@context\":\"https:\/\/schema.org\",\"@graph\":[{\"@type\":\"WebPage\",\"@id\":\"https:\/\/suomenkuvalehti.fi\/tahanontultu\/konkretisoituuko-aarioikeistolainen-uhopuhe-vakivallaksi\/\",\"url\":\"https:\/\/suomenkuvalehti.fi\/tahanontultu\/konkretisoituuko-aarioikeistolainen-uhopuhe-vakivallaksi\/\",\"name\":\"Konkretisoituuko \u00e4\u00e4rioikeistolainen uhopuhe v\u00e4kivallaksi? - T\u00e4h\u00e4n on tultu\",\"isPartOf\":{\"@id\":\"https:\/\/suomenkuvalehti.fi\/tahanontultu\/#website\"},\"datePublished\":\"2012-03-19T10:32:39+00:00\",\"author\":{\"@id\":\"https:\/\/suomenkuvalehti.fi\/tahanontultu\/#\/schema\/person\/f258b4d6c9f57d438aab20b0066db5e7\"},\"breadcrumb\":{\"@id\":\"https:\/\/suomenkuvalehti.fi\/tahanontultu\/konkretisoituuko-aarioikeistolainen-uhopuhe-vakivallaksi\/#breadcrumb\"},\"inLanguage\":\"fi\",\"potentialAction\":[{\"@type\":\"ReadAction\",\"target\":[\"https:\/\/suomenkuvalehti.fi\/tahanontultu\/konkretisoituuko-aarioikeistolainen-uhopuhe-vakivallaksi\/\"]}]},{\"@type\":\"BreadcrumbList\",\"@id\":\"https:\/\/suomenkuvalehti.fi\/tahanontultu\/konkretisoituuko-aarioikeistolainen-uhopuhe-vakivallaksi\/#breadcrumb\",\"itemListElement\":[{\"@type\":\"ListItem\",\"position\":1,\"name\":\"Home\",\"item\":\"https:\/\/suomenkuvalehti.fi\/tahanontultu\/\"},{\"@type\":\"ListItem\",\"position\":2,\"name\":\"Konkretisoituuko \u00e4\u00e4rioikeistolainen uhopuhe v\u00e4kivallaksi?\"}]},{\"@type\":\"WebSite\",\"@id\":\"https:\/\/suomenkuvalehti.fi\/tahanontultu\/#website\",\"url\":\"https:\/\/suomenkuvalehti.fi\/tahanontultu\/\",\"name\":\"T\u00e4h\u00e4n on tultu\",\"description\":\"Fingerpori-sarjakuvan piirt\u00e4j\u00e4 p\u00e4hk\u00e4ilee maailmaa vitsien takana.\",\"potentialAction\":[{\"@type\":\"SearchAction\",\"target\":{\"@type\":\"EntryPoint\",\"urlTemplate\":\"https:\/\/suomenkuvalehti.fi\/haku\/?q={search_term_string}\"},\"query-input\":{\"@type\":\"PropertyValueSpecification\",\"valueRequired\":true,\"valueName\":\"search_term_string\"}}],\"inLanguage\":\"fi\"},{\"@type\":\"Person\",\"@id\":\"https:\/\/suomenkuvalehti.fi\/tahanontultu\/#\/schema\/person\/f258b4d6c9f57d438aab20b0066db5e7\",\"name\":\"Pertti Jarla\",\"image\":{\"@type\":\"ImageObject\",\"inLanguage\":\"fi\",\"@id\":\"https:\/\/suomenkuvalehti.fi\/tahanontultu\/#\/schema\/person\/image\/\",\"url\":\"https:\/\/suomenkuvalehti.fi\/tahanontultu\/wp-content\/uploads\/sites\/14\/2013\/11\/jarla-150x150.jpg\",\"contentUrl\":\"https:\/\/suomenkuvalehti.fi\/tahanontultu\/wp-content\/uploads\/sites\/14\/2013\/11\/jarla-150x150.jpg\",\"caption\":\"Pertti Jarla\"},\"description\":\"Kirjoittaja on porvoolainen sarjakuvantekij\u00e4.\"}]}<\/script>\n<!-- \/ Yoast SEO plugin. -->","yoast_head_json":{"title":"Konkretisoituuko \u00e4\u00e4rioikeistolainen uhopuhe v\u00e4kivallaksi? - T\u00e4h\u00e4n on tultu","robots":{"index":"index","follow":"follow","max-snippet":"max-snippet:-1","max-image-preview":"max-image-preview:large","max-video-preview":"max-video-preview:-1"},"canonical":"https:\/\/suomenkuvalehti.fi\/tahanontultu\/konkretisoituuko-aarioikeistolainen-uhopuhe-vakivallaksi\/","og_locale":"fi_FI","og_type":"article","og_title":"Konkretisoituuko \u00e4\u00e4rioikeistolainen uhopuhe v\u00e4kivallaksi? - T\u00e4h\u00e4n on tultu","og_description":"Olen saanut lukea parikin pitk\u00e4\u00e4 ja perusteellista kirjoitusta Suomen Sisu-tyyppisten \u00e4\u00e4rioikeistolaisten ryhmien ajattelusta ja toiminnasta. Jo aiemmin mainitsemani Jussi K. Niemel\u00e4 vertaa \u00e4\u00e4rioikeistolaisia uskonnollisiin fanaatikkoihin. Panu H\u00f6glund pohtii, kuinka &hellip;","og_url":"https:\/\/suomenkuvalehti.fi\/tahanontultu\/konkretisoituuko-aarioikeistolainen-uhopuhe-vakivallaksi\/","og_site_name":"T\u00e4h\u00e4n on tultu","article_published_time":"2012-03-19T10:32:39+00:00","og_image":[{"width":419,"height":425,"url":"https:\/\/suomenkuvalehti.fi\/tahanontultu\/wp-content\/uploads\/sites\/14\/2013\/11\/jarla.jpg","type":"image\/jpeg"}],"author":"Pertti Jarla","twitter_card":"summary_large_image","twitter_misc":{"Written by":"Pertti Jarla","Est. reading time":"3 minuuttia"},"schema":{"@context":"https:\/\/schema.org","@graph":[{"@type":"WebPage","@id":"https:\/\/suomenkuvalehti.fi\/tahanontultu\/konkretisoituuko-aarioikeistolainen-uhopuhe-vakivallaksi\/","url":"https:\/\/suomenkuvalehti.fi\/tahanontultu\/konkretisoituuko-aarioikeistolainen-uhopuhe-vakivallaksi\/","name":"Konkretisoituuko \u00e4\u00e4rioikeistolainen uhopuhe v\u00e4kivallaksi? - T\u00e4h\u00e4n on tultu","isPartOf":{"@id":"https:\/\/suomenkuvalehti.fi\/tahanontultu\/#website"},"datePublished":"2012-03-19T10:32:39+00:00","author":{"@id":"https:\/\/suomenkuvalehti.fi\/tahanontultu\/#\/schema\/person\/f258b4d6c9f57d438aab20b0066db5e7"},"breadcrumb":{"@id":"https:\/\/suomenkuvalehti.fi\/tahanontultu\/konkretisoituuko-aarioikeistolainen-uhopuhe-vakivallaksi\/#breadcrumb"},"inLanguage":"fi","potentialAction":[{"@type":"ReadAction","target":["https:\/\/suomenkuvalehti.fi\/tahanontultu\/konkretisoituuko-aarioikeistolainen-uhopuhe-vakivallaksi\/"]}]},{"@type":"BreadcrumbList","@id":"https:\/\/suomenkuvalehti.fi\/tahanontultu\/konkretisoituuko-aarioikeistolainen-uhopuhe-vakivallaksi\/#breadcrumb","itemListElement":[{"@type":"ListItem","position":1,"name":"Home","item":"https:\/\/suomenkuvalehti.fi\/tahanontultu\/"},{"@type":"ListItem","position":2,"name":"Konkretisoituuko \u00e4\u00e4rioikeistolainen uhopuhe v\u00e4kivallaksi?"}]},{"@type":"WebSite","@id":"https:\/\/suomenkuvalehti.fi\/tahanontultu\/#website","url":"https:\/\/suomenkuvalehti.fi\/tahanontultu\/","name":"T\u00e4h\u00e4n on tultu","description":"Fingerpori-sarjakuvan piirt\u00e4j\u00e4 p\u00e4hk\u00e4ilee maailmaa vitsien takana.","potentialAction":[{"@type":"SearchAction","target":{"@type":"EntryPoint","urlTemplate":"https:\/\/suomenkuvalehti.fi\/haku\/?q={search_term_string}"},"query-input":{"@type":"PropertyValueSpecification","valueRequired":true,"valueName":"search_term_string"}}],"inLanguage":"fi"},{"@type":"Person","@id":"https:\/\/suomenkuvalehti.fi\/tahanontultu\/#\/schema\/person\/f258b4d6c9f57d438aab20b0066db5e7","name":"Pertti Jarla","image":{"@type":"ImageObject","inLanguage":"fi","@id":"https:\/\/suomenkuvalehti.fi\/tahanontultu\/#\/schema\/person\/image\/","url":"https:\/\/suomenkuvalehti.fi\/tahanontultu\/wp-content\/uploads\/sites\/14\/2013\/11\/jarla-150x150.jpg","contentUrl":"https:\/\/suomenkuvalehti.fi\/tahanontultu\/wp-content\/uploads\/sites\/14\/2013\/11\/jarla-150x150.jpg","caption":"Pertti Jarla"},"description":"Kirjoittaja on porvoolainen sarjakuvantekij\u00e4."}]}},"_links":{"self":[{"href":"https:\/\/suomenkuvalehti.fi\/tahanontultu\/wp-json\/wp\/v2\/posts\/79","targetHints":{"allow":["GET"]}}],"collection":[{"href":"https:\/\/suomenkuvalehti.fi\/tahanontultu\/wp-json\/wp\/v2\/posts"}],"about":[{"href":"https:\/\/suomenkuvalehti.fi\/tahanontultu\/wp-json\/wp\/v2\/types\/post"}],"author":[{"embeddable":true,"href":"https:\/\/suomenkuvalehti.fi\/tahanontultu\/wp-json\/wp\/v2\/users\/153"}],"replies":[{"embeddable":true,"href":"https:\/\/suomenkuvalehti.fi\/tahanontultu\/wp-json\/wp\/v2\/comments?post=79"}],"version-history":[{"count":0,"href":"https:\/\/suomenkuvalehti.fi\/tahanontultu\/wp-json\/wp\/v2\/posts\/79\/revisions"}],"wp:attachment":[{"href":"https:\/\/suomenkuvalehti.fi\/tahanontultu\/wp-json\/wp\/v2\/media?parent=79"}],"wp:term":[{"taxonomy":"category","embeddable":true,"href":"https:\/\/suomenkuvalehti.fi\/tahanontultu\/wp-json\/wp\/v2\/categories?post=79"},{"taxonomy":"post_tag","embeddable":true,"href":"https:\/\/suomenkuvalehti.fi\/tahanontultu\/wp-json\/wp\/v2\/tags?post=79"}],"curies":[{"name":"wp","href":"https:\/\/api.w.org\/{rel}","templated":true}]}}