{"id":77,"date":"2012-03-22T20:24:36","date_gmt":"2012-03-22T18:24:36","guid":{"rendered":"https:\/\/suomenkuvalehti.fi\/tahanontultu\/2012\/03\/22\/eiko-tosiaan-ole-suomella-varaa-solidaarisuuteen\/"},"modified":"2012-03-22T20:24:36","modified_gmt":"2012-03-22T18:24:36","slug":"eiko-tosiaan-ole-suomella-varaa-solidaarisuuteen","status":"publish","type":"post","link":"https:\/\/suomenkuvalehti.fi\/tahanontultu\/eiko-tosiaan-ole-suomella-varaa-solidaarisuuteen\/","title":{"rendered":"Eik\u00f6 tosiaan ole Suomella varaa solidaarisuuteen?"},"content":{"rendered":"\n<p>Nyt kun verotus puhututtaa, on putkahtanut esiin <strong>Niklas Herlinin<\/strong> ns. solidaarisuusveroa jo <a title=\"US\" href=\"http:\/\/niklasherlin.puheenvuoro.uusisuomi.fi\/87376-suomessa-ei-ole-varaa-solidaarisuuteen\" target=\"_blank\">viime marraskuussa kritisoinut blogitus<\/a>. Otsikoltaan se on <em>&#8221;Suomessa ei ole varaa solidaarisuuteen&#8221;<\/em>, eik\u00e4 sanamuotoa ole tarkoitettu ironiseksi. Herlin laskee pit\u00e4v\u00e4n tuntuisesti, ett\u00e4 mink\u00e4\u00e4n palkansaajaryhm\u00e4n verotuksen kirist\u00e4minen ei en\u00e4\u00e4 ole mahdollista tai hy\u00f6dyllist\u00e4. Ainoa vaihtoehto on valtion menojen karsiminen.<\/p>\n\n\n\n<p>Nyt on todettava, ett\u00e4 Niklas Herlin on mainio ajattelija ja ajatustensa tiivist\u00e4j\u00e4, suosikkiblogittajiani. Verotukseen en todellakaan ole h\u00e4nen laillaan perehtynyt. Yksi tyhm\u00e4, kalvava kysymys esityksest\u00e4 kuitenkin j\u00e4\u00e4: ovatko suomalaiset ihan oikeasti kirist\u00e4neet vy\u00f6t\u00e4\u00e4n loppuun saakka, eik\u00f6 veroihin tosiaan liikene hyv\u00e4tuloisiltakaan <em>yht\u00e4\u00e4n<\/em> enemp\u00e4\u00e4?<\/p>\n\n\n\n<p>Katsotaan l\u00e4hemmin Herlinin argumentteja: 3000 euroa kuussa ansaitsevilta h\u00e4n ei kirist\u00e4isi enemp\u00e4\u00e4 nykyisill\u00e4 el\u00e4misen hinnoilla. Ymm\u00e4rr\u00e4n, etenkin kun itse asun Helsingiss\u00e4 vuokralla. 10 000 euroa ja yli kuukaudessa tienaavia taas on niin v\u00e4h\u00e4n, ettei heid\u00e4n rokottamisestaan koituisi mainittavia tuloja. Uskotaan.<\/p>\n\n\n\n<p>Ent\u00e4 5000 euroa kuussa ansaitsevat? Siteeraan Herlini\u00e4:<em><br>&#8221;Nyth\u00e4n he maksavat tuloistaan veroja &#8221;vain&#8221; 40 prosenttia. Kyll\u00e4 kai n\u00e4m\u00e4 voivat uhrata Thaimaan-viikkonsa ja Sveitsin laskettelunsa solidaarisuuteen? No eiv\u00e4t muuten voi, emmek\u00e4 voi vaatia heilt\u00e4 lis\u00e4\u00e4 solidaarisuutta.&#8221;<\/em><\/p>\n\n\n\n<p>Eli t\u00e4ss\u00e4 t\u00e4rke\u00e4ss\u00e4 kohdassa argumentti kuuluu, ett\u00e4 ei vaan <strong>voi<\/strong>. Tarkempia perusteluja kaipaisin. Herlin toteaa viel\u00e4, ett\u00e4 t\u00e4lt\u00e4 ryhm\u00e4lt\u00e4 &#8221;<em>vied\u00e4\u00e4n jo nyt riitt\u00e4v\u00e4sti&#8221;<\/em>. T\u00e4ss\u00e4 tarkoitetaan varmaankin, ett\u00e4 jonkinlaiselle kipurajalle saakka. Herlin toteaakin, ett\u00e4 t\u00e4st\u00e4 ryhm\u00e4st\u00e4 moni voisi menn\u00e4 t\u00f6ihin matalamman verotuksen maahan <em>&#8221;esimerkiksi huomenna&#8221;<\/em>. Enp\u00e4 usko ett\u00e4 kovin moni voisi, huomenna. Mutta toki vaikka vuoden sis\u00e4\u00e4n.<\/p>\n\n\n\n<p>Siis taas kerran p\u00e4\u00e4st\u00e4\u00e4n t\u00e4h\u00e4n, miss\u00e4 vaiheessa verotukseen suivaantuva suomalainen l\u00e4htee karkuun? Ja t\u00e4ss\u00e4 kohtaa alan tajuta, mik\u00e4 minusta m\u00e4tt\u00e4\u00e4 Herlinin ja monien muiden laskuissa. Veronkorotusten vastustajat tuntuvat mielell\u00e4\u00e4n esitt\u00e4v\u00e4n verojen maksun <em>puhtaana menetyksen\u00e4<\/em>.<\/p>\n\n\n\n<p>Eli ihmisell\u00e4 on tietty elintaso, ja kun valtio ottaa siit\u00e4 tarpeeksi veroa, elintaso huononee niin ett\u00e4 on pakko vied\u00e4 itsens\u00e4 ja perhe ulkomaille turvaan. T\u00e4ss\u00e4 unohdetaan se, ett\u00e4 valtio antaa veroista <em>vastikkeeksi<\/em> palveluita, siis parannusta elintasoon. Kelakorvaukset, maksuton perusopetus, infrastruktuurin kunnossapito, n\u00e4it\u00e4 juttuja.<\/p>\n\n\n\n<p>Jos palkansaajasta ei silt\u00e4 tunnu, eli \u00e4skeiset lauseeni naurattavat paskaisesti, ongelma ei ole liian korkeassa verotuksessa, vaan palvelujen saatavuudessa ja laadussa. T\u00e4n\u00e4 p\u00e4iv\u00e4n\u00e4 junat kulkevat miten sattuu eik\u00e4 liputkaan tunnu j\u00e4rin edullisilta. Julkisella puolella saa hammastarkastuksen jonnekin vuoden p\u00e4\u00e4h\u00e4n. T\u00e4llainen sy\u00f6nee veronmaksumotivaatiota.&nbsp; Arvatkaapa vain, mit\u00e4 hallituksen juuri p\u00e4\u00e4tt\u00e4m\u00e4t 1,2 miljardin euron menoleikkaukset tekev\u00e4t n\u00e4iden palvelujen laadulle? Jos uskotte, ett\u00e4 parantavat, on minun vuoroni nauraa paskaisesti.<\/p>\n\n\n\n<p>Eli, kun veroista puhutaan, soisin ett\u00e4 Herlin ja kumppanit ottaisivat laskuihinsa mukaan my\u00f6s niist\u00e4 saatavat hy\u00f6dyt. Verojen maksaminen ei ole pelkk\u00e4\u00e4 solidaarisuutta k\u00f6yhille. Verotuksen koettu mielekkyys ei riipu pelk\u00e4st\u00e4\u00e4n maksettavasta prosentista, vaan siit\u00e4 tuntuuko se kohtuulliselta suhteessa valtiolta saataviin etuihin.<\/p>\n\n\n\n<p>Hyvinvointivaltion kannattajien taas kannattaisi muistaa, ett\u00e4 <em>erityisesti<\/em> paljon veroa maksavien on koettava touhu mielekk\u00e4\u00e4ksi. He eiv\u00e4t saa tuntea olevansa pelkki\u00e4 porvariudestaan rangaistavia maksumiehi\u00e4. Siksi kannattaisin ainakin joidenkin lapsilis\u00e4n kaltaisten etujen pit\u00e4mist\u00e4 kaikille yhteisin\u00e4.<\/p>\n\n\n\n","protected":false},"excerpt":{"rendered":"<p>Nyt kun verotus puhututtaa, on putkahtanut esiin Niklas Herlinin ns. solidaarisuusveroa jo viime marraskuussa kritisoinut blogitus. Otsikoltaan se on &#8221;Suomessa ei ole varaa solidaarisuuteen&#8221;, eik\u00e4 sanamuotoa ole tarkoitettu ironiseksi. Herlin laskee pit\u00e4v\u00e4n<br \/>\ntu&hellip;<\/p>\n","protected":false},"author":153,"featured_media":0,"comment_status":"open","ping_status":"open","sticky":false,"template":"","format":"standard","meta":{"_acf_changed":false,"asauth_required_access_level":0,"asauth_cansharepaid":"","om_header_attributes":[],"footnotes":"","om_featured_image_focal_point":[],"om_primary_tag":0,"om_contributors":[],"om_co_authors":[],"beyondwords_generate_audio":"","beyondwords_project_id":"","beyondwords_content_id":"","beyondwords_preview_token":"","beyondwords_player_content":"","beyondwords_player_style":"","beyondwords_language_code":"","beyondwords_language_id":"","beyondwords_title_voice_id":"","beyondwords_body_voice_id":"","beyondwords_summary_voice_id":"","beyondwords_error_message":"","beyondwords_disabled":"","beyondwords_delete_content":"","beyondwords_podcast_id":"","beyondwords_hash":"","publish_post_to_speechkit":"","speechkit_hash":"","speechkit_generate_audio":"","speechkit_project_id":"","speechkit_podcast_id":"","speechkit_error_message":"","speechkit_disabled":"","speechkit_access_key":"","speechkit_error":"","speechkit_info":"","speechkit_response":"","speechkit_retries":"","speechkit_status":"","speechkit_updated_at":"","_speechkit_link":"","_speechkit_text":""},"categories":[1],"tags":[210,111],"class_list":["post-77","post","type-post","status-publish","format-standard","hentry","category-tahan-on-tultu","tag-niklas-herlin","tag-verotus"],"om_views":null,"acf":{"tuuma_off":false,"tuuma_kysymys":"","tuuma_vastaus":""},"asauth":{"required_access_level":1,"share_token":"","is_paid":false},"yoast_head":"<!-- This site is optimized with the Yoast SEO plugin v26.4 - https:\/\/yoast.com\/wordpress\/plugins\/seo\/ -->\n<title>Eik\u00f6 tosiaan ole Suomella varaa solidaarisuuteen? - T\u00e4h\u00e4n on tultu<\/title>\n<meta name=\"robots\" content=\"index, follow, max-snippet:-1, max-image-preview:large, max-video-preview:-1\" \/>\n<link rel=\"canonical\" href=\"https:\/\/suomenkuvalehti.fi\/tahanontultu\/eiko-tosiaan-ole-suomella-varaa-solidaarisuuteen\/\" \/>\n<meta property=\"og:locale\" content=\"fi_FI\" \/>\n<meta property=\"og:type\" content=\"article\" \/>\n<meta property=\"og:title\" content=\"Eik\u00f6 tosiaan ole Suomella varaa solidaarisuuteen? - T\u00e4h\u00e4n on tultu\" \/>\n<meta property=\"og:description\" content=\"Nyt kun verotus puhututtaa, on putkahtanut esiin Niklas Herlinin ns. solidaarisuusveroa jo viime marraskuussa kritisoinut blogitus. Otsikoltaan se on &#8221;Suomessa ei ole varaa solidaarisuuteen&#8221;, eik\u00e4 sanamuotoa ole tarkoitettu ironiseksi. Herlin laskee pit\u00e4v\u00e4n tu&hellip;\" \/>\n<meta property=\"og:url\" content=\"https:\/\/suomenkuvalehti.fi\/tahanontultu\/eiko-tosiaan-ole-suomella-varaa-solidaarisuuteen\/\" \/>\n<meta property=\"og:site_name\" content=\"T\u00e4h\u00e4n on tultu\" \/>\n<meta property=\"article:published_time\" content=\"2012-03-22T18:24:36+00:00\" \/>\n<meta property=\"og:image\" content=\"https:\/\/suomenkuvalehti.fi\/tahanontultu\/wp-content\/uploads\/sites\/14\/2013\/11\/jarla.jpg\" \/>\n\t<meta property=\"og:image:width\" content=\"419\" \/>\n\t<meta property=\"og:image:height\" content=\"425\" \/>\n\t<meta property=\"og:image:type\" content=\"image\/jpeg\" \/>\n<meta name=\"author\" content=\"Pertti Jarla\" \/>\n<meta name=\"twitter:card\" content=\"summary_large_image\" \/>\n<meta name=\"twitter:label1\" content=\"Written by\" \/>\n\t<meta name=\"twitter:data1\" content=\"Pertti Jarla\" \/>\n\t<meta name=\"twitter:label2\" content=\"Est. reading time\" \/>\n\t<meta name=\"twitter:data2\" content=\"3 minuuttia\" \/>\n<script type=\"application\/ld+json\" class=\"yoast-schema-graph\">{\"@context\":\"https:\/\/schema.org\",\"@graph\":[{\"@type\":\"WebPage\",\"@id\":\"https:\/\/suomenkuvalehti.fi\/tahanontultu\/eiko-tosiaan-ole-suomella-varaa-solidaarisuuteen\/\",\"url\":\"https:\/\/suomenkuvalehti.fi\/tahanontultu\/eiko-tosiaan-ole-suomella-varaa-solidaarisuuteen\/\",\"name\":\"Eik\u00f6 tosiaan ole Suomella varaa solidaarisuuteen? - T\u00e4h\u00e4n on tultu\",\"isPartOf\":{\"@id\":\"https:\/\/suomenkuvalehti.fi\/tahanontultu\/#website\"},\"datePublished\":\"2012-03-22T18:24:36+00:00\",\"author\":{\"@id\":\"https:\/\/suomenkuvalehti.fi\/tahanontultu\/#\/schema\/person\/f258b4d6c9f57d438aab20b0066db5e7\"},\"breadcrumb\":{\"@id\":\"https:\/\/suomenkuvalehti.fi\/tahanontultu\/eiko-tosiaan-ole-suomella-varaa-solidaarisuuteen\/#breadcrumb\"},\"inLanguage\":\"fi\",\"potentialAction\":[{\"@type\":\"ReadAction\",\"target\":[\"https:\/\/suomenkuvalehti.fi\/tahanontultu\/eiko-tosiaan-ole-suomella-varaa-solidaarisuuteen\/\"]}]},{\"@type\":\"BreadcrumbList\",\"@id\":\"https:\/\/suomenkuvalehti.fi\/tahanontultu\/eiko-tosiaan-ole-suomella-varaa-solidaarisuuteen\/#breadcrumb\",\"itemListElement\":[{\"@type\":\"ListItem\",\"position\":1,\"name\":\"Home\",\"item\":\"https:\/\/suomenkuvalehti.fi\/tahanontultu\/\"},{\"@type\":\"ListItem\",\"position\":2,\"name\":\"Eik\u00f6 tosiaan ole Suomella varaa solidaarisuuteen?\"}]},{\"@type\":\"WebSite\",\"@id\":\"https:\/\/suomenkuvalehti.fi\/tahanontultu\/#website\",\"url\":\"https:\/\/suomenkuvalehti.fi\/tahanontultu\/\",\"name\":\"T\u00e4h\u00e4n on tultu\",\"description\":\"Fingerpori-sarjakuvan piirt\u00e4j\u00e4 p\u00e4hk\u00e4ilee maailmaa vitsien takana.\",\"potentialAction\":[{\"@type\":\"SearchAction\",\"target\":{\"@type\":\"EntryPoint\",\"urlTemplate\":\"https:\/\/suomenkuvalehti.fi\/haku\/?q={search_term_string}\"},\"query-input\":{\"@type\":\"PropertyValueSpecification\",\"valueRequired\":true,\"valueName\":\"search_term_string\"}}],\"inLanguage\":\"fi\"},{\"@type\":\"Person\",\"@id\":\"https:\/\/suomenkuvalehti.fi\/tahanontultu\/#\/schema\/person\/f258b4d6c9f57d438aab20b0066db5e7\",\"name\":\"Pertti Jarla\",\"image\":{\"@type\":\"ImageObject\",\"inLanguage\":\"fi\",\"@id\":\"https:\/\/suomenkuvalehti.fi\/tahanontultu\/#\/schema\/person\/image\/\",\"url\":\"https:\/\/suomenkuvalehti.fi\/tahanontultu\/wp-content\/uploads\/sites\/14\/2013\/11\/jarla-150x150.jpg\",\"contentUrl\":\"https:\/\/suomenkuvalehti.fi\/tahanontultu\/wp-content\/uploads\/sites\/14\/2013\/11\/jarla-150x150.jpg\",\"caption\":\"Pertti Jarla\"},\"description\":\"Kirjoittaja on porvoolainen sarjakuvantekij\u00e4.\"}]}<\/script>\n<!-- \/ Yoast SEO plugin. -->","yoast_head_json":{"title":"Eik\u00f6 tosiaan ole Suomella varaa solidaarisuuteen? - T\u00e4h\u00e4n on tultu","robots":{"index":"index","follow":"follow","max-snippet":"max-snippet:-1","max-image-preview":"max-image-preview:large","max-video-preview":"max-video-preview:-1"},"canonical":"https:\/\/suomenkuvalehti.fi\/tahanontultu\/eiko-tosiaan-ole-suomella-varaa-solidaarisuuteen\/","og_locale":"fi_FI","og_type":"article","og_title":"Eik\u00f6 tosiaan ole Suomella varaa solidaarisuuteen? - T\u00e4h\u00e4n on tultu","og_description":"Nyt kun verotus puhututtaa, on putkahtanut esiin Niklas Herlinin ns. solidaarisuusveroa jo viime marraskuussa kritisoinut blogitus. Otsikoltaan se on &#8221;Suomessa ei ole varaa solidaarisuuteen&#8221;, eik\u00e4 sanamuotoa ole tarkoitettu ironiseksi. Herlin laskee pit\u00e4v\u00e4n tu&hellip;","og_url":"https:\/\/suomenkuvalehti.fi\/tahanontultu\/eiko-tosiaan-ole-suomella-varaa-solidaarisuuteen\/","og_site_name":"T\u00e4h\u00e4n on tultu","article_published_time":"2012-03-22T18:24:36+00:00","og_image":[{"width":419,"height":425,"url":"https:\/\/suomenkuvalehti.fi\/tahanontultu\/wp-content\/uploads\/sites\/14\/2013\/11\/jarla.jpg","type":"image\/jpeg"}],"author":"Pertti Jarla","twitter_card":"summary_large_image","twitter_misc":{"Written by":"Pertti Jarla","Est. reading time":"3 minuuttia"},"schema":{"@context":"https:\/\/schema.org","@graph":[{"@type":"WebPage","@id":"https:\/\/suomenkuvalehti.fi\/tahanontultu\/eiko-tosiaan-ole-suomella-varaa-solidaarisuuteen\/","url":"https:\/\/suomenkuvalehti.fi\/tahanontultu\/eiko-tosiaan-ole-suomella-varaa-solidaarisuuteen\/","name":"Eik\u00f6 tosiaan ole Suomella varaa solidaarisuuteen? - T\u00e4h\u00e4n on tultu","isPartOf":{"@id":"https:\/\/suomenkuvalehti.fi\/tahanontultu\/#website"},"datePublished":"2012-03-22T18:24:36+00:00","author":{"@id":"https:\/\/suomenkuvalehti.fi\/tahanontultu\/#\/schema\/person\/f258b4d6c9f57d438aab20b0066db5e7"},"breadcrumb":{"@id":"https:\/\/suomenkuvalehti.fi\/tahanontultu\/eiko-tosiaan-ole-suomella-varaa-solidaarisuuteen\/#breadcrumb"},"inLanguage":"fi","potentialAction":[{"@type":"ReadAction","target":["https:\/\/suomenkuvalehti.fi\/tahanontultu\/eiko-tosiaan-ole-suomella-varaa-solidaarisuuteen\/"]}]},{"@type":"BreadcrumbList","@id":"https:\/\/suomenkuvalehti.fi\/tahanontultu\/eiko-tosiaan-ole-suomella-varaa-solidaarisuuteen\/#breadcrumb","itemListElement":[{"@type":"ListItem","position":1,"name":"Home","item":"https:\/\/suomenkuvalehti.fi\/tahanontultu\/"},{"@type":"ListItem","position":2,"name":"Eik\u00f6 tosiaan ole Suomella varaa solidaarisuuteen?"}]},{"@type":"WebSite","@id":"https:\/\/suomenkuvalehti.fi\/tahanontultu\/#website","url":"https:\/\/suomenkuvalehti.fi\/tahanontultu\/","name":"T\u00e4h\u00e4n on tultu","description":"Fingerpori-sarjakuvan piirt\u00e4j\u00e4 p\u00e4hk\u00e4ilee maailmaa vitsien takana.","potentialAction":[{"@type":"SearchAction","target":{"@type":"EntryPoint","urlTemplate":"https:\/\/suomenkuvalehti.fi\/haku\/?q={search_term_string}"},"query-input":{"@type":"PropertyValueSpecification","valueRequired":true,"valueName":"search_term_string"}}],"inLanguage":"fi"},{"@type":"Person","@id":"https:\/\/suomenkuvalehti.fi\/tahanontultu\/#\/schema\/person\/f258b4d6c9f57d438aab20b0066db5e7","name":"Pertti Jarla","image":{"@type":"ImageObject","inLanguage":"fi","@id":"https:\/\/suomenkuvalehti.fi\/tahanontultu\/#\/schema\/person\/image\/","url":"https:\/\/suomenkuvalehti.fi\/tahanontultu\/wp-content\/uploads\/sites\/14\/2013\/11\/jarla-150x150.jpg","contentUrl":"https:\/\/suomenkuvalehti.fi\/tahanontultu\/wp-content\/uploads\/sites\/14\/2013\/11\/jarla-150x150.jpg","caption":"Pertti Jarla"},"description":"Kirjoittaja on porvoolainen sarjakuvantekij\u00e4."}]}},"_links":{"self":[{"href":"https:\/\/suomenkuvalehti.fi\/tahanontultu\/wp-json\/wp\/v2\/posts\/77","targetHints":{"allow":["GET"]}}],"collection":[{"href":"https:\/\/suomenkuvalehti.fi\/tahanontultu\/wp-json\/wp\/v2\/posts"}],"about":[{"href":"https:\/\/suomenkuvalehti.fi\/tahanontultu\/wp-json\/wp\/v2\/types\/post"}],"author":[{"embeddable":true,"href":"https:\/\/suomenkuvalehti.fi\/tahanontultu\/wp-json\/wp\/v2\/users\/153"}],"replies":[{"embeddable":true,"href":"https:\/\/suomenkuvalehti.fi\/tahanontultu\/wp-json\/wp\/v2\/comments?post=77"}],"version-history":[{"count":0,"href":"https:\/\/suomenkuvalehti.fi\/tahanontultu\/wp-json\/wp\/v2\/posts\/77\/revisions"}],"wp:attachment":[{"href":"https:\/\/suomenkuvalehti.fi\/tahanontultu\/wp-json\/wp\/v2\/media?parent=77"}],"wp:term":[{"taxonomy":"category","embeddable":true,"href":"https:\/\/suomenkuvalehti.fi\/tahanontultu\/wp-json\/wp\/v2\/categories?post=77"},{"taxonomy":"post_tag","embeddable":true,"href":"https:\/\/suomenkuvalehti.fi\/tahanontultu\/wp-json\/wp\/v2\/tags?post=77"}],"curies":[{"name":"wp","href":"https:\/\/api.w.org\/{rel}","templated":true}]}}