{"id":75,"date":"2012-03-29T07:23:49","date_gmt":"2012-03-29T04:23:49","guid":{"rendered":"https:\/\/suomenkuvalehti.fi\/tahanontultu\/2012\/03\/29\/pyha-ydinvoimanvastaisuus\/"},"modified":"2012-03-29T07:23:49","modified_gmt":"2012-03-29T04:23:49","slug":"pyha-ydinvoimanvastaisuus","status":"publish","type":"post","link":"https:\/\/suomenkuvalehti.fi\/tahanontultu\/pyha-ydinvoimanvastaisuus\/","title":{"rendered":"Pyh\u00e4 ydinvoimanvastaisuus"},"content":{"rendered":"\n<p><strong>Osmo Soininvaara<\/strong> haastaa terveellisell\u00e4 tavalla vihre\u00e4n liikkeen pyhi\u00e4 oppeja. Nyth\u00e4n h\u00e4n uskalsi sanoa, ett\u00e4 vihreiden pit\u00e4isi mietti\u00e4 uudelleen asenteitaan mm. yksityisautoiluun ja jopa ydinvoimaan.<\/p>\n\n\n\n<p>Ydinvoiman vastustus tuntuu olevan t\u00e4rke\u00e4 osa vihre\u00e4\u00e4 identiteetti\u00e4. Kun kysyin asiasta er\u00e4\u00e4lt\u00e4 Vihre\u00e4n liiton j\u00e4senelt\u00e4, h\u00e4n sanoi sen aikoinaan olleen er\u00e4s olennainen teema, joka auttoi heit\u00e4 erottumaan omaksi liikkeekseen. Se on helppo uskoa, liikkeen alkuaikojen julkisuuskuvasta tulee mieleen nimenomaan luonnonsuojelu ja ydinvoiman vastustus.<\/p>\n\n\n\n<p>On siis ymm\u00e4rrett\u00e4v\u00e4\u00e4, ett\u00e4 etenkin liikkeen veteraaneille ydinvoimakriittisyys on suorastaan geeneiss\u00e4. Mutta kyll\u00e4 Soininvaara, er\u00e4s n\u00e4ist\u00e4 veteraaneista, on oikeassa. Eri energiantuotannon muotojen hy\u00f6dyt ja haitat ovat niin monimutkainen suo, ettei voida <em>kiistattomasti<\/em> sanoa ydinvoiman olevan joka tilanteessa vastustettava vaihtoehto. On t\u00e4ysin mahdollista olla vihre\u00e4, ja pit\u00e4\u00e4 ydinvoimaa vaikka hiilivoimaa ekologisempana vaihtoehtona.<\/p>\n\n\n\n<p>YLE otsikoi <a title=\"yle\" href=\"http:\/\/yle.fi\/uutiset\/talous_ja_politiikka\/2012\/03\/vihreat_valttelevat_kannanottoja_soininvaaran_ydinvoimanakemyksiin_3369209.html\" target=\"_blank\"><em>&#8221;Vihre\u00e4t v\u00e4ltt\u00e4v\u00e4t kannanottoja Soininvaaran ydinvoiman\u00e4kemyksiin&#8221;<\/em><\/a>. Otsikko on virheellinen, itse uutisessa haastatellaan sek\u00e4 <strong>Pekka Haavistoa<\/strong> ett\u00e4<strong> Ville Niinist\u00f6\u00e4<\/strong>, jotka molemmat ottavat selv\u00e4sti kantaa Soininvaaran ajatukseen. Uutisen kirjoittajalle olisi ilmeisesti kelvannut vain t\u00e4ystyrm\u00e4ys tai -siunaus. Haavisto vaikuttaa ydinvoiman vastaiselta, mutta mielest\u00e4ns\u00e4 asiasta pit\u00e4\u00e4 keskustella: &#8221;<em>Ei pid\u00e4 olla niin, ett\u00e4 eri mielipiteit\u00e4 ei sallita puolueessa&#8221;<\/em><\/p>\n\n\n\n<p>Ville Niinist\u00f6 sanoo:<em> &#8221;Ajamme kest\u00e4v\u00e4\u00e4 energiataloutta, uusiutuvaa energiaa ja energiatehokkuutta (&#8230;) On v\u00e4h\u00e4n kummallista per\u00e4peiliin katsomista, ett\u00e4 aletaan puhua siit\u00e4, onko hiili, turve vai ydinvoima v\u00e4hemm\u00e4n haitallista.&#8221;<\/em><\/p>\n\n\n\n<p>Luulen ymm\u00e4rt\u00e4v\u00e4ni tuonkin kannan. Niinist\u00f6n mielest\u00e4 ilmeisesti on keskitytt\u00e4v\u00e4 ajamaan uusiutuvia energial\u00e4hteit\u00e4 ja energiatehokkuutta uusien voimaloiden rakentamisen sijaan. Vanhanaikaisten voimaloiden keskin\u00e4isest\u00e4 haitallisuudesta jankkaaminen on <em>so last season<\/em>.<\/p>\n\n\n\n<p>Ajatus on rohkea, mutta ep\u00e4ilen onko se t\u00e4ysin realistinen. Uusiutuvat energial\u00e4hteet eiv\u00e4t viel\u00e4 pitk\u00e4\u00e4n aikaan kilpaile hiilen, turpeen tai ydinvoiman kanssa tuotantokapasiteetiltaan samassa sarjassa. T\u00e4ll\u00e4 v\u00e4lin voimaloiden lis\u00e4rakentaminen tulee varmasti jossain muodossa ajankohtaiseksi, eik\u00f6 niit\u00e4 vanhojakin pid\u00e4 uusia? Eli eik\u00f6h\u00e4n jonkinlaista vihre\u00e4\u00e4 kantaa n\u00e4ihin aataminaikuisiin tuotantomuotoihin kannata mietti\u00e4.<\/p>\n\n\n\n<p>En itse ole mik\u00e4\u00e4n t\u00e4ysin varaukseton ydinvoiman puolesta intoilija, mutta en oikein pid\u00e4 ymp\u00e4rist\u00f6liikeen yleisest\u00e4 suhtautumisesta siihen.<\/p>\n\n\n\n<p>Ydinvoima on korotettu niin \u00e4\u00e4rimm\u00e4isen vihattavaksi p\u00e4\u00e4paholaiseksi, ett\u00e4 esimerkiksi paljon saastuttavamman hiilivoiman arvostelu meinaa j\u00e4\u00e4d\u00e4 v\u00e4hemm\u00e4lle. Ollaan taipuvaisia tutkimatta nielem\u00e4\u00e4n ep\u00e4m\u00e4\u00e4r\u00e4isi\u00e4 tai t\u00e4ysin virheellisi\u00e4 huhuja radioaktiivisen saasteen vaikutuksista, kuten Fukushiman tapauksessa.<\/p>\n\n\n\n<p>Kun jonkun suurpahiksen vihaaminen muuttuu liian pyh\u00e4ksi opinkappaleeksi, kriittinen ja kylm\u00e4p\u00e4inen ajattelu k\u00e4rsii. Samoin on k\u00e4ynyt vasemmistolle USA:n kanssa. Joka tapauksessa Vihre\u00e4n liiton tilanne t\u00e4ss\u00e4 asiassa n\u00e4ytt\u00e4\u00e4 aiempaa valoisammalta. On mahdollista olla muutakin kuin totaalisen ydinvoimakielteinen vihre\u00e4.<\/p>\n\n\n\n<p>Onnettomammalta tilanne n\u00e4ytt\u00e4\u00e4 Greenpeacessa. Olen itse j\u00e4rjest\u00f6n tukijoita, mutta ydinvoiman vastaisuutensa on mielest\u00e4ni k\u00e4ynyt liian kiihkomieliseksi. He vastustavat my\u00f6s <a title=\"wikipedia\" href=\"http:\/\/fi.wikipedia.org\/wiki\/Fuusioreaktori\" target=\"_blank\">fuusioenergian<\/a> kehitt\u00e4mist\u00e4. Sama liike, joka vaatii lis\u00e4\u00e4 resursseja kaikenlaisten uusiutuvien energiamuotojen kehitt\u00e4miseen, tyrm\u00e4\u00e4 t\u00e4m\u00e4n tutkimuksen suoralta k\u00e4delt\u00e4. Tiet\u00e4v\u00e4t, ett\u00e4 se on <a title=\"greenpeace\" href=\"http:\/\/www.greenpeace.org\/international\/en\/press\/releases\/ITERprojectFrance\/\" target=\"_blank\">turhaa ja kallista pelleily\u00e4<\/a>.<\/p>\n\n\n\n<p>Tiet\u00e4\u00e4kseni Greenpeacen linja fuusioenergian kehitt\u00e4miseen ei ole muuttunut sen j\u00e4lkeen, kun tyrm\u00e4siv\u00e4t Ranskan reaktorihankkeen kylmilt\u00e4\u00e4n vuonna 2005. T\u00e4m\u00e4n vastustuksen syit\u00e4 voi arvailla j\u00e4rjest\u00f6n k\u00e4ytt\u00e4mist\u00e4 sanamuodoista: fuusioenergia on <em>&#8221;nuclear option&#8221;<\/em> jonka takana on, kauhistus, <em>&#8221;nuclear industry&#8221;<\/em>. Eli uutta energiamuotoa ei voi tukea, koska pahan voimat ovat sen takana.<\/p>\n\n\n\n<p>On totta, ett\u00e4 ilmastonmuutosta ei ehdit\u00e4 torjua fuusiovoimalla, mutta t\u00e4ss\u00e4 haisee mielest\u00e4ni l\u00e4hes uskonnollinen dogmaattisuus paholaismyytteineen. Koskapa maailma ja teknologia tunnetusti kehittyv\u00e4t ennakoimattomasti ja koko ajan, sellaiseen ei ole varaa. Soininvaaran kannanotto oli eritt\u00e4in aiheellinen.<\/p>\n\n\n\n\n","protected":false},"excerpt":{"rendered":"<p>Osmo Soininvaara haastaa terveellisell\u00e4 tavalla vihre\u00e4n liikkeen pyhi\u00e4 oppeja. Nyth\u00e4n h\u00e4n uskalsi sanoa, ett\u00e4 vihreiden pit\u00e4isi mietti\u00e4 uudelleen asenteitaan mm. yksityisautoiluun ja jopa ydinvoimaan. Ydinvoiman vastustus tuntuu olevan t\u00e4rke\u00e4 osa vihre\u00e4\u00e4 identiteetti\u00e4. Kun kysyin asiasta<br \/>\ner\u00e4\u00e4lt\u00e4 Vihr&hellip;<\/p>\n","protected":false},"author":153,"featured_media":0,"comment_status":"open","ping_status":"open","sticky":false,"template":"","format":"standard","meta":{"_acf_changed":false,"asauth_required_access_level":0,"asauth_cansharepaid":"","om_header_attributes":[],"footnotes":"","om_featured_image_focal_point":[],"om_primary_tag":0,"om_contributors":[],"om_co_authors":[],"beyondwords_generate_audio":"","beyondwords_project_id":"","beyondwords_content_id":"","beyondwords_preview_token":"","beyondwords_player_content":"","beyondwords_player_style":"","beyondwords_language_code":"","beyondwords_language_id":"","beyondwords_title_voice_id":"","beyondwords_body_voice_id":"","beyondwords_summary_voice_id":"","beyondwords_error_message":"","beyondwords_disabled":"","beyondwords_delete_content":"","beyondwords_podcast_id":"","beyondwords_hash":"","publish_post_to_speechkit":"","speechkit_hash":"","speechkit_generate_audio":"","speechkit_project_id":"","speechkit_podcast_id":"","speechkit_error_message":"","speechkit_disabled":"","speechkit_access_key":"","speechkit_error":"","speechkit_info":"","speechkit_response":"","speechkit_retries":"","speechkit_status":"","speechkit_updated_at":"","_speechkit_link":"","_speechkit_text":""},"categories":[1],"tags":[206,204,171,205,203],"class_list":["post-75","post","type-post","status-publish","format-standard","hentry","category-tahan-on-tultu","tag-greenpeace","tag-osmo-soininvaara","tag-vihrea-liike","tag-ville-niinisto","tag-ydinvoima"],"om_views":null,"acf":{"tuuma_off":false,"tuuma_kysymys":"","tuuma_vastaus":""},"asauth":{"required_access_level":1,"share_token":"","is_paid":false},"yoast_head":"<!-- This site is optimized with the Yoast SEO plugin v26.4 - https:\/\/yoast.com\/wordpress\/plugins\/seo\/ -->\n<title>Pyh\u00e4 ydinvoimanvastaisuus - T\u00e4h\u00e4n on tultu<\/title>\n<meta name=\"robots\" content=\"index, follow, max-snippet:-1, max-image-preview:large, max-video-preview:-1\" \/>\n<link rel=\"canonical\" href=\"https:\/\/suomenkuvalehti.fi\/tahanontultu\/pyha-ydinvoimanvastaisuus\/\" \/>\n<meta property=\"og:locale\" content=\"fi_FI\" \/>\n<meta property=\"og:type\" content=\"article\" \/>\n<meta property=\"og:title\" content=\"Pyh\u00e4 ydinvoimanvastaisuus - T\u00e4h\u00e4n on tultu\" \/>\n<meta property=\"og:description\" content=\"Osmo Soininvaara haastaa terveellisell\u00e4 tavalla vihre\u00e4n liikkeen pyhi\u00e4 oppeja. Nyth\u00e4n h\u00e4n uskalsi sanoa, ett\u00e4 vihreiden pit\u00e4isi mietti\u00e4 uudelleen asenteitaan mm. yksityisautoiluun ja jopa ydinvoimaan. Ydinvoiman vastustus tuntuu olevan t\u00e4rke\u00e4 osa vihre\u00e4\u00e4 identiteetti\u00e4. Kun kysyin asiasta er\u00e4\u00e4lt\u00e4 Vihr&hellip;\" \/>\n<meta property=\"og:url\" content=\"https:\/\/suomenkuvalehti.fi\/tahanontultu\/pyha-ydinvoimanvastaisuus\/\" \/>\n<meta property=\"og:site_name\" content=\"T\u00e4h\u00e4n on tultu\" \/>\n<meta property=\"article:published_time\" content=\"2012-03-29T04:23:49+00:00\" \/>\n<meta property=\"og:image\" content=\"https:\/\/suomenkuvalehti.fi\/tahanontultu\/wp-content\/uploads\/sites\/14\/2013\/11\/jarla.jpg\" \/>\n\t<meta property=\"og:image:width\" content=\"419\" \/>\n\t<meta property=\"og:image:height\" content=\"425\" \/>\n\t<meta property=\"og:image:type\" content=\"image\/jpeg\" \/>\n<meta name=\"author\" content=\"Pertti Jarla\" \/>\n<meta name=\"twitter:card\" content=\"summary_large_image\" \/>\n<meta name=\"twitter:label1\" content=\"Written by\" \/>\n\t<meta name=\"twitter:data1\" content=\"Pertti Jarla\" \/>\n\t<meta name=\"twitter:label2\" content=\"Est. reading time\" \/>\n\t<meta name=\"twitter:data2\" content=\"3 minuuttia\" \/>\n<script type=\"application\/ld+json\" class=\"yoast-schema-graph\">{\"@context\":\"https:\/\/schema.org\",\"@graph\":[{\"@type\":\"WebPage\",\"@id\":\"https:\/\/suomenkuvalehti.fi\/tahanontultu\/pyha-ydinvoimanvastaisuus\/\",\"url\":\"https:\/\/suomenkuvalehti.fi\/tahanontultu\/pyha-ydinvoimanvastaisuus\/\",\"name\":\"Pyh\u00e4 ydinvoimanvastaisuus - T\u00e4h\u00e4n on tultu\",\"isPartOf\":{\"@id\":\"https:\/\/suomenkuvalehti.fi\/tahanontultu\/#website\"},\"datePublished\":\"2012-03-29T04:23:49+00:00\",\"author\":{\"@id\":\"https:\/\/suomenkuvalehti.fi\/tahanontultu\/#\/schema\/person\/f258b4d6c9f57d438aab20b0066db5e7\"},\"breadcrumb\":{\"@id\":\"https:\/\/suomenkuvalehti.fi\/tahanontultu\/pyha-ydinvoimanvastaisuus\/#breadcrumb\"},\"inLanguage\":\"fi\",\"potentialAction\":[{\"@type\":\"ReadAction\",\"target\":[\"https:\/\/suomenkuvalehti.fi\/tahanontultu\/pyha-ydinvoimanvastaisuus\/\"]}]},{\"@type\":\"BreadcrumbList\",\"@id\":\"https:\/\/suomenkuvalehti.fi\/tahanontultu\/pyha-ydinvoimanvastaisuus\/#breadcrumb\",\"itemListElement\":[{\"@type\":\"ListItem\",\"position\":1,\"name\":\"Home\",\"item\":\"https:\/\/suomenkuvalehti.fi\/tahanontultu\/\"},{\"@type\":\"ListItem\",\"position\":2,\"name\":\"Pyh\u00e4 ydinvoimanvastaisuus\"}]},{\"@type\":\"WebSite\",\"@id\":\"https:\/\/suomenkuvalehti.fi\/tahanontultu\/#website\",\"url\":\"https:\/\/suomenkuvalehti.fi\/tahanontultu\/\",\"name\":\"T\u00e4h\u00e4n on tultu\",\"description\":\"Fingerpori-sarjakuvan piirt\u00e4j\u00e4 p\u00e4hk\u00e4ilee maailmaa vitsien takana.\",\"potentialAction\":[{\"@type\":\"SearchAction\",\"target\":{\"@type\":\"EntryPoint\",\"urlTemplate\":\"https:\/\/suomenkuvalehti.fi\/haku\/?q={search_term_string}\"},\"query-input\":{\"@type\":\"PropertyValueSpecification\",\"valueRequired\":true,\"valueName\":\"search_term_string\"}}],\"inLanguage\":\"fi\"},{\"@type\":\"Person\",\"@id\":\"https:\/\/suomenkuvalehti.fi\/tahanontultu\/#\/schema\/person\/f258b4d6c9f57d438aab20b0066db5e7\",\"name\":\"Pertti Jarla\",\"image\":{\"@type\":\"ImageObject\",\"inLanguage\":\"fi\",\"@id\":\"https:\/\/suomenkuvalehti.fi\/tahanontultu\/#\/schema\/person\/image\/\",\"url\":\"https:\/\/suomenkuvalehti.fi\/tahanontultu\/wp-content\/uploads\/sites\/14\/2013\/11\/jarla-150x150.jpg\",\"contentUrl\":\"https:\/\/suomenkuvalehti.fi\/tahanontultu\/wp-content\/uploads\/sites\/14\/2013\/11\/jarla-150x150.jpg\",\"caption\":\"Pertti Jarla\"},\"description\":\"Kirjoittaja on porvoolainen sarjakuvantekij\u00e4.\"}]}<\/script>\n<!-- \/ Yoast SEO plugin. -->","yoast_head_json":{"title":"Pyh\u00e4 ydinvoimanvastaisuus - T\u00e4h\u00e4n on tultu","robots":{"index":"index","follow":"follow","max-snippet":"max-snippet:-1","max-image-preview":"max-image-preview:large","max-video-preview":"max-video-preview:-1"},"canonical":"https:\/\/suomenkuvalehti.fi\/tahanontultu\/pyha-ydinvoimanvastaisuus\/","og_locale":"fi_FI","og_type":"article","og_title":"Pyh\u00e4 ydinvoimanvastaisuus - T\u00e4h\u00e4n on tultu","og_description":"Osmo Soininvaara haastaa terveellisell\u00e4 tavalla vihre\u00e4n liikkeen pyhi\u00e4 oppeja. Nyth\u00e4n h\u00e4n uskalsi sanoa, ett\u00e4 vihreiden pit\u00e4isi mietti\u00e4 uudelleen asenteitaan mm. yksityisautoiluun ja jopa ydinvoimaan. Ydinvoiman vastustus tuntuu olevan t\u00e4rke\u00e4 osa vihre\u00e4\u00e4 identiteetti\u00e4. Kun kysyin asiasta er\u00e4\u00e4lt\u00e4 Vihr&hellip;","og_url":"https:\/\/suomenkuvalehti.fi\/tahanontultu\/pyha-ydinvoimanvastaisuus\/","og_site_name":"T\u00e4h\u00e4n on tultu","article_published_time":"2012-03-29T04:23:49+00:00","og_image":[{"width":419,"height":425,"url":"https:\/\/suomenkuvalehti.fi\/tahanontultu\/wp-content\/uploads\/sites\/14\/2013\/11\/jarla.jpg","type":"image\/jpeg"}],"author":"Pertti Jarla","twitter_card":"summary_large_image","twitter_misc":{"Written by":"Pertti Jarla","Est. reading time":"3 minuuttia"},"schema":{"@context":"https:\/\/schema.org","@graph":[{"@type":"WebPage","@id":"https:\/\/suomenkuvalehti.fi\/tahanontultu\/pyha-ydinvoimanvastaisuus\/","url":"https:\/\/suomenkuvalehti.fi\/tahanontultu\/pyha-ydinvoimanvastaisuus\/","name":"Pyh\u00e4 ydinvoimanvastaisuus - T\u00e4h\u00e4n on tultu","isPartOf":{"@id":"https:\/\/suomenkuvalehti.fi\/tahanontultu\/#website"},"datePublished":"2012-03-29T04:23:49+00:00","author":{"@id":"https:\/\/suomenkuvalehti.fi\/tahanontultu\/#\/schema\/person\/f258b4d6c9f57d438aab20b0066db5e7"},"breadcrumb":{"@id":"https:\/\/suomenkuvalehti.fi\/tahanontultu\/pyha-ydinvoimanvastaisuus\/#breadcrumb"},"inLanguage":"fi","potentialAction":[{"@type":"ReadAction","target":["https:\/\/suomenkuvalehti.fi\/tahanontultu\/pyha-ydinvoimanvastaisuus\/"]}]},{"@type":"BreadcrumbList","@id":"https:\/\/suomenkuvalehti.fi\/tahanontultu\/pyha-ydinvoimanvastaisuus\/#breadcrumb","itemListElement":[{"@type":"ListItem","position":1,"name":"Home","item":"https:\/\/suomenkuvalehti.fi\/tahanontultu\/"},{"@type":"ListItem","position":2,"name":"Pyh\u00e4 ydinvoimanvastaisuus"}]},{"@type":"WebSite","@id":"https:\/\/suomenkuvalehti.fi\/tahanontultu\/#website","url":"https:\/\/suomenkuvalehti.fi\/tahanontultu\/","name":"T\u00e4h\u00e4n on tultu","description":"Fingerpori-sarjakuvan piirt\u00e4j\u00e4 p\u00e4hk\u00e4ilee maailmaa vitsien takana.","potentialAction":[{"@type":"SearchAction","target":{"@type":"EntryPoint","urlTemplate":"https:\/\/suomenkuvalehti.fi\/haku\/?q={search_term_string}"},"query-input":{"@type":"PropertyValueSpecification","valueRequired":true,"valueName":"search_term_string"}}],"inLanguage":"fi"},{"@type":"Person","@id":"https:\/\/suomenkuvalehti.fi\/tahanontultu\/#\/schema\/person\/f258b4d6c9f57d438aab20b0066db5e7","name":"Pertti Jarla","image":{"@type":"ImageObject","inLanguage":"fi","@id":"https:\/\/suomenkuvalehti.fi\/tahanontultu\/#\/schema\/person\/image\/","url":"https:\/\/suomenkuvalehti.fi\/tahanontultu\/wp-content\/uploads\/sites\/14\/2013\/11\/jarla-150x150.jpg","contentUrl":"https:\/\/suomenkuvalehti.fi\/tahanontultu\/wp-content\/uploads\/sites\/14\/2013\/11\/jarla-150x150.jpg","caption":"Pertti Jarla"},"description":"Kirjoittaja on porvoolainen sarjakuvantekij\u00e4."}]}},"_links":{"self":[{"href":"https:\/\/suomenkuvalehti.fi\/tahanontultu\/wp-json\/wp\/v2\/posts\/75","targetHints":{"allow":["GET"]}}],"collection":[{"href":"https:\/\/suomenkuvalehti.fi\/tahanontultu\/wp-json\/wp\/v2\/posts"}],"about":[{"href":"https:\/\/suomenkuvalehti.fi\/tahanontultu\/wp-json\/wp\/v2\/types\/post"}],"author":[{"embeddable":true,"href":"https:\/\/suomenkuvalehti.fi\/tahanontultu\/wp-json\/wp\/v2\/users\/153"}],"replies":[{"embeddable":true,"href":"https:\/\/suomenkuvalehti.fi\/tahanontultu\/wp-json\/wp\/v2\/comments?post=75"}],"version-history":[{"count":0,"href":"https:\/\/suomenkuvalehti.fi\/tahanontultu\/wp-json\/wp\/v2\/posts\/75\/revisions"}],"wp:attachment":[{"href":"https:\/\/suomenkuvalehti.fi\/tahanontultu\/wp-json\/wp\/v2\/media?parent=75"}],"wp:term":[{"taxonomy":"category","embeddable":true,"href":"https:\/\/suomenkuvalehti.fi\/tahanontultu\/wp-json\/wp\/v2\/categories?post=75"},{"taxonomy":"post_tag","embeddable":true,"href":"https:\/\/suomenkuvalehti.fi\/tahanontultu\/wp-json\/wp\/v2\/tags?post=75"}],"curies":[{"name":"wp","href":"https:\/\/api.w.org\/{rel}","templated":true}]}}