{"id":7,"date":"2013-08-29T11:33:19","date_gmt":"2013-08-29T08:33:19","guid":{"rendered":"https:\/\/suomenkuvalehti.fi\/tahanontultu\/2013\/08\/29\/kokoontumisvapaudesta-vapaa-stadi\/"},"modified":"2013-11-29T14:12:21","modified_gmt":"2013-11-29T12:12:21","slug":"kokoontumisvapaudesta-vapaa-stadi","status":"publish","type":"post","link":"https:\/\/suomenkuvalehti.fi\/tahanontultu\/kokoontumisvapaudesta-vapaa-stadi\/","title":{"rendered":"Kokoontumisvapaudesta vapaa stadi"},"content":{"rendered":"\n<p>Minulle vinkattiin blogi <a title=\"fasisteista vapaa stadi\" href=\"http:\/\/fasistivapaastadi.noblogs.org\/\" target=\"_blank\">&#8221;Fasisteista vapaa stadi&#8221;<\/a>. En tied\u00e4 kuinka laaja yhteis\u00f6 sit\u00e4 yll\u00e4pit\u00e4\u00e4, tied\u00e4 vaikka olisi yksitt\u00e4inen sankari. Uusnatseja vahtiva blogi tiedottaa uusnatseilla olevan kerhotilan Helsingiss\u00e4, ja kehottaa<\/p>\n\n\n\n<p><em>&#8221;helppo ja yksinkertainen tapa vastustaa nousevaa rasismia on l\u00e4hett\u00e4\u00e4 palautetta B&amp;H natsikerhon omistajalle ja vaatia kerhotilan h\u00e4\u00e4t\u00e4mist\u00e4. Soita, kirjoita s\u00e4hk\u00f6posti tai kortti, l\u00e4het\u00e4 tekstari tai vaikka faksi jossa vaadit, ettei uusnatseille ja rasismille anneta tilaa miss\u00e4\u00e4n.&#8221;<\/em><\/p>\n\n\n\n<p>Veikkaan, ett\u00e4 olen t\u00e4m\u00e4n kirjoittajan kanssa enimm\u00e4kseen samaa mielt\u00e4 natsismista aatteena. Mutta t\u00e4llainen on t\u00e4ytt\u00e4 paskaa. Ensinn\u00e4kin Suomessa on <a title=\"wikipedia\" href=\"http:\/\/fi.wikipedia.org\/wiki\/Kokoontumisvapaus\" target=\"_blank\">kokoontumisvapaus<\/a>. T\u00e4m\u00e4n pidemm\u00e4lle minun ei tarvitsisi oikeastaan edes selitt\u00e4\u00e4, mutta jatketaan kumminkin:<\/p>\n\n\n\n<p>Kerhotiloistaan h\u00e4\u00e4detty natsi ei muutu maltilliseksi sosiaalidemokraatiksi, h\u00e4ivy maasta, lakkaa olemasta tai mit\u00e4 t\u00e4ll\u00e4 postituskampanjalla nyt sitten kuvitellaankaan aikaan saatavan. \u00c4\u00e4rioikeistolaisuus on olemassa n\u00e4iden uusnatsien mieless\u00e4. Sielt\u00e4 se manifestoituu kaikenlaisina huolestuttavina toimintoina. Ongelma ei katoa kielt\u00e4m\u00e4ll\u00e4 n\u00e4iden ihmisten kokoontuminen, mielenosoitukset, julkaisut, pilottitakit yms. P\u00e4invastoin ahtaalle ajettu natsi voi k\u00e4yd\u00e4 ep\u00e4toivoiseksi, ik\u00e4vin tuloksin.<\/p>\n\n\n\n<p>En jaksa olla kovinkaan huolissani ryhmist\u00e4, jotka vaikuttavat &#8221;poliittisen j\u00e4rjestelm\u00e4n ulkopuolella&#8221;. Olen joskus n\u00e4hnyt mit\u00e4 anarkistit saivat aikaan kerhotiloissaan Helsingin Kalliossa: tyypit makasivat siell\u00e4 vanhoilla sohvilla krapuloissaan. Ep\u00e4ilen ett\u00e4 natsien kerhotiloissa ei sen kummempaa vallankumousta organisoida. Joitain tarroja korkeintaan syntyy. Joukossa on ehk\u00e4 joku Supon ilmiantaja, jolla on sent\u00e4\u00e4n j\u00e4nnitt\u00e4v\u00e4\u00e4. Jossain vaiheessa suurin osa aikuistuu ja lakkaa k\u00e4ym\u00e4st\u00e4 miitingeiss\u00e4.<\/p>\n\n\n\n<p>En v\u00e4it\u00e4, etteik\u00f6 huolestuttavia poliittisia ilmi\u00f6it\u00e4 olisi. Erityisen pahaksi tilanne k\u00e4y, jos talouden taantuma jatkuu tai pahenee ja ep\u00e4varmuus kasvaa. Silloin voi k\u00e4yd\u00e4 kaikenlaista, ehk\u00e4 tulevaisuudessa aletaan vaatia vasemmistolaisten ryhmien toiminnan kielt\u00e4mist\u00e4 kuten 1920-luvulla. Silloin on paha itke\u00e4 sanan- ja kokoontumisvapauden per\u00e4\u00e4n jos on ensin vaatinut niiden poistamista \u00e4\u00e4rioikeistolta.<\/p>\n\n\n","protected":false},"excerpt":{"rendered":"<p>Minulle vinkattiin blogi &#8221;Fasisteista vapaa stadi&#8221;. En tied\u00e4 kuinka laaja yhteis\u00f6 sit\u00e4 yll\u00e4pit\u00e4\u00e4, tied\u00e4 vaikka olisi yksitt\u00e4inen sankari. Uusnatseja vahtiva blogi tiedottaa uusnatseilla olevan kerhotilan Helsingiss\u00e4, ja kehottaa &#8221;helppo ja yksinkertainen tapa vastustaa<br \/>\nnousevaa&hellip;<\/p>\n","protected":false},"author":153,"featured_media":0,"comment_status":"open","ping_status":"open","sticky":false,"template":"","format":"standard","meta":{"_acf_changed":false,"asauth_required_access_level":0,"asauth_cansharepaid":"","om_header_attributes":[],"footnotes":"","om_featured_image_focal_point":[],"om_primary_tag":0,"om_contributors":[],"om_co_authors":[],"beyondwords_generate_audio":"","beyondwords_project_id":"","beyondwords_content_id":"","beyondwords_preview_token":"","beyondwords_player_content":"","beyondwords_player_style":"","beyondwords_language_code":"","beyondwords_language_id":"","beyondwords_title_voice_id":"","beyondwords_body_voice_id":"","beyondwords_summary_voice_id":"","beyondwords_error_message":"","beyondwords_disabled":"","beyondwords_delete_content":"","beyondwords_podcast_id":"","beyondwords_hash":"","publish_post_to_speechkit":"","speechkit_hash":"","speechkit_generate_audio":"","speechkit_project_id":"","speechkit_podcast_id":"","speechkit_error_message":"","speechkit_disabled":"","speechkit_access_key":"","speechkit_error":"","speechkit_info":"","speechkit_response":"","speechkit_retries":"","speechkit_status":"","speechkit_updated_at":"","_speechkit_link":"","_speechkit_text":""},"categories":[1],"tags":[8,9,7],"class_list":["post-7","post","type-post","status-publish","format-standard","hentry","category-tahan-on-tultu","tag-kokoontumisvapaus","tag-sananvapaus","tag-uusnatsit"],"om_views":null,"acf":{"tuuma_off":false,"tuuma_kysymys":"","tuuma_vastaus":""},"asauth":{"required_access_level":1,"share_token":"","is_paid":false},"yoast_head":"<!-- This site is optimized with the Yoast SEO plugin v26.4 - https:\/\/yoast.com\/wordpress\/plugins\/seo\/ -->\n<title>Kokoontumisvapaudesta vapaa stadi - T\u00e4h\u00e4n on tultu<\/title>\n<meta name=\"robots\" content=\"index, follow, max-snippet:-1, max-image-preview:large, max-video-preview:-1\" \/>\n<link rel=\"canonical\" href=\"https:\/\/suomenkuvalehti.fi\/tahanontultu\/kokoontumisvapaudesta-vapaa-stadi\/\" \/>\n<meta property=\"og:locale\" content=\"fi_FI\" \/>\n<meta property=\"og:type\" content=\"article\" \/>\n<meta property=\"og:title\" content=\"Kokoontumisvapaudesta vapaa stadi - T\u00e4h\u00e4n on tultu\" \/>\n<meta property=\"og:description\" content=\"Minulle vinkattiin blogi &#8221;Fasisteista vapaa stadi&#8221;. En tied\u00e4 kuinka laaja yhteis\u00f6 sit\u00e4 yll\u00e4pit\u00e4\u00e4, tied\u00e4 vaikka olisi yksitt\u00e4inen sankari. Uusnatseja vahtiva blogi tiedottaa uusnatseilla olevan kerhotilan Helsingiss\u00e4, ja kehottaa &#8221;helppo ja yksinkertainen tapa vastustaa nousevaa&hellip;\" \/>\n<meta property=\"og:url\" content=\"https:\/\/suomenkuvalehti.fi\/tahanontultu\/kokoontumisvapaudesta-vapaa-stadi\/\" \/>\n<meta property=\"og:site_name\" content=\"T\u00e4h\u00e4n on tultu\" \/>\n<meta property=\"article:published_time\" content=\"2013-08-29T08:33:19+00:00\" \/>\n<meta property=\"article:modified_time\" content=\"2013-11-29T12:12:21+00:00\" \/>\n<meta property=\"og:image\" content=\"https:\/\/suomenkuvalehti.fi\/tahanontultu\/wp-content\/uploads\/sites\/14\/2013\/11\/jarla.jpg\" \/>\n\t<meta property=\"og:image:width\" content=\"419\" \/>\n\t<meta property=\"og:image:height\" content=\"425\" \/>\n\t<meta property=\"og:image:type\" content=\"image\/jpeg\" \/>\n<meta name=\"author\" content=\"Pertti Jarla\" \/>\n<meta name=\"twitter:card\" content=\"summary_large_image\" \/>\n<meta name=\"twitter:label1\" content=\"Written by\" \/>\n\t<meta name=\"twitter:data1\" content=\"Pertti Jarla\" \/>\n\t<meta name=\"twitter:label2\" content=\"Est. reading time\" \/>\n\t<meta name=\"twitter:data2\" content=\"2 minuuttia\" \/>\n<script type=\"application\/ld+json\" class=\"yoast-schema-graph\">{\"@context\":\"https:\/\/schema.org\",\"@graph\":[{\"@type\":\"WebPage\",\"@id\":\"https:\/\/suomenkuvalehti.fi\/tahanontultu\/kokoontumisvapaudesta-vapaa-stadi\/\",\"url\":\"https:\/\/suomenkuvalehti.fi\/tahanontultu\/kokoontumisvapaudesta-vapaa-stadi\/\",\"name\":\"Kokoontumisvapaudesta vapaa stadi - T\u00e4h\u00e4n on tultu\",\"isPartOf\":{\"@id\":\"https:\/\/suomenkuvalehti.fi\/tahanontultu\/#website\"},\"datePublished\":\"2013-08-29T08:33:19+00:00\",\"dateModified\":\"2013-11-29T12:12:21+00:00\",\"author\":{\"@id\":\"https:\/\/suomenkuvalehti.fi\/tahanontultu\/#\/schema\/person\/f258b4d6c9f57d438aab20b0066db5e7\"},\"breadcrumb\":{\"@id\":\"https:\/\/suomenkuvalehti.fi\/tahanontultu\/kokoontumisvapaudesta-vapaa-stadi\/#breadcrumb\"},\"inLanguage\":\"fi\",\"potentialAction\":[{\"@type\":\"ReadAction\",\"target\":[\"https:\/\/suomenkuvalehti.fi\/tahanontultu\/kokoontumisvapaudesta-vapaa-stadi\/\"]}]},{\"@type\":\"BreadcrumbList\",\"@id\":\"https:\/\/suomenkuvalehti.fi\/tahanontultu\/kokoontumisvapaudesta-vapaa-stadi\/#breadcrumb\",\"itemListElement\":[{\"@type\":\"ListItem\",\"position\":1,\"name\":\"Home\",\"item\":\"https:\/\/suomenkuvalehti.fi\/tahanontultu\/\"},{\"@type\":\"ListItem\",\"position\":2,\"name\":\"Kokoontumisvapaudesta vapaa stadi\"}]},{\"@type\":\"WebSite\",\"@id\":\"https:\/\/suomenkuvalehti.fi\/tahanontultu\/#website\",\"url\":\"https:\/\/suomenkuvalehti.fi\/tahanontultu\/\",\"name\":\"T\u00e4h\u00e4n on tultu\",\"description\":\"Fingerpori-sarjakuvan piirt\u00e4j\u00e4 p\u00e4hk\u00e4ilee maailmaa vitsien takana.\",\"potentialAction\":[{\"@type\":\"SearchAction\",\"target\":{\"@type\":\"EntryPoint\",\"urlTemplate\":\"https:\/\/suomenkuvalehti.fi\/haku\/?q={search_term_string}\"},\"query-input\":{\"@type\":\"PropertyValueSpecification\",\"valueRequired\":true,\"valueName\":\"search_term_string\"}}],\"inLanguage\":\"fi\"},{\"@type\":\"Person\",\"@id\":\"https:\/\/suomenkuvalehti.fi\/tahanontultu\/#\/schema\/person\/f258b4d6c9f57d438aab20b0066db5e7\",\"name\":\"Pertti Jarla\",\"image\":{\"@type\":\"ImageObject\",\"inLanguage\":\"fi\",\"@id\":\"https:\/\/suomenkuvalehti.fi\/tahanontultu\/#\/schema\/person\/image\/\",\"url\":\"https:\/\/suomenkuvalehti.fi\/tahanontultu\/wp-content\/uploads\/sites\/14\/2013\/11\/jarla-150x150.jpg\",\"contentUrl\":\"https:\/\/suomenkuvalehti.fi\/tahanontultu\/wp-content\/uploads\/sites\/14\/2013\/11\/jarla-150x150.jpg\",\"caption\":\"Pertti Jarla\"},\"description\":\"Kirjoittaja on porvoolainen sarjakuvantekij\u00e4.\"}]}<\/script>\n<!-- \/ Yoast SEO plugin. -->","yoast_head_json":{"title":"Kokoontumisvapaudesta vapaa stadi - T\u00e4h\u00e4n on tultu","robots":{"index":"index","follow":"follow","max-snippet":"max-snippet:-1","max-image-preview":"max-image-preview:large","max-video-preview":"max-video-preview:-1"},"canonical":"https:\/\/suomenkuvalehti.fi\/tahanontultu\/kokoontumisvapaudesta-vapaa-stadi\/","og_locale":"fi_FI","og_type":"article","og_title":"Kokoontumisvapaudesta vapaa stadi - T\u00e4h\u00e4n on tultu","og_description":"Minulle vinkattiin blogi &#8221;Fasisteista vapaa stadi&#8221;. En tied\u00e4 kuinka laaja yhteis\u00f6 sit\u00e4 yll\u00e4pit\u00e4\u00e4, tied\u00e4 vaikka olisi yksitt\u00e4inen sankari. Uusnatseja vahtiva blogi tiedottaa uusnatseilla olevan kerhotilan Helsingiss\u00e4, ja kehottaa &#8221;helppo ja yksinkertainen tapa vastustaa nousevaa&hellip;","og_url":"https:\/\/suomenkuvalehti.fi\/tahanontultu\/kokoontumisvapaudesta-vapaa-stadi\/","og_site_name":"T\u00e4h\u00e4n on tultu","article_published_time":"2013-08-29T08:33:19+00:00","article_modified_time":"2013-11-29T12:12:21+00:00","og_image":[{"width":419,"height":425,"url":"https:\/\/suomenkuvalehti.fi\/tahanontultu\/wp-content\/uploads\/sites\/14\/2013\/11\/jarla.jpg","type":"image\/jpeg"}],"author":"Pertti Jarla","twitter_card":"summary_large_image","twitter_misc":{"Written by":"Pertti Jarla","Est. reading time":"2 minuuttia"},"schema":{"@context":"https:\/\/schema.org","@graph":[{"@type":"WebPage","@id":"https:\/\/suomenkuvalehti.fi\/tahanontultu\/kokoontumisvapaudesta-vapaa-stadi\/","url":"https:\/\/suomenkuvalehti.fi\/tahanontultu\/kokoontumisvapaudesta-vapaa-stadi\/","name":"Kokoontumisvapaudesta vapaa stadi - T\u00e4h\u00e4n on tultu","isPartOf":{"@id":"https:\/\/suomenkuvalehti.fi\/tahanontultu\/#website"},"datePublished":"2013-08-29T08:33:19+00:00","dateModified":"2013-11-29T12:12:21+00:00","author":{"@id":"https:\/\/suomenkuvalehti.fi\/tahanontultu\/#\/schema\/person\/f258b4d6c9f57d438aab20b0066db5e7"},"breadcrumb":{"@id":"https:\/\/suomenkuvalehti.fi\/tahanontultu\/kokoontumisvapaudesta-vapaa-stadi\/#breadcrumb"},"inLanguage":"fi","potentialAction":[{"@type":"ReadAction","target":["https:\/\/suomenkuvalehti.fi\/tahanontultu\/kokoontumisvapaudesta-vapaa-stadi\/"]}]},{"@type":"BreadcrumbList","@id":"https:\/\/suomenkuvalehti.fi\/tahanontultu\/kokoontumisvapaudesta-vapaa-stadi\/#breadcrumb","itemListElement":[{"@type":"ListItem","position":1,"name":"Home","item":"https:\/\/suomenkuvalehti.fi\/tahanontultu\/"},{"@type":"ListItem","position":2,"name":"Kokoontumisvapaudesta vapaa stadi"}]},{"@type":"WebSite","@id":"https:\/\/suomenkuvalehti.fi\/tahanontultu\/#website","url":"https:\/\/suomenkuvalehti.fi\/tahanontultu\/","name":"T\u00e4h\u00e4n on tultu","description":"Fingerpori-sarjakuvan piirt\u00e4j\u00e4 p\u00e4hk\u00e4ilee maailmaa vitsien takana.","potentialAction":[{"@type":"SearchAction","target":{"@type":"EntryPoint","urlTemplate":"https:\/\/suomenkuvalehti.fi\/haku\/?q={search_term_string}"},"query-input":{"@type":"PropertyValueSpecification","valueRequired":true,"valueName":"search_term_string"}}],"inLanguage":"fi"},{"@type":"Person","@id":"https:\/\/suomenkuvalehti.fi\/tahanontultu\/#\/schema\/person\/f258b4d6c9f57d438aab20b0066db5e7","name":"Pertti Jarla","image":{"@type":"ImageObject","inLanguage":"fi","@id":"https:\/\/suomenkuvalehti.fi\/tahanontultu\/#\/schema\/person\/image\/","url":"https:\/\/suomenkuvalehti.fi\/tahanontultu\/wp-content\/uploads\/sites\/14\/2013\/11\/jarla-150x150.jpg","contentUrl":"https:\/\/suomenkuvalehti.fi\/tahanontultu\/wp-content\/uploads\/sites\/14\/2013\/11\/jarla-150x150.jpg","caption":"Pertti Jarla"},"description":"Kirjoittaja on porvoolainen sarjakuvantekij\u00e4."}]}},"_links":{"self":[{"href":"https:\/\/suomenkuvalehti.fi\/tahanontultu\/wp-json\/wp\/v2\/posts\/7","targetHints":{"allow":["GET"]}}],"collection":[{"href":"https:\/\/suomenkuvalehti.fi\/tahanontultu\/wp-json\/wp\/v2\/posts"}],"about":[{"href":"https:\/\/suomenkuvalehti.fi\/tahanontultu\/wp-json\/wp\/v2\/types\/post"}],"author":[{"embeddable":true,"href":"https:\/\/suomenkuvalehti.fi\/tahanontultu\/wp-json\/wp\/v2\/users\/153"}],"replies":[{"embeddable":true,"href":"https:\/\/suomenkuvalehti.fi\/tahanontultu\/wp-json\/wp\/v2\/comments?post=7"}],"version-history":[{"count":1,"href":"https:\/\/suomenkuvalehti.fi\/tahanontultu\/wp-json\/wp\/v2\/posts\/7\/revisions"}],"predecessor-version":[{"id":9,"href":"https:\/\/suomenkuvalehti.fi\/tahanontultu\/wp-json\/wp\/v2\/posts\/7\/revisions\/9"}],"wp:attachment":[{"href":"https:\/\/suomenkuvalehti.fi\/tahanontultu\/wp-json\/wp\/v2\/media?parent=7"}],"wp:term":[{"taxonomy":"category","embeddable":true,"href":"https:\/\/suomenkuvalehti.fi\/tahanontultu\/wp-json\/wp\/v2\/categories?post=7"},{"taxonomy":"post_tag","embeddable":true,"href":"https:\/\/suomenkuvalehti.fi\/tahanontultu\/wp-json\/wp\/v2\/tags?post=7"}],"curies":[{"name":"wp","href":"https:\/\/api.w.org\/{rel}","templated":true}]}}