{"id":67,"date":"2012-04-16T12:25:22","date_gmt":"2012-04-16T09:25:22","guid":{"rendered":"https:\/\/suomenkuvalehti.fi\/tahanontultu\/2012\/04\/16\/rumia-puhuvien-vaientamisinnostus\/"},"modified":"2012-04-16T12:25:22","modified_gmt":"2012-04-16T09:25:22","slug":"rumia-puhuvien-vaientamisinnostus","status":"publish","type":"post","link":"https:\/\/suomenkuvalehti.fi\/tahanontultu\/rumia-puhuvien-vaientamisinnostus\/","title":{"rendered":"Rumia puhuvien vaientamisinnostus"},"content":{"rendered":"\n\n<p><strong>Jussi Halla-aho<\/strong> kirjoitti 2008 <a title=\"wikipedia\" href=\"http:\/\/halla-aho.com\/scripta\/muutama_taky_illmanin_mikalle.html\" target=\"_blank\">ep\u00e4kunnioittavaan s\u00e4vyyn<\/a> profeetta Muhammedin kihlatun i\u00e4st\u00e4, ja somalien geneettisist\u00e4 piirteist\u00e4. T\u00e4st\u00e4 olisi voinut synty\u00e4 kiinnostavaa keskustelua tapakulttuurin ja moraalin muutoksista ja geenien vaikutuksesta ihmisryhmien k\u00e4ytt\u00e4ytymiseen. Halla-aho sai tuomion jumalanpilkasta.<\/p>\n\n\n\n<p>Perussuomalaisten<strong> Helena Eronen <\/strong><a title=\"james hirvisaari\" href=\"http:\/\/jameshirvisaari.com\/\" target=\"_blank\">pakinoitsi<\/a> poliisin ongelmista maahanmuuttajien kanssa, ja ehdotti leikkis\u00e4sti natsahtavia hihamerkkej\u00e4. T\u00e4ss\u00e4 olisi keskustelun paikka maahanmuuttajien ongelmista ja kohtelusta, ja politiikassa toimivalle henkil\u00f6lle sopivasta k\u00e4yt\u00f6ksest\u00e4. Helena Eroselle on vaadittu eroa puolueesta.<\/p>\n\n\n\n<p><strong>Aki Kaurism\u00e4ki<\/strong> ehdotti <a title=\"guardian\" href=\"http:\/\/www.guardian.co.uk\/film\/2012\/apr\/04\/aki-kaurismaki-le-havre-interview\" target=\"_blank\">k\u00e4nnihaastattelussa<\/a> rikkainta prosenttia tapettavaksi. Jonkinlainen keskustelunavaus globaalin vaurauden jakautumisesta siis. Kalevan <a title=\"kaleva\" href=\"http:\/\/www.kaleva.fi\/mielipide\/paakirjoitukset\/taiteilijalla-ei-ole-erivapauksia\/573615\/\" target=\"_blank\">p\u00e4\u00e4kirjoituksessa<\/a> vaadittiin Kaurism\u00e4ke\u00e4 puheistaan &#8221;tilille&#8221;, mietittiin helenaerosmaisen ep\u00e4m\u00e4\u00e4r\u00e4isesti, voisiko akateemikon arvonkin ottaa t\u00e4lt\u00e4 pois.<\/p>\n\n\n\n<p>T\u00e4n\u00e4\u00e4n kirjansa julkistamistilaisuudessa <strong>Bj\u00f6rn Wahlroos<\/strong> moitti Guardiania siit\u00e4, ett\u00e4 se oli julkaissut koko haastattelun, ja paheksui jopa toimittajaa joka <em>otti aiheen puheeksi<\/em>.<\/p>\n\n\n\n<p>Kaikkien edell\u00e4mainittujen kohupuheenvuorojen sis\u00e4ll\u00f6st\u00e4 on kyll\u00e4 k\u00e4yty ahkeraa ja mielenkiintoista keskustelua. Mutta l\u00e4hinn\u00e4 ruohonjuuritasolla, yksitt\u00e4isiss\u00e4 blogeissa ja keskustelufoorumeilla. Poliitikot, lehtien p\u00e4\u00e4toimittajat ja Wahlroosin kaltaiset suurvaikuttajat tuntuvat keskittyv\u00e4n siihen <em>saako t\u00e4llaista sanoa <\/em>ja<em> miten sanojaa pit\u00e4isi rangaista.<\/em><\/p>\n\n\n\n<p>Aivan kuin ajattelu olisi laiskempaa, mit\u00e4 ylemm\u00e4s yhteiskunnallisessa hierarkiassa menn\u00e4\u00e4n. Olisiko poliitikoilla, lehtien p\u00e4\u00e4toimittajilla ja yritysjohtajilla tarjota <em>vasta-argumentteja<\/em> rumasti puhuville? Kai heill\u00e4 on? Kuinka kehdataan per\u00e4\u00e4nkuuluttaa julkista keskustelua, jos v\u00e4\u00e4rinajatteleville k\u00e4yt\u00e4nn\u00f6ss\u00e4 halutaan vain l\u00e4tki\u00e4 tuomioita?<\/p>\n\n\n\n<p>Avoin yhteiskunta, jossa asioista keskustellaan vapaasti, ei en\u00e4\u00e4 tunnu olevan muodikas ihanne. Pikemminkin tunnutaan haikailevan menneisyyteen, jossa Kekkonen tai kekkosenkaltainen elinkeinoel\u00e4m\u00e4n johtohahmo saa m\u00e4\u00e4r\u00e4t\u00e4, miten asioista puhutaan.<\/p>\n\n\n","protected":false},"excerpt":{"rendered":"<p>Jussi Halla-aho kirjoitti 2008 ep\u00e4kunnioittavaan s\u00e4vyyn profeetta Muhammedin kihlatun i\u00e4st\u00e4, ja somalien geneettisist\u00e4 piirteist\u00e4. T\u00e4st\u00e4 olisi voinut synty\u00e4 kiinnostavaa keskustelua tapakulttuurin ja moraalin muutoksista ja geenien vaikutuksesta ihmisryhmien k\u00e4ytt\u00e4ytymiseen. Halla-aho<br \/>\nsai tuomio&hellip;<\/p>\n","protected":false},"author":153,"featured_media":0,"comment_status":"open","ping_status":"open","sticky":false,"template":"","format":"standard","meta":{"_acf_changed":false,"asauth_required_access_level":0,"asauth_cansharepaid":"","om_header_attributes":[],"footnotes":"","om_featured_image_focal_point":[],"om_primary_tag":0,"om_contributors":[],"om_co_authors":[],"beyondwords_generate_audio":"","beyondwords_project_id":"","beyondwords_content_id":"","beyondwords_preview_token":"","beyondwords_player_content":"","beyondwords_player_style":"","beyondwords_language_code":"","beyondwords_language_id":"","beyondwords_title_voice_id":"","beyondwords_body_voice_id":"","beyondwords_summary_voice_id":"","beyondwords_error_message":"","beyondwords_disabled":"","beyondwords_delete_content":"","beyondwords_podcast_id":"","beyondwords_hash":"","publish_post_to_speechkit":"","speechkit_hash":"","speechkit_generate_audio":"","speechkit_project_id":"","speechkit_podcast_id":"","speechkit_error_message":"","speechkit_disabled":"","speechkit_access_key":"","speechkit_error":"","speechkit_info":"","speechkit_response":"","speechkit_retries":"","speechkit_status":"","speechkit_updated_at":"","_speechkit_link":"","_speechkit_text":""},"categories":[1],"tags":[183,184,181,54],"class_list":["post-67","post","type-post","status-publish","format-standard","hentry","category-tahan-on-tultu","tag-aki-kaurismaki","tag-bjorn-wahlroos","tag-helena-eronen","tag-jussi-halla-aho"],"om_views":null,"acf":{"tuuma_off":false,"tuuma_kysymys":"","tuuma_vastaus":""},"asauth":{"required_access_level":1,"share_token":"","is_paid":false},"yoast_head":"<!-- This site is optimized with the Yoast SEO plugin v26.4 - https:\/\/yoast.com\/wordpress\/plugins\/seo\/ -->\n<title>Rumia puhuvien vaientamisinnostus - T\u00e4h\u00e4n on tultu<\/title>\n<meta name=\"robots\" content=\"index, follow, max-snippet:-1, max-image-preview:large, max-video-preview:-1\" \/>\n<link rel=\"canonical\" href=\"https:\/\/suomenkuvalehti.fi\/tahanontultu\/rumia-puhuvien-vaientamisinnostus\/\" \/>\n<meta property=\"og:locale\" content=\"fi_FI\" \/>\n<meta property=\"og:type\" content=\"article\" \/>\n<meta property=\"og:title\" content=\"Rumia puhuvien vaientamisinnostus - T\u00e4h\u00e4n on tultu\" \/>\n<meta property=\"og:description\" content=\"Jussi Halla-aho kirjoitti 2008 ep\u00e4kunnioittavaan s\u00e4vyyn profeetta Muhammedin kihlatun i\u00e4st\u00e4, ja somalien geneettisist\u00e4 piirteist\u00e4. T\u00e4st\u00e4 olisi voinut synty\u00e4 kiinnostavaa keskustelua tapakulttuurin ja moraalin muutoksista ja geenien vaikutuksesta ihmisryhmien k\u00e4ytt\u00e4ytymiseen. Halla-aho sai tuomio&hellip;\" \/>\n<meta property=\"og:url\" content=\"https:\/\/suomenkuvalehti.fi\/tahanontultu\/rumia-puhuvien-vaientamisinnostus\/\" \/>\n<meta property=\"og:site_name\" content=\"T\u00e4h\u00e4n on tultu\" \/>\n<meta property=\"article:published_time\" content=\"2012-04-16T09:25:22+00:00\" \/>\n<meta property=\"og:image\" content=\"https:\/\/suomenkuvalehti.fi\/tahanontultu\/wp-content\/uploads\/sites\/14\/2013\/11\/jarla.jpg\" \/>\n\t<meta property=\"og:image:width\" content=\"419\" \/>\n\t<meta property=\"og:image:height\" content=\"425\" \/>\n\t<meta property=\"og:image:type\" content=\"image\/jpeg\" \/>\n<meta name=\"author\" content=\"Pertti Jarla\" \/>\n<meta name=\"twitter:card\" content=\"summary_large_image\" \/>\n<meta name=\"twitter:label1\" content=\"Written by\" \/>\n\t<meta name=\"twitter:data1\" content=\"Pertti Jarla\" \/>\n\t<meta name=\"twitter:label2\" content=\"Est. reading time\" \/>\n\t<meta name=\"twitter:data2\" content=\"1 minuutti\" \/>\n<script type=\"application\/ld+json\" class=\"yoast-schema-graph\">{\"@context\":\"https:\/\/schema.org\",\"@graph\":[{\"@type\":\"WebPage\",\"@id\":\"https:\/\/suomenkuvalehti.fi\/tahanontultu\/rumia-puhuvien-vaientamisinnostus\/\",\"url\":\"https:\/\/suomenkuvalehti.fi\/tahanontultu\/rumia-puhuvien-vaientamisinnostus\/\",\"name\":\"Rumia puhuvien vaientamisinnostus - T\u00e4h\u00e4n on tultu\",\"isPartOf\":{\"@id\":\"https:\/\/suomenkuvalehti.fi\/tahanontultu\/#website\"},\"datePublished\":\"2012-04-16T09:25:22+00:00\",\"author\":{\"@id\":\"https:\/\/suomenkuvalehti.fi\/tahanontultu\/#\/schema\/person\/f258b4d6c9f57d438aab20b0066db5e7\"},\"breadcrumb\":{\"@id\":\"https:\/\/suomenkuvalehti.fi\/tahanontultu\/rumia-puhuvien-vaientamisinnostus\/#breadcrumb\"},\"inLanguage\":\"fi\",\"potentialAction\":[{\"@type\":\"ReadAction\",\"target\":[\"https:\/\/suomenkuvalehti.fi\/tahanontultu\/rumia-puhuvien-vaientamisinnostus\/\"]}]},{\"@type\":\"BreadcrumbList\",\"@id\":\"https:\/\/suomenkuvalehti.fi\/tahanontultu\/rumia-puhuvien-vaientamisinnostus\/#breadcrumb\",\"itemListElement\":[{\"@type\":\"ListItem\",\"position\":1,\"name\":\"Home\",\"item\":\"https:\/\/suomenkuvalehti.fi\/tahanontultu\/\"},{\"@type\":\"ListItem\",\"position\":2,\"name\":\"Rumia puhuvien vaientamisinnostus\"}]},{\"@type\":\"WebSite\",\"@id\":\"https:\/\/suomenkuvalehti.fi\/tahanontultu\/#website\",\"url\":\"https:\/\/suomenkuvalehti.fi\/tahanontultu\/\",\"name\":\"T\u00e4h\u00e4n on tultu\",\"description\":\"Fingerpori-sarjakuvan piirt\u00e4j\u00e4 p\u00e4hk\u00e4ilee maailmaa vitsien takana.\",\"potentialAction\":[{\"@type\":\"SearchAction\",\"target\":{\"@type\":\"EntryPoint\",\"urlTemplate\":\"https:\/\/suomenkuvalehti.fi\/haku\/?q={search_term_string}\"},\"query-input\":{\"@type\":\"PropertyValueSpecification\",\"valueRequired\":true,\"valueName\":\"search_term_string\"}}],\"inLanguage\":\"fi\"},{\"@type\":\"Person\",\"@id\":\"https:\/\/suomenkuvalehti.fi\/tahanontultu\/#\/schema\/person\/f258b4d6c9f57d438aab20b0066db5e7\",\"name\":\"Pertti Jarla\",\"image\":{\"@type\":\"ImageObject\",\"inLanguage\":\"fi\",\"@id\":\"https:\/\/suomenkuvalehti.fi\/tahanontultu\/#\/schema\/person\/image\/\",\"url\":\"https:\/\/suomenkuvalehti.fi\/tahanontultu\/wp-content\/uploads\/sites\/14\/2013\/11\/jarla-150x150.jpg\",\"contentUrl\":\"https:\/\/suomenkuvalehti.fi\/tahanontultu\/wp-content\/uploads\/sites\/14\/2013\/11\/jarla-150x150.jpg\",\"caption\":\"Pertti Jarla\"},\"description\":\"Kirjoittaja on porvoolainen sarjakuvantekij\u00e4.\"}]}<\/script>\n<!-- \/ Yoast SEO plugin. -->","yoast_head_json":{"title":"Rumia puhuvien vaientamisinnostus - T\u00e4h\u00e4n on tultu","robots":{"index":"index","follow":"follow","max-snippet":"max-snippet:-1","max-image-preview":"max-image-preview:large","max-video-preview":"max-video-preview:-1"},"canonical":"https:\/\/suomenkuvalehti.fi\/tahanontultu\/rumia-puhuvien-vaientamisinnostus\/","og_locale":"fi_FI","og_type":"article","og_title":"Rumia puhuvien vaientamisinnostus - T\u00e4h\u00e4n on tultu","og_description":"Jussi Halla-aho kirjoitti 2008 ep\u00e4kunnioittavaan s\u00e4vyyn profeetta Muhammedin kihlatun i\u00e4st\u00e4, ja somalien geneettisist\u00e4 piirteist\u00e4. T\u00e4st\u00e4 olisi voinut synty\u00e4 kiinnostavaa keskustelua tapakulttuurin ja moraalin muutoksista ja geenien vaikutuksesta ihmisryhmien k\u00e4ytt\u00e4ytymiseen. Halla-aho sai tuomio&hellip;","og_url":"https:\/\/suomenkuvalehti.fi\/tahanontultu\/rumia-puhuvien-vaientamisinnostus\/","og_site_name":"T\u00e4h\u00e4n on tultu","article_published_time":"2012-04-16T09:25:22+00:00","og_image":[{"width":419,"height":425,"url":"https:\/\/suomenkuvalehti.fi\/tahanontultu\/wp-content\/uploads\/sites\/14\/2013\/11\/jarla.jpg","type":"image\/jpeg"}],"author":"Pertti Jarla","twitter_card":"summary_large_image","twitter_misc":{"Written by":"Pertti Jarla","Est. reading time":"1 minuutti"},"schema":{"@context":"https:\/\/schema.org","@graph":[{"@type":"WebPage","@id":"https:\/\/suomenkuvalehti.fi\/tahanontultu\/rumia-puhuvien-vaientamisinnostus\/","url":"https:\/\/suomenkuvalehti.fi\/tahanontultu\/rumia-puhuvien-vaientamisinnostus\/","name":"Rumia puhuvien vaientamisinnostus - T\u00e4h\u00e4n on tultu","isPartOf":{"@id":"https:\/\/suomenkuvalehti.fi\/tahanontultu\/#website"},"datePublished":"2012-04-16T09:25:22+00:00","author":{"@id":"https:\/\/suomenkuvalehti.fi\/tahanontultu\/#\/schema\/person\/f258b4d6c9f57d438aab20b0066db5e7"},"breadcrumb":{"@id":"https:\/\/suomenkuvalehti.fi\/tahanontultu\/rumia-puhuvien-vaientamisinnostus\/#breadcrumb"},"inLanguage":"fi","potentialAction":[{"@type":"ReadAction","target":["https:\/\/suomenkuvalehti.fi\/tahanontultu\/rumia-puhuvien-vaientamisinnostus\/"]}]},{"@type":"BreadcrumbList","@id":"https:\/\/suomenkuvalehti.fi\/tahanontultu\/rumia-puhuvien-vaientamisinnostus\/#breadcrumb","itemListElement":[{"@type":"ListItem","position":1,"name":"Home","item":"https:\/\/suomenkuvalehti.fi\/tahanontultu\/"},{"@type":"ListItem","position":2,"name":"Rumia puhuvien vaientamisinnostus"}]},{"@type":"WebSite","@id":"https:\/\/suomenkuvalehti.fi\/tahanontultu\/#website","url":"https:\/\/suomenkuvalehti.fi\/tahanontultu\/","name":"T\u00e4h\u00e4n on tultu","description":"Fingerpori-sarjakuvan piirt\u00e4j\u00e4 p\u00e4hk\u00e4ilee maailmaa vitsien takana.","potentialAction":[{"@type":"SearchAction","target":{"@type":"EntryPoint","urlTemplate":"https:\/\/suomenkuvalehti.fi\/haku\/?q={search_term_string}"},"query-input":{"@type":"PropertyValueSpecification","valueRequired":true,"valueName":"search_term_string"}}],"inLanguage":"fi"},{"@type":"Person","@id":"https:\/\/suomenkuvalehti.fi\/tahanontultu\/#\/schema\/person\/f258b4d6c9f57d438aab20b0066db5e7","name":"Pertti Jarla","image":{"@type":"ImageObject","inLanguage":"fi","@id":"https:\/\/suomenkuvalehti.fi\/tahanontultu\/#\/schema\/person\/image\/","url":"https:\/\/suomenkuvalehti.fi\/tahanontultu\/wp-content\/uploads\/sites\/14\/2013\/11\/jarla-150x150.jpg","contentUrl":"https:\/\/suomenkuvalehti.fi\/tahanontultu\/wp-content\/uploads\/sites\/14\/2013\/11\/jarla-150x150.jpg","caption":"Pertti Jarla"},"description":"Kirjoittaja on porvoolainen sarjakuvantekij\u00e4."}]}},"_links":{"self":[{"href":"https:\/\/suomenkuvalehti.fi\/tahanontultu\/wp-json\/wp\/v2\/posts\/67","targetHints":{"allow":["GET"]}}],"collection":[{"href":"https:\/\/suomenkuvalehti.fi\/tahanontultu\/wp-json\/wp\/v2\/posts"}],"about":[{"href":"https:\/\/suomenkuvalehti.fi\/tahanontultu\/wp-json\/wp\/v2\/types\/post"}],"author":[{"embeddable":true,"href":"https:\/\/suomenkuvalehti.fi\/tahanontultu\/wp-json\/wp\/v2\/users\/153"}],"replies":[{"embeddable":true,"href":"https:\/\/suomenkuvalehti.fi\/tahanontultu\/wp-json\/wp\/v2\/comments?post=67"}],"version-history":[{"count":0,"href":"https:\/\/suomenkuvalehti.fi\/tahanontultu\/wp-json\/wp\/v2\/posts\/67\/revisions"}],"wp:attachment":[{"href":"https:\/\/suomenkuvalehti.fi\/tahanontultu\/wp-json\/wp\/v2\/media?parent=67"}],"wp:term":[{"taxonomy":"category","embeddable":true,"href":"https:\/\/suomenkuvalehti.fi\/tahanontultu\/wp-json\/wp\/v2\/categories?post=67"},{"taxonomy":"post_tag","embeddable":true,"href":"https:\/\/suomenkuvalehti.fi\/tahanontultu\/wp-json\/wp\/v2\/tags?post=67"}],"curies":[{"name":"wp","href":"https:\/\/api.w.org\/{rel}","templated":true}]}}