{"id":63,"date":"2012-05-22T15:35:51","date_gmt":"2012-05-22T12:35:51","guid":{"rendered":"https:\/\/suomenkuvalehti.fi\/tahanontultu\/2012\/05\/22\/olkiukot-kaltevilla-pinnoilla\/"},"modified":"2012-05-22T15:35:51","modified_gmt":"2012-05-22T12:35:51","slug":"olkiukot-kaltevilla-pinnoilla","status":"publish","type":"post","link":"https:\/\/suomenkuvalehti.fi\/tahanontultu\/olkiukot-kaltevilla-pinnoilla\/","title":{"rendered":"Olkiukot kaltevilla pinnoilla"},"content":{"rendered":"\n<p>Niinsanottuja <a title=\"wikipedia\" href=\"http:\/\/fi.wikipedia.org\/wiki\/Kaltevan_pinnan_argumentti\" target=\"_blank\">kaltevan pinnan argumentteja<\/a> k\u00e4ytet\u00e4\u00e4n politiikassa kiusallisen usein, j\u00e4rkiperusteiden tueksi tai niiden puutteessa. Nyth\u00e4n n\u00e4it\u00e4 taas satelee vihreiden linjattua tuoreessa periaateohjelmassaan:<\/p>\n\n\n\n<p><em>&#8221;ihmisell\u00e4 on oikeus paitsi hyv\u00e4\u00e4n el\u00e4m\u00e4\u00e4n, my\u00f6s hyv\u00e4\u00e4n kuolemaan tarvittaessa hyv\u00e4n saattohoidon turvin tai ihmisen halutessaan viime k\u00e4dess\u00e4 avustettuna&#8221;.<\/em><\/p>\n\n\n\n<p>Perussuomalaisten puheenjohtaja <strong>Timo Soini<\/strong> katsoo t\u00e4m\u00e4n perusteella, ett\u00e4 vihre\u00e4t &#8221;leikkiv\u00e4t el\u00e4m\u00e4n ja kuoleman herraa&#8221;. <a title=\"timo soini\" href=\"http:\/\/timosoini.fi\/\" target=\"_blank\">Blogissansa<\/a> kysyy uhkaavasti: &#8221;eutanasiaa ensin el\u00e4kel\u00e4isille, sitten muille?&#8221;. Kristillisdemokraattien <strong>P\u00e4ivi R\u00e4s\u00e4nen<\/strong> puhuu jo hallituksesta joka &#8221;laillistaisi sairaitten tai vammaisten ihmisten surmaamisen&#8221;.<\/p>\n\n\n\n<p>Tuossa vihreiden periaateohjelman kohdassa ei puhuta sanaakaan &#8221;el\u00e4kel\u00e4isist\u00e4&#8221; (terminaalipotilas ja el\u00e4kel\u00e4inen eiv\u00e4t muuten ole sama asia) eik\u00e4 alati laajenevasta eutanasiaohjelmasta. My\u00f6sk\u00e4\u00e4n en n\u00e4e ett\u00e4 oltaisiin tekem\u00e4ss\u00e4 sairaista tai vammaisista vapaata riistaa. Mutta t\u00e4m\u00e4h\u00e4n on t\u00e4t\u00e4 tuttua kaltevointia.<\/p>\n\n\n\n<p>&#8221;Kaikki, mink\u00e4 tahdotte ihmisten tekev\u00e4n teille, tehk\u00e4\u00e4 te heille&#8221; ei ajatuksena tunnu kolahtaneen esimerkiksi Soinille tai R\u00e4s\u00e4selle. Puolueensahan ovat jatkuvasti puolustuskannalla kaltevalle pinnalle tyrkkij\u00f6it\u00e4 vastaan: ei olla muukalaisvihamielisi\u00e4, halutaan vain maahanmuuttokeskustelua. Todellakaan ei olla hihamerkkej\u00e4 kenellek\u00e4\u00e4n sovittamassa. Emme me homojen olemassaoloa vastusta, t\u00e4t\u00e4 nimenomaista lakiuudistusta vain.<\/p>\n\n\n\n<p>Perussuomalainen ja kristillisdemokraatti jos kuka tiet\u00e4v\u00e4t, milt\u00e4 moinen tuntuu. Muut luulevat, ettei h\u00e4n kykene ajamaan l\u00e4pi yhteiskunnallista osittaisparannusta sekoamatta ja sy\u00f6ksem\u00e4tt\u00e4 maata diktatuuriin tai anarkiaan.<\/p>\n\n\n\n<p>Mutta niinp\u00e4 vain ep\u00e4kristillisesti kostetaan v\u00e4\u00e4ryys kuvaamalla vihre\u00e4 hauvelinsa kanssa naimisiin haluavana narkkiksena, kokoomuslainen Suomen myyj\u00e4n\u00e4 jne., heti kun jotain lakimuutosta ehdotetaan.<\/p>\n\n\n\n<p>Asiaa tottakai mutkistaa se, ett\u00e4 puolueet ja muut j\u00e4rjest\u00f6t tosiaan tapaavat ajaa lopullisia p\u00e4\u00e4m\u00e4\u00e4ri\u00e4\u00e4n pienten v\u00e4hitt\u00e4isuudistusten kautta. Mutta lopulliset p\u00e4\u00e4m\u00e4\u00e4r\u00e4t on yleens\u00e4 kirjattu niiden ohjelmaan, josta ne voi kuka tahansa lukea.<\/p>\n\n\n\n<p>Ajatusta puolueiden salaisista agendoista en hevin usko ilman kunnon todisteita. Sopii kysy\u00e4 eik\u00f6 joku saunailtaan eksynyt tai puolueloikkari olisi sellaiset jo paljastanut? Kaipa on teoriassa mahdollista ett\u00e4 t\u00e4llaisia on. Ei kuitenkaan pid\u00e4 olettaa, ett\u00e4 jonkun radikaalisiiven edustajan y\u00f6llinen blogim\u00f6l\u00e4ytys olisi v\u00e4ltt\u00e4m\u00e4tt\u00e4 puolueen salainen kassakaappiohjelma.<\/p>\n\n\n\n<p>Kaltevan pinnan argumentointi on huonoa keskustelua. Vastustajasta maalataan niin loukkaava kuva (kieroilija ja\/tai hullu), ett\u00e4 j\u00e4rkev\u00e4 dialogi k\u00e4y vaikeaksi.<\/p>\n\n\n\n<p>Jos tyydyt\u00e4\u00e4n vain sanomaan: &#8221;vastustan t\u00e4t\u00e4 uudistusta, koska se <em>johtaisi<\/em> huonoihin uudistuksiin&#8221;, annetaan oikeastaan ymm\u00e4rt\u00e4\u00e4 ett\u00e4 k\u00e4sitelt\u00e4v\u00e4n\u00e4 oleva uudistus <em>itsess\u00e4\u00e4n<\/em> ei ole huono. Jos se olisi huono, argumentit sit\u00e4 vastaan pit\u00e4isi l\u00f6yt\u00e4\u00e4 sen itsens\u00e4 seurauksista. Jos se ei ole huono, on \u00e4lyt\u00f6nt\u00e4 vastustaa sit\u00e4.<\/p>\n\n\n\n<p>Mutta onhan sekin seuraus, jos uudistus johtaa kammottaviin jatkoehdotuksiin? Jos hyv\u00e4ksyt\u00e4\u00e4n mink\u00e4\u00e4nlainen eutanasia miss\u00e4\u00e4n tilanteessa, ehk\u00e4 vihre\u00e4t alkavat seuraavaksi ehdottaa kuolemanpartioita?<\/p>\n\n\n\n<p>Ei siin\u00e4 ole mit\u00e4\u00e4n vastustettavaa, ett\u00e4 joku tulevaisuudessa ehdottaa jotain (lain puitteissa tietenkin), sananvapaushan meill\u00e4 on. Tulevat kammottavat ehdotukset pit\u00e4\u00e4 ajaa <em>saman poliittisen p\u00e4\u00e4t\u00f6ksenteon<\/em> l\u00e4pi. Meill\u00e4 on jatkossakin monipuoluej\u00e4rjestelm\u00e4. Jos t\u00e4m\u00e4 tai tuo uudistus johtaa tulevaisuudessa huonoon lakialoitteeseen, vastustakaa Soini, R\u00e4s\u00e4nen ja kumppanit<strong> sit\u00e4<\/strong>. Ette suinkaan te aio kadota poliittiselta kartalta tai j\u00e4\u00e4d\u00e4 lomalle?<\/p>\n\n\n\n","protected":false},"excerpt":{"rendered":"<p>Niinsanottuja kaltevan pinnan argumentteja k\u00e4ytet\u00e4\u00e4n politiikassa kiusallisen usein, j\u00e4rkiperusteiden tueksi tai niiden puutteessa. Nyth\u00e4n n\u00e4it\u00e4 taas satelee vihreiden linjattua tuoreessa periaateohjelmassaan: &#8221;ihmisell\u00e4 on oikeus paitsi hyv\u00e4\u00e4n el\u00e4m\u00e4\u00e4n, my\u00f6s hyv\u00e4\u00e4n kuolemaan<br \/>\ntarvittaessa hy&hellip;<\/p>\n","protected":false},"author":153,"featured_media":0,"comment_status":"open","ping_status":"open","sticky":false,"template":"","format":"standard","meta":{"_acf_changed":false,"asauth_required_access_level":0,"asauth_cansharepaid":"","om_header_attributes":[],"footnotes":"","om_featured_image_focal_point":[],"om_primary_tag":0,"om_contributors":[],"om_co_authors":[],"beyondwords_generate_audio":"","beyondwords_project_id":"","beyondwords_content_id":"","beyondwords_preview_token":"","beyondwords_player_content":"","beyondwords_player_style":"","beyondwords_language_code":"","beyondwords_language_id":"","beyondwords_title_voice_id":"","beyondwords_body_voice_id":"","beyondwords_summary_voice_id":"","beyondwords_error_message":"","beyondwords_disabled":"","beyondwords_delete_content":"","beyondwords_podcast_id":"","beyondwords_hash":"","publish_post_to_speechkit":"","speechkit_hash":"","speechkit_generate_audio":"","speechkit_project_id":"","speechkit_podcast_id":"","speechkit_error_message":"","speechkit_disabled":"","speechkit_access_key":"","speechkit_error":"","speechkit_info":"","speechkit_response":"","speechkit_retries":"","speechkit_status":"","speechkit_updated_at":"","_speechkit_link":"","_speechkit_text":""},"categories":[1],"tags":[170,116,172,171],"class_list":["post-63","post","type-post","status-publish","format-standard","hentry","category-tahan-on-tultu","tag-argumentointi","tag-perussuomalaiset","tag-politiikka","tag-vihrea-liike"],"om_views":null,"acf":{"tuuma_off":false,"tuuma_kysymys":"","tuuma_vastaus":""},"asauth":{"required_access_level":1,"share_token":"","is_paid":false},"yoast_head":"<!-- This site is optimized with the Yoast SEO plugin v26.4 - https:\/\/yoast.com\/wordpress\/plugins\/seo\/ -->\n<title>Olkiukot kaltevilla pinnoilla - T\u00e4h\u00e4n on tultu<\/title>\n<meta name=\"robots\" content=\"index, follow, max-snippet:-1, max-image-preview:large, max-video-preview:-1\" \/>\n<link rel=\"canonical\" href=\"https:\/\/suomenkuvalehti.fi\/tahanontultu\/olkiukot-kaltevilla-pinnoilla\/\" \/>\n<meta property=\"og:locale\" content=\"fi_FI\" \/>\n<meta property=\"og:type\" content=\"article\" \/>\n<meta property=\"og:title\" content=\"Olkiukot kaltevilla pinnoilla - T\u00e4h\u00e4n on tultu\" \/>\n<meta property=\"og:description\" content=\"Niinsanottuja kaltevan pinnan argumentteja k\u00e4ytet\u00e4\u00e4n politiikassa kiusallisen usein, j\u00e4rkiperusteiden tueksi tai niiden puutteessa. Nyth\u00e4n n\u00e4it\u00e4 taas satelee vihreiden linjattua tuoreessa periaateohjelmassaan: &#8221;ihmisell\u00e4 on oikeus paitsi hyv\u00e4\u00e4n el\u00e4m\u00e4\u00e4n, my\u00f6s hyv\u00e4\u00e4n kuolemaan tarvittaessa hy&hellip;\" \/>\n<meta property=\"og:url\" content=\"https:\/\/suomenkuvalehti.fi\/tahanontultu\/olkiukot-kaltevilla-pinnoilla\/\" \/>\n<meta property=\"og:site_name\" content=\"T\u00e4h\u00e4n on tultu\" \/>\n<meta property=\"article:published_time\" content=\"2012-05-22T12:35:51+00:00\" \/>\n<meta property=\"og:image\" content=\"https:\/\/suomenkuvalehti.fi\/tahanontultu\/wp-content\/uploads\/sites\/14\/2013\/11\/jarla.jpg\" \/>\n\t<meta property=\"og:image:width\" content=\"419\" \/>\n\t<meta property=\"og:image:height\" content=\"425\" \/>\n\t<meta property=\"og:image:type\" content=\"image\/jpeg\" \/>\n<meta name=\"author\" content=\"Pertti Jarla\" \/>\n<meta name=\"twitter:card\" content=\"summary_large_image\" \/>\n<meta name=\"twitter:label1\" content=\"Written by\" \/>\n\t<meta name=\"twitter:data1\" content=\"Pertti Jarla\" \/>\n\t<meta name=\"twitter:label2\" content=\"Est. reading time\" \/>\n\t<meta name=\"twitter:data2\" content=\"3 minuuttia\" \/>\n<script type=\"application\/ld+json\" class=\"yoast-schema-graph\">{\"@context\":\"https:\/\/schema.org\",\"@graph\":[{\"@type\":\"WebPage\",\"@id\":\"https:\/\/suomenkuvalehti.fi\/tahanontultu\/olkiukot-kaltevilla-pinnoilla\/\",\"url\":\"https:\/\/suomenkuvalehti.fi\/tahanontultu\/olkiukot-kaltevilla-pinnoilla\/\",\"name\":\"Olkiukot kaltevilla pinnoilla - T\u00e4h\u00e4n on tultu\",\"isPartOf\":{\"@id\":\"https:\/\/suomenkuvalehti.fi\/tahanontultu\/#website\"},\"datePublished\":\"2012-05-22T12:35:51+00:00\",\"author\":{\"@id\":\"https:\/\/suomenkuvalehti.fi\/tahanontultu\/#\/schema\/person\/f258b4d6c9f57d438aab20b0066db5e7\"},\"breadcrumb\":{\"@id\":\"https:\/\/suomenkuvalehti.fi\/tahanontultu\/olkiukot-kaltevilla-pinnoilla\/#breadcrumb\"},\"inLanguage\":\"fi\",\"potentialAction\":[{\"@type\":\"ReadAction\",\"target\":[\"https:\/\/suomenkuvalehti.fi\/tahanontultu\/olkiukot-kaltevilla-pinnoilla\/\"]}]},{\"@type\":\"BreadcrumbList\",\"@id\":\"https:\/\/suomenkuvalehti.fi\/tahanontultu\/olkiukot-kaltevilla-pinnoilla\/#breadcrumb\",\"itemListElement\":[{\"@type\":\"ListItem\",\"position\":1,\"name\":\"Home\",\"item\":\"https:\/\/suomenkuvalehti.fi\/tahanontultu\/\"},{\"@type\":\"ListItem\",\"position\":2,\"name\":\"Olkiukot kaltevilla pinnoilla\"}]},{\"@type\":\"WebSite\",\"@id\":\"https:\/\/suomenkuvalehti.fi\/tahanontultu\/#website\",\"url\":\"https:\/\/suomenkuvalehti.fi\/tahanontultu\/\",\"name\":\"T\u00e4h\u00e4n on tultu\",\"description\":\"Fingerpori-sarjakuvan piirt\u00e4j\u00e4 p\u00e4hk\u00e4ilee maailmaa vitsien takana.\",\"potentialAction\":[{\"@type\":\"SearchAction\",\"target\":{\"@type\":\"EntryPoint\",\"urlTemplate\":\"https:\/\/suomenkuvalehti.fi\/haku\/?q={search_term_string}\"},\"query-input\":{\"@type\":\"PropertyValueSpecification\",\"valueRequired\":true,\"valueName\":\"search_term_string\"}}],\"inLanguage\":\"fi\"},{\"@type\":\"Person\",\"@id\":\"https:\/\/suomenkuvalehti.fi\/tahanontultu\/#\/schema\/person\/f258b4d6c9f57d438aab20b0066db5e7\",\"name\":\"Pertti Jarla\",\"image\":{\"@type\":\"ImageObject\",\"inLanguage\":\"fi\",\"@id\":\"https:\/\/suomenkuvalehti.fi\/tahanontultu\/#\/schema\/person\/image\/\",\"url\":\"https:\/\/suomenkuvalehti.fi\/tahanontultu\/wp-content\/uploads\/sites\/14\/2013\/11\/jarla-150x150.jpg\",\"contentUrl\":\"https:\/\/suomenkuvalehti.fi\/tahanontultu\/wp-content\/uploads\/sites\/14\/2013\/11\/jarla-150x150.jpg\",\"caption\":\"Pertti Jarla\"},\"description\":\"Kirjoittaja on porvoolainen sarjakuvantekij\u00e4.\"}]}<\/script>\n<!-- \/ Yoast SEO plugin. -->","yoast_head_json":{"title":"Olkiukot kaltevilla pinnoilla - T\u00e4h\u00e4n on tultu","robots":{"index":"index","follow":"follow","max-snippet":"max-snippet:-1","max-image-preview":"max-image-preview:large","max-video-preview":"max-video-preview:-1"},"canonical":"https:\/\/suomenkuvalehti.fi\/tahanontultu\/olkiukot-kaltevilla-pinnoilla\/","og_locale":"fi_FI","og_type":"article","og_title":"Olkiukot kaltevilla pinnoilla - T\u00e4h\u00e4n on tultu","og_description":"Niinsanottuja kaltevan pinnan argumentteja k\u00e4ytet\u00e4\u00e4n politiikassa kiusallisen usein, j\u00e4rkiperusteiden tueksi tai niiden puutteessa. Nyth\u00e4n n\u00e4it\u00e4 taas satelee vihreiden linjattua tuoreessa periaateohjelmassaan: &#8221;ihmisell\u00e4 on oikeus paitsi hyv\u00e4\u00e4n el\u00e4m\u00e4\u00e4n, my\u00f6s hyv\u00e4\u00e4n kuolemaan tarvittaessa hy&hellip;","og_url":"https:\/\/suomenkuvalehti.fi\/tahanontultu\/olkiukot-kaltevilla-pinnoilla\/","og_site_name":"T\u00e4h\u00e4n on tultu","article_published_time":"2012-05-22T12:35:51+00:00","og_image":[{"width":419,"height":425,"url":"https:\/\/suomenkuvalehti.fi\/tahanontultu\/wp-content\/uploads\/sites\/14\/2013\/11\/jarla.jpg","type":"image\/jpeg"}],"author":"Pertti Jarla","twitter_card":"summary_large_image","twitter_misc":{"Written by":"Pertti Jarla","Est. reading time":"3 minuuttia"},"schema":{"@context":"https:\/\/schema.org","@graph":[{"@type":"WebPage","@id":"https:\/\/suomenkuvalehti.fi\/tahanontultu\/olkiukot-kaltevilla-pinnoilla\/","url":"https:\/\/suomenkuvalehti.fi\/tahanontultu\/olkiukot-kaltevilla-pinnoilla\/","name":"Olkiukot kaltevilla pinnoilla - T\u00e4h\u00e4n on tultu","isPartOf":{"@id":"https:\/\/suomenkuvalehti.fi\/tahanontultu\/#website"},"datePublished":"2012-05-22T12:35:51+00:00","author":{"@id":"https:\/\/suomenkuvalehti.fi\/tahanontultu\/#\/schema\/person\/f258b4d6c9f57d438aab20b0066db5e7"},"breadcrumb":{"@id":"https:\/\/suomenkuvalehti.fi\/tahanontultu\/olkiukot-kaltevilla-pinnoilla\/#breadcrumb"},"inLanguage":"fi","potentialAction":[{"@type":"ReadAction","target":["https:\/\/suomenkuvalehti.fi\/tahanontultu\/olkiukot-kaltevilla-pinnoilla\/"]}]},{"@type":"BreadcrumbList","@id":"https:\/\/suomenkuvalehti.fi\/tahanontultu\/olkiukot-kaltevilla-pinnoilla\/#breadcrumb","itemListElement":[{"@type":"ListItem","position":1,"name":"Home","item":"https:\/\/suomenkuvalehti.fi\/tahanontultu\/"},{"@type":"ListItem","position":2,"name":"Olkiukot kaltevilla pinnoilla"}]},{"@type":"WebSite","@id":"https:\/\/suomenkuvalehti.fi\/tahanontultu\/#website","url":"https:\/\/suomenkuvalehti.fi\/tahanontultu\/","name":"T\u00e4h\u00e4n on tultu","description":"Fingerpori-sarjakuvan piirt\u00e4j\u00e4 p\u00e4hk\u00e4ilee maailmaa vitsien takana.","potentialAction":[{"@type":"SearchAction","target":{"@type":"EntryPoint","urlTemplate":"https:\/\/suomenkuvalehti.fi\/haku\/?q={search_term_string}"},"query-input":{"@type":"PropertyValueSpecification","valueRequired":true,"valueName":"search_term_string"}}],"inLanguage":"fi"},{"@type":"Person","@id":"https:\/\/suomenkuvalehti.fi\/tahanontultu\/#\/schema\/person\/f258b4d6c9f57d438aab20b0066db5e7","name":"Pertti Jarla","image":{"@type":"ImageObject","inLanguage":"fi","@id":"https:\/\/suomenkuvalehti.fi\/tahanontultu\/#\/schema\/person\/image\/","url":"https:\/\/suomenkuvalehti.fi\/tahanontultu\/wp-content\/uploads\/sites\/14\/2013\/11\/jarla-150x150.jpg","contentUrl":"https:\/\/suomenkuvalehti.fi\/tahanontultu\/wp-content\/uploads\/sites\/14\/2013\/11\/jarla-150x150.jpg","caption":"Pertti Jarla"},"description":"Kirjoittaja on porvoolainen sarjakuvantekij\u00e4."}]}},"_links":{"self":[{"href":"https:\/\/suomenkuvalehti.fi\/tahanontultu\/wp-json\/wp\/v2\/posts\/63","targetHints":{"allow":["GET"]}}],"collection":[{"href":"https:\/\/suomenkuvalehti.fi\/tahanontultu\/wp-json\/wp\/v2\/posts"}],"about":[{"href":"https:\/\/suomenkuvalehti.fi\/tahanontultu\/wp-json\/wp\/v2\/types\/post"}],"author":[{"embeddable":true,"href":"https:\/\/suomenkuvalehti.fi\/tahanontultu\/wp-json\/wp\/v2\/users\/153"}],"replies":[{"embeddable":true,"href":"https:\/\/suomenkuvalehti.fi\/tahanontultu\/wp-json\/wp\/v2\/comments?post=63"}],"version-history":[{"count":0,"href":"https:\/\/suomenkuvalehti.fi\/tahanontultu\/wp-json\/wp\/v2\/posts\/63\/revisions"}],"wp:attachment":[{"href":"https:\/\/suomenkuvalehti.fi\/tahanontultu\/wp-json\/wp\/v2\/media?parent=63"}],"wp:term":[{"taxonomy":"category","embeddable":true,"href":"https:\/\/suomenkuvalehti.fi\/tahanontultu\/wp-json\/wp\/v2\/categories?post=63"},{"taxonomy":"post_tag","embeddable":true,"href":"https:\/\/suomenkuvalehti.fi\/tahanontultu\/wp-json\/wp\/v2\/tags?post=63"}],"curies":[{"name":"wp","href":"https:\/\/api.w.org\/{rel}","templated":true}]}}