{"id":60,"date":"2012-05-30T14:35:43","date_gmt":"2012-05-30T11:35:43","guid":{"rendered":"https:\/\/suomenkuvalehti.fi\/tahanontultu\/2012\/05\/30\/jussi-halla-aho-hyvinkaan-surmista\/"},"modified":"2012-05-30T14:35:43","modified_gmt":"2012-05-30T11:35:43","slug":"jussi-halla-aho-hyvinkaan-surmista","status":"publish","type":"post","link":"https:\/\/suomenkuvalehti.fi\/tahanontultu\/jussi-halla-aho-hyvinkaan-surmista\/","title":{"rendered":"Jussi Halla-aho Hyvink\u00e4\u00e4n surmista"},"content":{"rendered":"\n<p><strong>Jussi Halla-aho<\/strong> kirjoitti t\u00e4n\u00e4\u00e4n Hyvink\u00e4\u00e4n ampumasurmista, otsikoiden ytimekk\u00e4\u00e4sti <a title=\"scripta\" href=\"http:\/\/www.halla-aho.com\/scripta\/hyvinkaasta.html\" target=\"_blank\">&#8221;Hyvink\u00e4\u00e4st\u00e4&#8221;<\/a>. Selke\u00e4sti kirjoitetussa tekstiss\u00e4 on paljon hyvi\u00e4, tosiasioihin pohjautuvia argumentteja er\u00e4it\u00e4 ampuma-aselain tiukennusvaatimuksia vastaan.<\/p>\n\n\n\n<p>Halla-ahon kieli on tutun provosoivaa, heti aluksi h\u00e4n toteaa ett\u00e4 <em>&#8221;Hyvink\u00e4\u00e4n uhrit valjastettiin v\u00e4litt\u00f6m\u00e4sti asekammoisten ristiretkel\u00e4isten keppihevosiksi&#8221;<\/em>. Sopii kyll\u00e4 mietti\u00e4, kuinka eettist\u00e4 on heti joukkosurman j\u00e4lkeen alkaa ajaa poliittisia p\u00e4\u00e4m\u00e4\u00e4ri\u00e4\u00e4n. Itse pid\u00e4n v\u00e4lit\u00f6nt\u00e4 kommentointi-innostusta v\u00e4h\u00e4n kyseenalaisena, mutta ymm\u00e4rrett\u00e4v\u00e4n\u00e4. Halutaan tuoda jotain rotia nyrj\u00e4ht\u00e4neeseen maailmaan esitt\u00e4m\u00e4ll\u00e4 korjausehdotuksia. Sit\u00e4 paitsi, jos poliitikko tai toimittaja tuo ajatuksensa esiin suruajan j\u00e4lkeen, yleis\u00f6\u00e4 ei v\u00e4ltt\u00e4m\u00e4tt\u00e4 en\u00e4\u00e4 niin kiinnosta.<\/p>\n\n\n\n<p>Suomen rikollisuudesta, asekulttuurista ja aseiden m\u00e4\u00e4r\u00e4st\u00e4 Halla-aho esitt\u00e4\u00e4 k\u00e4sitt\u00e4\u00e4kseni aika oikean suuntaisia lukuja. Meill\u00e4 ei surmata ihmisi\u00e4 Ven\u00e4j\u00e4n malliin, ja mm. Sveitsiss\u00e4 on enemm\u00e4n k\u00e4siaseita v\u00e4kilukuun n\u00e4hden. Olen my\u00f6s samaa mielt\u00e4 siit\u00e4, ett\u00e4 <strong>Pekka Saurin<\/strong> esitt\u00e4m\u00e4 ajatus aseiden keskitetyst\u00e4 varikkos\u00e4ilytyksest\u00e4 on kyseenalainen. Tarvittaisiin samantasoista vartiointia kuin puolustusvoimien asevarikoilla, muuten metsiss\u00e4 olisi asearsenaaleja halukkaille tarjolla.<\/p>\n\n\n\n<p>Halla-ahon kirjoitus nyrj\u00e4ht\u00e4\u00e4 vasta loppukappaleissaan. Nyt kirjoittaja yhtyykin kuoroon, jonka mukaan maassamme on juuri nyt jotain pahasti vialla: <em>&#8221;2000-luvun ensimm\u00e4inen vuosikymmen oli ennenn\u00e4kem\u00e4t\u00f6n perhesurmien ja joukkomurhien vuosikymmen&#8221;. <\/em><\/p>\n\n\n\n<p>Joukkomurhien, totta. Mutta huomatkaa kuinka h\u00e4n vet\u00e4\u00e4 perhesurmat samaan nippuun. <a title=\"kansan uutiset\" href=\"http:\/\/www.kansanuutiset.fi\/uutiset\/kotimaa\/2804191\/hannu-lauerma-joukkosurma-lisaa-hiukan-uuden-surmatyon-todennakoisyytta\" target=\"_blank\">Kansan Uutisten haastattelussa<\/a> ylil\u00e4\u00e4k\u00e4ri <strong>Hannu Lauerma<\/strong> toteaa, ett\u00e4 v\u00e4kivaltarikoksia tehtiin esimerkiksi 1920- ja 30-luvuilla kolme kertaa enemm\u00e4n kuin nyt. N\u00e4kyv\u00e4sti uutisoidut perhesurmat ovat menneisiin vuosikymmeniin verrattuna itseasiassa harvinaisia, lapsia surmattiin aurinkoisilla 60- ja 70-luvuilla monenkertaisesti enemm\u00e4n.<\/p>\n\n\n\n<p>Tuo sivumennen sanottuna vie pohjan niilt\u00e4 v\u00e4itteilt\u00e4, ett\u00e4 perhesurmat ja v\u00e4kivalta ovat lis\u00e4\u00e4ntyneet kirkon vaikutusvallan ja ydinperheen aseman v\u00e4itetyn heikkenemisen my\u00f6t\u00e4.<\/p>\n\n\n\n<p>Mutta takaisin Halla-ahoon. Enimm\u00e4kseen ansiokkaan kirjoituksensa lopuksi h\u00e4n vet\u00e4\u00e4 vastuuseen maamme pahoinvoinnista <strong>Tarja Halosen, Paavo Lipposen, Matti Vanhasen <\/strong>ja<strong> Jyrki Kataisen. <\/strong>Valjastaa Hyvink\u00e4\u00e4n uhrit poliittisen ristiretkens\u00e4 keppihevosiksi, sanoisi joku.<\/p>\n\n\n","protected":false},"excerpt":{"rendered":"<p>Jussi Halla-aho kirjoitti t\u00e4n\u00e4\u00e4n Hyvink\u00e4\u00e4n ampumasurmista, otsikoiden ytimekk\u00e4\u00e4sti &#8221;Hyvink\u00e4\u00e4st\u00e4&#8221;. Selke\u00e4sti kirjoitetussa tekstiss\u00e4 on paljon hyvi\u00e4, tosiasioihin pohjautuvia argumentteja er\u00e4it\u00e4 ampuma-aselain tiukennusvaatimuksia vastaan. Halla-ahon kieli on tutun<br \/>\nprovosoivaa, h&hellip;<\/p>\n","protected":false},"author":153,"featured_media":0,"comment_status":"open","ping_status":"open","sticky":false,"template":"","format":"standard","meta":{"_acf_changed":false,"asauth_required_access_level":0,"asauth_cansharepaid":"","om_header_attributes":[],"footnotes":"","om_featured_image_focal_point":[],"om_primary_tag":0,"om_contributors":[],"om_co_authors":[],"beyondwords_generate_audio":"","beyondwords_project_id":"","beyondwords_content_id":"","beyondwords_preview_token":"","beyondwords_player_content":"","beyondwords_player_style":"","beyondwords_language_code":"","beyondwords_language_id":"","beyondwords_title_voice_id":"","beyondwords_body_voice_id":"","beyondwords_summary_voice_id":"","beyondwords_error_message":"","beyondwords_disabled":"","beyondwords_delete_content":"","beyondwords_podcast_id":"","beyondwords_hash":"","publish_post_to_speechkit":"","speechkit_hash":"","speechkit_generate_audio":"","speechkit_project_id":"","speechkit_podcast_id":"","speechkit_error_message":"","speechkit_disabled":"","speechkit_access_key":"","speechkit_error":"","speechkit_info":"","speechkit_response":"","speechkit_retries":"","speechkit_status":"","speechkit_updated_at":"","_speechkit_link":"","_speechkit_text":""},"categories":[1],"tags":[165,162,54,163,164],"class_list":["post-60","post","type-post","status-publish","format-standard","hentry","category-tahan-on-tultu","tag-hannu-lauerma","tag-hyvinkaan-ammuskelu","tag-jussi-halla-aho","tag-pekka-sauri","tag-perhesurmat"],"om_views":null,"acf":{"tuuma_off":false,"tuuma_kysymys":"","tuuma_vastaus":""},"asauth":{"required_access_level":1,"share_token":"","is_paid":false},"yoast_head":"<!-- This site is optimized with the Yoast SEO plugin v26.4 - https:\/\/yoast.com\/wordpress\/plugins\/seo\/ -->\n<title>Jussi Halla-aho Hyvink\u00e4\u00e4n surmista - T\u00e4h\u00e4n on tultu<\/title>\n<meta name=\"robots\" content=\"index, follow, max-snippet:-1, max-image-preview:large, max-video-preview:-1\" \/>\n<link rel=\"canonical\" href=\"https:\/\/suomenkuvalehti.fi\/tahanontultu\/jussi-halla-aho-hyvinkaan-surmista\/\" \/>\n<meta property=\"og:locale\" content=\"fi_FI\" \/>\n<meta property=\"og:type\" content=\"article\" \/>\n<meta property=\"og:title\" content=\"Jussi Halla-aho Hyvink\u00e4\u00e4n surmista - T\u00e4h\u00e4n on tultu\" \/>\n<meta property=\"og:description\" content=\"Jussi Halla-aho kirjoitti t\u00e4n\u00e4\u00e4n Hyvink\u00e4\u00e4n ampumasurmista, otsikoiden ytimekk\u00e4\u00e4sti &#8221;Hyvink\u00e4\u00e4st\u00e4&#8221;. Selke\u00e4sti kirjoitetussa tekstiss\u00e4 on paljon hyvi\u00e4, tosiasioihin pohjautuvia argumentteja er\u00e4it\u00e4 ampuma-aselain tiukennusvaatimuksia vastaan. Halla-ahon kieli on tutun provosoivaa, h&hellip;\" \/>\n<meta property=\"og:url\" content=\"https:\/\/suomenkuvalehti.fi\/tahanontultu\/jussi-halla-aho-hyvinkaan-surmista\/\" \/>\n<meta property=\"og:site_name\" content=\"T\u00e4h\u00e4n on tultu\" \/>\n<meta property=\"article:published_time\" content=\"2012-05-30T11:35:43+00:00\" \/>\n<meta property=\"og:image\" content=\"https:\/\/suomenkuvalehti.fi\/tahanontultu\/wp-content\/uploads\/sites\/14\/2013\/11\/jarla.jpg\" \/>\n\t<meta property=\"og:image:width\" content=\"419\" \/>\n\t<meta property=\"og:image:height\" content=\"425\" \/>\n\t<meta property=\"og:image:type\" content=\"image\/jpeg\" \/>\n<meta name=\"author\" content=\"Pertti Jarla\" \/>\n<meta name=\"twitter:card\" content=\"summary_large_image\" \/>\n<meta name=\"twitter:label1\" content=\"Written by\" \/>\n\t<meta name=\"twitter:data1\" content=\"Pertti Jarla\" \/>\n\t<meta name=\"twitter:label2\" content=\"Est. reading time\" \/>\n\t<meta name=\"twitter:data2\" content=\"2 minuuttia\" \/>\n<script type=\"application\/ld+json\" class=\"yoast-schema-graph\">{\"@context\":\"https:\/\/schema.org\",\"@graph\":[{\"@type\":\"WebPage\",\"@id\":\"https:\/\/suomenkuvalehti.fi\/tahanontultu\/jussi-halla-aho-hyvinkaan-surmista\/\",\"url\":\"https:\/\/suomenkuvalehti.fi\/tahanontultu\/jussi-halla-aho-hyvinkaan-surmista\/\",\"name\":\"Jussi Halla-aho Hyvink\u00e4\u00e4n surmista - T\u00e4h\u00e4n on tultu\",\"isPartOf\":{\"@id\":\"https:\/\/suomenkuvalehti.fi\/tahanontultu\/#website\"},\"datePublished\":\"2012-05-30T11:35:43+00:00\",\"author\":{\"@id\":\"https:\/\/suomenkuvalehti.fi\/tahanontultu\/#\/schema\/person\/f258b4d6c9f57d438aab20b0066db5e7\"},\"breadcrumb\":{\"@id\":\"https:\/\/suomenkuvalehti.fi\/tahanontultu\/jussi-halla-aho-hyvinkaan-surmista\/#breadcrumb\"},\"inLanguage\":\"fi\",\"potentialAction\":[{\"@type\":\"ReadAction\",\"target\":[\"https:\/\/suomenkuvalehti.fi\/tahanontultu\/jussi-halla-aho-hyvinkaan-surmista\/\"]}]},{\"@type\":\"BreadcrumbList\",\"@id\":\"https:\/\/suomenkuvalehti.fi\/tahanontultu\/jussi-halla-aho-hyvinkaan-surmista\/#breadcrumb\",\"itemListElement\":[{\"@type\":\"ListItem\",\"position\":1,\"name\":\"Home\",\"item\":\"https:\/\/suomenkuvalehti.fi\/tahanontultu\/\"},{\"@type\":\"ListItem\",\"position\":2,\"name\":\"Jussi Halla-aho Hyvink\u00e4\u00e4n surmista\"}]},{\"@type\":\"WebSite\",\"@id\":\"https:\/\/suomenkuvalehti.fi\/tahanontultu\/#website\",\"url\":\"https:\/\/suomenkuvalehti.fi\/tahanontultu\/\",\"name\":\"T\u00e4h\u00e4n on tultu\",\"description\":\"Fingerpori-sarjakuvan piirt\u00e4j\u00e4 p\u00e4hk\u00e4ilee maailmaa vitsien takana.\",\"potentialAction\":[{\"@type\":\"SearchAction\",\"target\":{\"@type\":\"EntryPoint\",\"urlTemplate\":\"https:\/\/suomenkuvalehti.fi\/haku\/?q={search_term_string}\"},\"query-input\":{\"@type\":\"PropertyValueSpecification\",\"valueRequired\":true,\"valueName\":\"search_term_string\"}}],\"inLanguage\":\"fi\"},{\"@type\":\"Person\",\"@id\":\"https:\/\/suomenkuvalehti.fi\/tahanontultu\/#\/schema\/person\/f258b4d6c9f57d438aab20b0066db5e7\",\"name\":\"Pertti Jarla\",\"image\":{\"@type\":\"ImageObject\",\"inLanguage\":\"fi\",\"@id\":\"https:\/\/suomenkuvalehti.fi\/tahanontultu\/#\/schema\/person\/image\/\",\"url\":\"https:\/\/suomenkuvalehti.fi\/tahanontultu\/wp-content\/uploads\/sites\/14\/2013\/11\/jarla-150x150.jpg\",\"contentUrl\":\"https:\/\/suomenkuvalehti.fi\/tahanontultu\/wp-content\/uploads\/sites\/14\/2013\/11\/jarla-150x150.jpg\",\"caption\":\"Pertti Jarla\"},\"description\":\"Kirjoittaja on porvoolainen sarjakuvantekij\u00e4.\"}]}<\/script>\n<!-- \/ Yoast SEO plugin. -->","yoast_head_json":{"title":"Jussi Halla-aho Hyvink\u00e4\u00e4n surmista - T\u00e4h\u00e4n on tultu","robots":{"index":"index","follow":"follow","max-snippet":"max-snippet:-1","max-image-preview":"max-image-preview:large","max-video-preview":"max-video-preview:-1"},"canonical":"https:\/\/suomenkuvalehti.fi\/tahanontultu\/jussi-halla-aho-hyvinkaan-surmista\/","og_locale":"fi_FI","og_type":"article","og_title":"Jussi Halla-aho Hyvink\u00e4\u00e4n surmista - T\u00e4h\u00e4n on tultu","og_description":"Jussi Halla-aho kirjoitti t\u00e4n\u00e4\u00e4n Hyvink\u00e4\u00e4n ampumasurmista, otsikoiden ytimekk\u00e4\u00e4sti &#8221;Hyvink\u00e4\u00e4st\u00e4&#8221;. Selke\u00e4sti kirjoitetussa tekstiss\u00e4 on paljon hyvi\u00e4, tosiasioihin pohjautuvia argumentteja er\u00e4it\u00e4 ampuma-aselain tiukennusvaatimuksia vastaan. Halla-ahon kieli on tutun provosoivaa, h&hellip;","og_url":"https:\/\/suomenkuvalehti.fi\/tahanontultu\/jussi-halla-aho-hyvinkaan-surmista\/","og_site_name":"T\u00e4h\u00e4n on tultu","article_published_time":"2012-05-30T11:35:43+00:00","og_image":[{"width":419,"height":425,"url":"https:\/\/suomenkuvalehti.fi\/tahanontultu\/wp-content\/uploads\/sites\/14\/2013\/11\/jarla.jpg","type":"image\/jpeg"}],"author":"Pertti Jarla","twitter_card":"summary_large_image","twitter_misc":{"Written by":"Pertti Jarla","Est. reading time":"2 minuuttia"},"schema":{"@context":"https:\/\/schema.org","@graph":[{"@type":"WebPage","@id":"https:\/\/suomenkuvalehti.fi\/tahanontultu\/jussi-halla-aho-hyvinkaan-surmista\/","url":"https:\/\/suomenkuvalehti.fi\/tahanontultu\/jussi-halla-aho-hyvinkaan-surmista\/","name":"Jussi Halla-aho Hyvink\u00e4\u00e4n surmista - T\u00e4h\u00e4n on tultu","isPartOf":{"@id":"https:\/\/suomenkuvalehti.fi\/tahanontultu\/#website"},"datePublished":"2012-05-30T11:35:43+00:00","author":{"@id":"https:\/\/suomenkuvalehti.fi\/tahanontultu\/#\/schema\/person\/f258b4d6c9f57d438aab20b0066db5e7"},"breadcrumb":{"@id":"https:\/\/suomenkuvalehti.fi\/tahanontultu\/jussi-halla-aho-hyvinkaan-surmista\/#breadcrumb"},"inLanguage":"fi","potentialAction":[{"@type":"ReadAction","target":["https:\/\/suomenkuvalehti.fi\/tahanontultu\/jussi-halla-aho-hyvinkaan-surmista\/"]}]},{"@type":"BreadcrumbList","@id":"https:\/\/suomenkuvalehti.fi\/tahanontultu\/jussi-halla-aho-hyvinkaan-surmista\/#breadcrumb","itemListElement":[{"@type":"ListItem","position":1,"name":"Home","item":"https:\/\/suomenkuvalehti.fi\/tahanontultu\/"},{"@type":"ListItem","position":2,"name":"Jussi Halla-aho Hyvink\u00e4\u00e4n surmista"}]},{"@type":"WebSite","@id":"https:\/\/suomenkuvalehti.fi\/tahanontultu\/#website","url":"https:\/\/suomenkuvalehti.fi\/tahanontultu\/","name":"T\u00e4h\u00e4n on tultu","description":"Fingerpori-sarjakuvan piirt\u00e4j\u00e4 p\u00e4hk\u00e4ilee maailmaa vitsien takana.","potentialAction":[{"@type":"SearchAction","target":{"@type":"EntryPoint","urlTemplate":"https:\/\/suomenkuvalehti.fi\/haku\/?q={search_term_string}"},"query-input":{"@type":"PropertyValueSpecification","valueRequired":true,"valueName":"search_term_string"}}],"inLanguage":"fi"},{"@type":"Person","@id":"https:\/\/suomenkuvalehti.fi\/tahanontultu\/#\/schema\/person\/f258b4d6c9f57d438aab20b0066db5e7","name":"Pertti Jarla","image":{"@type":"ImageObject","inLanguage":"fi","@id":"https:\/\/suomenkuvalehti.fi\/tahanontultu\/#\/schema\/person\/image\/","url":"https:\/\/suomenkuvalehti.fi\/tahanontultu\/wp-content\/uploads\/sites\/14\/2013\/11\/jarla-150x150.jpg","contentUrl":"https:\/\/suomenkuvalehti.fi\/tahanontultu\/wp-content\/uploads\/sites\/14\/2013\/11\/jarla-150x150.jpg","caption":"Pertti Jarla"},"description":"Kirjoittaja on porvoolainen sarjakuvantekij\u00e4."}]}},"_links":{"self":[{"href":"https:\/\/suomenkuvalehti.fi\/tahanontultu\/wp-json\/wp\/v2\/posts\/60","targetHints":{"allow":["GET"]}}],"collection":[{"href":"https:\/\/suomenkuvalehti.fi\/tahanontultu\/wp-json\/wp\/v2\/posts"}],"about":[{"href":"https:\/\/suomenkuvalehti.fi\/tahanontultu\/wp-json\/wp\/v2\/types\/post"}],"author":[{"embeddable":true,"href":"https:\/\/suomenkuvalehti.fi\/tahanontultu\/wp-json\/wp\/v2\/users\/153"}],"replies":[{"embeddable":true,"href":"https:\/\/suomenkuvalehti.fi\/tahanontultu\/wp-json\/wp\/v2\/comments?post=60"}],"version-history":[{"count":0,"href":"https:\/\/suomenkuvalehti.fi\/tahanontultu\/wp-json\/wp\/v2\/posts\/60\/revisions"}],"wp:attachment":[{"href":"https:\/\/suomenkuvalehti.fi\/tahanontultu\/wp-json\/wp\/v2\/media?parent=60"}],"wp:term":[{"taxonomy":"category","embeddable":true,"href":"https:\/\/suomenkuvalehti.fi\/tahanontultu\/wp-json\/wp\/v2\/categories?post=60"},{"taxonomy":"post_tag","embeddable":true,"href":"https:\/\/suomenkuvalehti.fi\/tahanontultu\/wp-json\/wp\/v2\/tags?post=60"}],"curies":[{"name":"wp","href":"https:\/\/api.w.org\/{rel}","templated":true}]}}