{"id":59,"date":"2012-06-01T15:18:54","date_gmt":"2012-06-01T12:18:54","guid":{"rendered":"https:\/\/suomenkuvalehti.fi\/tahanontultu\/2012\/06\/01\/fingerporin-luoja-vihaa-helsingin-vapaa-ajattelijoita\/"},"modified":"2013-11-29T16:48:07","modified_gmt":"2013-11-29T14:48:07","slug":"fingerporin-luoja-vihaa-helsingin-vapaa-ajattelijoita","status":"publish","type":"post","link":"https:\/\/suomenkuvalehti.fi\/tahanontultu\/fingerporin-luoja-vihaa-helsingin-vapaa-ajattelijoita\/","title":{"rendered":"Fingerporin Luoja vihaa Helsingin Vapaa-ajattelijoita"},"content":{"rendered":"<figure class=\"wp-block-image size-full alignnone\">\n  <div class=\"wp-block-image__inner-container\">\n    <a href='https:\/\/suomenkuvalehti.fi\/wp-content\/uploads\/sk\/files\/Blogit\/jumala.jpg'><img decoding=\"async\" src=\"https:\/\/suomenkuvalehti.fi\/wp-content\/uploads\/sk\/files\/Blogit\/jumala.jpg\" alt=\"fingerporin luoja\"\/><\/a>  <\/div>\n<\/figure>\n\n\n\n<p>Kuvassa Fingerporin Luoja. H\u00e4n on kiivas vanhan koulun herra, joka pit\u00e4\u00e4 Kampin hiljentymiskappelia hyv\u00e4n\u00e4 aluevaltauksena eik\u00e4 sied\u00e4 vapaa-ajattelijoita, jotka tulevat siit\u00e4 mussuttamaan.<\/p>\n\n\n\n<p>Itse osallistuin piirt\u00e4j\u00e4n\u00e4 ja pamflettien jakajana Helsingin Vapaa-ajattelijoiden tempaukseen, jossa sarjakuvamuotoisesti kritisoidaan Helsingin Kaupungin ja evankelis-luterilaisten seurakuntayhtymien yhteisty\u00f6ss\u00e4 yll\u00e4pit\u00e4m\u00e4\u00e4 hiljentymiskappelia. <a title=\"hva\" href=\"http:\/\/www.vapaa-ajattelijat.fi\/helsinki\/\" target=\"_blank\">Sarjakuvan voi tsekata t\u00e4\u00e4lt\u00e4<\/a>.<\/p>\n\n\n\n<p>Sarjakuvien jakelu Kampissa sujui mukavasti. Veisaamaan ja kappelia katsastamaan tullut yleis\u00f6 oli yst\u00e4v\u00e4llist\u00e4, muutama viritti kanssamme ajatuksia her\u00e4tt\u00e4vi\u00e4 kriittisi\u00e4 keskusteluja, mist\u00e4 heille kiitos. Toimintamme her\u00e4tti kiitett\u00e4v\u00e4sti uutisointia, ensimm\u00e4isen\u00e4 osui silm\u00e4\u00e4n Uuden Suomen juttu. Palautettakin on tullut, totisesti. Voisin kommentoida n\u00e4it\u00e4 lyhyesti.<\/p>\n\n\n\n<p>Uusi Suomi otsikoi <a title=\"US\" href=\"http:\/\/www.uusisuomi.fi\/kotimaa\/50968-fingerporin-luoja-avuksi-uskonto-pois-kampista\" target=\"_blank\">&#8221;Fingerporin luoja avuksi: uskonto pois Kampista&#8221;<\/a>. Uutinen on kaikenkaikkiaan asiallinen, itse tekstist\u00e4 k\u00e4y ilmi ett\u00e4 kukaan ei ole ajamassa uskontoa pois Kampista. On hyv\u00e4, ett\u00e4 muutkin julkaisut ovat&nbsp; huomioineet lausahduksen:<\/p>\n\n\n\n<p><em>&#8221;Tuntui, ett\u00e4 avajaisiin osallistuneetkin ymm\u00e4rsiv\u00e4t ihan hyvin, ett\u00e4 jos kappeli olisi rakennettu kirkon varoin ja kaupunki perisi t\u00e4ysm\u00e4\u00e4r\u00e4isen vuokran, tilanne olisi ihan toinen&#8221;<\/em><\/p>\n\n\n\n<p>Siis, kritisoimme kuviota jossa luterilaista kappelia yll\u00e4pidet\u00e4\u00e4n osin kaupungin varoilla. Kaupungin, jonka asukkaista noin 40% ei kuulu kirkkoon. Erityisen kyseenalaisena n\u00e4emme sen, ett\u00e4 kaupungin sosiaalipalveluja sijoitetaan luterilaisen kappelin sis\u00e4\u00e4n. Vapaa-ajattelijathan ajavat kirkon ja valtion nykyist\u00e4 selke\u00e4mp\u00e4\u00e4 eroa, joten t\u00e4m\u00e4n kannan ei pit\u00e4isi kauheasti yll\u00e4tt\u00e4\u00e4 ket\u00e4\u00e4n.<\/p>\n\n\n\n<p>Tuo Uuden Suomen otsikko kertoo kyll\u00e4 jotain asenteista vapaa-ajattelijoita kohtaan. Moni olettaakin, ett\u00e4 t\u00e4ss\u00e4 taas ateistit eiv\u00e4t sied\u00e4 mink\u00e4\u00e4nlaisia uskonnon ilmentymi\u00e4 julkisilla paikoilla. T\u00e4st\u00e4 viimek\u00e4dess\u00e4 syytt\u00e4isin tiettyj\u00e4 ateistisia ylily\u00f6ntej\u00e4, kuten amerikkalaiset <a title=\"atheists roadside memorials\" href=\"http:\/\/atheism.about.com\/od\/ideasforatheistactivism\/a\/RoadsideCrosses.htm\" target=\"_blank\">valitukset tienvarsille pystytetyist\u00e4 muistoristeist\u00e4<\/a> .<\/p>\n\n\n\n<p>Sarjakuvanlevittelyss\u00e4mme oli kyse my\u00f6s katsomusten tasa-arvon kunnioittamisesta. Se olisi toteutunut paremmin, jos Kampissa k\u00e4yskentelij\u00e4 olisi p\u00e4\u00e4ssyt hiljentym\u00e4\u00e4n uskonnollisesti neutraaliin tilaan. Sellaisissa voi vallan mainiosti rukoilla oman uskontonsa mukaan.<\/p>\n\n\n\n<p>Mutta, sanovat t\u00e4t\u00e4 valittamistamme ihmettelev\u00e4t, seh\u00e4n <em>on<\/em> neutraali tila! Sinne p\u00e4\u00e4see kuka tahansa. Se onkin hyv\u00e4 asia, kiitos. Kyseess\u00e4 on arkkitehtuuriltaan harvinaisen komea pytinki, auringonpaisteessa etenkin. Sis\u00e4tila on viel\u00e4 tsekkaamatta.<\/p>\n\n\n\n<p>Mutta, minua ihmetytt\u00e4\u00e4 se kuinka luterilaista kirkkoa pidet\u00e4\u00e4n niin valtavan neutraalina. Onko se tosiaan niin hajuton ja mauton laitos, ett\u00e4 on aivan sama onko kyseess\u00e4 kaupungin sosiaalivirasto vai seurakunnan kappeli? Halutaanko t\u00e4llaista varmasti edes kirkon sis\u00e4ll\u00e4?<\/p>\n\n\n\n<p>Yhteisen seurakuntaty\u00f6n johtaja <strong>Pentti Miettinen<\/strong> sanoi Kirkko &amp; kaupunki-lehdess\u00e4 <a title=\"kirkko&amp;kaupunki\" href=\"http:\/\/www.kirkkojakaupunki.fi\/uutiset\/kampin-kappelin-rakentaminen-alkaa\" target=\"_blank\">taannoin<\/a>:<\/p>\n\n\n\n<p><em>&#8221;Kappelissa voi yht\u00e4 hyvin k\u00e4yd\u00e4 kysym\u00e4ss\u00e4 miten p\u00e4\u00e4see Hakaniemeen kuin miten p\u00e4\u00e4see taivaaseen&#8221;<\/em><\/p>\n\n\n\n<p>Jos kappeli tosiaan on uskonnollisesta tuputtamisesta vapaa tila, saahan kysymykseen <em>&#8221;miten p\u00e4\u00e4see taivaaseen?&#8221;<\/em> uskonnollisesti neutraalin vastauksen? Onko luterilaisen seurakunnan ty\u00f6ntekij\u00f6iden teht\u00e4v\u00e4 edes <em>antaa<\/em> uskonnollisesti neutraaleja vastauksia? Min\u00e4 vaan kysyn.<\/p>\n\n\n\n<p>Paljon on ihmetelty sit\u00e4, miksi nostetaan \u00e4l\u00e4nm\u00f6l\u00f6 n\u00e4in pienest\u00e4 asiasta. No, ei t\u00e4m\u00e4 olekaan Helsingin Vapaa-ajattelijoiden isoimpia kampanjoita. Muut vuoden kampanjat py\u00f6r\u00e4ht\u00e4v\u00e4t n\u00e4kyv\u00e4sti k\u00e4yntiin vasta my\u00f6hemmin, siit\u00e4 syntyy ymm\u00e4rr\u00e4tt\u00e4v\u00e4 perspektiivivirhe.<\/p>\n\n\n\n<p>Helsinkil\u00e4isen paikallisyhdistyksen on minusta kunnallisvaalivuonna melko luontevaa ottaa kantaa yksitt\u00e4isiin Helsingin kaupungin asioihin. Olen k\u00e4sitt\u00e4nyt, ett\u00e4 kunnallisesta p\u00e4\u00e4t\u00f6ksenteosta keskustelemista noin yleens\u00e4kin pidet\u00e4\u00e4n hyv\u00e4n\u00e4 asiana. Lis\u00e4\u00e4 tulee (nauraa synk\u00e4sti).<\/p>\n\n\n","protected":false},"excerpt":{"rendered":"<p>Kuvassa Fingerporin Luoja. H\u00e4n on kiivas vanhan koulun herra, joka pit\u00e4\u00e4 Kampin hiljentymiskappelia hyv\u00e4n\u00e4 aluevaltauksena eik\u00e4 sied\u00e4 vapaa-ajattelijoita, jotka tulevat siit\u00e4 mussuttamaan. Itse osallistuin piirt\u00e4j\u00e4n\u00e4 ja pamflettien jakajana Helsingin<br \/>\nVapaa-ajat&hellip;<\/p>\n","protected":false},"author":153,"featured_media":0,"comment_status":"open","ping_status":"open","sticky":false,"template":"","format":"standard","meta":{"_acf_changed":false,"asauth_required_access_level":0,"asauth_cansharepaid":"","om_header_attributes":[],"footnotes":"","om_featured_image_focal_point":[],"om_primary_tag":0,"om_contributors":[],"om_co_authors":[],"beyondwords_generate_audio":"","beyondwords_project_id":"","beyondwords_content_id":"","beyondwords_preview_token":"","beyondwords_player_content":"","beyondwords_player_style":"","beyondwords_language_code":"","beyondwords_language_id":"","beyondwords_title_voice_id":"","beyondwords_body_voice_id":"","beyondwords_summary_voice_id":"","beyondwords_error_message":"","beyondwords_disabled":"","beyondwords_delete_content":"","beyondwords_podcast_id":"","beyondwords_hash":"","publish_post_to_speechkit":"","speechkit_hash":"","speechkit_generate_audio":"","speechkit_project_id":"","speechkit_podcast_id":"","speechkit_error_message":"","speechkit_disabled":"","speechkit_access_key":"","speechkit_error":"","speechkit_info":"","speechkit_response":"","speechkit_retries":"","speechkit_status":"","speechkit_updated_at":"","_speechkit_link":"","_speechkit_text":""},"categories":[1],"tags":[161,160,104],"class_list":["post-59","post","type-post","status-publish","format-standard","hentry","category-tahan-on-tultu","tag-fingerpori","tag-kampin-kappeli","tag-vapaa-ajattelu"],"om_views":null,"acf":{"tuuma_off":false,"tuuma_kysymys":"","tuuma_vastaus":""},"asauth":{"required_access_level":1,"share_token":"","is_paid":false},"yoast_head":"<!-- This site is optimized with the Yoast SEO plugin v26.4 - https:\/\/yoast.com\/wordpress\/plugins\/seo\/ -->\n<title>Fingerporin Luoja vihaa Helsingin Vapaa-ajattelijoita - T\u00e4h\u00e4n on tultu<\/title>\n<meta name=\"robots\" content=\"index, follow, max-snippet:-1, max-image-preview:large, max-video-preview:-1\" \/>\n<link rel=\"canonical\" href=\"https:\/\/suomenkuvalehti.fi\/tahanontultu\/fingerporin-luoja-vihaa-helsingin-vapaa-ajattelijoita\/\" \/>\n<meta property=\"og:locale\" content=\"fi_FI\" \/>\n<meta property=\"og:type\" content=\"article\" \/>\n<meta property=\"og:title\" content=\"Fingerporin Luoja vihaa Helsingin Vapaa-ajattelijoita - T\u00e4h\u00e4n on tultu\" \/>\n<meta property=\"og:description\" content=\"Kuvassa Fingerporin Luoja. H\u00e4n on kiivas vanhan koulun herra, joka pit\u00e4\u00e4 Kampin hiljentymiskappelia hyv\u00e4n\u00e4 aluevaltauksena eik\u00e4 sied\u00e4 vapaa-ajattelijoita, jotka tulevat siit\u00e4 mussuttamaan. Itse osallistuin piirt\u00e4j\u00e4n\u00e4 ja pamflettien jakajana Helsingin Vapaa-ajat&hellip;\" \/>\n<meta property=\"og:url\" content=\"https:\/\/suomenkuvalehti.fi\/tahanontultu\/fingerporin-luoja-vihaa-helsingin-vapaa-ajattelijoita\/\" \/>\n<meta property=\"og:site_name\" content=\"T\u00e4h\u00e4n on tultu\" \/>\n<meta property=\"article:published_time\" content=\"2012-06-01T12:18:54+00:00\" \/>\n<meta property=\"article:modified_time\" content=\"2013-11-29T14:48:07+00:00\" \/>\n<meta property=\"og:image\" content=\"https:\/\/suomenkuvalehti.fi\/wp-content\/uploads\/sk\/files\/Blogit\/jumala.jpg\" \/>\n<meta name=\"author\" content=\"Pertti Jarla\" \/>\n<meta name=\"twitter:card\" content=\"summary_large_image\" \/>\n<meta name=\"twitter:label1\" content=\"Written by\" \/>\n\t<meta name=\"twitter:data1\" content=\"Pertti Jarla\" \/>\n\t<meta name=\"twitter:label2\" content=\"Est. reading time\" \/>\n\t<meta name=\"twitter:data2\" content=\"3 minuuttia\" \/>\n<script type=\"application\/ld+json\" class=\"yoast-schema-graph\">{\"@context\":\"https:\/\/schema.org\",\"@graph\":[{\"@type\":\"WebPage\",\"@id\":\"https:\/\/suomenkuvalehti.fi\/tahanontultu\/fingerporin-luoja-vihaa-helsingin-vapaa-ajattelijoita\/\",\"url\":\"https:\/\/suomenkuvalehti.fi\/tahanontultu\/fingerporin-luoja-vihaa-helsingin-vapaa-ajattelijoita\/\",\"name\":\"Fingerporin Luoja vihaa Helsingin Vapaa-ajattelijoita - T\u00e4h\u00e4n on tultu\",\"isPartOf\":{\"@id\":\"https:\/\/suomenkuvalehti.fi\/tahanontultu\/#website\"},\"primaryImageOfPage\":{\"@id\":\"https:\/\/suomenkuvalehti.fi\/tahanontultu\/fingerporin-luoja-vihaa-helsingin-vapaa-ajattelijoita\/#primaryimage\"},\"image\":{\"@id\":\"https:\/\/suomenkuvalehti.fi\/tahanontultu\/fingerporin-luoja-vihaa-helsingin-vapaa-ajattelijoita\/#primaryimage\"},\"thumbnailUrl\":\"https:\/\/suomenkuvalehti.fi\/wp-content\/uploads\/sk\/files\/Blogit\/jumala.jpg\",\"datePublished\":\"2012-06-01T12:18:54+00:00\",\"dateModified\":\"2013-11-29T14:48:07+00:00\",\"author\":{\"@id\":\"https:\/\/suomenkuvalehti.fi\/tahanontultu\/#\/schema\/person\/f258b4d6c9f57d438aab20b0066db5e7\"},\"breadcrumb\":{\"@id\":\"https:\/\/suomenkuvalehti.fi\/tahanontultu\/fingerporin-luoja-vihaa-helsingin-vapaa-ajattelijoita\/#breadcrumb\"},\"inLanguage\":\"fi\",\"potentialAction\":[{\"@type\":\"ReadAction\",\"target\":[\"https:\/\/suomenkuvalehti.fi\/tahanontultu\/fingerporin-luoja-vihaa-helsingin-vapaa-ajattelijoita\/\"]}]},{\"@type\":\"ImageObject\",\"inLanguage\":\"fi\",\"@id\":\"https:\/\/suomenkuvalehti.fi\/tahanontultu\/fingerporin-luoja-vihaa-helsingin-vapaa-ajattelijoita\/#primaryimage\",\"url\":\"https:\/\/suomenkuvalehti.fi\/wp-content\/uploads\/sk\/files\/Blogit\/jumala.jpg\",\"contentUrl\":\"https:\/\/suomenkuvalehti.fi\/wp-content\/uploads\/sk\/files\/Blogit\/jumala.jpg\"},{\"@type\":\"BreadcrumbList\",\"@id\":\"https:\/\/suomenkuvalehti.fi\/tahanontultu\/fingerporin-luoja-vihaa-helsingin-vapaa-ajattelijoita\/#breadcrumb\",\"itemListElement\":[{\"@type\":\"ListItem\",\"position\":1,\"name\":\"Home\",\"item\":\"https:\/\/suomenkuvalehti.fi\/tahanontultu\/\"},{\"@type\":\"ListItem\",\"position\":2,\"name\":\"Fingerporin Luoja vihaa Helsingin Vapaa-ajattelijoita\"}]},{\"@type\":\"WebSite\",\"@id\":\"https:\/\/suomenkuvalehti.fi\/tahanontultu\/#website\",\"url\":\"https:\/\/suomenkuvalehti.fi\/tahanontultu\/\",\"name\":\"T\u00e4h\u00e4n on tultu\",\"description\":\"Fingerpori-sarjakuvan piirt\u00e4j\u00e4 p\u00e4hk\u00e4ilee maailmaa vitsien takana.\",\"potentialAction\":[{\"@type\":\"SearchAction\",\"target\":{\"@type\":\"EntryPoint\",\"urlTemplate\":\"https:\/\/suomenkuvalehti.fi\/haku\/?q={search_term_string}\"},\"query-input\":{\"@type\":\"PropertyValueSpecification\",\"valueRequired\":true,\"valueName\":\"search_term_string\"}}],\"inLanguage\":\"fi\"},{\"@type\":\"Person\",\"@id\":\"https:\/\/suomenkuvalehti.fi\/tahanontultu\/#\/schema\/person\/f258b4d6c9f57d438aab20b0066db5e7\",\"name\":\"Pertti Jarla\",\"image\":{\"@type\":\"ImageObject\",\"inLanguage\":\"fi\",\"@id\":\"https:\/\/suomenkuvalehti.fi\/tahanontultu\/#\/schema\/person\/image\/\",\"url\":\"https:\/\/suomenkuvalehti.fi\/tahanontultu\/wp-content\/uploads\/sites\/14\/2013\/11\/jarla-150x150.jpg\",\"contentUrl\":\"https:\/\/suomenkuvalehti.fi\/tahanontultu\/wp-content\/uploads\/sites\/14\/2013\/11\/jarla-150x150.jpg\",\"caption\":\"Pertti Jarla\"},\"description\":\"Kirjoittaja on porvoolainen sarjakuvantekij\u00e4.\"}]}<\/script>\n<!-- \/ Yoast SEO plugin. -->","yoast_head_json":{"title":"Fingerporin Luoja vihaa Helsingin Vapaa-ajattelijoita - T\u00e4h\u00e4n on tultu","robots":{"index":"index","follow":"follow","max-snippet":"max-snippet:-1","max-image-preview":"max-image-preview:large","max-video-preview":"max-video-preview:-1"},"canonical":"https:\/\/suomenkuvalehti.fi\/tahanontultu\/fingerporin-luoja-vihaa-helsingin-vapaa-ajattelijoita\/","og_locale":"fi_FI","og_type":"article","og_title":"Fingerporin Luoja vihaa Helsingin Vapaa-ajattelijoita - T\u00e4h\u00e4n on tultu","og_description":"Kuvassa Fingerporin Luoja. H\u00e4n on kiivas vanhan koulun herra, joka pit\u00e4\u00e4 Kampin hiljentymiskappelia hyv\u00e4n\u00e4 aluevaltauksena eik\u00e4 sied\u00e4 vapaa-ajattelijoita, jotka tulevat siit\u00e4 mussuttamaan. Itse osallistuin piirt\u00e4j\u00e4n\u00e4 ja pamflettien jakajana Helsingin Vapaa-ajat&hellip;","og_url":"https:\/\/suomenkuvalehti.fi\/tahanontultu\/fingerporin-luoja-vihaa-helsingin-vapaa-ajattelijoita\/","og_site_name":"T\u00e4h\u00e4n on tultu","article_published_time":"2012-06-01T12:18:54+00:00","article_modified_time":"2013-11-29T14:48:07+00:00","og_image":[{"url":"https:\/\/suomenkuvalehti.fi\/wp-content\/uploads\/sk\/files\/Blogit\/jumala.jpg","type":"","width":"","height":""}],"author":"Pertti Jarla","twitter_card":"summary_large_image","twitter_misc":{"Written by":"Pertti Jarla","Est. reading time":"3 minuuttia"},"schema":{"@context":"https:\/\/schema.org","@graph":[{"@type":"WebPage","@id":"https:\/\/suomenkuvalehti.fi\/tahanontultu\/fingerporin-luoja-vihaa-helsingin-vapaa-ajattelijoita\/","url":"https:\/\/suomenkuvalehti.fi\/tahanontultu\/fingerporin-luoja-vihaa-helsingin-vapaa-ajattelijoita\/","name":"Fingerporin Luoja vihaa Helsingin Vapaa-ajattelijoita - T\u00e4h\u00e4n on tultu","isPartOf":{"@id":"https:\/\/suomenkuvalehti.fi\/tahanontultu\/#website"},"primaryImageOfPage":{"@id":"https:\/\/suomenkuvalehti.fi\/tahanontultu\/fingerporin-luoja-vihaa-helsingin-vapaa-ajattelijoita\/#primaryimage"},"image":{"@id":"https:\/\/suomenkuvalehti.fi\/tahanontultu\/fingerporin-luoja-vihaa-helsingin-vapaa-ajattelijoita\/#primaryimage"},"thumbnailUrl":"https:\/\/suomenkuvalehti.fi\/wp-content\/uploads\/sk\/files\/Blogit\/jumala.jpg","datePublished":"2012-06-01T12:18:54+00:00","dateModified":"2013-11-29T14:48:07+00:00","author":{"@id":"https:\/\/suomenkuvalehti.fi\/tahanontultu\/#\/schema\/person\/f258b4d6c9f57d438aab20b0066db5e7"},"breadcrumb":{"@id":"https:\/\/suomenkuvalehti.fi\/tahanontultu\/fingerporin-luoja-vihaa-helsingin-vapaa-ajattelijoita\/#breadcrumb"},"inLanguage":"fi","potentialAction":[{"@type":"ReadAction","target":["https:\/\/suomenkuvalehti.fi\/tahanontultu\/fingerporin-luoja-vihaa-helsingin-vapaa-ajattelijoita\/"]}]},{"@type":"ImageObject","inLanguage":"fi","@id":"https:\/\/suomenkuvalehti.fi\/tahanontultu\/fingerporin-luoja-vihaa-helsingin-vapaa-ajattelijoita\/#primaryimage","url":"https:\/\/suomenkuvalehti.fi\/wp-content\/uploads\/sk\/files\/Blogit\/jumala.jpg","contentUrl":"https:\/\/suomenkuvalehti.fi\/wp-content\/uploads\/sk\/files\/Blogit\/jumala.jpg"},{"@type":"BreadcrumbList","@id":"https:\/\/suomenkuvalehti.fi\/tahanontultu\/fingerporin-luoja-vihaa-helsingin-vapaa-ajattelijoita\/#breadcrumb","itemListElement":[{"@type":"ListItem","position":1,"name":"Home","item":"https:\/\/suomenkuvalehti.fi\/tahanontultu\/"},{"@type":"ListItem","position":2,"name":"Fingerporin Luoja vihaa Helsingin Vapaa-ajattelijoita"}]},{"@type":"WebSite","@id":"https:\/\/suomenkuvalehti.fi\/tahanontultu\/#website","url":"https:\/\/suomenkuvalehti.fi\/tahanontultu\/","name":"T\u00e4h\u00e4n on tultu","description":"Fingerpori-sarjakuvan piirt\u00e4j\u00e4 p\u00e4hk\u00e4ilee maailmaa vitsien takana.","potentialAction":[{"@type":"SearchAction","target":{"@type":"EntryPoint","urlTemplate":"https:\/\/suomenkuvalehti.fi\/haku\/?q={search_term_string}"},"query-input":{"@type":"PropertyValueSpecification","valueRequired":true,"valueName":"search_term_string"}}],"inLanguage":"fi"},{"@type":"Person","@id":"https:\/\/suomenkuvalehti.fi\/tahanontultu\/#\/schema\/person\/f258b4d6c9f57d438aab20b0066db5e7","name":"Pertti Jarla","image":{"@type":"ImageObject","inLanguage":"fi","@id":"https:\/\/suomenkuvalehti.fi\/tahanontultu\/#\/schema\/person\/image\/","url":"https:\/\/suomenkuvalehti.fi\/tahanontultu\/wp-content\/uploads\/sites\/14\/2013\/11\/jarla-150x150.jpg","contentUrl":"https:\/\/suomenkuvalehti.fi\/tahanontultu\/wp-content\/uploads\/sites\/14\/2013\/11\/jarla-150x150.jpg","caption":"Pertti Jarla"},"description":"Kirjoittaja on porvoolainen sarjakuvantekij\u00e4."}]}},"_links":{"self":[{"href":"https:\/\/suomenkuvalehti.fi\/tahanontultu\/wp-json\/wp\/v2\/posts\/59","targetHints":{"allow":["GET"]}}],"collection":[{"href":"https:\/\/suomenkuvalehti.fi\/tahanontultu\/wp-json\/wp\/v2\/posts"}],"about":[{"href":"https:\/\/suomenkuvalehti.fi\/tahanontultu\/wp-json\/wp\/v2\/types\/post"}],"author":[{"embeddable":true,"href":"https:\/\/suomenkuvalehti.fi\/tahanontultu\/wp-json\/wp\/v2\/users\/153"}],"replies":[{"embeddable":true,"href":"https:\/\/suomenkuvalehti.fi\/tahanontultu\/wp-json\/wp\/v2\/comments?post=59"}],"version-history":[{"count":1,"href":"https:\/\/suomenkuvalehti.fi\/tahanontultu\/wp-json\/wp\/v2\/posts\/59\/revisions"}],"predecessor-version":[{"id":169,"href":"https:\/\/suomenkuvalehti.fi\/tahanontultu\/wp-json\/wp\/v2\/posts\/59\/revisions\/169"}],"wp:attachment":[{"href":"https:\/\/suomenkuvalehti.fi\/tahanontultu\/wp-json\/wp\/v2\/media?parent=59"}],"wp:term":[{"taxonomy":"category","embeddable":true,"href":"https:\/\/suomenkuvalehti.fi\/tahanontultu\/wp-json\/wp\/v2\/categories?post=59"},{"taxonomy":"post_tag","embeddable":true,"href":"https:\/\/suomenkuvalehti.fi\/tahanontultu\/wp-json\/wp\/v2\/tags?post=59"}],"curies":[{"name":"wp","href":"https:\/\/api.w.org\/{rel}","templated":true}]}}