{"id":58,"date":"2012-06-08T11:21:47","date_gmt":"2012-06-08T08:21:47","guid":{"rendered":"https:\/\/suomenkuvalehti.fi\/tahanontultu\/2012\/06\/08\/viela-halla-ahon-tuomiosta\/"},"modified":"2012-06-08T11:21:47","modified_gmt":"2012-06-08T08:21:47","slug":"viela-halla-ahon-tuomiosta","status":"publish","type":"post","link":"https:\/\/suomenkuvalehti.fi\/tahanontultu\/viela-halla-ahon-tuomiosta\/","title":{"rendered":"Viel\u00e4 Halla-ahon tuomiosta"},"content":{"rendered":"\n<p>Jussi Halla-aho on tuomittu sakkoihin &#8221;uskonrauhan rikkomisesta&#8221; ja &#8221;kiihottamisesta kansanryhm\u00e4\u00e4 vastaan&#8221;. Itse kunkin kannattaa lukea alusta loppuun tuomion aiheuttanut teksti, joka on tuomittuine kohtineen julkaistu ainakin <a title=\"helvetin puutarha\" href=\"http:\/\/keronen.blogspot.fi\/2012\/06\/jussi-halla-ahon-tuomioon-johtanut.html\" target=\"_blank\">Helvetin puutarha- blogissa<\/a>.<\/p>\n\n\n\n<p>En ollenkaan pid\u00e4 <a title=\"wikipedia\" href=\"http:\/\/fi.wikipedia.org\/wiki\/Uskonrauhan_rikkominen\" target=\"_blank\">&#8221;uskonrauhan rikkomisen&#8221;<\/a> kriminalisoinnista. Siihen syyllistyy jos<\/p>\n\n\n\n<p><em>&#8221;julkisesti pilkkaa Jumalaa tai loukkaamistarkoituksessa julkisesti herjaa tai h\u00e4p\u00e4isee sit\u00e4, mit\u00e4 uskonnonvapauslaissa tarkoitettu kirkko tai uskonnollinen yhdyskunta muutoin pit\u00e4\u00e4 pyh\u00e4n\u00e4&#8221;<\/em><\/p>\n\n\n\n<p>Uskontoja voi toki kritisoida asiallisesti, sit\u00e4 ei kiellet\u00e4. &#8221;Pilkkaaminen&#8221; ja &#8221;loukkaamistarkoitus&#8221; ovat kuitenkin aivan liian tulkinnanvaraisia k\u00e4sitteit\u00e4, jollaiset mielest\u00e4ni eiv\u00e4t kuulu lakitekstiin. Esimerkkin\u00e4 min\u00e4 olen tehnyt lukuisia sarjakuvia, joiden voidaan katsoa julkisesti pilkkaavan Jumalaa ja Jeesusta. Helsingin sarjakuvafestivaaleilta l\u00f6yt\u00e4\u00e4 syytt\u00e4j\u00e4 helposti muovikassillisen lis\u00e4\u00e4 tuomittavaa materiaalia.<\/p>\n\n\n\n<p>Kaikille lienee selv\u00e4\u00e4, ett\u00e4 uskonrauhan rikkomisesta syytet\u00e4\u00e4n harkinnanvaraisesti, pyrkimyksen\u00e4 est\u00e4\u00e4 yhteiskuntarauhan vaarantuminen. Jeesus-stripist\u00e4 ei ole odotettavissa pommi-iskuja joten se menk\u00f6\u00f6n. Mutta ent\u00e4 profeetta Muhammedin pilkkaamisesta? Automaattinen oletus, ett\u00e4 muslimit alkavat riehumaan heti kun uskonkappaleitaan kritisoidaan, on mielest\u00e4ni suorastaan ennakkoluuloinen.<\/p>\n\n\n\n<p>Onhan v\u00e4kivallan uhka olemassa, muistan kyll\u00e4 Jyllandsposteniin piirt\u00e4neen kollegan karun kohtalon. Vaan eik\u00f6 nykyisenlaisella uskonrauhalain tulkinnalla anneta signaali, ett\u00e4 uskonnollinen yhteis\u00f6 voi ostaa v\u00e4kivallalla immuniteetin kritiikilt\u00e4? Aika lyhytn\u00e4k\u00f6ist\u00e4 ja vaarallista minusta.<\/p>\n\n\n\n<p>Ajatusleikkin\u00e4: maassamme ottaa p\u00e4ivitt\u00e4in joku turpaan siksi, ett\u00e4 on k\u00e4nnip\u00e4iss\u00e4\u00e4n loukannut jotakuta. Osa jopa menett\u00e4\u00e4 t\u00e4llaisissa tilanteissa henkens\u00e4. T\u00e4m\u00e4 on paljon yleisemp\u00e4\u00e4 kuin uskonfanaatikkojen koston uhriksi joutuminen. Pit\u00e4isik\u00f6 kanssaihmisten loukkaaminen kriminalisoida?<\/p>\n\n\n\n<p>Itse n\u00e4kisin ihanteena yhteiskunnan, jossa uskonnon kritiikkiin ei vastata tuomioilla vaan vasta-argumenteilla. Jos joku alkaa ehdotella ns. suoraa toimintaa v\u00e4\u00e4r\u00e4uskoisia vastaan, se on yllytyst\u00e4 rikokseen, ja siit\u00e4 sopii heitt\u00e4\u00e4 puolestani vaikka samantien linnaan. Erityist\u00e4 jumalanpilkka- tai uskonrauhalakia ei tarvita.<\/p>\n\n\n\n<p>Ent\u00e4p\u00e4 Halla-ahon oma toiminta? Facebookissa t\u00e4n\u00e4\u00e4n kommentoitiin osuvasti: &#8221;<em>Min\u00e4 en olisi tuominnut Halla-ahoa, mutta en min\u00e4 kyll\u00e4 olisi valinnut h\u00e4nt\u00e4 hallintovaliokunnan puheenjohtajaksikaan&#8221;. <\/em>Itsekin n\u00e4kisin t\u00e4llaisissa toimissa mieluiten kylm\u00e4p\u00e4isi\u00e4, erityisen luotettavia hahmoja. Halla-aho kirjoittelee toistuvasti pikaistuksissaan <a title=\"scripta\" href=\"http:\/\/www.halla-aho.com\/scripta\/kommentti_homonampumiskohinaan.html\" target=\"_blank\">homonampumis<\/a>-, <a title=\"savon sanomat\" href=\"http:\/\/www.savonsanomat.fi\/uutiset\/kotimaa\/halla-aho-poisti-juntta-kommenttinsa\/1002819\" target=\"_blank\">tankit kadulle-<\/a> ym. aivoituksia joita sitten joutuu selittelem\u00e4\u00e4n ja deletoimaan.<\/p>\n\n\n\n<p>Halla-ahon rasismista voidaan ehk\u00e4 keskustella, mutta minusta h\u00e4n vaikuttaa olevan sit\u00e4 ihti\u00e4\u00e4n. Mies ei paljoa kirjoittele esimerkiksi verotuksesta tai asuntopolitiikasta, ellei voi jotenkin liitt\u00e4\u00e4 niihin eriv\u00e4risi\u00e4 negatiivisessa valossa. V\u00e4lill\u00e4 h\u00e4n heitt\u00e4\u00e4 &#8221;arveluja&#8221; kuten:<\/p>\n\n\n\n<p><em>&#8221;Ohikulkijoiden ry\u00f6stely ja verovaroilla loisiminen on somalien kansallinen, ehk\u00e4 suorastaan geneettinen erityispiirre.&#8221;<\/em><\/p>\n\n\n\n<p>Tuo lause sis\u00e4lt\u00e4\u00e4 kyseenalaista evoluutiopsykologiaa, voisimme sensuurin sijaan vaatia Halla-aholta lis\u00e4\u00e4 tietoa geenist\u00e4, joka s\u00e4\u00e4telee suhtautumista verovarojen hyv\u00e4ksik\u00e4ytt\u00f6\u00f6n. Taitaa olla aika tuore geeni.<\/p>\n\n\n\n<p>Olen sanonut t\u00e4m\u00e4n aiemminkin, mutta jos osalla kansalaisista on yhteinen mielipide, se pit\u00e4isi saada esitt\u00e4\u00e4. Huomattava siivu kansasta suhtautuu ep\u00e4luuloisesti maahanmuuttajiin. T\u00e4m\u00e4h\u00e4n on ennemminkin s\u00e4\u00e4nt\u00f6 kuin poikkeus, kun maahan tulee huomattava m\u00e4\u00e4r\u00e4 v\u00e4ke\u00e4 erilaisesta kulttuurista. Jos t\u00e4t\u00e4 ep\u00e4luuloa ei saa julkisesti esitt\u00e4\u00e4, se ei katoa mihink\u00e4\u00e4n. Maahanmuuttokriittiset menett\u00e4v\u00e4t uskonsa demokraattisen vaikuttamisen mahdollisuuksiin ja joitain alkaa kiinnostaa ns. suora toiminta. Lyhytn\u00e4k\u00f6ist\u00e4 ja vaarallista t\u00e4ss\u00e4kin mieless\u00e4, Halla-ahojen tuomitseminen.<\/p>\n\n\n\n\n\n\n","protected":false},"excerpt":{"rendered":"<p>Jussi Halla-aho on tuomittu sakkoihin &#8221;uskonrauhan rikkomisesta&#8221; ja &#8221;kiihottamisesta kansanryhm\u00e4\u00e4 vastaan&#8221;. Itse kunkin kannattaa lukea alusta loppuun tuomion aiheuttanut teksti, joka on tuomittuine kohtineen julkaistu ainakin Helvetin puutarha- blogissa. En ollenkaan pid\u00e4<br \/>\n&#038;#&hellip;<\/p>\n","protected":false},"author":153,"featured_media":0,"comment_status":"open","ping_status":"open","sticky":false,"template":"","format":"standard","meta":{"_acf_changed":false,"asauth_required_access_level":0,"asauth_cansharepaid":"","om_header_attributes":[],"footnotes":"","om_featured_image_focal_point":[],"om_primary_tag":0,"om_contributors":[],"om_co_authors":[],"beyondwords_generate_audio":"","beyondwords_project_id":"","beyondwords_content_id":"","beyondwords_preview_token":"","beyondwords_player_content":"","beyondwords_player_style":"","beyondwords_language_code":"","beyondwords_language_id":"","beyondwords_title_voice_id":"","beyondwords_body_voice_id":"","beyondwords_summary_voice_id":"","beyondwords_error_message":"","beyondwords_disabled":"","beyondwords_delete_content":"","beyondwords_podcast_id":"","beyondwords_hash":"","publish_post_to_speechkit":"","speechkit_hash":"","speechkit_generate_audio":"","speechkit_project_id":"","speechkit_podcast_id":"","speechkit_error_message":"","speechkit_disabled":"","speechkit_access_key":"","speechkit_error":"","speechkit_info":"","speechkit_response":"","speechkit_retries":"","speechkit_status":"","speechkit_updated_at":"","_speechkit_link":"","_speechkit_text":""},"categories":[1],"tags":[123,54,89,159],"class_list":["post-58","post","type-post","status-publish","format-standard","hentry","category-tahan-on-tultu","tag-jumalanpilkka","tag-jussi-halla-aho","tag-rasismi","tag-uskonrauha"],"om_views":null,"acf":{"tuuma_off":false,"tuuma_kysymys":"","tuuma_vastaus":""},"asauth":{"required_access_level":1,"share_token":"","is_paid":false},"yoast_head":"<!-- This site is optimized with the Yoast SEO plugin v26.4 - https:\/\/yoast.com\/wordpress\/plugins\/seo\/ -->\n<title>Viel\u00e4 Halla-ahon tuomiosta - T\u00e4h\u00e4n on tultu<\/title>\n<meta name=\"robots\" content=\"index, follow, max-snippet:-1, max-image-preview:large, max-video-preview:-1\" \/>\n<link rel=\"canonical\" href=\"https:\/\/suomenkuvalehti.fi\/tahanontultu\/viela-halla-ahon-tuomiosta\/\" \/>\n<meta property=\"og:locale\" content=\"fi_FI\" \/>\n<meta property=\"og:type\" content=\"article\" \/>\n<meta property=\"og:title\" content=\"Viel\u00e4 Halla-ahon tuomiosta - T\u00e4h\u00e4n on tultu\" \/>\n<meta property=\"og:description\" content=\"Jussi Halla-aho on tuomittu sakkoihin &#8221;uskonrauhan rikkomisesta&#8221; ja &#8221;kiihottamisesta kansanryhm\u00e4\u00e4 vastaan&#8221;. Itse kunkin kannattaa lukea alusta loppuun tuomion aiheuttanut teksti, joka on tuomittuine kohtineen julkaistu ainakin Helvetin puutarha- blogissa. En ollenkaan pid\u00e4 &amp;#&hellip;\" \/>\n<meta property=\"og:url\" content=\"https:\/\/suomenkuvalehti.fi\/tahanontultu\/viela-halla-ahon-tuomiosta\/\" \/>\n<meta property=\"og:site_name\" content=\"T\u00e4h\u00e4n on tultu\" \/>\n<meta property=\"article:published_time\" content=\"2012-06-08T08:21:47+00:00\" \/>\n<meta property=\"og:image\" content=\"https:\/\/suomenkuvalehti.fi\/tahanontultu\/wp-content\/uploads\/sites\/14\/2013\/11\/jarla.jpg\" \/>\n\t<meta property=\"og:image:width\" content=\"419\" \/>\n\t<meta property=\"og:image:height\" content=\"425\" \/>\n\t<meta property=\"og:image:type\" content=\"image\/jpeg\" \/>\n<meta name=\"author\" content=\"Pertti Jarla\" \/>\n<meta name=\"twitter:card\" content=\"summary_large_image\" \/>\n<meta name=\"twitter:label1\" content=\"Written by\" \/>\n\t<meta name=\"twitter:data1\" content=\"Pertti Jarla\" \/>\n\t<meta name=\"twitter:label2\" content=\"Est. reading time\" \/>\n\t<meta name=\"twitter:data2\" content=\"2 minuuttia\" \/>\n<script type=\"application\/ld+json\" class=\"yoast-schema-graph\">{\"@context\":\"https:\/\/schema.org\",\"@graph\":[{\"@type\":\"WebPage\",\"@id\":\"https:\/\/suomenkuvalehti.fi\/tahanontultu\/viela-halla-ahon-tuomiosta\/\",\"url\":\"https:\/\/suomenkuvalehti.fi\/tahanontultu\/viela-halla-ahon-tuomiosta\/\",\"name\":\"Viel\u00e4 Halla-ahon tuomiosta - T\u00e4h\u00e4n on tultu\",\"isPartOf\":{\"@id\":\"https:\/\/suomenkuvalehti.fi\/tahanontultu\/#website\"},\"datePublished\":\"2012-06-08T08:21:47+00:00\",\"author\":{\"@id\":\"https:\/\/suomenkuvalehti.fi\/tahanontultu\/#\/schema\/person\/f258b4d6c9f57d438aab20b0066db5e7\"},\"breadcrumb\":{\"@id\":\"https:\/\/suomenkuvalehti.fi\/tahanontultu\/viela-halla-ahon-tuomiosta\/#breadcrumb\"},\"inLanguage\":\"fi\",\"potentialAction\":[{\"@type\":\"ReadAction\",\"target\":[\"https:\/\/suomenkuvalehti.fi\/tahanontultu\/viela-halla-ahon-tuomiosta\/\"]}]},{\"@type\":\"BreadcrumbList\",\"@id\":\"https:\/\/suomenkuvalehti.fi\/tahanontultu\/viela-halla-ahon-tuomiosta\/#breadcrumb\",\"itemListElement\":[{\"@type\":\"ListItem\",\"position\":1,\"name\":\"Home\",\"item\":\"https:\/\/suomenkuvalehti.fi\/tahanontultu\/\"},{\"@type\":\"ListItem\",\"position\":2,\"name\":\"Viel\u00e4 Halla-ahon tuomiosta\"}]},{\"@type\":\"WebSite\",\"@id\":\"https:\/\/suomenkuvalehti.fi\/tahanontultu\/#website\",\"url\":\"https:\/\/suomenkuvalehti.fi\/tahanontultu\/\",\"name\":\"T\u00e4h\u00e4n on tultu\",\"description\":\"Fingerpori-sarjakuvan piirt\u00e4j\u00e4 p\u00e4hk\u00e4ilee maailmaa vitsien takana.\",\"potentialAction\":[{\"@type\":\"SearchAction\",\"target\":{\"@type\":\"EntryPoint\",\"urlTemplate\":\"https:\/\/suomenkuvalehti.fi\/haku\/?q={search_term_string}\"},\"query-input\":{\"@type\":\"PropertyValueSpecification\",\"valueRequired\":true,\"valueName\":\"search_term_string\"}}],\"inLanguage\":\"fi\"},{\"@type\":\"Person\",\"@id\":\"https:\/\/suomenkuvalehti.fi\/tahanontultu\/#\/schema\/person\/f258b4d6c9f57d438aab20b0066db5e7\",\"name\":\"Pertti Jarla\",\"image\":{\"@type\":\"ImageObject\",\"inLanguage\":\"fi\",\"@id\":\"https:\/\/suomenkuvalehti.fi\/tahanontultu\/#\/schema\/person\/image\/\",\"url\":\"https:\/\/suomenkuvalehti.fi\/tahanontultu\/wp-content\/uploads\/sites\/14\/2013\/11\/jarla-150x150.jpg\",\"contentUrl\":\"https:\/\/suomenkuvalehti.fi\/tahanontultu\/wp-content\/uploads\/sites\/14\/2013\/11\/jarla-150x150.jpg\",\"caption\":\"Pertti Jarla\"},\"description\":\"Kirjoittaja on porvoolainen sarjakuvantekij\u00e4.\"}]}<\/script>\n<!-- \/ Yoast SEO plugin. -->","yoast_head_json":{"title":"Viel\u00e4 Halla-ahon tuomiosta - T\u00e4h\u00e4n on tultu","robots":{"index":"index","follow":"follow","max-snippet":"max-snippet:-1","max-image-preview":"max-image-preview:large","max-video-preview":"max-video-preview:-1"},"canonical":"https:\/\/suomenkuvalehti.fi\/tahanontultu\/viela-halla-ahon-tuomiosta\/","og_locale":"fi_FI","og_type":"article","og_title":"Viel\u00e4 Halla-ahon tuomiosta - T\u00e4h\u00e4n on tultu","og_description":"Jussi Halla-aho on tuomittu sakkoihin &#8221;uskonrauhan rikkomisesta&#8221; ja &#8221;kiihottamisesta kansanryhm\u00e4\u00e4 vastaan&#8221;. Itse kunkin kannattaa lukea alusta loppuun tuomion aiheuttanut teksti, joka on tuomittuine kohtineen julkaistu ainakin Helvetin puutarha- blogissa. En ollenkaan pid\u00e4 &#&hellip;","og_url":"https:\/\/suomenkuvalehti.fi\/tahanontultu\/viela-halla-ahon-tuomiosta\/","og_site_name":"T\u00e4h\u00e4n on tultu","article_published_time":"2012-06-08T08:21:47+00:00","og_image":[{"width":419,"height":425,"url":"https:\/\/suomenkuvalehti.fi\/tahanontultu\/wp-content\/uploads\/sites\/14\/2013\/11\/jarla.jpg","type":"image\/jpeg"}],"author":"Pertti Jarla","twitter_card":"summary_large_image","twitter_misc":{"Written by":"Pertti Jarla","Est. reading time":"2 minuuttia"},"schema":{"@context":"https:\/\/schema.org","@graph":[{"@type":"WebPage","@id":"https:\/\/suomenkuvalehti.fi\/tahanontultu\/viela-halla-ahon-tuomiosta\/","url":"https:\/\/suomenkuvalehti.fi\/tahanontultu\/viela-halla-ahon-tuomiosta\/","name":"Viel\u00e4 Halla-ahon tuomiosta - T\u00e4h\u00e4n on tultu","isPartOf":{"@id":"https:\/\/suomenkuvalehti.fi\/tahanontultu\/#website"},"datePublished":"2012-06-08T08:21:47+00:00","author":{"@id":"https:\/\/suomenkuvalehti.fi\/tahanontultu\/#\/schema\/person\/f258b4d6c9f57d438aab20b0066db5e7"},"breadcrumb":{"@id":"https:\/\/suomenkuvalehti.fi\/tahanontultu\/viela-halla-ahon-tuomiosta\/#breadcrumb"},"inLanguage":"fi","potentialAction":[{"@type":"ReadAction","target":["https:\/\/suomenkuvalehti.fi\/tahanontultu\/viela-halla-ahon-tuomiosta\/"]}]},{"@type":"BreadcrumbList","@id":"https:\/\/suomenkuvalehti.fi\/tahanontultu\/viela-halla-ahon-tuomiosta\/#breadcrumb","itemListElement":[{"@type":"ListItem","position":1,"name":"Home","item":"https:\/\/suomenkuvalehti.fi\/tahanontultu\/"},{"@type":"ListItem","position":2,"name":"Viel\u00e4 Halla-ahon tuomiosta"}]},{"@type":"WebSite","@id":"https:\/\/suomenkuvalehti.fi\/tahanontultu\/#website","url":"https:\/\/suomenkuvalehti.fi\/tahanontultu\/","name":"T\u00e4h\u00e4n on tultu","description":"Fingerpori-sarjakuvan piirt\u00e4j\u00e4 p\u00e4hk\u00e4ilee maailmaa vitsien takana.","potentialAction":[{"@type":"SearchAction","target":{"@type":"EntryPoint","urlTemplate":"https:\/\/suomenkuvalehti.fi\/haku\/?q={search_term_string}"},"query-input":{"@type":"PropertyValueSpecification","valueRequired":true,"valueName":"search_term_string"}}],"inLanguage":"fi"},{"@type":"Person","@id":"https:\/\/suomenkuvalehti.fi\/tahanontultu\/#\/schema\/person\/f258b4d6c9f57d438aab20b0066db5e7","name":"Pertti Jarla","image":{"@type":"ImageObject","inLanguage":"fi","@id":"https:\/\/suomenkuvalehti.fi\/tahanontultu\/#\/schema\/person\/image\/","url":"https:\/\/suomenkuvalehti.fi\/tahanontultu\/wp-content\/uploads\/sites\/14\/2013\/11\/jarla-150x150.jpg","contentUrl":"https:\/\/suomenkuvalehti.fi\/tahanontultu\/wp-content\/uploads\/sites\/14\/2013\/11\/jarla-150x150.jpg","caption":"Pertti Jarla"},"description":"Kirjoittaja on porvoolainen sarjakuvantekij\u00e4."}]}},"_links":{"self":[{"href":"https:\/\/suomenkuvalehti.fi\/tahanontultu\/wp-json\/wp\/v2\/posts\/58","targetHints":{"allow":["GET"]}}],"collection":[{"href":"https:\/\/suomenkuvalehti.fi\/tahanontultu\/wp-json\/wp\/v2\/posts"}],"about":[{"href":"https:\/\/suomenkuvalehti.fi\/tahanontultu\/wp-json\/wp\/v2\/types\/post"}],"author":[{"embeddable":true,"href":"https:\/\/suomenkuvalehti.fi\/tahanontultu\/wp-json\/wp\/v2\/users\/153"}],"replies":[{"embeddable":true,"href":"https:\/\/suomenkuvalehti.fi\/tahanontultu\/wp-json\/wp\/v2\/comments?post=58"}],"version-history":[{"count":0,"href":"https:\/\/suomenkuvalehti.fi\/tahanontultu\/wp-json\/wp\/v2\/posts\/58\/revisions"}],"wp:attachment":[{"href":"https:\/\/suomenkuvalehti.fi\/tahanontultu\/wp-json\/wp\/v2\/media?parent=58"}],"wp:term":[{"taxonomy":"category","embeddable":true,"href":"https:\/\/suomenkuvalehti.fi\/tahanontultu\/wp-json\/wp\/v2\/categories?post=58"},{"taxonomy":"post_tag","embeddable":true,"href":"https:\/\/suomenkuvalehti.fi\/tahanontultu\/wp-json\/wp\/v2\/tags?post=58"}],"curies":[{"name":"wp","href":"https:\/\/api.w.org\/{rel}","templated":true}]}}