{"id":51,"date":"2012-07-22T12:31:05","date_gmt":"2012-07-22T09:31:05","guid":{"rendered":"https:\/\/suomenkuvalehti.fi\/tahanontultu\/2012\/07\/22\/kuulkaa-jalkiviisauttani-seta\/"},"modified":"2012-07-22T12:31:05","modified_gmt":"2012-07-22T09:31:05","slug":"kuulkaa-jalkiviisauttani-seta","status":"publish","type":"post","link":"https:\/\/suomenkuvalehti.fi\/tahanontultu\/kuulkaa-jalkiviisauttani-seta\/","title":{"rendered":"Kuulkaa j\u00e4lkiviisauttani, SETA"},"content":{"rendered":"\n<p>Nyth\u00e4n Pirkanmaan SETA j\u00e4rjesti sateenkaariv\u00e4en <a title=\"facebook\" href=\"https:\/\/www.facebook.com\/events\/443721082334588\/?ref=nf\" target=\"_blank\">Pride-kulkueen Tampereella<\/a>. Mukana oli muidenkin j\u00e4rjest\u00f6jen, mm. Vasemmistonuorten edustajia. Ihku <a title=\"meme generator\" href=\"http:\/\/memegenerator.net\/Eggmanpride\" target=\"_blank\">munamies<\/a> ei nyt tullut, mutta tapahtumaan liittyi kaasuttelua ja nahistelua. T\u00e4llaisesta me blogittajat el\u00e4mme, eik\u00f6h\u00e4n t\u00e4st\u00e4 saa parikin aikaiseksi.<\/p>\n\n\n\n<p>Pride-kulkueeseen pyrki osallistumaan my\u00f6s Finnish Defence League (FDL). Miksi muuten kansallismielisen ryhm\u00e4n nimi pit\u00e4\u00e4 olla englanniksi? Koska ovat English Defence Leaguen alamaisia. Hohhoh. No, joka tapauksessa t\u00e4m\u00e4 oli osa <a title=\"queers against pinkwashing\" href=\"http:\/\/queersagainstpinkwashing.wordpress.com\/in-english\/\" target=\"_blank\">yleisemp\u00e4\u00e4 strategiaa<\/a>, jossa pyrit\u00e4\u00e4n maalaamaan kuvaa musulmaaneista sek\u00e4 kuulap\u00e4iden ett\u00e4 seksuaaliv\u00e4hemmist\u00f6jen yhteisin\u00e4 vihollisina. FDL poistettiin kulkueesta.<\/p>\n\n\n\n<p>Joidenkin mukaan poistaminen kulkueesta tehtiin tarpeettoman <a title=\"US\" href=\"http:\/\/jannehalinen.puheenvuoro.uusisuomi.fi\/111997-hyvin-pelattu-fdl\" target=\"_blank\">v\u00e4kivaltaisesti ja tylysti<\/a>. T\u00e4llaisissa tilanteissa pit\u00e4\u00e4 ep\u00e4ilem\u00e4tt\u00e4 olla tarkkana, jotta ei tarjoa propagandamateriaalia \u00e4\u00e4rioikeistolle. Tapahtumasta saattaa tiet\u00e4\u00e4kseni olla tulossa videomateriaalia YouTubeen, sittenh\u00e4n tied\u00e4mme paremmin.<\/p>\n\n\n\n<p>Sik\u00e4li kun olen Pridekulkueessa kerran ollut, nautin siit\u00e4 nimenomaan positiivisena tapahtumana. Siksi kaikenlainen ihmisryhmien vastainen kouhotus sopiikin j\u00e4tt\u00e4\u00e4 niiden ulkopuolelle. N\u00e4in j\u00e4lkiviisaasti olen hahmotellut, miten tilanne olisi voitu hoitaa mahdollisimman viihdytt\u00e4v\u00e4ll\u00e4 tavalla:<\/p>\n\n\n\n<p>FDL:n edustajien olisi voinut antaa marssia Pridess\u00e4. T\u00e4m\u00e4n j\u00e4lkeen SETA, Vasemmistonuoret, Sexpo ja kumppanit olisivat voineet tunkea banderolleineen kaikkiin Finnish Defence Leaguen tapahtumiin tuttavallisesti vilkuttaen.<\/p>\n\n\n","protected":false},"excerpt":{"rendered":"<p>Nyth\u00e4n Pirkanmaan SETA j\u00e4rjesti sateenkaariv\u00e4en Pride-kulkueen Tampereella. Mukana oli muidenkin j\u00e4rjest\u00f6jen, mm. Vasemmistonuorten edustajia. Ihku munamies ei nyt tullut, mutta tapahtumaan liittyi kaasuttelua ja nahistelua. T\u00e4llaisesta me blogittajat el\u00e4mme, eik\u00f6h\u00e4n t\u00e4st\u00e4 saa parikin<br \/>\naikaiseksi&hellip;<\/p>\n","protected":false},"author":153,"featured_media":0,"comment_status":"open","ping_status":"open","sticky":false,"template":"","format":"standard","meta":{"_acf_changed":false,"asauth_required_access_level":0,"asauth_cansharepaid":"","om_header_attributes":[],"footnotes":"","om_featured_image_focal_point":[],"om_primary_tag":0,"om_contributors":[],"om_co_authors":[],"beyondwords_generate_audio":"","beyondwords_project_id":"","beyondwords_content_id":"","beyondwords_preview_token":"","beyondwords_player_content":"","beyondwords_player_style":"","beyondwords_language_code":"","beyondwords_language_id":"","beyondwords_title_voice_id":"","beyondwords_body_voice_id":"","beyondwords_summary_voice_id":"","beyondwords_error_message":"","beyondwords_disabled":"","beyondwords_delete_content":"","beyondwords_podcast_id":"","beyondwords_hash":"","publish_post_to_speechkit":"","speechkit_hash":"","speechkit_generate_audio":"","speechkit_project_id":"","speechkit_podcast_id":"","speechkit_error_message":"","speechkit_disabled":"","speechkit_access_key":"","speechkit_error":"","speechkit_info":"","speechkit_response":"","speechkit_retries":"","speechkit_status":"","speechkit_updated_at":"","_speechkit_link":"","_speechkit_text":""},"categories":[1],"tags":[143,140,139],"class_list":["post-51","post","type-post","status-publish","format-standard","hentry","category-tahan-on-tultu","tag-finnish-defence-league","tag-gay-pride","tag-seta"],"om_views":null,"acf":{"tuuma_off":false,"tuuma_kysymys":"","tuuma_vastaus":""},"asauth":{"required_access_level":1,"share_token":"","is_paid":false},"yoast_head":"<!-- This site is optimized with the Yoast SEO plugin v26.4 - https:\/\/yoast.com\/wordpress\/plugins\/seo\/ -->\n<title>Kuulkaa j\u00e4lkiviisauttani, SETA - T\u00e4h\u00e4n on tultu<\/title>\n<meta name=\"robots\" content=\"index, follow, max-snippet:-1, max-image-preview:large, max-video-preview:-1\" \/>\n<link rel=\"canonical\" href=\"https:\/\/suomenkuvalehti.fi\/tahanontultu\/kuulkaa-jalkiviisauttani-seta\/\" \/>\n<meta property=\"og:locale\" content=\"fi_FI\" \/>\n<meta property=\"og:type\" content=\"article\" \/>\n<meta property=\"og:title\" content=\"Kuulkaa j\u00e4lkiviisauttani, SETA - T\u00e4h\u00e4n on tultu\" \/>\n<meta property=\"og:description\" content=\"Nyth\u00e4n Pirkanmaan SETA j\u00e4rjesti sateenkaariv\u00e4en Pride-kulkueen Tampereella. Mukana oli muidenkin j\u00e4rjest\u00f6jen, mm. Vasemmistonuorten edustajia. Ihku munamies ei nyt tullut, mutta tapahtumaan liittyi kaasuttelua ja nahistelua. T\u00e4llaisesta me blogittajat el\u00e4mme, eik\u00f6h\u00e4n t\u00e4st\u00e4 saa parikin aikaiseksi&hellip;\" \/>\n<meta property=\"og:url\" content=\"https:\/\/suomenkuvalehti.fi\/tahanontultu\/kuulkaa-jalkiviisauttani-seta\/\" \/>\n<meta property=\"og:site_name\" content=\"T\u00e4h\u00e4n on tultu\" \/>\n<meta property=\"article:published_time\" content=\"2012-07-22T09:31:05+00:00\" \/>\n<meta property=\"og:image\" content=\"https:\/\/suomenkuvalehti.fi\/tahanontultu\/wp-content\/uploads\/sites\/14\/2013\/11\/jarla.jpg\" \/>\n\t<meta property=\"og:image:width\" content=\"419\" \/>\n\t<meta property=\"og:image:height\" content=\"425\" \/>\n\t<meta property=\"og:image:type\" content=\"image\/jpeg\" \/>\n<meta name=\"author\" content=\"Pertti Jarla\" \/>\n<meta name=\"twitter:card\" content=\"summary_large_image\" \/>\n<meta name=\"twitter:label1\" content=\"Written by\" \/>\n\t<meta name=\"twitter:data1\" content=\"Pertti Jarla\" \/>\n\t<meta name=\"twitter:label2\" content=\"Est. reading time\" \/>\n\t<meta name=\"twitter:data2\" content=\"1 minuutti\" \/>\n<script type=\"application\/ld+json\" class=\"yoast-schema-graph\">{\"@context\":\"https:\/\/schema.org\",\"@graph\":[{\"@type\":\"WebPage\",\"@id\":\"https:\/\/suomenkuvalehti.fi\/tahanontultu\/kuulkaa-jalkiviisauttani-seta\/\",\"url\":\"https:\/\/suomenkuvalehti.fi\/tahanontultu\/kuulkaa-jalkiviisauttani-seta\/\",\"name\":\"Kuulkaa j\u00e4lkiviisauttani, SETA - T\u00e4h\u00e4n on tultu\",\"isPartOf\":{\"@id\":\"https:\/\/suomenkuvalehti.fi\/tahanontultu\/#website\"},\"datePublished\":\"2012-07-22T09:31:05+00:00\",\"author\":{\"@id\":\"https:\/\/suomenkuvalehti.fi\/tahanontultu\/#\/schema\/person\/f258b4d6c9f57d438aab20b0066db5e7\"},\"breadcrumb\":{\"@id\":\"https:\/\/suomenkuvalehti.fi\/tahanontultu\/kuulkaa-jalkiviisauttani-seta\/#breadcrumb\"},\"inLanguage\":\"fi\",\"potentialAction\":[{\"@type\":\"ReadAction\",\"target\":[\"https:\/\/suomenkuvalehti.fi\/tahanontultu\/kuulkaa-jalkiviisauttani-seta\/\"]}]},{\"@type\":\"BreadcrumbList\",\"@id\":\"https:\/\/suomenkuvalehti.fi\/tahanontultu\/kuulkaa-jalkiviisauttani-seta\/#breadcrumb\",\"itemListElement\":[{\"@type\":\"ListItem\",\"position\":1,\"name\":\"Home\",\"item\":\"https:\/\/suomenkuvalehti.fi\/tahanontultu\/\"},{\"@type\":\"ListItem\",\"position\":2,\"name\":\"Kuulkaa j\u00e4lkiviisauttani, SETA\"}]},{\"@type\":\"WebSite\",\"@id\":\"https:\/\/suomenkuvalehti.fi\/tahanontultu\/#website\",\"url\":\"https:\/\/suomenkuvalehti.fi\/tahanontultu\/\",\"name\":\"T\u00e4h\u00e4n on tultu\",\"description\":\"Fingerpori-sarjakuvan piirt\u00e4j\u00e4 p\u00e4hk\u00e4ilee maailmaa vitsien takana.\",\"potentialAction\":[{\"@type\":\"SearchAction\",\"target\":{\"@type\":\"EntryPoint\",\"urlTemplate\":\"https:\/\/suomenkuvalehti.fi\/haku\/?q={search_term_string}\"},\"query-input\":{\"@type\":\"PropertyValueSpecification\",\"valueRequired\":true,\"valueName\":\"search_term_string\"}}],\"inLanguage\":\"fi\"},{\"@type\":\"Person\",\"@id\":\"https:\/\/suomenkuvalehti.fi\/tahanontultu\/#\/schema\/person\/f258b4d6c9f57d438aab20b0066db5e7\",\"name\":\"Pertti Jarla\",\"image\":{\"@type\":\"ImageObject\",\"inLanguage\":\"fi\",\"@id\":\"https:\/\/suomenkuvalehti.fi\/tahanontultu\/#\/schema\/person\/image\/\",\"url\":\"https:\/\/suomenkuvalehti.fi\/tahanontultu\/wp-content\/uploads\/sites\/14\/2013\/11\/jarla-150x150.jpg\",\"contentUrl\":\"https:\/\/suomenkuvalehti.fi\/tahanontultu\/wp-content\/uploads\/sites\/14\/2013\/11\/jarla-150x150.jpg\",\"caption\":\"Pertti Jarla\"},\"description\":\"Kirjoittaja on porvoolainen sarjakuvantekij\u00e4.\"}]}<\/script>\n<!-- \/ Yoast SEO plugin. -->","yoast_head_json":{"title":"Kuulkaa j\u00e4lkiviisauttani, SETA - T\u00e4h\u00e4n on tultu","robots":{"index":"index","follow":"follow","max-snippet":"max-snippet:-1","max-image-preview":"max-image-preview:large","max-video-preview":"max-video-preview:-1"},"canonical":"https:\/\/suomenkuvalehti.fi\/tahanontultu\/kuulkaa-jalkiviisauttani-seta\/","og_locale":"fi_FI","og_type":"article","og_title":"Kuulkaa j\u00e4lkiviisauttani, SETA - T\u00e4h\u00e4n on tultu","og_description":"Nyth\u00e4n Pirkanmaan SETA j\u00e4rjesti sateenkaariv\u00e4en Pride-kulkueen Tampereella. Mukana oli muidenkin j\u00e4rjest\u00f6jen, mm. Vasemmistonuorten edustajia. Ihku munamies ei nyt tullut, mutta tapahtumaan liittyi kaasuttelua ja nahistelua. T\u00e4llaisesta me blogittajat el\u00e4mme, eik\u00f6h\u00e4n t\u00e4st\u00e4 saa parikin aikaiseksi&hellip;","og_url":"https:\/\/suomenkuvalehti.fi\/tahanontultu\/kuulkaa-jalkiviisauttani-seta\/","og_site_name":"T\u00e4h\u00e4n on tultu","article_published_time":"2012-07-22T09:31:05+00:00","og_image":[{"width":419,"height":425,"url":"https:\/\/suomenkuvalehti.fi\/tahanontultu\/wp-content\/uploads\/sites\/14\/2013\/11\/jarla.jpg","type":"image\/jpeg"}],"author":"Pertti Jarla","twitter_card":"summary_large_image","twitter_misc":{"Written by":"Pertti Jarla","Est. reading time":"1 minuutti"},"schema":{"@context":"https:\/\/schema.org","@graph":[{"@type":"WebPage","@id":"https:\/\/suomenkuvalehti.fi\/tahanontultu\/kuulkaa-jalkiviisauttani-seta\/","url":"https:\/\/suomenkuvalehti.fi\/tahanontultu\/kuulkaa-jalkiviisauttani-seta\/","name":"Kuulkaa j\u00e4lkiviisauttani, SETA - T\u00e4h\u00e4n on tultu","isPartOf":{"@id":"https:\/\/suomenkuvalehti.fi\/tahanontultu\/#website"},"datePublished":"2012-07-22T09:31:05+00:00","author":{"@id":"https:\/\/suomenkuvalehti.fi\/tahanontultu\/#\/schema\/person\/f258b4d6c9f57d438aab20b0066db5e7"},"breadcrumb":{"@id":"https:\/\/suomenkuvalehti.fi\/tahanontultu\/kuulkaa-jalkiviisauttani-seta\/#breadcrumb"},"inLanguage":"fi","potentialAction":[{"@type":"ReadAction","target":["https:\/\/suomenkuvalehti.fi\/tahanontultu\/kuulkaa-jalkiviisauttani-seta\/"]}]},{"@type":"BreadcrumbList","@id":"https:\/\/suomenkuvalehti.fi\/tahanontultu\/kuulkaa-jalkiviisauttani-seta\/#breadcrumb","itemListElement":[{"@type":"ListItem","position":1,"name":"Home","item":"https:\/\/suomenkuvalehti.fi\/tahanontultu\/"},{"@type":"ListItem","position":2,"name":"Kuulkaa j\u00e4lkiviisauttani, SETA"}]},{"@type":"WebSite","@id":"https:\/\/suomenkuvalehti.fi\/tahanontultu\/#website","url":"https:\/\/suomenkuvalehti.fi\/tahanontultu\/","name":"T\u00e4h\u00e4n on tultu","description":"Fingerpori-sarjakuvan piirt\u00e4j\u00e4 p\u00e4hk\u00e4ilee maailmaa vitsien takana.","potentialAction":[{"@type":"SearchAction","target":{"@type":"EntryPoint","urlTemplate":"https:\/\/suomenkuvalehti.fi\/haku\/?q={search_term_string}"},"query-input":{"@type":"PropertyValueSpecification","valueRequired":true,"valueName":"search_term_string"}}],"inLanguage":"fi"},{"@type":"Person","@id":"https:\/\/suomenkuvalehti.fi\/tahanontultu\/#\/schema\/person\/f258b4d6c9f57d438aab20b0066db5e7","name":"Pertti Jarla","image":{"@type":"ImageObject","inLanguage":"fi","@id":"https:\/\/suomenkuvalehti.fi\/tahanontultu\/#\/schema\/person\/image\/","url":"https:\/\/suomenkuvalehti.fi\/tahanontultu\/wp-content\/uploads\/sites\/14\/2013\/11\/jarla-150x150.jpg","contentUrl":"https:\/\/suomenkuvalehti.fi\/tahanontultu\/wp-content\/uploads\/sites\/14\/2013\/11\/jarla-150x150.jpg","caption":"Pertti Jarla"},"description":"Kirjoittaja on porvoolainen sarjakuvantekij\u00e4."}]}},"_links":{"self":[{"href":"https:\/\/suomenkuvalehti.fi\/tahanontultu\/wp-json\/wp\/v2\/posts\/51","targetHints":{"allow":["GET"]}}],"collection":[{"href":"https:\/\/suomenkuvalehti.fi\/tahanontultu\/wp-json\/wp\/v2\/posts"}],"about":[{"href":"https:\/\/suomenkuvalehti.fi\/tahanontultu\/wp-json\/wp\/v2\/types\/post"}],"author":[{"embeddable":true,"href":"https:\/\/suomenkuvalehti.fi\/tahanontultu\/wp-json\/wp\/v2\/users\/153"}],"replies":[{"embeddable":true,"href":"https:\/\/suomenkuvalehti.fi\/tahanontultu\/wp-json\/wp\/v2\/comments?post=51"}],"version-history":[{"count":0,"href":"https:\/\/suomenkuvalehti.fi\/tahanontultu\/wp-json\/wp\/v2\/posts\/51\/revisions"}],"wp:attachment":[{"href":"https:\/\/suomenkuvalehti.fi\/tahanontultu\/wp-json\/wp\/v2\/media?parent=51"}],"wp:term":[{"taxonomy":"category","embeddable":true,"href":"https:\/\/suomenkuvalehti.fi\/tahanontultu\/wp-json\/wp\/v2\/categories?post=51"},{"taxonomy":"post_tag","embeddable":true,"href":"https:\/\/suomenkuvalehti.fi\/tahanontultu\/wp-json\/wp\/v2\/tags?post=51"}],"curies":[{"name":"wp","href":"https:\/\/api.w.org\/{rel}","templated":true}]}}