{"id":49,"date":"2012-07-30T09:57:35","date_gmt":"2012-07-30T06:57:35","guid":{"rendered":"https:\/\/suomenkuvalehti.fi\/tahanontultu\/2012\/07\/30\/lisaa-jalkiviisautta-setalle\/"},"modified":"2013-11-29T15:28:32","modified_gmt":"2013-11-29T13:28:32","slug":"lisaa-jalkiviisautta-setalle","status":"publish","type":"post","link":"https:\/\/suomenkuvalehti.fi\/tahanontultu\/lisaa-jalkiviisautta-setalle\/","title":{"rendered":"Lis\u00e4\u00e4 j\u00e4lkiviisautta SETA:lle"},"content":{"rendered":"\n\n<p>Palaan viel\u00e4 Pirkanmaan SETA:n j\u00e4rjest\u00e4m\u00e4\u00e4n Tampereen Pride-tapahtumaan. Siell\u00e4h\u00e4n poistettiin maahanmuuttokriittisen Finnish Defence Leaguen (FDL) edustajat paikalta. Nyt FDL:n <strong>Mimosa Koiranen<\/strong> on tehnyt tapahtuneen johdosta <a title=\"FDL\" href=\"http:\/\/www.finnish-dl.fi\/\" target=\"_blank\">rikosilmoituksen<\/a>. Kommentoin <a title=\"t\u00e4h\u00e4n on tultu\" href=\"https:\/\/suomenkuvalehti.fi\/tahanontultu\/2012\/07\/22\/kuulkaa-jalkiviisauttani-seta\/\" target=\"_blank\">taannoin, ett\u00e4:<\/a><\/p>\n\n\n\n<p>&#8221;Sik\u00e4li kun olen Pridekulkueessa kerran ollut, nautin siit\u00e4 nimenomaan positiivisena tapahtumana. Siksi kaikenlainen ihmisryhmien vastainen kouhotus sopiikin j\u00e4tt\u00e4\u00e4 niiden ulkopuolelle.&#8221;<\/p>\n\n\n\n<p>Ep\u00e4selv\u00e4ksi j\u00e4i, miten v\u00e4kivaltaisesti poisto suoritettiin. Tuoreeltaan maahanmuuttokriittiset tahot tiesiv\u00e4t kertoa, ett\u00e4 pulloja oli lennellyt ja jollain terassilla olleille ihmisille oli auottu p\u00e4\u00e4t\u00e4. Kuulosti pahalta.<\/p>\n\n\n\n<p>Tapahtumasta on tullut julki parikin videota. Ensimm\u00e4isen julkaisi <a title=\"youtube\" href=\"https:\/\/www.youtube.com\/watch?v=CE4JR0_YdIA&amp;feature=related\" target=\"_blank\">Virhemarginaali<\/a>. Siin\u00e4 n\u00e4emme p\u00e4tk\u00e4n, jossa pridel\u00e4iset n\u00e4ytt\u00e4v\u00e4t karkottavan ep\u00e4toivotut vieraat iskulauseita huutelemalla. T\u00e4m\u00e4 on minusta aivan ok, rauhanomaisen marssin luonteeseen sopivaa.<\/p>\n\n\n\n<p>Ik\u00e4v\u00e4 kyll\u00e4 vasta t\u00e4n\u00e4\u00e4n n\u00e4in tuoreemman videon, otsikolla <a title=\"youtube\" href=\"https:\/\/www.youtube.com\/watch?v=il2Q6tF2m4U&amp;feature=related\" target=\"_blank\">tampere pride 21.7.2012 FDL not welcome<\/a> . Ei siin\u00e4k\u00e4\u00e4n varsinaisesti veri eik\u00e4 pullot lenn\u00e4. Siin\u00e4 p\u00e4\u00e4see \u00e4\u00e4neen my\u00f6s <a title=\"youtube\" href=\"https:\/\/www.youtube.com\/watch?v=il2Q6tF2m4U&amp;feature=player_detailpage#t=39s\" target=\"_blank\">Mimosa Koiranen<\/a>. T\u00e4ss\u00e4 n\u00e4kyy paremmin my\u00f6s <a title=\"youtube\" href=\"https:\/\/www.youtube.com\/watch?v=il2Q6tF2m4U&amp;feature=player_detailpage#t=172s\" target=\"_blank\">&#8221;Antifasistinen toiminta&#8221;-huppareissa py\u00f6riv\u00e4 ryhm\u00e4<\/a>. Minua henkil\u00f6kohtaisesti ottaa p\u00e4\u00e4h\u00e4n jo naaman peitt\u00e4minen ja &#8221;<em>Nazis raus<\/em>&#8221; huudot. Ei tuollainen sovi Prideen sen paremmin kuin muslimien vastaisuus.<\/p>\n\n\n\n<p>Sitten p\u00e4\u00e4st\u00e4\u00e4n p\u00e4\u00e4n aukomiseen terassilla. Ik\u00e4v\u00e4 huomata, mutta valkohupparinen herra puhuu antifasisteille t\u00e4ysin asiallisesti, pahastuneena siit\u00e4 ett\u00e4 er\u00e4s heist\u00e4 on &#8221;uhannut ampumisella&#8221;. Naamansa raukkamaisesti peitt\u00e4neen antifasistin vastaus on t\u00e4ysin ala-arvoista haistattelua.Valkohupparisen toteamus <em>&#8221;Kuule poika, s\u00e4 et ymm\u00e4rr\u00e4 viel\u00e4 yht\u00e4\u00e4n mit\u00e4\u00e4n el\u00e4m\u00e4st\u00e4&#8221;<\/em> on mielest\u00e4ni aika naulan kantaan.<\/p>\n\n\n\n<p>Jossain vaiheessa lent\u00e4\u00e4 l\u00f6ys\u00e4ss\u00e4 kaaressa tyhj\u00e4 olutt\u00f6lkki. Ei siis mik\u00e4\u00e4n kova mellakka, mutta: kaikki vakavimmat syyt\u00f6kset, joita FDL on esitt\u00e4nyt Priden j\u00e4rjest\u00e4ji\u00e4 kohtaan, tuntuvat juontavan juurensa t\u00e4m\u00e4n pienen porukan k\u00e4yt\u00f6ksest\u00e4.<\/p>\n\n\n\n<p>Ryhmien sulkeminen ulos periaatteessa avoimesta tapahtumasta on aina kimurantti juttu. Sivullisena kuitenkin toivoisin ett\u00e4 kaikki jotain ihmisryhm\u00e4\u00e4, jopa \u00e4\u00e4rioikeistoa, <em>vastaan<\/em> marssijat suljettaisiin Pridest\u00e4 jatkossa pois.<\/p>\n\n\n\n\n","protected":false},"excerpt":{"rendered":"<p>Palaan viel\u00e4 Pirkanmaan SETA:n j\u00e4rjest\u00e4m\u00e4\u00e4n Tampereen Pride-tapahtumaan. Siell\u00e4h\u00e4n poistettiin maahanmuuttokriittisen Finnish Defence Leaguen (FDL) edustajat paikalta. Nyt FDL:n Mimosa Koiranen on tehnyt tapahtuneen johdosta rikosilmoituksen. Kommentoin taannoin, ett\u00e4: &#8221;Sik\u00e4li kun olen<br \/>\nPridekul&hellip;<\/p>\n","protected":false},"author":153,"featured_media":0,"comment_status":"open","ping_status":"open","sticky":false,"template":"","format":"standard","meta":{"_acf_changed":false,"asauth_required_access_level":0,"asauth_cansharepaid":"","om_header_attributes":[],"footnotes":"","om_featured_image_focal_point":[],"om_primary_tag":0,"om_contributors":[],"om_co_authors":[],"beyondwords_generate_audio":"","beyondwords_project_id":"","beyondwords_content_id":"","beyondwords_preview_token":"","beyondwords_player_content":"","beyondwords_player_style":"","beyondwords_language_code":"","beyondwords_language_id":"","beyondwords_title_voice_id":"","beyondwords_body_voice_id":"","beyondwords_summary_voice_id":"","beyondwords_error_message":"","beyondwords_disabled":"","beyondwords_delete_content":"","beyondwords_podcast_id":"","beyondwords_hash":"","publish_post_to_speechkit":"","speechkit_hash":"","speechkit_generate_audio":"","speechkit_project_id":"","speechkit_podcast_id":"","speechkit_error_message":"","speechkit_disabled":"","speechkit_access_key":"","speechkit_error":"","speechkit_info":"","speechkit_response":"","speechkit_retries":"","speechkit_status":"","speechkit_updated_at":"","_speechkit_link":"","_speechkit_text":""},"categories":[1],"tags":[53,140,141,139],"class_list":["post-49","post","type-post","status-publish","format-standard","hentry","category-tahan-on-tultu","tag-antifasismi","tag-gay-pride","tag-mimosa-koiranen","tag-seta"],"om_views":null,"acf":{"tuuma_off":false,"tuuma_kysymys":"","tuuma_vastaus":""},"asauth":{"required_access_level":1,"share_token":"","is_paid":false},"yoast_head":"<!-- This site is optimized with the Yoast SEO plugin v26.4 - https:\/\/yoast.com\/wordpress\/plugins\/seo\/ -->\n<title>Lis\u00e4\u00e4 j\u00e4lkiviisautta SETA:lle - T\u00e4h\u00e4n on tultu<\/title>\n<meta name=\"robots\" content=\"index, follow, max-snippet:-1, max-image-preview:large, max-video-preview:-1\" \/>\n<link rel=\"canonical\" href=\"https:\/\/suomenkuvalehti.fi\/tahanontultu\/lisaa-jalkiviisautta-setalle\/\" \/>\n<meta property=\"og:locale\" content=\"fi_FI\" \/>\n<meta property=\"og:type\" content=\"article\" \/>\n<meta property=\"og:title\" content=\"Lis\u00e4\u00e4 j\u00e4lkiviisautta SETA:lle - T\u00e4h\u00e4n on tultu\" \/>\n<meta property=\"og:description\" content=\"Palaan viel\u00e4 Pirkanmaan SETA:n j\u00e4rjest\u00e4m\u00e4\u00e4n Tampereen Pride-tapahtumaan. Siell\u00e4h\u00e4n poistettiin maahanmuuttokriittisen Finnish Defence Leaguen (FDL) edustajat paikalta. Nyt FDL:n Mimosa Koiranen on tehnyt tapahtuneen johdosta rikosilmoituksen. Kommentoin taannoin, ett\u00e4: &#8221;Sik\u00e4li kun olen Pridekul&hellip;\" \/>\n<meta property=\"og:url\" content=\"https:\/\/suomenkuvalehti.fi\/tahanontultu\/lisaa-jalkiviisautta-setalle\/\" \/>\n<meta property=\"og:site_name\" content=\"T\u00e4h\u00e4n on tultu\" \/>\n<meta property=\"article:published_time\" content=\"2012-07-30T06:57:35+00:00\" \/>\n<meta property=\"article:modified_time\" content=\"2013-11-29T13:28:32+00:00\" \/>\n<meta property=\"og:image\" content=\"https:\/\/suomenkuvalehti.fi\/tahanontultu\/wp-content\/uploads\/sites\/14\/2013\/11\/jarla.jpg\" \/>\n\t<meta property=\"og:image:width\" content=\"419\" \/>\n\t<meta property=\"og:image:height\" content=\"425\" \/>\n\t<meta property=\"og:image:type\" content=\"image\/jpeg\" \/>\n<meta name=\"author\" content=\"Pertti Jarla\" \/>\n<meta name=\"twitter:card\" content=\"summary_large_image\" \/>\n<meta name=\"twitter:label1\" content=\"Written by\" \/>\n\t<meta name=\"twitter:data1\" content=\"Pertti Jarla\" \/>\n\t<meta name=\"twitter:label2\" content=\"Est. reading time\" \/>\n\t<meta name=\"twitter:data2\" content=\"2 minuuttia\" \/>\n<script type=\"application\/ld+json\" class=\"yoast-schema-graph\">{\"@context\":\"https:\/\/schema.org\",\"@graph\":[{\"@type\":\"WebPage\",\"@id\":\"https:\/\/suomenkuvalehti.fi\/tahanontultu\/lisaa-jalkiviisautta-setalle\/\",\"url\":\"https:\/\/suomenkuvalehti.fi\/tahanontultu\/lisaa-jalkiviisautta-setalle\/\",\"name\":\"Lis\u00e4\u00e4 j\u00e4lkiviisautta SETA:lle - T\u00e4h\u00e4n on tultu\",\"isPartOf\":{\"@id\":\"https:\/\/suomenkuvalehti.fi\/tahanontultu\/#website\"},\"datePublished\":\"2012-07-30T06:57:35+00:00\",\"dateModified\":\"2013-11-29T13:28:32+00:00\",\"author\":{\"@id\":\"https:\/\/suomenkuvalehti.fi\/tahanontultu\/#\/schema\/person\/f258b4d6c9f57d438aab20b0066db5e7\"},\"breadcrumb\":{\"@id\":\"https:\/\/suomenkuvalehti.fi\/tahanontultu\/lisaa-jalkiviisautta-setalle\/#breadcrumb\"},\"inLanguage\":\"fi\",\"potentialAction\":[{\"@type\":\"ReadAction\",\"target\":[\"https:\/\/suomenkuvalehti.fi\/tahanontultu\/lisaa-jalkiviisautta-setalle\/\"]}]},{\"@type\":\"BreadcrumbList\",\"@id\":\"https:\/\/suomenkuvalehti.fi\/tahanontultu\/lisaa-jalkiviisautta-setalle\/#breadcrumb\",\"itemListElement\":[{\"@type\":\"ListItem\",\"position\":1,\"name\":\"Home\",\"item\":\"https:\/\/suomenkuvalehti.fi\/tahanontultu\/\"},{\"@type\":\"ListItem\",\"position\":2,\"name\":\"Lis\u00e4\u00e4 j\u00e4lkiviisautta SETA:lle\"}]},{\"@type\":\"WebSite\",\"@id\":\"https:\/\/suomenkuvalehti.fi\/tahanontultu\/#website\",\"url\":\"https:\/\/suomenkuvalehti.fi\/tahanontultu\/\",\"name\":\"T\u00e4h\u00e4n on tultu\",\"description\":\"Fingerpori-sarjakuvan piirt\u00e4j\u00e4 p\u00e4hk\u00e4ilee maailmaa vitsien takana.\",\"potentialAction\":[{\"@type\":\"SearchAction\",\"target\":{\"@type\":\"EntryPoint\",\"urlTemplate\":\"https:\/\/suomenkuvalehti.fi\/haku\/?q={search_term_string}\"},\"query-input\":{\"@type\":\"PropertyValueSpecification\",\"valueRequired\":true,\"valueName\":\"search_term_string\"}}],\"inLanguage\":\"fi\"},{\"@type\":\"Person\",\"@id\":\"https:\/\/suomenkuvalehti.fi\/tahanontultu\/#\/schema\/person\/f258b4d6c9f57d438aab20b0066db5e7\",\"name\":\"Pertti Jarla\",\"image\":{\"@type\":\"ImageObject\",\"inLanguage\":\"fi\",\"@id\":\"https:\/\/suomenkuvalehti.fi\/tahanontultu\/#\/schema\/person\/image\/\",\"url\":\"https:\/\/suomenkuvalehti.fi\/tahanontultu\/wp-content\/uploads\/sites\/14\/2013\/11\/jarla-150x150.jpg\",\"contentUrl\":\"https:\/\/suomenkuvalehti.fi\/tahanontultu\/wp-content\/uploads\/sites\/14\/2013\/11\/jarla-150x150.jpg\",\"caption\":\"Pertti Jarla\"},\"description\":\"Kirjoittaja on porvoolainen sarjakuvantekij\u00e4.\"}]}<\/script>\n<!-- \/ Yoast SEO plugin. -->","yoast_head_json":{"title":"Lis\u00e4\u00e4 j\u00e4lkiviisautta SETA:lle - T\u00e4h\u00e4n on tultu","robots":{"index":"index","follow":"follow","max-snippet":"max-snippet:-1","max-image-preview":"max-image-preview:large","max-video-preview":"max-video-preview:-1"},"canonical":"https:\/\/suomenkuvalehti.fi\/tahanontultu\/lisaa-jalkiviisautta-setalle\/","og_locale":"fi_FI","og_type":"article","og_title":"Lis\u00e4\u00e4 j\u00e4lkiviisautta SETA:lle - T\u00e4h\u00e4n on tultu","og_description":"Palaan viel\u00e4 Pirkanmaan SETA:n j\u00e4rjest\u00e4m\u00e4\u00e4n Tampereen Pride-tapahtumaan. Siell\u00e4h\u00e4n poistettiin maahanmuuttokriittisen Finnish Defence Leaguen (FDL) edustajat paikalta. Nyt FDL:n Mimosa Koiranen on tehnyt tapahtuneen johdosta rikosilmoituksen. Kommentoin taannoin, ett\u00e4: &#8221;Sik\u00e4li kun olen Pridekul&hellip;","og_url":"https:\/\/suomenkuvalehti.fi\/tahanontultu\/lisaa-jalkiviisautta-setalle\/","og_site_name":"T\u00e4h\u00e4n on tultu","article_published_time":"2012-07-30T06:57:35+00:00","article_modified_time":"2013-11-29T13:28:32+00:00","og_image":[{"width":419,"height":425,"url":"https:\/\/suomenkuvalehti.fi\/tahanontultu\/wp-content\/uploads\/sites\/14\/2013\/11\/jarla.jpg","type":"image\/jpeg"}],"author":"Pertti Jarla","twitter_card":"summary_large_image","twitter_misc":{"Written by":"Pertti Jarla","Est. reading time":"2 minuuttia"},"schema":{"@context":"https:\/\/schema.org","@graph":[{"@type":"WebPage","@id":"https:\/\/suomenkuvalehti.fi\/tahanontultu\/lisaa-jalkiviisautta-setalle\/","url":"https:\/\/suomenkuvalehti.fi\/tahanontultu\/lisaa-jalkiviisautta-setalle\/","name":"Lis\u00e4\u00e4 j\u00e4lkiviisautta SETA:lle - T\u00e4h\u00e4n on tultu","isPartOf":{"@id":"https:\/\/suomenkuvalehti.fi\/tahanontultu\/#website"},"datePublished":"2012-07-30T06:57:35+00:00","dateModified":"2013-11-29T13:28:32+00:00","author":{"@id":"https:\/\/suomenkuvalehti.fi\/tahanontultu\/#\/schema\/person\/f258b4d6c9f57d438aab20b0066db5e7"},"breadcrumb":{"@id":"https:\/\/suomenkuvalehti.fi\/tahanontultu\/lisaa-jalkiviisautta-setalle\/#breadcrumb"},"inLanguage":"fi","potentialAction":[{"@type":"ReadAction","target":["https:\/\/suomenkuvalehti.fi\/tahanontultu\/lisaa-jalkiviisautta-setalle\/"]}]},{"@type":"BreadcrumbList","@id":"https:\/\/suomenkuvalehti.fi\/tahanontultu\/lisaa-jalkiviisautta-setalle\/#breadcrumb","itemListElement":[{"@type":"ListItem","position":1,"name":"Home","item":"https:\/\/suomenkuvalehti.fi\/tahanontultu\/"},{"@type":"ListItem","position":2,"name":"Lis\u00e4\u00e4 j\u00e4lkiviisautta SETA:lle"}]},{"@type":"WebSite","@id":"https:\/\/suomenkuvalehti.fi\/tahanontultu\/#website","url":"https:\/\/suomenkuvalehti.fi\/tahanontultu\/","name":"T\u00e4h\u00e4n on tultu","description":"Fingerpori-sarjakuvan piirt\u00e4j\u00e4 p\u00e4hk\u00e4ilee maailmaa vitsien takana.","potentialAction":[{"@type":"SearchAction","target":{"@type":"EntryPoint","urlTemplate":"https:\/\/suomenkuvalehti.fi\/haku\/?q={search_term_string}"},"query-input":{"@type":"PropertyValueSpecification","valueRequired":true,"valueName":"search_term_string"}}],"inLanguage":"fi"},{"@type":"Person","@id":"https:\/\/suomenkuvalehti.fi\/tahanontultu\/#\/schema\/person\/f258b4d6c9f57d438aab20b0066db5e7","name":"Pertti Jarla","image":{"@type":"ImageObject","inLanguage":"fi","@id":"https:\/\/suomenkuvalehti.fi\/tahanontultu\/#\/schema\/person\/image\/","url":"https:\/\/suomenkuvalehti.fi\/tahanontultu\/wp-content\/uploads\/sites\/14\/2013\/11\/jarla-150x150.jpg","contentUrl":"https:\/\/suomenkuvalehti.fi\/tahanontultu\/wp-content\/uploads\/sites\/14\/2013\/11\/jarla-150x150.jpg","caption":"Pertti Jarla"},"description":"Kirjoittaja on porvoolainen sarjakuvantekij\u00e4."}]}},"_links":{"self":[{"href":"https:\/\/suomenkuvalehti.fi\/tahanontultu\/wp-json\/wp\/v2\/posts\/49","targetHints":{"allow":["GET"]}}],"collection":[{"href":"https:\/\/suomenkuvalehti.fi\/tahanontultu\/wp-json\/wp\/v2\/posts"}],"about":[{"href":"https:\/\/suomenkuvalehti.fi\/tahanontultu\/wp-json\/wp\/v2\/types\/post"}],"author":[{"embeddable":true,"href":"https:\/\/suomenkuvalehti.fi\/tahanontultu\/wp-json\/wp\/v2\/users\/153"}],"replies":[{"embeddable":true,"href":"https:\/\/suomenkuvalehti.fi\/tahanontultu\/wp-json\/wp\/v2\/comments?post=49"}],"version-history":[{"count":1,"href":"https:\/\/suomenkuvalehti.fi\/tahanontultu\/wp-json\/wp\/v2\/posts\/49\/revisions"}],"predecessor-version":[{"id":153,"href":"https:\/\/suomenkuvalehti.fi\/tahanontultu\/wp-json\/wp\/v2\/posts\/49\/revisions\/153"}],"wp:attachment":[{"href":"https:\/\/suomenkuvalehti.fi\/tahanontultu\/wp-json\/wp\/v2\/media?parent=49"}],"wp:term":[{"taxonomy":"category","embeddable":true,"href":"https:\/\/suomenkuvalehti.fi\/tahanontultu\/wp-json\/wp\/v2\/categories?post=49"},{"taxonomy":"post_tag","embeddable":true,"href":"https:\/\/suomenkuvalehti.fi\/tahanontultu\/wp-json\/wp\/v2\/tags?post=49"}],"curies":[{"name":"wp","href":"https:\/\/api.w.org\/{rel}","templated":true}]}}