{"id":45,"date":"2012-08-24T17:06:27","date_gmt":"2012-08-24T14:06:27","guid":{"rendered":"https:\/\/suomenkuvalehti.fi\/tahanontultu\/2012\/08\/24\/jussi-vs-pussy\/"},"modified":"2013-11-29T15:28:31","modified_gmt":"2013-11-29T13:28:31","slug":"jussi-vs-pussy","status":"publish","type":"post","link":"https:\/\/suomenkuvalehti.fi\/tahanontultu\/jussi-vs-pussy\/","title":{"rendered":"Jussi vs Pussy"},"content":{"rendered":"\n<p>Pid\u00e4n <strong>Jussi Halla-Ahon<\/strong> saamaa jumalanpilkkatuomiota <a title=\"t\u00e4h\u00e4n on tultu\" href=\"https:\/\/suomenkuvalehti.fi\/tahanontultu\/2012\/06\/08\/viela-halla-ahon-tuomiosta\/\" target=\"_blank\">kohtuuttomana<\/a> ja jopa kulttuurimme kannalta vahingollisena. Perussuomalaisten puheenjohtaja <strong>Timo Soini<\/strong> lienee samaa mielt\u00e4. Mit\u00e4 jos sanoisin:<\/p>\n\n\n\n<p><em>Halla-Aho tuskin olisi haukkunut Muhammadia pedofiiliksi Iranissa!<\/em><\/p>\n\n\n\n<p>Voisitte vastata esimerkiksi &#8221;Mit\u00e4 sitten&#8221; ja &#8221;Mit\u00e4 v&#8211;un v\u00e4li\u00e4 sill\u00e4 on arvioitaessa oliko Suomessa annettu tuomio oikea vai v\u00e4\u00e4r\u00e4?&#8221;. Ja olisitte minusta oikeassa. Samasta syyst\u00e4 en innostu Timo Soinin kommentoidessa Pussy Riot -ryhm\u00e4n Ven\u00e4j\u00e4ll\u00e4 saamaa tuomiota <a title=\"SK\" href=\"https:\/\/suomenkuvalehti.fi\/jutut\/ulkomaat\/timo-soini-pussy-riotista-kyynisesti-tehty-harkittu-provokaatio\" target=\"_blank\">Suomen Kuvalehdess\u00e4<\/a>:<\/p>\n\n\n\n<p><em>&#8221;Totta kai pit\u00e4\u00e4 olla sananvapaus arvostella Putinia ja h\u00e4nen hallintoaan. Mutta se, ett\u00e4 he meniv\u00e4t performanssinsa tekem\u00e4\u00e4n Kristus Vapahtajan kirkkoon, niin olisivatkohan menneet moskeijaan?&#8221;<\/em><\/p>\n\n\n\n<p>En tied\u00e4 olisivatko menneet moskeijaan, tai Korkeasaaren leijonien aitaukseen. Nyt arvioidaan tuomion oikeellisuutta ja ryhm\u00e4n tekoja, ei sit\u00e4 kenell\u00e4 on ter\u00e4ksisimm\u00e4t pallit.<\/p>\n\n\n\n<p>Soini jatkaa: <em>&#8221;Jos he olisivat punkanneet jossain puiston kulmassa, niin eih\u00e4n siihen olisi kiinnitetty mit\u00e4\u00e4n huomiota&#8221;, <\/em>ja t\u00e4lt\u00e4 pohjalta v\u00e4itt\u00e4\u00e4 performanssin olleen <em>&#8221;\u00e4\u00e4rimm\u00e4isen kyynisesti tehty harkitty provokaatio&#8221;<\/em>. Kaipa sekin osoitti \u00e4\u00e4rimm\u00e4ist\u00e4 kyynisyytt\u00e4, ett\u00e4 Halla-aho kirjoitti pahaa profeetta Muhammadista julkisessa blogissa eik\u00e4 salaa kotona wc-paperin nurkkaan. \u00c4h. Kannanotot yleens\u00e4 pyrit\u00e4\u00e4n tekem\u00e4\u00e4n niin, ett\u00e4 ne huomataan.<\/p>\n\n\n\n<p>Sitten tulee yll\u00e4tt\u00e4v\u00e4n elitistist\u00e4 teksti\u00e4:<em> &#8221;Maailmanlaajuinen h\u00e4ss\u00e4kk\u00e4, ja nyt kaikki kitaranr\u00e4mpytt\u00e4j\u00e4tkin ovat sitten maailmanpolitiikan asiantuntijoita&#8221;<\/em>. Amat\u00f6\u00f6rit hiljaa. Sellaisia terveisi\u00e4 vanhalle gospelmuusikko <strong>James Hirvisaarelle<\/strong> ja kumppaneille.<\/p>\n\n\n\n<p>Kun Soini arvostelee Pussy Riotia, h\u00e4n vaikuttaisi puhuvan ensisijaisesti loukkaantuneena kristittyn\u00e4:<em> &#8221;Minulla on kirkolle ihan toinen tarkoitus. Minusta tulijan pit\u00e4\u00e4 kunnioittaa sit\u00e4 tilaa ja sanomaa. En oikein tykk\u00e4\u00e4, ett\u00e4 ihmisten pyhi\u00e4 arvoja loukataan.&#8221;<\/em>. Muistamme, ett\u00e4 Soini katsoi Jussi Halla-ahon muhammadpuheista saadun sakkorangaistuksen olleen tuomiona <a title=\"HS\" href=\"http:\/\/www.hs.fi\/politiikka\/Timo+Soini+Halla-ahon+rangaistus+on+riitt%C3%A4v%C3%A4\/a1305573473929\" target=\"_blank\">&#8221;riitt\u00e4v\u00e4&#8221;<\/a>. Ei siis esimerkiksi v\u00e4\u00e4r\u00e4 tai kohtuuton.<\/p>\n\n\n\n<p>Soinihan ei peittele katolisuuttaan. My\u00f6s esimerkiksi SDP:n puheenjohtaja <strong><a title=\"sana\" href=\"http:\/\/www.sana.fi\/ihmiset\/haastattelut\/jutta_urpilainen_usko_on_hyva_kompassi\/\" target=\"_blank\">Jutta Urpilainen<\/a><\/strong> on kristitty. Se ei kuitenkaan paista samalla tavalla h\u00e4nen kommenteistaan. Urpilainen tuntuu tajuavan, ett\u00e4 antaa lausuntoja eri uskontojen edustajia ja uskonnottomia sis\u00e4lt\u00e4v\u00e4n puolueen puheenjohtajana. Milt\u00e4k\u00f6h\u00e4n Halla-ahon kaltaisista perussuomalaisista ateisteista tuntuu, kun puolueen nokkamies antaa jatkuvasti kommentteja katolinen puoli edell\u00e4?<\/p>\n\n\n\n\n","protected":false},"excerpt":{"rendered":"<p>Pid\u00e4n Jussi Halla-Ahon saamaa jumalanpilkkatuomiota kohtuuttomana ja jopa kulttuurimme kannalta vahingollisena. Perussuomalaisten puheenjohtaja Timo Soini lienee samaa mielt\u00e4. Mit\u00e4 jos sanoisin: Halla-Aho tuskin olisi haukkunut Muhammadia pedofiiliksi Iranissa! Voisitte vastata esimerkiksi &#8221;Mit\u00e4<br \/>\nsit&hellip;<\/p>\n","protected":false},"author":153,"featured_media":0,"comment_status":"open","ping_status":"open","sticky":false,"template":"","format":"standard","meta":{"_acf_changed":false,"asauth_required_access_level":0,"asauth_cansharepaid":"","om_header_attributes":[],"footnotes":"","om_featured_image_focal_point":[],"om_primary_tag":0,"om_contributors":[],"om_co_authors":[],"beyondwords_generate_audio":"","beyondwords_project_id":"","beyondwords_content_id":"","beyondwords_preview_token":"","beyondwords_player_content":"","beyondwords_player_style":"","beyondwords_language_code":"","beyondwords_language_id":"","beyondwords_title_voice_id":"","beyondwords_body_voice_id":"","beyondwords_summary_voice_id":"","beyondwords_error_message":"","beyondwords_disabled":"","beyondwords_delete_content":"","beyondwords_podcast_id":"","beyondwords_hash":"","publish_post_to_speechkit":"","speechkit_hash":"","speechkit_generate_audio":"","speechkit_project_id":"","speechkit_podcast_id":"","speechkit_error_message":"","speechkit_disabled":"","speechkit_access_key":"","speechkit_error":"","speechkit_info":"","speechkit_response":"","speechkit_retries":"","speechkit_status":"","speechkit_updated_at":"","_speechkit_link":"","_speechkit_text":""},"categories":[1],"tags":[54,131,47],"class_list":["post-45","post","type-post","status-publish","format-standard","hentry","category-tahan-on-tultu","tag-jussi-halla-aho","tag-pussy-riot","tag-timo-soini"],"om_views":null,"acf":{"tuuma_off":false,"tuuma_kysymys":"","tuuma_vastaus":""},"asauth":{"required_access_level":1,"share_token":"","is_paid":false},"yoast_head":"<!-- This site is optimized with the Yoast SEO plugin v26.4 - https:\/\/yoast.com\/wordpress\/plugins\/seo\/ -->\n<title>Jussi vs Pussy - T\u00e4h\u00e4n on tultu<\/title>\n<meta name=\"robots\" content=\"index, follow, max-snippet:-1, max-image-preview:large, max-video-preview:-1\" \/>\n<link rel=\"canonical\" href=\"https:\/\/suomenkuvalehti.fi\/tahanontultu\/jussi-vs-pussy\/\" \/>\n<meta property=\"og:locale\" content=\"fi_FI\" \/>\n<meta property=\"og:type\" content=\"article\" \/>\n<meta property=\"og:title\" content=\"Jussi vs Pussy - T\u00e4h\u00e4n on tultu\" \/>\n<meta property=\"og:description\" content=\"Pid\u00e4n Jussi Halla-Ahon saamaa jumalanpilkkatuomiota kohtuuttomana ja jopa kulttuurimme kannalta vahingollisena. Perussuomalaisten puheenjohtaja Timo Soini lienee samaa mielt\u00e4. Mit\u00e4 jos sanoisin: Halla-Aho tuskin olisi haukkunut Muhammadia pedofiiliksi Iranissa! Voisitte vastata esimerkiksi &#8221;Mit\u00e4 sit&hellip;\" \/>\n<meta property=\"og:url\" content=\"https:\/\/suomenkuvalehti.fi\/tahanontultu\/jussi-vs-pussy\/\" \/>\n<meta property=\"og:site_name\" content=\"T\u00e4h\u00e4n on tultu\" \/>\n<meta property=\"article:published_time\" content=\"2012-08-24T14:06:27+00:00\" \/>\n<meta property=\"article:modified_time\" content=\"2013-11-29T13:28:31+00:00\" \/>\n<meta property=\"og:image\" content=\"https:\/\/suomenkuvalehti.fi\/tahanontultu\/wp-content\/uploads\/sites\/14\/2013\/11\/jarla.jpg\" \/>\n\t<meta property=\"og:image:width\" content=\"419\" \/>\n\t<meta property=\"og:image:height\" content=\"425\" \/>\n\t<meta property=\"og:image:type\" content=\"image\/jpeg\" \/>\n<meta name=\"author\" content=\"Pertti Jarla\" \/>\n<meta name=\"twitter:card\" content=\"summary_large_image\" \/>\n<meta name=\"twitter:label1\" content=\"Written by\" \/>\n\t<meta name=\"twitter:data1\" content=\"Pertti Jarla\" \/>\n\t<meta name=\"twitter:label2\" content=\"Est. reading time\" \/>\n\t<meta name=\"twitter:data2\" content=\"2 minuuttia\" \/>\n<script type=\"application\/ld+json\" class=\"yoast-schema-graph\">{\"@context\":\"https:\/\/schema.org\",\"@graph\":[{\"@type\":\"WebPage\",\"@id\":\"https:\/\/suomenkuvalehti.fi\/tahanontultu\/jussi-vs-pussy\/\",\"url\":\"https:\/\/suomenkuvalehti.fi\/tahanontultu\/jussi-vs-pussy\/\",\"name\":\"Jussi vs Pussy - T\u00e4h\u00e4n on tultu\",\"isPartOf\":{\"@id\":\"https:\/\/suomenkuvalehti.fi\/tahanontultu\/#website\"},\"datePublished\":\"2012-08-24T14:06:27+00:00\",\"dateModified\":\"2013-11-29T13:28:31+00:00\",\"author\":{\"@id\":\"https:\/\/suomenkuvalehti.fi\/tahanontultu\/#\/schema\/person\/f258b4d6c9f57d438aab20b0066db5e7\"},\"breadcrumb\":{\"@id\":\"https:\/\/suomenkuvalehti.fi\/tahanontultu\/jussi-vs-pussy\/#breadcrumb\"},\"inLanguage\":\"fi\",\"potentialAction\":[{\"@type\":\"ReadAction\",\"target\":[\"https:\/\/suomenkuvalehti.fi\/tahanontultu\/jussi-vs-pussy\/\"]}]},{\"@type\":\"BreadcrumbList\",\"@id\":\"https:\/\/suomenkuvalehti.fi\/tahanontultu\/jussi-vs-pussy\/#breadcrumb\",\"itemListElement\":[{\"@type\":\"ListItem\",\"position\":1,\"name\":\"Home\",\"item\":\"https:\/\/suomenkuvalehti.fi\/tahanontultu\/\"},{\"@type\":\"ListItem\",\"position\":2,\"name\":\"Jussi vs Pussy\"}]},{\"@type\":\"WebSite\",\"@id\":\"https:\/\/suomenkuvalehti.fi\/tahanontultu\/#website\",\"url\":\"https:\/\/suomenkuvalehti.fi\/tahanontultu\/\",\"name\":\"T\u00e4h\u00e4n on tultu\",\"description\":\"Fingerpori-sarjakuvan piirt\u00e4j\u00e4 p\u00e4hk\u00e4ilee maailmaa vitsien takana.\",\"potentialAction\":[{\"@type\":\"SearchAction\",\"target\":{\"@type\":\"EntryPoint\",\"urlTemplate\":\"https:\/\/suomenkuvalehti.fi\/haku\/?q={search_term_string}\"},\"query-input\":{\"@type\":\"PropertyValueSpecification\",\"valueRequired\":true,\"valueName\":\"search_term_string\"}}],\"inLanguage\":\"fi\"},{\"@type\":\"Person\",\"@id\":\"https:\/\/suomenkuvalehti.fi\/tahanontultu\/#\/schema\/person\/f258b4d6c9f57d438aab20b0066db5e7\",\"name\":\"Pertti Jarla\",\"image\":{\"@type\":\"ImageObject\",\"inLanguage\":\"fi\",\"@id\":\"https:\/\/suomenkuvalehti.fi\/tahanontultu\/#\/schema\/person\/image\/\",\"url\":\"https:\/\/suomenkuvalehti.fi\/tahanontultu\/wp-content\/uploads\/sites\/14\/2013\/11\/jarla-150x150.jpg\",\"contentUrl\":\"https:\/\/suomenkuvalehti.fi\/tahanontultu\/wp-content\/uploads\/sites\/14\/2013\/11\/jarla-150x150.jpg\",\"caption\":\"Pertti Jarla\"},\"description\":\"Kirjoittaja on porvoolainen sarjakuvantekij\u00e4.\"}]}<\/script>\n<!-- \/ Yoast SEO plugin. -->","yoast_head_json":{"title":"Jussi vs Pussy - T\u00e4h\u00e4n on tultu","robots":{"index":"index","follow":"follow","max-snippet":"max-snippet:-1","max-image-preview":"max-image-preview:large","max-video-preview":"max-video-preview:-1"},"canonical":"https:\/\/suomenkuvalehti.fi\/tahanontultu\/jussi-vs-pussy\/","og_locale":"fi_FI","og_type":"article","og_title":"Jussi vs Pussy - T\u00e4h\u00e4n on tultu","og_description":"Pid\u00e4n Jussi Halla-Ahon saamaa jumalanpilkkatuomiota kohtuuttomana ja jopa kulttuurimme kannalta vahingollisena. Perussuomalaisten puheenjohtaja Timo Soini lienee samaa mielt\u00e4. Mit\u00e4 jos sanoisin: Halla-Aho tuskin olisi haukkunut Muhammadia pedofiiliksi Iranissa! Voisitte vastata esimerkiksi &#8221;Mit\u00e4 sit&hellip;","og_url":"https:\/\/suomenkuvalehti.fi\/tahanontultu\/jussi-vs-pussy\/","og_site_name":"T\u00e4h\u00e4n on tultu","article_published_time":"2012-08-24T14:06:27+00:00","article_modified_time":"2013-11-29T13:28:31+00:00","og_image":[{"width":419,"height":425,"url":"https:\/\/suomenkuvalehti.fi\/tahanontultu\/wp-content\/uploads\/sites\/14\/2013\/11\/jarla.jpg","type":"image\/jpeg"}],"author":"Pertti Jarla","twitter_card":"summary_large_image","twitter_misc":{"Written by":"Pertti Jarla","Est. reading time":"2 minuuttia"},"schema":{"@context":"https:\/\/schema.org","@graph":[{"@type":"WebPage","@id":"https:\/\/suomenkuvalehti.fi\/tahanontultu\/jussi-vs-pussy\/","url":"https:\/\/suomenkuvalehti.fi\/tahanontultu\/jussi-vs-pussy\/","name":"Jussi vs Pussy - T\u00e4h\u00e4n on tultu","isPartOf":{"@id":"https:\/\/suomenkuvalehti.fi\/tahanontultu\/#website"},"datePublished":"2012-08-24T14:06:27+00:00","dateModified":"2013-11-29T13:28:31+00:00","author":{"@id":"https:\/\/suomenkuvalehti.fi\/tahanontultu\/#\/schema\/person\/f258b4d6c9f57d438aab20b0066db5e7"},"breadcrumb":{"@id":"https:\/\/suomenkuvalehti.fi\/tahanontultu\/jussi-vs-pussy\/#breadcrumb"},"inLanguage":"fi","potentialAction":[{"@type":"ReadAction","target":["https:\/\/suomenkuvalehti.fi\/tahanontultu\/jussi-vs-pussy\/"]}]},{"@type":"BreadcrumbList","@id":"https:\/\/suomenkuvalehti.fi\/tahanontultu\/jussi-vs-pussy\/#breadcrumb","itemListElement":[{"@type":"ListItem","position":1,"name":"Home","item":"https:\/\/suomenkuvalehti.fi\/tahanontultu\/"},{"@type":"ListItem","position":2,"name":"Jussi vs Pussy"}]},{"@type":"WebSite","@id":"https:\/\/suomenkuvalehti.fi\/tahanontultu\/#website","url":"https:\/\/suomenkuvalehti.fi\/tahanontultu\/","name":"T\u00e4h\u00e4n on tultu","description":"Fingerpori-sarjakuvan piirt\u00e4j\u00e4 p\u00e4hk\u00e4ilee maailmaa vitsien takana.","potentialAction":[{"@type":"SearchAction","target":{"@type":"EntryPoint","urlTemplate":"https:\/\/suomenkuvalehti.fi\/haku\/?q={search_term_string}"},"query-input":{"@type":"PropertyValueSpecification","valueRequired":true,"valueName":"search_term_string"}}],"inLanguage":"fi"},{"@type":"Person","@id":"https:\/\/suomenkuvalehti.fi\/tahanontultu\/#\/schema\/person\/f258b4d6c9f57d438aab20b0066db5e7","name":"Pertti Jarla","image":{"@type":"ImageObject","inLanguage":"fi","@id":"https:\/\/suomenkuvalehti.fi\/tahanontultu\/#\/schema\/person\/image\/","url":"https:\/\/suomenkuvalehti.fi\/tahanontultu\/wp-content\/uploads\/sites\/14\/2013\/11\/jarla-150x150.jpg","contentUrl":"https:\/\/suomenkuvalehti.fi\/tahanontultu\/wp-content\/uploads\/sites\/14\/2013\/11\/jarla-150x150.jpg","caption":"Pertti Jarla"},"description":"Kirjoittaja on porvoolainen sarjakuvantekij\u00e4."}]}},"_links":{"self":[{"href":"https:\/\/suomenkuvalehti.fi\/tahanontultu\/wp-json\/wp\/v2\/posts\/45","targetHints":{"allow":["GET"]}}],"collection":[{"href":"https:\/\/suomenkuvalehti.fi\/tahanontultu\/wp-json\/wp\/v2\/posts"}],"about":[{"href":"https:\/\/suomenkuvalehti.fi\/tahanontultu\/wp-json\/wp\/v2\/types\/post"}],"author":[{"embeddable":true,"href":"https:\/\/suomenkuvalehti.fi\/tahanontultu\/wp-json\/wp\/v2\/users\/153"}],"replies":[{"embeddable":true,"href":"https:\/\/suomenkuvalehti.fi\/tahanontultu\/wp-json\/wp\/v2\/comments?post=45"}],"version-history":[{"count":1,"href":"https:\/\/suomenkuvalehti.fi\/tahanontultu\/wp-json\/wp\/v2\/posts\/45\/revisions"}],"predecessor-version":[{"id":152,"href":"https:\/\/suomenkuvalehti.fi\/tahanontultu\/wp-json\/wp\/v2\/posts\/45\/revisions\/152"}],"wp:attachment":[{"href":"https:\/\/suomenkuvalehti.fi\/tahanontultu\/wp-json\/wp\/v2\/media?parent=45"}],"wp:term":[{"taxonomy":"category","embeddable":true,"href":"https:\/\/suomenkuvalehti.fi\/tahanontultu\/wp-json\/wp\/v2\/categories?post=45"},{"taxonomy":"post_tag","embeddable":true,"href":"https:\/\/suomenkuvalehti.fi\/tahanontultu\/wp-json\/wp\/v2\/tags?post=45"}],"curies":[{"name":"wp","href":"https:\/\/api.w.org\/{rel}","templated":true}]}}