{"id":357,"date":"2016-04-28T12:49:50","date_gmt":"2016-04-28T09:49:50","guid":{"rendered":"https:\/\/suomenkuvalehti.fi\/tahanontultu\/?p=357"},"modified":"2016-04-28T13:20:23","modified_gmt":"2016-04-28T10:20:23","slug":"piirra-setamies-piirustuskilpailu","status":"publish","type":"post","link":"https:\/\/suomenkuvalehti.fi\/tahanontultu\/piirra-setamies-piirustuskilpailu\/","title":{"rendered":"Piirr\u00e4 set\u00e4mies-piirustuskilpailu"},"content":{"rendered":"\n<p>T\u00e4n\u00e4 p\u00e4iv\u00e4n\u00e4 puhutaan set\u00e4miehest\u00e4, h\u00e4nen asenteistaan ja k\u00e4yt\u00f6ksest\u00e4\u00e4n. Klassinen set\u00e4mies on leppoisa mutta pinnan alla kuohuu. Ei saada ansaittua arvostusta, maailma menee retuper\u00e4lle. <strong>Mikko Alatalo <\/strong>lauloi<strong> Harri Rinteen<\/strong> <a href=\"http:\/\/www.mikkoalatalo.net\/index.php?option=com_content&amp;task=view&amp;id=431&amp;Itemid=95\" target=\"_blank\">sanoin<\/a>:<\/p>\n\n\n\n<p><em>olen ty\u00f6t\u00e4 tekev\u00e4 keski-ik\u00e4inen mies, tavallinen<\/em>\n<em>Ja se p\u00e4\u00e4syyllinen kaikkiin maailman rikoksiin <\/em>\n<em>vaikka pinta onkin tyyni, olen todella vihainen<\/em><\/p>\n\n\n\n<p>Ymp\u00e4rist\u00f6 taas on alkanut kritisoimaan set\u00e4\u00e4. Kuten Etel\u00e4-Suomen Sanomien <a href=\"http:\/\/www.ess.fi\/Mielipide\/esalaiset\/2016\/04\/06\/Poliittinen-seminaari-j%C3%A4tti-nihke%C3%A4n-olon-miksi-set%C3%A4miehet-kuvittelevat-ett%C3%A4-heill%C3%A4-on-valta-koskea-ja-kommentoida-toista\" target=\"_blank\">mielipidepalstalla todetaan<\/a>, <em>&#8221;siit\u00e4 meid\u00e4n pit\u00e4isi puhua, miksi kaikenmaailman set\u00e4miehet kuvittelevat, ett\u00e4 heill\u00e4 on valta koskea ja kommentoida toisia ihmisi\u00e4.&#8221; <\/em><\/p>\n\n\n\n<p>Mutta millainen on set\u00e4miehen olemus? Hahmo pit\u00e4isi viimein kuvallistaa. T\u00e4h\u00e4n on tultu julistaakin nyt <strong>Piirr\u00e4 set\u00e4mies<\/strong>-piirustuskilpailun. Tekniikka on vapaa. L\u00e4het\u00e4 kilpailuty\u00f6si 15.5. 2016 menness\u00e4 osoitteeseen <strong>juustomestari<\/strong>(at)<strong>yahoo.com<\/strong>. Ty\u00f6t arvioi raati johon osallistuvat feministit<\/p>\n\n\n\n<p><strong><a href=\"http:\/\/grezen.sarjakuvablogit.com\/?page_id=37\" target=\"_blank\">Reetta Laitinen<\/a><\/strong><\/p>\n\n\n\n<p><strong><a href=\"http:\/\/www.sarjakuvafestivaalit.fi\/9-vieraat\/175-emmi-valve\" target=\"_blank\">Emmi Valve<\/a><\/strong><\/p>\n\n\n\n<p>sek\u00e4 sed\u00e4t<\/p>\n\n\n\n<p><strong>Pertti Jarla <\/strong><strong>\n<\/strong><\/p>\n\n\n\n<p><a href=\"http:\/\/cafepiippo.blogspot.fi\/2015\/05\/vieraina-sarjakuvataiteilija-pertti.html\" target=\"_blank\"><strong>Vesa Kataisto <\/strong><strong>\n<\/strong><\/a><\/p>\n\n\n\n<p>Voittajat julkistetaan 28.5.2016 tai sitten kun muistan. K<span data-ft=\"{&quot;tn&quot;:&quot;K&quot;}\"><span class=\"UFICommentBody\">\u00e4ytt\u00f6oikeudet s\u00e4ilyv\u00e4t tekij\u00e4ll\u00e4, voittot\u00f6it\u00e4 voidaan julkaista osallistujien luvalla.<\/span><\/span><\/p>\n\n\n\n<ul class=\"wp-block-list\">\n<li>Ensimm\u00e4inen palkinto: 50 euroa, paketti suklaarusinoita ja paketti Arvid Nordquist-kahvia<\/li>\n<li>Toinen palkinto: 20 euroa, paketti Juhla Mokkaa<\/li>\n<li>Kolmas palkinto: 10 euroa, paketti Pirkka-kahvia<\/li>\n<\/ul>\n\n\n","protected":false},"excerpt":{"rendered":"<p>T\u00e4n\u00e4 p\u00e4iv\u00e4n\u00e4 puhutaan set\u00e4miehest\u00e4, h\u00e4nen asenteistaan ja k\u00e4yt\u00f6ksest\u00e4\u00e4n. Klassinen set\u00e4mies on leppoisa mutta pinnan alla kuohuu. Ei saada ansaittua arvostusta, maailma menee retuper\u00e4lle. Mikko Alatalo lauloi Harri Rinteen sanoin: olen ty\u00f6t\u00e4 tekev\u00e4 keski-ik\u00e4inen mies, tavallinen<br \/>\nJa se p\u00e4\u00e4syylline&hellip;<\/p>\n","protected":false},"author":153,"featured_media":0,"comment_status":"open","ping_status":"open","sticky":false,"template":"","format":"standard","meta":{"_acf_changed":false,"asauth_required_access_level":3,"asauth_cansharepaid":"true","om_header_attributes":[],"footnotes":"","om_featured_image_focal_point":[],"om_primary_tag":0,"om_contributors":[],"om_co_authors":[],"beyondwords_generate_audio":"","beyondwords_project_id":"","beyondwords_content_id":"","beyondwords_preview_token":"","beyondwords_player_content":"","beyondwords_player_style":"","beyondwords_language_code":"","beyondwords_language_id":"","beyondwords_title_voice_id":"","beyondwords_body_voice_id":"","beyondwords_summary_voice_id":"","beyondwords_error_message":"","beyondwords_disabled":"","beyondwords_delete_content":"","beyondwords_podcast_id":"","beyondwords_hash":"","publish_post_to_speechkit":"","speechkit_hash":"","speechkit_generate_audio":"","speechkit_project_id":"","speechkit_podcast_id":"","speechkit_error_message":"","speechkit_disabled":"","speechkit_access_key":"","speechkit_error":"","speechkit_info":"","speechkit_response":"","speechkit_retries":"","speechkit_status":"","speechkit_updated_at":"","_speechkit_link":"","_speechkit_text":""},"categories":[1],"tags":[456,457,139],"class_list":["post-357","post","type-post","status-publish","format-standard","hentry","category-tahan-on-tultu","tag-mies","tag-piirustus","tag-seta"],"om_views":null,"acf":{"tuuma_off":false,"tuuma_kysymys":"","tuuma_vastaus":""},"asauth":{"required_access_level":1,"share_token":"","is_paid":false},"yoast_head":"<!-- This site is optimized with the Yoast SEO plugin v26.4 - https:\/\/yoast.com\/wordpress\/plugins\/seo\/ -->\n<title>Piirr\u00e4 set\u00e4mies-piirustuskilpailu - T\u00e4h\u00e4n on tultu<\/title>\n<meta name=\"robots\" content=\"index, follow, max-snippet:-1, max-image-preview:large, max-video-preview:-1\" \/>\n<link rel=\"canonical\" href=\"https:\/\/suomenkuvalehti.fi\/tahanontultu\/piirra-setamies-piirustuskilpailu\/\" \/>\n<meta property=\"og:locale\" content=\"fi_FI\" \/>\n<meta property=\"og:type\" content=\"article\" \/>\n<meta property=\"og:title\" content=\"Piirr\u00e4 set\u00e4mies-piirustuskilpailu - T\u00e4h\u00e4n on tultu\" \/>\n<meta property=\"og:description\" content=\"T\u00e4n\u00e4 p\u00e4iv\u00e4n\u00e4 puhutaan set\u00e4miehest\u00e4, h\u00e4nen asenteistaan ja k\u00e4yt\u00f6ksest\u00e4\u00e4n. Klassinen set\u00e4mies on leppoisa mutta pinnan alla kuohuu. Ei saada ansaittua arvostusta, maailma menee retuper\u00e4lle. Mikko Alatalo lauloi Harri Rinteen sanoin: olen ty\u00f6t\u00e4 tekev\u00e4 keski-ik\u00e4inen mies, tavallinen Ja se p\u00e4\u00e4syylline&hellip;\" \/>\n<meta property=\"og:url\" content=\"https:\/\/suomenkuvalehti.fi\/tahanontultu\/piirra-setamies-piirustuskilpailu\/\" \/>\n<meta property=\"og:site_name\" content=\"T\u00e4h\u00e4n on tultu\" \/>\n<meta property=\"article:published_time\" content=\"2016-04-28T09:49:50+00:00\" \/>\n<meta property=\"article:modified_time\" content=\"2016-04-28T10:20:23+00:00\" \/>\n<meta property=\"og:image\" content=\"https:\/\/suomenkuvalehti.fi\/tahanontultu\/wp-content\/uploads\/sites\/14\/2013\/11\/jarla.jpg\" \/>\n\t<meta property=\"og:image:width\" content=\"419\" \/>\n\t<meta property=\"og:image:height\" content=\"425\" \/>\n\t<meta property=\"og:image:type\" content=\"image\/jpeg\" \/>\n<meta name=\"author\" content=\"Pertti Jarla\" \/>\n<meta name=\"twitter:card\" content=\"summary_large_image\" \/>\n<meta name=\"twitter:label1\" content=\"Written by\" \/>\n\t<meta name=\"twitter:data1\" content=\"Pertti Jarla\" \/>\n\t<meta name=\"twitter:label2\" content=\"Est. reading time\" \/>\n\t<meta name=\"twitter:data2\" content=\"1 minuutti\" \/>\n<script type=\"application\/ld+json\" class=\"yoast-schema-graph\">{\"@context\":\"https:\/\/schema.org\",\"@graph\":[{\"@type\":\"WebPage\",\"@id\":\"https:\/\/suomenkuvalehti.fi\/tahanontultu\/piirra-setamies-piirustuskilpailu\/\",\"url\":\"https:\/\/suomenkuvalehti.fi\/tahanontultu\/piirra-setamies-piirustuskilpailu\/\",\"name\":\"Piirr\u00e4 set\u00e4mies-piirustuskilpailu - T\u00e4h\u00e4n on tultu\",\"isPartOf\":{\"@id\":\"https:\/\/suomenkuvalehti.fi\/tahanontultu\/#website\"},\"datePublished\":\"2016-04-28T09:49:50+00:00\",\"dateModified\":\"2016-04-28T10:20:23+00:00\",\"author\":{\"@id\":\"https:\/\/suomenkuvalehti.fi\/tahanontultu\/#\/schema\/person\/f258b4d6c9f57d438aab20b0066db5e7\"},\"breadcrumb\":{\"@id\":\"https:\/\/suomenkuvalehti.fi\/tahanontultu\/piirra-setamies-piirustuskilpailu\/#breadcrumb\"},\"inLanguage\":\"fi\",\"potentialAction\":[{\"@type\":\"ReadAction\",\"target\":[\"https:\/\/suomenkuvalehti.fi\/tahanontultu\/piirra-setamies-piirustuskilpailu\/\"]}]},{\"@type\":\"BreadcrumbList\",\"@id\":\"https:\/\/suomenkuvalehti.fi\/tahanontultu\/piirra-setamies-piirustuskilpailu\/#breadcrumb\",\"itemListElement\":[{\"@type\":\"ListItem\",\"position\":1,\"name\":\"Home\",\"item\":\"https:\/\/suomenkuvalehti.fi\/tahanontultu\/\"},{\"@type\":\"ListItem\",\"position\":2,\"name\":\"Piirr\u00e4 set\u00e4mies-piirustuskilpailu\"}]},{\"@type\":\"WebSite\",\"@id\":\"https:\/\/suomenkuvalehti.fi\/tahanontultu\/#website\",\"url\":\"https:\/\/suomenkuvalehti.fi\/tahanontultu\/\",\"name\":\"T\u00e4h\u00e4n on tultu\",\"description\":\"Fingerpori-sarjakuvan piirt\u00e4j\u00e4 p\u00e4hk\u00e4ilee maailmaa vitsien takana.\",\"potentialAction\":[{\"@type\":\"SearchAction\",\"target\":{\"@type\":\"EntryPoint\",\"urlTemplate\":\"https:\/\/suomenkuvalehti.fi\/haku\/?q={search_term_string}\"},\"query-input\":{\"@type\":\"PropertyValueSpecification\",\"valueRequired\":true,\"valueName\":\"search_term_string\"}}],\"inLanguage\":\"fi\"},{\"@type\":\"Person\",\"@id\":\"https:\/\/suomenkuvalehti.fi\/tahanontultu\/#\/schema\/person\/f258b4d6c9f57d438aab20b0066db5e7\",\"name\":\"Pertti Jarla\",\"image\":{\"@type\":\"ImageObject\",\"inLanguage\":\"fi\",\"@id\":\"https:\/\/suomenkuvalehti.fi\/tahanontultu\/#\/schema\/person\/image\/\",\"url\":\"https:\/\/suomenkuvalehti.fi\/tahanontultu\/wp-content\/uploads\/sites\/14\/2013\/11\/jarla-150x150.jpg\",\"contentUrl\":\"https:\/\/suomenkuvalehti.fi\/tahanontultu\/wp-content\/uploads\/sites\/14\/2013\/11\/jarla-150x150.jpg\",\"caption\":\"Pertti Jarla\"},\"description\":\"Kirjoittaja on porvoolainen sarjakuvantekij\u00e4.\"}]}<\/script>\n<!-- \/ Yoast SEO plugin. -->","yoast_head_json":{"title":"Piirr\u00e4 set\u00e4mies-piirustuskilpailu - T\u00e4h\u00e4n on tultu","robots":{"index":"index","follow":"follow","max-snippet":"max-snippet:-1","max-image-preview":"max-image-preview:large","max-video-preview":"max-video-preview:-1"},"canonical":"https:\/\/suomenkuvalehti.fi\/tahanontultu\/piirra-setamies-piirustuskilpailu\/","og_locale":"fi_FI","og_type":"article","og_title":"Piirr\u00e4 set\u00e4mies-piirustuskilpailu - T\u00e4h\u00e4n on tultu","og_description":"T\u00e4n\u00e4 p\u00e4iv\u00e4n\u00e4 puhutaan set\u00e4miehest\u00e4, h\u00e4nen asenteistaan ja k\u00e4yt\u00f6ksest\u00e4\u00e4n. Klassinen set\u00e4mies on leppoisa mutta pinnan alla kuohuu. Ei saada ansaittua arvostusta, maailma menee retuper\u00e4lle. Mikko Alatalo lauloi Harri Rinteen sanoin: olen ty\u00f6t\u00e4 tekev\u00e4 keski-ik\u00e4inen mies, tavallinen Ja se p\u00e4\u00e4syylline&hellip;","og_url":"https:\/\/suomenkuvalehti.fi\/tahanontultu\/piirra-setamies-piirustuskilpailu\/","og_site_name":"T\u00e4h\u00e4n on tultu","article_published_time":"2016-04-28T09:49:50+00:00","article_modified_time":"2016-04-28T10:20:23+00:00","og_image":[{"width":419,"height":425,"url":"https:\/\/suomenkuvalehti.fi\/tahanontultu\/wp-content\/uploads\/sites\/14\/2013\/11\/jarla.jpg","type":"image\/jpeg"}],"author":"Pertti Jarla","twitter_card":"summary_large_image","twitter_misc":{"Written by":"Pertti Jarla","Est. reading time":"1 minuutti"},"schema":{"@context":"https:\/\/schema.org","@graph":[{"@type":"WebPage","@id":"https:\/\/suomenkuvalehti.fi\/tahanontultu\/piirra-setamies-piirustuskilpailu\/","url":"https:\/\/suomenkuvalehti.fi\/tahanontultu\/piirra-setamies-piirustuskilpailu\/","name":"Piirr\u00e4 set\u00e4mies-piirustuskilpailu - T\u00e4h\u00e4n on tultu","isPartOf":{"@id":"https:\/\/suomenkuvalehti.fi\/tahanontultu\/#website"},"datePublished":"2016-04-28T09:49:50+00:00","dateModified":"2016-04-28T10:20:23+00:00","author":{"@id":"https:\/\/suomenkuvalehti.fi\/tahanontultu\/#\/schema\/person\/f258b4d6c9f57d438aab20b0066db5e7"},"breadcrumb":{"@id":"https:\/\/suomenkuvalehti.fi\/tahanontultu\/piirra-setamies-piirustuskilpailu\/#breadcrumb"},"inLanguage":"fi","potentialAction":[{"@type":"ReadAction","target":["https:\/\/suomenkuvalehti.fi\/tahanontultu\/piirra-setamies-piirustuskilpailu\/"]}]},{"@type":"BreadcrumbList","@id":"https:\/\/suomenkuvalehti.fi\/tahanontultu\/piirra-setamies-piirustuskilpailu\/#breadcrumb","itemListElement":[{"@type":"ListItem","position":1,"name":"Home","item":"https:\/\/suomenkuvalehti.fi\/tahanontultu\/"},{"@type":"ListItem","position":2,"name":"Piirr\u00e4 set\u00e4mies-piirustuskilpailu"}]},{"@type":"WebSite","@id":"https:\/\/suomenkuvalehti.fi\/tahanontultu\/#website","url":"https:\/\/suomenkuvalehti.fi\/tahanontultu\/","name":"T\u00e4h\u00e4n on tultu","description":"Fingerpori-sarjakuvan piirt\u00e4j\u00e4 p\u00e4hk\u00e4ilee maailmaa vitsien takana.","potentialAction":[{"@type":"SearchAction","target":{"@type":"EntryPoint","urlTemplate":"https:\/\/suomenkuvalehti.fi\/haku\/?q={search_term_string}"},"query-input":{"@type":"PropertyValueSpecification","valueRequired":true,"valueName":"search_term_string"}}],"inLanguage":"fi"},{"@type":"Person","@id":"https:\/\/suomenkuvalehti.fi\/tahanontultu\/#\/schema\/person\/f258b4d6c9f57d438aab20b0066db5e7","name":"Pertti Jarla","image":{"@type":"ImageObject","inLanguage":"fi","@id":"https:\/\/suomenkuvalehti.fi\/tahanontultu\/#\/schema\/person\/image\/","url":"https:\/\/suomenkuvalehti.fi\/tahanontultu\/wp-content\/uploads\/sites\/14\/2013\/11\/jarla-150x150.jpg","contentUrl":"https:\/\/suomenkuvalehti.fi\/tahanontultu\/wp-content\/uploads\/sites\/14\/2013\/11\/jarla-150x150.jpg","caption":"Pertti Jarla"},"description":"Kirjoittaja on porvoolainen sarjakuvantekij\u00e4."}]}},"_links":{"self":[{"href":"https:\/\/suomenkuvalehti.fi\/tahanontultu\/wp-json\/wp\/v2\/posts\/357","targetHints":{"allow":["GET"]}}],"collection":[{"href":"https:\/\/suomenkuvalehti.fi\/tahanontultu\/wp-json\/wp\/v2\/posts"}],"about":[{"href":"https:\/\/suomenkuvalehti.fi\/tahanontultu\/wp-json\/wp\/v2\/types\/post"}],"author":[{"embeddable":true,"href":"https:\/\/suomenkuvalehti.fi\/tahanontultu\/wp-json\/wp\/v2\/users\/153"}],"replies":[{"embeddable":true,"href":"https:\/\/suomenkuvalehti.fi\/tahanontultu\/wp-json\/wp\/v2\/comments?post=357"}],"version-history":[{"count":9,"href":"https:\/\/suomenkuvalehti.fi\/tahanontultu\/wp-json\/wp\/v2\/posts\/357\/revisions"}],"predecessor-version":[{"id":367,"href":"https:\/\/suomenkuvalehti.fi\/tahanontultu\/wp-json\/wp\/v2\/posts\/357\/revisions\/367"}],"wp:attachment":[{"href":"https:\/\/suomenkuvalehti.fi\/tahanontultu\/wp-json\/wp\/v2\/media?parent=357"}],"wp:term":[{"taxonomy":"category","embeddable":true,"href":"https:\/\/suomenkuvalehti.fi\/tahanontultu\/wp-json\/wp\/v2\/categories?post=357"},{"taxonomy":"post_tag","embeddable":true,"href":"https:\/\/suomenkuvalehti.fi\/tahanontultu\/wp-json\/wp\/v2\/tags?post=357"}],"curies":[{"name":"wp","href":"https:\/\/api.w.org\/{rel}","templated":true}]}}