{"id":311,"date":"2016-02-18T11:20:25","date_gmt":"2016-02-18T09:20:25","guid":{"rendered":"https:\/\/suomenkuvalehti.fi\/tahanontultu\/?p=311"},"modified":"2016-02-18T11:27:48","modified_gmt":"2016-02-18T09:27:48","slug":"hallinta-meni","status":"publish","type":"post","link":"https:\/\/suomenkuvalehti.fi\/tahanontultu\/hallinta-meni\/","title":{"rendered":"Hallinta meni"},"content":{"rendered":"\n<p>Jos Suomi olisi autoilija, h\u00e4n n\u00e4kisi vaikeat paikat ensin positiivisina haasteina, sitten huomaisi riskej\u00e4 ja samassa tilanne olisikin jo kest\u00e4m\u00e4t\u00f6n, auto lent\u00e4isi p\u00f6pelikk\u00f6\u00f6n justiinsa. T\u00e4lt\u00e4 n\u00e4ytt\u00e4\u00e4&nbsp; maahanmuuttotilanteen hoito.<\/p>\n\n\n\n<p>Puhutaan mielell\u00e4\u00e4n <em>hallitsemattomasta maahanmuutosta<\/em>. Tuore valtioneuvoston rahoittama, poliisiammattikorkeakoulun toteuttama <a href=\"http:\/\/www.iltasanomat.fi\/kotimaa\/art-2000001120141.html\" target=\"_blank\">raportti varoittaa<\/a>:<\/p>\n\n\n\n<p><em>&#8221;On selv\u00e4\u00e4, ett\u00e4 mik\u00e4li hallitsematon maahanmuutto jatkuu yht\u00e4 runsaana vuosia, ei yksik\u00e4\u00e4n valtio Euroopassa kest\u00e4 sit\u00e4 yhteiskuntarauhan vaarantumatta.<\/em>&#8221;<\/p>\n\n\n\n<p>En ole mik\u00e4\u00e4n sakaritimonen, tajusin etten tied\u00e4 miten tarkalleen m\u00e4\u00e4ritell\u00e4\u00e4n &#8221;maahanmuutto&#8221;. Vammaisten maahanmuuttajien tukikeskus <a href=\"http:\/\/www.tukikeskushilma.fi\/materiaali\/index2.php?sivu=1264\" target=\"_blank\">Hilman sivuilta<\/a> viimein l\u00f6ytyy:<\/p>\n\n\n\n<p><em>&#8221;Maahanmuuttajaksi m\u00e4\u00e4ritell\u00e4\u00e4n yleisesti henkil\u00f6, joka asettuu Suomeen vuodeksi tai pidemm\u00e4ksi ajaksi.&#8221;<\/em><\/p>\n\n\n\n<p>Turvapaikanhakijahan saa oleskella maassamme niin kauan kuin h\u00e4nen asiansa k\u00e4sittely kest\u00e4\u00e4. Aiemmin t\u00e4st\u00e4 on suoriuduttu puolessa vuodessa, nyt arvellaan ett\u00e4 <a href=\"http:\/\/yle.fi\/uutiset\/turvapaikkahakemusten_kasittelyajat_venyvat__taalla_on_tuhansia_turvapaikanhakijoita_monta_vuotta\/8295512\" target=\"_blank\">voi veny\u00e4 yli kahden vuoden<\/a>. Joten jokainen vastaanottokeskuksessa p\u00e4\u00e4t\u00f6st\u00e4 venaileva pakolainen ehtii noin vuoden ajan t\u00e4ytt\u00e4\u00e4 tuon maahanmuuttajan m\u00e4\u00e4ritelm\u00e4n. T\u00e4ss\u00e4 mieless\u00e4 lyhytaikaisten maahanmuuttajien <em>m\u00e4\u00e4r\u00e4<\/em> on hallitsematon.<\/p>\n\n\n\n<p>Mutta jokaisen turvapaikanhakijan tapaus k\u00e4sitell\u00e4\u00e4n, siin\u00e4 ei ole mit\u00e4\u00e4n hallitsematonta. My\u00f6s heid\u00e4n v\u00e4liaikaismajoituksensa on t\u00e4ysin hallinnassa, eiv\u00e4t he mene minne sattuu oleskelemaan. <a href=\"http:\/\/www.hs.fi\/kotimaa\/a1441244829390\" target=\"_blank\">Alle puolet<\/a> saa j\u00e4\u00e4d\u00e4 maahan. Vuoden 2015 tammi-hein\u00e4kuussa k\u00e4siteltiin 2414 turvapaikkahakemusta, hieman alle tuhat sai j\u00e4\u00e4d\u00e4.<\/p>\n\n\n\n<p>Eli, turvapaikanhakuprosessi on hidastunut tulijoiden m\u00e4\u00e4r\u00e4n kasvaessa. Jotkut poliitikot, toimittajat ja jopa tutkijat ovat julistaneet tilanteen &#8221;hallitsemattomaksi maahanmuutoksi&#8221;, ja t\u00e4t\u00e4 ei hirve\u00e4sti jakseta kyseenalaistaa. Hirve\u00e4n mielell\u00e4\u00e4n nostetaan k\u00e4det pystyyn kun oikeaa auttamisen tahtoa ei ole.<\/p>\n\n\n\n<p>Sivumennen sanoen hakemusten k\u00e4sittely nopeutuisi, jos viranomaisilla olisi enemm\u00e4n resursseja. Vastaanottokeskusten turvaaminen onnistuisi paremmin, jos poliisilla olisi enemm\u00e4n resursseja. Hallitus ei hirve\u00e4sti mainosta sit\u00e4, ett\u00e4 t\u00e4m\u00e4 on hinta byrokratian purkutalkoista.<\/p>\n\n\n\n<p>Olen nyt talven aikana vastannut meileihini hitaammin ja laiskemmin, ne ovat kasautuneet inboxiin. Tilanne on hallitsematon!<\/p>\n\n\n\n<p>&nbsp;<\/p>\n\n\n","protected":false},"excerpt":{"rendered":"<p>Jos Suomi olisi autoilija, h\u00e4n n\u00e4kisi vaikeat paikat ensin positiivisina haasteina, sitten huomaisi riskej\u00e4 ja samassa tilanne olisikin jo kest\u00e4m\u00e4t\u00f6n, auto lent\u00e4isi p\u00f6pelikk\u00f6\u00f6n justiinsa. T\u00e4lt\u00e4 n\u00e4ytt\u00e4\u00e4&nbsp; maahanmuuttotilanteen hoito. Puhutaan mielell\u00e4\u00e4n hallitsemattomasta maahanmuutosta. Tuore<br \/>\nvaltioneuvoston &hellip;<\/p>\n","protected":false},"author":153,"featured_media":0,"comment_status":"open","ping_status":"open","sticky":false,"template":"","format":"standard","meta":{"_acf_changed":false,"asauth_required_access_level":3,"asauth_cansharepaid":"true","om_header_attributes":[],"footnotes":"","om_featured_image_focal_point":[],"om_primary_tag":0,"om_contributors":[],"om_co_authors":[],"beyondwords_generate_audio":"","beyondwords_project_id":"","beyondwords_content_id":"","beyondwords_preview_token":"","beyondwords_player_content":"","beyondwords_player_style":"","beyondwords_language_code":"","beyondwords_language_id":"","beyondwords_title_voice_id":"","beyondwords_body_voice_id":"","beyondwords_summary_voice_id":"","beyondwords_error_message":"","beyondwords_disabled":"","beyondwords_delete_content":"","beyondwords_podcast_id":"","beyondwords_hash":"","publish_post_to_speechkit":"","speechkit_hash":"","speechkit_generate_audio":"","speechkit_project_id":"","speechkit_podcast_id":"","speechkit_error_message":"","speechkit_disabled":"","speechkit_access_key":"","speechkit_error":"","speechkit_info":"","speechkit_response":"","speechkit_retries":"","speechkit_status":"","speechkit_updated_at":"","_speechkit_link":"","_speechkit_text":""},"categories":[1],"tags":[182,133,450],"class_list":["post-311","post","type-post","status-publish","format-standard","hentry","category-tahan-on-tultu","tag-maahanmuuttokeskustelu","tag-pakolaiset","tag-turvapaikanhakijat"],"om_views":null,"acf":{"tuuma_off":false,"tuuma_kysymys":"","tuuma_vastaus":""},"asauth":{"required_access_level":1,"share_token":"","is_paid":false},"yoast_head":"<!-- This site is optimized with the Yoast SEO plugin v26.4 - https:\/\/yoast.com\/wordpress\/plugins\/seo\/ -->\n<title>Hallinta meni - T\u00e4h\u00e4n on tultu<\/title>\n<meta name=\"robots\" content=\"index, follow, max-snippet:-1, max-image-preview:large, max-video-preview:-1\" \/>\n<link rel=\"canonical\" href=\"https:\/\/suomenkuvalehti.fi\/tahanontultu\/hallinta-meni\/\" \/>\n<meta property=\"og:locale\" content=\"fi_FI\" \/>\n<meta property=\"og:type\" content=\"article\" \/>\n<meta property=\"og:title\" content=\"Hallinta meni - T\u00e4h\u00e4n on tultu\" \/>\n<meta property=\"og:description\" content=\"Jos Suomi olisi autoilija, h\u00e4n n\u00e4kisi vaikeat paikat ensin positiivisina haasteina, sitten huomaisi riskej\u00e4 ja samassa tilanne olisikin jo kest\u00e4m\u00e4t\u00f6n, auto lent\u00e4isi p\u00f6pelikk\u00f6\u00f6n justiinsa. T\u00e4lt\u00e4 n\u00e4ytt\u00e4\u00e4&nbsp; maahanmuuttotilanteen hoito. Puhutaan mielell\u00e4\u00e4n hallitsemattomasta maahanmuutosta. Tuore valtioneuvoston &hellip;\" \/>\n<meta property=\"og:url\" content=\"https:\/\/suomenkuvalehti.fi\/tahanontultu\/hallinta-meni\/\" \/>\n<meta property=\"og:site_name\" content=\"T\u00e4h\u00e4n on tultu\" \/>\n<meta property=\"article:published_time\" content=\"2016-02-18T09:20:25+00:00\" \/>\n<meta property=\"article:modified_time\" content=\"2016-02-18T09:27:48+00:00\" \/>\n<meta property=\"og:image\" content=\"https:\/\/suomenkuvalehti.fi\/tahanontultu\/wp-content\/uploads\/sites\/14\/2013\/11\/jarla.jpg\" \/>\n\t<meta property=\"og:image:width\" content=\"419\" \/>\n\t<meta property=\"og:image:height\" content=\"425\" \/>\n\t<meta property=\"og:image:type\" content=\"image\/jpeg\" \/>\n<meta name=\"author\" content=\"Pertti Jarla\" \/>\n<meta name=\"twitter:card\" content=\"summary_large_image\" \/>\n<meta name=\"twitter:label1\" content=\"Written by\" \/>\n\t<meta name=\"twitter:data1\" content=\"Pertti Jarla\" \/>\n\t<meta name=\"twitter:label2\" content=\"Est. reading time\" \/>\n\t<meta name=\"twitter:data2\" content=\"2 minuuttia\" \/>\n<script type=\"application\/ld+json\" class=\"yoast-schema-graph\">{\"@context\":\"https:\/\/schema.org\",\"@graph\":[{\"@type\":\"WebPage\",\"@id\":\"https:\/\/suomenkuvalehti.fi\/tahanontultu\/hallinta-meni\/\",\"url\":\"https:\/\/suomenkuvalehti.fi\/tahanontultu\/hallinta-meni\/\",\"name\":\"Hallinta meni - T\u00e4h\u00e4n on tultu\",\"isPartOf\":{\"@id\":\"https:\/\/suomenkuvalehti.fi\/tahanontultu\/#website\"},\"datePublished\":\"2016-02-18T09:20:25+00:00\",\"dateModified\":\"2016-02-18T09:27:48+00:00\",\"author\":{\"@id\":\"https:\/\/suomenkuvalehti.fi\/tahanontultu\/#\/schema\/person\/f258b4d6c9f57d438aab20b0066db5e7\"},\"breadcrumb\":{\"@id\":\"https:\/\/suomenkuvalehti.fi\/tahanontultu\/hallinta-meni\/#breadcrumb\"},\"inLanguage\":\"fi\",\"potentialAction\":[{\"@type\":\"ReadAction\",\"target\":[\"https:\/\/suomenkuvalehti.fi\/tahanontultu\/hallinta-meni\/\"]}]},{\"@type\":\"BreadcrumbList\",\"@id\":\"https:\/\/suomenkuvalehti.fi\/tahanontultu\/hallinta-meni\/#breadcrumb\",\"itemListElement\":[{\"@type\":\"ListItem\",\"position\":1,\"name\":\"Home\",\"item\":\"https:\/\/suomenkuvalehti.fi\/tahanontultu\/\"},{\"@type\":\"ListItem\",\"position\":2,\"name\":\"Hallinta meni\"}]},{\"@type\":\"WebSite\",\"@id\":\"https:\/\/suomenkuvalehti.fi\/tahanontultu\/#website\",\"url\":\"https:\/\/suomenkuvalehti.fi\/tahanontultu\/\",\"name\":\"T\u00e4h\u00e4n on tultu\",\"description\":\"Fingerpori-sarjakuvan piirt\u00e4j\u00e4 p\u00e4hk\u00e4ilee maailmaa vitsien takana.\",\"potentialAction\":[{\"@type\":\"SearchAction\",\"target\":{\"@type\":\"EntryPoint\",\"urlTemplate\":\"https:\/\/suomenkuvalehti.fi\/haku\/?q={search_term_string}\"},\"query-input\":{\"@type\":\"PropertyValueSpecification\",\"valueRequired\":true,\"valueName\":\"search_term_string\"}}],\"inLanguage\":\"fi\"},{\"@type\":\"Person\",\"@id\":\"https:\/\/suomenkuvalehti.fi\/tahanontultu\/#\/schema\/person\/f258b4d6c9f57d438aab20b0066db5e7\",\"name\":\"Pertti Jarla\",\"image\":{\"@type\":\"ImageObject\",\"inLanguage\":\"fi\",\"@id\":\"https:\/\/suomenkuvalehti.fi\/tahanontultu\/#\/schema\/person\/image\/\",\"url\":\"https:\/\/suomenkuvalehti.fi\/tahanontultu\/wp-content\/uploads\/sites\/14\/2013\/11\/jarla-150x150.jpg\",\"contentUrl\":\"https:\/\/suomenkuvalehti.fi\/tahanontultu\/wp-content\/uploads\/sites\/14\/2013\/11\/jarla-150x150.jpg\",\"caption\":\"Pertti Jarla\"},\"description\":\"Kirjoittaja on porvoolainen sarjakuvantekij\u00e4.\"}]}<\/script>\n<!-- \/ Yoast SEO plugin. -->","yoast_head_json":{"title":"Hallinta meni - T\u00e4h\u00e4n on tultu","robots":{"index":"index","follow":"follow","max-snippet":"max-snippet:-1","max-image-preview":"max-image-preview:large","max-video-preview":"max-video-preview:-1"},"canonical":"https:\/\/suomenkuvalehti.fi\/tahanontultu\/hallinta-meni\/","og_locale":"fi_FI","og_type":"article","og_title":"Hallinta meni - T\u00e4h\u00e4n on tultu","og_description":"Jos Suomi olisi autoilija, h\u00e4n n\u00e4kisi vaikeat paikat ensin positiivisina haasteina, sitten huomaisi riskej\u00e4 ja samassa tilanne olisikin jo kest\u00e4m\u00e4t\u00f6n, auto lent\u00e4isi p\u00f6pelikk\u00f6\u00f6n justiinsa. T\u00e4lt\u00e4 n\u00e4ytt\u00e4\u00e4&nbsp; maahanmuuttotilanteen hoito. Puhutaan mielell\u00e4\u00e4n hallitsemattomasta maahanmuutosta. Tuore valtioneuvoston &hellip;","og_url":"https:\/\/suomenkuvalehti.fi\/tahanontultu\/hallinta-meni\/","og_site_name":"T\u00e4h\u00e4n on tultu","article_published_time":"2016-02-18T09:20:25+00:00","article_modified_time":"2016-02-18T09:27:48+00:00","og_image":[{"width":419,"height":425,"url":"https:\/\/suomenkuvalehti.fi\/tahanontultu\/wp-content\/uploads\/sites\/14\/2013\/11\/jarla.jpg","type":"image\/jpeg"}],"author":"Pertti Jarla","twitter_card":"summary_large_image","twitter_misc":{"Written by":"Pertti Jarla","Est. reading time":"2 minuuttia"},"schema":{"@context":"https:\/\/schema.org","@graph":[{"@type":"WebPage","@id":"https:\/\/suomenkuvalehti.fi\/tahanontultu\/hallinta-meni\/","url":"https:\/\/suomenkuvalehti.fi\/tahanontultu\/hallinta-meni\/","name":"Hallinta meni - T\u00e4h\u00e4n on tultu","isPartOf":{"@id":"https:\/\/suomenkuvalehti.fi\/tahanontultu\/#website"},"datePublished":"2016-02-18T09:20:25+00:00","dateModified":"2016-02-18T09:27:48+00:00","author":{"@id":"https:\/\/suomenkuvalehti.fi\/tahanontultu\/#\/schema\/person\/f258b4d6c9f57d438aab20b0066db5e7"},"breadcrumb":{"@id":"https:\/\/suomenkuvalehti.fi\/tahanontultu\/hallinta-meni\/#breadcrumb"},"inLanguage":"fi","potentialAction":[{"@type":"ReadAction","target":["https:\/\/suomenkuvalehti.fi\/tahanontultu\/hallinta-meni\/"]}]},{"@type":"BreadcrumbList","@id":"https:\/\/suomenkuvalehti.fi\/tahanontultu\/hallinta-meni\/#breadcrumb","itemListElement":[{"@type":"ListItem","position":1,"name":"Home","item":"https:\/\/suomenkuvalehti.fi\/tahanontultu\/"},{"@type":"ListItem","position":2,"name":"Hallinta meni"}]},{"@type":"WebSite","@id":"https:\/\/suomenkuvalehti.fi\/tahanontultu\/#website","url":"https:\/\/suomenkuvalehti.fi\/tahanontultu\/","name":"T\u00e4h\u00e4n on tultu","description":"Fingerpori-sarjakuvan piirt\u00e4j\u00e4 p\u00e4hk\u00e4ilee maailmaa vitsien takana.","potentialAction":[{"@type":"SearchAction","target":{"@type":"EntryPoint","urlTemplate":"https:\/\/suomenkuvalehti.fi\/haku\/?q={search_term_string}"},"query-input":{"@type":"PropertyValueSpecification","valueRequired":true,"valueName":"search_term_string"}}],"inLanguage":"fi"},{"@type":"Person","@id":"https:\/\/suomenkuvalehti.fi\/tahanontultu\/#\/schema\/person\/f258b4d6c9f57d438aab20b0066db5e7","name":"Pertti Jarla","image":{"@type":"ImageObject","inLanguage":"fi","@id":"https:\/\/suomenkuvalehti.fi\/tahanontultu\/#\/schema\/person\/image\/","url":"https:\/\/suomenkuvalehti.fi\/tahanontultu\/wp-content\/uploads\/sites\/14\/2013\/11\/jarla-150x150.jpg","contentUrl":"https:\/\/suomenkuvalehti.fi\/tahanontultu\/wp-content\/uploads\/sites\/14\/2013\/11\/jarla-150x150.jpg","caption":"Pertti Jarla"},"description":"Kirjoittaja on porvoolainen sarjakuvantekij\u00e4."}]}},"_links":{"self":[{"href":"https:\/\/suomenkuvalehti.fi\/tahanontultu\/wp-json\/wp\/v2\/posts\/311","targetHints":{"allow":["GET"]}}],"collection":[{"href":"https:\/\/suomenkuvalehti.fi\/tahanontultu\/wp-json\/wp\/v2\/posts"}],"about":[{"href":"https:\/\/suomenkuvalehti.fi\/tahanontultu\/wp-json\/wp\/v2\/types\/post"}],"author":[{"embeddable":true,"href":"https:\/\/suomenkuvalehti.fi\/tahanontultu\/wp-json\/wp\/v2\/users\/153"}],"replies":[{"embeddable":true,"href":"https:\/\/suomenkuvalehti.fi\/tahanontultu\/wp-json\/wp\/v2\/comments?post=311"}],"version-history":[{"count":10,"href":"https:\/\/suomenkuvalehti.fi\/tahanontultu\/wp-json\/wp\/v2\/posts\/311\/revisions"}],"predecessor-version":[{"id":321,"href":"https:\/\/suomenkuvalehti.fi\/tahanontultu\/wp-json\/wp\/v2\/posts\/311\/revisions\/321"}],"wp:attachment":[{"href":"https:\/\/suomenkuvalehti.fi\/tahanontultu\/wp-json\/wp\/v2\/media?parent=311"}],"wp:term":[{"taxonomy":"category","embeddable":true,"href":"https:\/\/suomenkuvalehti.fi\/tahanontultu\/wp-json\/wp\/v2\/categories?post=311"},{"taxonomy":"post_tag","embeddable":true,"href":"https:\/\/suomenkuvalehti.fi\/tahanontultu\/wp-json\/wp\/v2\/tags?post=311"}],"curies":[{"name":"wp","href":"https:\/\/api.w.org\/{rel}","templated":true}]}}