{"id":30,"date":"2013-01-21T21:45:03","date_gmt":"2013-01-21T19:45:03","guid":{"rendered":"https:\/\/suomenkuvalehti.fi\/tahanontultu\/2013\/01\/21\/juri-lina-ad-hominem\/"},"modified":"2013-01-21T21:45:03","modified_gmt":"2013-01-21T19:45:03","slug":"juri-lina-ad-hominem","status":"publish","type":"post","link":"https:\/\/suomenkuvalehti.fi\/tahanontultu\/juri-lina-ad-hominem\/","title":{"rendered":"J\u00fcri Lina ad hominem"},"content":{"rendered":"\n<p>Yleisradion MOT on kaikenkaikkiaan ollut oivallinen tutkivan journalismin ohjelma. Ohilaukauksiakin on tekeville sattunut. Muistan vuosien takaisen saatananpalvonta hevimusiikissa-katsauksen, ja nyt oli melko ep\u00e4m\u00e4\u00e4r\u00e4iseksi j\u00e4\u00e4nyt esitys vapaamuurareista, <a title=\"yle arkki\" href=\"http:\/\/areena.yle.fi\/tv\/1772018\" target=\"_blank\">&#8221;Hyv\u00e4t veljet muurarit&#8221;<\/a>. En nyt v\u00e4it\u00e4, etteik\u00f6 vapaamuurareilla voisi olla kyseenalaista hyv\u00e4 veli-toimintaa, mutta t\u00e4m\u00e4 katsaus meinasi v\u00e4h\u00e4n j\u00e4\u00e4d\u00e4 &#8221;kerrotaan jotta&#8221; -juttujen tasolle.<\/p>\n\n\n\n<p>Ennenkaikkea huomioni kiinnittyi siihen, ett\u00e4 yhten\u00e4 asiantuntijana k\u00e4ytettiin virolaista <strong>J\u00fcri Linaa<\/strong>. Lina on er\u00e4\u00e4nlainen virolainen <strong>Rauni-Leena Luukanen<\/strong>. Tied\u00e4n, ett\u00e4 v\u00e4itteit\u00e4 ei pit\u00e4isi lyt\u00e4t\u00e4 esitt\u00e4j\u00e4n persoonaan vedoten, seh\u00e4n on argumentaatiovirhe <a title=\"wikipedia\" href=\"http:\/\/fi.wikipedia.org\/wiki\/Argumentum_ad_hominem\" target=\"_blank\">ad hominem<\/a>. Ajattelin kuitenkin, ett\u00e4 MOT:n n\u00e4hneit\u00e4 voisi kiinnostaa millainen kokonaiskuva Linalla on vapaamuurareista.<\/p>\n\n\n\n<p>J\u00fcri Linan kirja <strong><a title=\"juri lina\" href=\"http:\/\/www.jyrilina.com\/index.php?page=architects-of-deception\" target=\"_blank\">&#8221;Secret History of Freemasonry&#8221;<\/a><\/strong>kertoo, kuinka vapaamuurarit:<\/p>\n\n\n\n<p>-junailivat Ven\u00e4j\u00e4n vallankumouksen, ensimm\u00e4isen ja toisen maailmansodan, Jugoslavian sis\u00e4llissodan ym ym.<\/p>\n\n\n\n<p>-k\u00e4tkev\u00e4t meilt\u00e4 keksint\u00f6j\u00e4: 1968 he vaiensivat brittitiedemiehen, joka keksi lent\u00e4v\u00e4n lautasen mallisen antigravitaatiolaitteen.<\/p>\n\n\n\n<p>-Hallitsemansa USA:n Food and Drug Administrationin (FDA) kautta myrkytt\u00e4v\u00e4t nyt maailmaa rokotteilla. Vapaamuurarit ovat kytk\u00f6ksiss\u00e4 Illuminatiin ja havittelevat maailmanvaltaa.<\/p>\n\n\n\n<p><strong>Adolf Hitleriin<\/strong> ja h\u00e4nen Saksaansa Lina suhtautuu varsin my\u00f6nteisesti. H\u00e4nen mukaansa:<\/p>\n\n\n\n<p><em>National socialism turned out to be superior to the democratic system. Hitler was able to solve the social and economic crises against which the democratic countries were struggling. <\/em><\/p>\n\n\n\n<p>Brittil\u00e4iset vapaamuuraripankkiirit ja juutalaiset eiv\u00e4t voineet siet\u00e4\u00e4 Hitlerin uudistuksia, vaan mustamaalasivat natseja. Lopulta Hitlerin oli pakko hy\u00f6k\u00e4t\u00e4 Puolaan, koska<\/p>\n\n\n\n<p><em>Poland was planning a lightning attack by 700 000 troops on Berlin. Warsaw was only waiting for a go-ahead sign from London.<\/em><\/p>\n\n\n\n<p>Lopulta katkera rahaeliitti murskasi Hitlerin. Ent\u00e4 juutalaisholokausti? No seh\u00e4n on tietenkin sympatiaa havittelevien juutalaisten valhe:<\/p>\n\n\n\n<p><em>There is evidence that all the gas chambers were built after the Second World War by Soviet and American soldiers as well.<\/em><\/p>\n\n\n\n<p>Kaikki t\u00e4m\u00e4 on tuttua juttua vastaavista yhteyksist\u00e4, mutta ainakin yksi minulle uusi paljastus kirjasta l\u00f6ytyy: Juri Gagarin ei koskaan k\u00e4ynyt avaruudessa. Neuvostojohto katsoi parhaaksi v\u00e4\u00e4rent\u00e4\u00e4 h\u00e4nen lentonsa pahojen vaikeuksien j\u00e4lkeen: <em>7-11 cosmonauts have died in orbit before Gagarin.<\/em><\/p>\n\n\n\n<p>Kaiken kaikkiaan J\u00fcri Lina on eritt\u00e4in hauska kirjoittaja, jota n\u00e4kisi mielell\u00e4\u00e4n lis\u00e4\u00e4 televisiossakin Rauni-Leenan ohella.<\/p>\n\n\n","protected":false},"excerpt":{"rendered":"<p>Yleisradion MOT on kaikenkaikkiaan ollut oivallinen tutkivan journalismin ohjelma. Ohilaukauksiakin on tekeville sattunut. Muistan vuosien takaisen saatananpalvonta hevimusiikissa-katsauksen, ja nyt oli melko ep\u00e4m\u00e4\u00e4r\u00e4iseksi j\u00e4\u00e4nyt esitys vapaamuurareista, &#8221;Hyv\u00e4t veljet muurarit&#8221;. En nyt<br \/>\nv\u00e4it\u00e4,&hellip;<\/p>\n","protected":false},"author":153,"featured_media":0,"comment_status":"open","ping_status":"open","sticky":false,"template":"","format":"standard","meta":{"_acf_changed":false,"asauth_required_access_level":0,"asauth_cansharepaid":"","om_header_attributes":[],"footnotes":"","om_featured_image_focal_point":[],"om_primary_tag":0,"om_contributors":[],"om_co_authors":[],"beyondwords_generate_audio":"","beyondwords_project_id":"","beyondwords_content_id":"","beyondwords_preview_token":"","beyondwords_player_content":"","beyondwords_player_style":"","beyondwords_language_code":"","beyondwords_language_id":"","beyondwords_title_voice_id":"","beyondwords_body_voice_id":"","beyondwords_summary_voice_id":"","beyondwords_error_message":"","beyondwords_disabled":"","beyondwords_delete_content":"","beyondwords_podcast_id":"","beyondwords_hash":"","publish_post_to_speechkit":"","speechkit_hash":"","speechkit_generate_audio":"","speechkit_project_id":"","speechkit_podcast_id":"","speechkit_error_message":"","speechkit_disabled":"","speechkit_access_key":"","speechkit_error":"","speechkit_info":"","speechkit_response":"","speechkit_retries":"","speechkit_status":"","speechkit_updated_at":"","_speechkit_link":"","_speechkit_text":""},"categories":[1],"tags":[82,80,81],"class_list":["post-30","post","type-post","status-publish","format-standard","hentry","category-tahan-on-tultu","tag-juri-lina","tag-mot","tag-vapaamuurarit"],"om_views":null,"acf":{"tuuma_off":false,"tuuma_kysymys":"","tuuma_vastaus":""},"asauth":{"required_access_level":1,"share_token":"","is_paid":false},"yoast_head":"<!-- This site is optimized with the Yoast SEO plugin v26.4 - https:\/\/yoast.com\/wordpress\/plugins\/seo\/ -->\n<title>J\u00fcri Lina ad hominem - T\u00e4h\u00e4n on tultu<\/title>\n<meta name=\"robots\" content=\"index, follow, max-snippet:-1, max-image-preview:large, max-video-preview:-1\" \/>\n<link rel=\"canonical\" href=\"https:\/\/suomenkuvalehti.fi\/tahanontultu\/juri-lina-ad-hominem\/\" \/>\n<meta property=\"og:locale\" content=\"fi_FI\" \/>\n<meta property=\"og:type\" content=\"article\" \/>\n<meta property=\"og:title\" content=\"J\u00fcri Lina ad hominem - T\u00e4h\u00e4n on tultu\" \/>\n<meta property=\"og:description\" content=\"Yleisradion MOT on kaikenkaikkiaan ollut oivallinen tutkivan journalismin ohjelma. Ohilaukauksiakin on tekeville sattunut. Muistan vuosien takaisen saatananpalvonta hevimusiikissa-katsauksen, ja nyt oli melko ep\u00e4m\u00e4\u00e4r\u00e4iseksi j\u00e4\u00e4nyt esitys vapaamuurareista, &#8221;Hyv\u00e4t veljet muurarit&#8221;. En nyt v\u00e4it\u00e4,&hellip;\" \/>\n<meta property=\"og:url\" content=\"https:\/\/suomenkuvalehti.fi\/tahanontultu\/juri-lina-ad-hominem\/\" \/>\n<meta property=\"og:site_name\" content=\"T\u00e4h\u00e4n on tultu\" \/>\n<meta property=\"article:published_time\" content=\"2013-01-21T19:45:03+00:00\" \/>\n<meta property=\"og:image\" content=\"https:\/\/suomenkuvalehti.fi\/tahanontultu\/wp-content\/uploads\/sites\/14\/2013\/11\/jarla.jpg\" \/>\n\t<meta property=\"og:image:width\" content=\"419\" \/>\n\t<meta property=\"og:image:height\" content=\"425\" \/>\n\t<meta property=\"og:image:type\" content=\"image\/jpeg\" \/>\n<meta name=\"author\" content=\"Pertti Jarla\" \/>\n<meta name=\"twitter:card\" content=\"summary_large_image\" \/>\n<meta name=\"twitter:label1\" content=\"Written by\" \/>\n\t<meta name=\"twitter:data1\" content=\"Pertti Jarla\" \/>\n\t<meta name=\"twitter:label2\" content=\"Est. reading time\" \/>\n\t<meta name=\"twitter:data2\" content=\"2 minuuttia\" \/>\n<script type=\"application\/ld+json\" class=\"yoast-schema-graph\">{\"@context\":\"https:\/\/schema.org\",\"@graph\":[{\"@type\":\"WebPage\",\"@id\":\"https:\/\/suomenkuvalehti.fi\/tahanontultu\/juri-lina-ad-hominem\/\",\"url\":\"https:\/\/suomenkuvalehti.fi\/tahanontultu\/juri-lina-ad-hominem\/\",\"name\":\"J\u00fcri Lina ad hominem - T\u00e4h\u00e4n on tultu\",\"isPartOf\":{\"@id\":\"https:\/\/suomenkuvalehti.fi\/tahanontultu\/#website\"},\"datePublished\":\"2013-01-21T19:45:03+00:00\",\"author\":{\"@id\":\"https:\/\/suomenkuvalehti.fi\/tahanontultu\/#\/schema\/person\/f258b4d6c9f57d438aab20b0066db5e7\"},\"breadcrumb\":{\"@id\":\"https:\/\/suomenkuvalehti.fi\/tahanontultu\/juri-lina-ad-hominem\/#breadcrumb\"},\"inLanguage\":\"fi\",\"potentialAction\":[{\"@type\":\"ReadAction\",\"target\":[\"https:\/\/suomenkuvalehti.fi\/tahanontultu\/juri-lina-ad-hominem\/\"]}]},{\"@type\":\"BreadcrumbList\",\"@id\":\"https:\/\/suomenkuvalehti.fi\/tahanontultu\/juri-lina-ad-hominem\/#breadcrumb\",\"itemListElement\":[{\"@type\":\"ListItem\",\"position\":1,\"name\":\"Home\",\"item\":\"https:\/\/suomenkuvalehti.fi\/tahanontultu\/\"},{\"@type\":\"ListItem\",\"position\":2,\"name\":\"J\u00fcri Lina ad hominem\"}]},{\"@type\":\"WebSite\",\"@id\":\"https:\/\/suomenkuvalehti.fi\/tahanontultu\/#website\",\"url\":\"https:\/\/suomenkuvalehti.fi\/tahanontultu\/\",\"name\":\"T\u00e4h\u00e4n on tultu\",\"description\":\"Fingerpori-sarjakuvan piirt\u00e4j\u00e4 p\u00e4hk\u00e4ilee maailmaa vitsien takana.\",\"potentialAction\":[{\"@type\":\"SearchAction\",\"target\":{\"@type\":\"EntryPoint\",\"urlTemplate\":\"https:\/\/suomenkuvalehti.fi\/haku\/?q={search_term_string}\"},\"query-input\":{\"@type\":\"PropertyValueSpecification\",\"valueRequired\":true,\"valueName\":\"search_term_string\"}}],\"inLanguage\":\"fi\"},{\"@type\":\"Person\",\"@id\":\"https:\/\/suomenkuvalehti.fi\/tahanontultu\/#\/schema\/person\/f258b4d6c9f57d438aab20b0066db5e7\",\"name\":\"Pertti Jarla\",\"image\":{\"@type\":\"ImageObject\",\"inLanguage\":\"fi\",\"@id\":\"https:\/\/suomenkuvalehti.fi\/tahanontultu\/#\/schema\/person\/image\/\",\"url\":\"https:\/\/suomenkuvalehti.fi\/tahanontultu\/wp-content\/uploads\/sites\/14\/2013\/11\/jarla-150x150.jpg\",\"contentUrl\":\"https:\/\/suomenkuvalehti.fi\/tahanontultu\/wp-content\/uploads\/sites\/14\/2013\/11\/jarla-150x150.jpg\",\"caption\":\"Pertti Jarla\"},\"description\":\"Kirjoittaja on porvoolainen sarjakuvantekij\u00e4.\"}]}<\/script>\n<!-- \/ Yoast SEO plugin. -->","yoast_head_json":{"title":"J\u00fcri Lina ad hominem - T\u00e4h\u00e4n on tultu","robots":{"index":"index","follow":"follow","max-snippet":"max-snippet:-1","max-image-preview":"max-image-preview:large","max-video-preview":"max-video-preview:-1"},"canonical":"https:\/\/suomenkuvalehti.fi\/tahanontultu\/juri-lina-ad-hominem\/","og_locale":"fi_FI","og_type":"article","og_title":"J\u00fcri Lina ad hominem - T\u00e4h\u00e4n on tultu","og_description":"Yleisradion MOT on kaikenkaikkiaan ollut oivallinen tutkivan journalismin ohjelma. Ohilaukauksiakin on tekeville sattunut. Muistan vuosien takaisen saatananpalvonta hevimusiikissa-katsauksen, ja nyt oli melko ep\u00e4m\u00e4\u00e4r\u00e4iseksi j\u00e4\u00e4nyt esitys vapaamuurareista, &#8221;Hyv\u00e4t veljet muurarit&#8221;. En nyt v\u00e4it\u00e4,&hellip;","og_url":"https:\/\/suomenkuvalehti.fi\/tahanontultu\/juri-lina-ad-hominem\/","og_site_name":"T\u00e4h\u00e4n on tultu","article_published_time":"2013-01-21T19:45:03+00:00","og_image":[{"width":419,"height":425,"url":"https:\/\/suomenkuvalehti.fi\/tahanontultu\/wp-content\/uploads\/sites\/14\/2013\/11\/jarla.jpg","type":"image\/jpeg"}],"author":"Pertti Jarla","twitter_card":"summary_large_image","twitter_misc":{"Written by":"Pertti Jarla","Est. reading time":"2 minuuttia"},"schema":{"@context":"https:\/\/schema.org","@graph":[{"@type":"WebPage","@id":"https:\/\/suomenkuvalehti.fi\/tahanontultu\/juri-lina-ad-hominem\/","url":"https:\/\/suomenkuvalehti.fi\/tahanontultu\/juri-lina-ad-hominem\/","name":"J\u00fcri Lina ad hominem - T\u00e4h\u00e4n on tultu","isPartOf":{"@id":"https:\/\/suomenkuvalehti.fi\/tahanontultu\/#website"},"datePublished":"2013-01-21T19:45:03+00:00","author":{"@id":"https:\/\/suomenkuvalehti.fi\/tahanontultu\/#\/schema\/person\/f258b4d6c9f57d438aab20b0066db5e7"},"breadcrumb":{"@id":"https:\/\/suomenkuvalehti.fi\/tahanontultu\/juri-lina-ad-hominem\/#breadcrumb"},"inLanguage":"fi","potentialAction":[{"@type":"ReadAction","target":["https:\/\/suomenkuvalehti.fi\/tahanontultu\/juri-lina-ad-hominem\/"]}]},{"@type":"BreadcrumbList","@id":"https:\/\/suomenkuvalehti.fi\/tahanontultu\/juri-lina-ad-hominem\/#breadcrumb","itemListElement":[{"@type":"ListItem","position":1,"name":"Home","item":"https:\/\/suomenkuvalehti.fi\/tahanontultu\/"},{"@type":"ListItem","position":2,"name":"J\u00fcri Lina ad hominem"}]},{"@type":"WebSite","@id":"https:\/\/suomenkuvalehti.fi\/tahanontultu\/#website","url":"https:\/\/suomenkuvalehti.fi\/tahanontultu\/","name":"T\u00e4h\u00e4n on tultu","description":"Fingerpori-sarjakuvan piirt\u00e4j\u00e4 p\u00e4hk\u00e4ilee maailmaa vitsien takana.","potentialAction":[{"@type":"SearchAction","target":{"@type":"EntryPoint","urlTemplate":"https:\/\/suomenkuvalehti.fi\/haku\/?q={search_term_string}"},"query-input":{"@type":"PropertyValueSpecification","valueRequired":true,"valueName":"search_term_string"}}],"inLanguage":"fi"},{"@type":"Person","@id":"https:\/\/suomenkuvalehti.fi\/tahanontultu\/#\/schema\/person\/f258b4d6c9f57d438aab20b0066db5e7","name":"Pertti Jarla","image":{"@type":"ImageObject","inLanguage":"fi","@id":"https:\/\/suomenkuvalehti.fi\/tahanontultu\/#\/schema\/person\/image\/","url":"https:\/\/suomenkuvalehti.fi\/tahanontultu\/wp-content\/uploads\/sites\/14\/2013\/11\/jarla-150x150.jpg","contentUrl":"https:\/\/suomenkuvalehti.fi\/tahanontultu\/wp-content\/uploads\/sites\/14\/2013\/11\/jarla-150x150.jpg","caption":"Pertti Jarla"},"description":"Kirjoittaja on porvoolainen sarjakuvantekij\u00e4."}]}},"_links":{"self":[{"href":"https:\/\/suomenkuvalehti.fi\/tahanontultu\/wp-json\/wp\/v2\/posts\/30","targetHints":{"allow":["GET"]}}],"collection":[{"href":"https:\/\/suomenkuvalehti.fi\/tahanontultu\/wp-json\/wp\/v2\/posts"}],"about":[{"href":"https:\/\/suomenkuvalehti.fi\/tahanontultu\/wp-json\/wp\/v2\/types\/post"}],"author":[{"embeddable":true,"href":"https:\/\/suomenkuvalehti.fi\/tahanontultu\/wp-json\/wp\/v2\/users\/153"}],"replies":[{"embeddable":true,"href":"https:\/\/suomenkuvalehti.fi\/tahanontultu\/wp-json\/wp\/v2\/comments?post=30"}],"version-history":[{"count":0,"href":"https:\/\/suomenkuvalehti.fi\/tahanontultu\/wp-json\/wp\/v2\/posts\/30\/revisions"}],"wp:attachment":[{"href":"https:\/\/suomenkuvalehti.fi\/tahanontultu\/wp-json\/wp\/v2\/media?parent=30"}],"wp:term":[{"taxonomy":"category","embeddable":true,"href":"https:\/\/suomenkuvalehti.fi\/tahanontultu\/wp-json\/wp\/v2\/categories?post=30"},{"taxonomy":"post_tag","embeddable":true,"href":"https:\/\/suomenkuvalehti.fi\/tahanontultu\/wp-json\/wp\/v2\/tags?post=30"}],"curies":[{"name":"wp","href":"https:\/\/api.w.org\/{rel}","templated":true}]}}