{"id":295,"date":"2015-05-19T10:35:26","date_gmt":"2015-05-19T07:35:26","guid":{"rendered":"https:\/\/suomenkuvalehti.fi\/tahanontultu\/?p=295"},"modified":"2015-05-19T14:21:44","modified_gmt":"2015-05-19T11:21:44","slug":"kirjastossa-ihmishenkikin-on-halpaa","status":"publish","type":"post","link":"https:\/\/suomenkuvalehti.fi\/tahanontultu\/kirjastossa-ihmishenkikin-on-halpaa\/","title":{"rendered":"Kirjastossa ihmishenkikin on halpaa"},"content":{"rendered":"\n<p>Olette varmaankin kuulleet, ett\u00e4 Maailma kyl\u00e4ss\u00e4 -festivaali <a href=\"http:\/\/www.kepa.fi\/uutiset\/11410\" target=\"_blank\">p\u00e4\u00e4tti perua<\/a> ns. sananvapauskyl\u00e4\u00e4ns\u00e4 aiotun Charlie Hebdo -teemaisen pila- ja sarjakuvan\u00e4yttelyn. P\u00e4\u00e4t\u00f6ksen takana oli festivaalia j\u00e4rjest\u00e4v\u00e4 Kepa ry. Aika vahva aloitus sananvapauskyl\u00e4lle, jo ennen kuin yleis\u00f6\u00e4 on p\u00e4\u00e4stetty sis\u00e4\u00e4n.<\/p>\n\n\n\n<p>Kuten <a href=\"http:\/\/www.villeranta.com\/\" target=\"_blank\">Ville Ranta<\/a> Facebookissa kommentoi:<\/p>\n\n\n\n<p><em>&#8221;<span data-reactid=\".1jz.1:4:1:$comment10153273982396445_10153274821986445:0.0.$right.0.$left.0.0.1\"><span data-ft=\"{&quot;tn&quot;:&quot;K&quot;}\" data-reactid=\".1jz.1:4:1:$comment10153273982396445_10153274821986445:0.0.$right.0.$left.0.0.1.$comment-body\"><span class=\"UFICommentBody _1n4g\" data-reactid=\".1jz.1:4:1:$comment10153273982396445_10153274821986445:0.0.$right.0.$left.0.0.1.$comment-body.0\"><span data-reactid=\".1jz.1:4:1:$comment10153273982396445_10153274821986445:0.0.$right.0.$left.0.0.1.$comment-body.0.0\"><span data-reactid=\".1jz.1:4:1:$comment10153273982396445_10153274821986445:0.0.$right.0.$left.0.0.1.$comment-body.0.0.$end:0:$0:0\">Kepa siis perui n\u00e4yttelyn konsultoituaan Supoa, joka ei pit\u00e4nyt n\u00e4yttely\u00e4 turvallisuusuhkana, n\u00e4yttely\u00e4 ei ole aiemmin uhattu v\u00e4kivallalla ja Supon arvio islamistiterrori-iskun uhasta Suomessa ylip\u00e4\u00e4ns\u00e4 on &#8217;v\u00e4h\u00e4inen&#8217; ja jossain muistaakseni jopa &#8217;minim<\/span><\/span><span data-reactid=\".1jz.1:4:1:$comment10153273982396445_10153274821986445:0.0.$right.0.$left.0.0.1.$comment-body.0.3\"><span data-reactid=\".1jz.1:4:1:$comment10153273982396445_10153274821986445:0.0.$right.0.$left.0.0.1.$comment-body.0.3.0\"><span data-reactid=\".1jz.1:4:1:$comment10153273982396445_10153274821986445:0.0.$right.0.$left.0.0.1.$comment-body.0.3.0.$end:0:$0:0\">aalinen&#8217;. Jos n\u00e4iss\u00e4 olosuhteissa ei jossain teltassa voi olla kuvaa Muhammedista osana sananvapauskeskustelua, niin ei sitten miss\u00e4\u00e4n.<\/span><\/span><\/span><\/span><\/span><\/span>&#8221;<\/em><\/p>\n\n\n\n<p>Oletteko kuulleet terrori-iskuista kauppakeskus Sellon kirjastossa? Sama \u00e4\u00e4rett\u00f6m\u00e4n vaarallinen n\u00e4yttely on nimitt\u00e4in <a href=\"http:\/\/www.helmet.fi\/fi-FI\/Kirjastot_ja_palvelut\/Sellon_kirjasto\/Palvelut\/Taidenayttelyt%2810998%29\" target=\"_blank\">ollut siell\u00e4 esill\u00e4 jo muutaman viikon<\/a>. Sit\u00e4 ennen se oli Kallion kirjastossa. Kirjastov\u00e4ell\u00e4 n\u00e4ytt\u00e4\u00e4 siis olevan enemm\u00e4n kansalaisrohkeutta kuin kehitysyhteisty\u00f6v\u00e4ell\u00e4. Jotain nurinkurista ja surullista siin\u00e4 on.<\/p>\n\n\n","protected":false},"excerpt":{"rendered":"<p>Olette varmaankin kuulleet, ett\u00e4 Maailma kyl\u00e4ss\u00e4 -festivaali p\u00e4\u00e4tti perua ns. sananvapauskyl\u00e4\u00e4ns\u00e4 aiotun Charlie Hebdo -teemaisen pila- ja sarjakuvan\u00e4yttelyn. P\u00e4\u00e4t\u00f6ksen takana oli festivaalia j\u00e4rjest\u00e4v\u00e4 Kepa ry. Aika vahva aloitus sananvapauskyl\u00e4lle, jo ennen kuin yleis\u00f6\u00e4 on<br \/>\np\u00e4\u00e4stetty sis\u00e4\u00e4n.&hellip;<\/p>\n","protected":false},"author":153,"featured_media":0,"comment_status":"open","ping_status":"open","sticky":false,"template":"","format":"standard","meta":{"_acf_changed":false,"asauth_required_access_level":3,"asauth_cansharepaid":"true","om_header_attributes":[],"footnotes":"","om_featured_image_focal_point":[],"om_primary_tag":0,"om_contributors":[],"om_co_authors":[],"beyondwords_generate_audio":"","beyondwords_project_id":"","beyondwords_content_id":"","beyondwords_preview_token":"","beyondwords_player_content":"","beyondwords_player_style":"","beyondwords_language_code":"","beyondwords_language_id":"","beyondwords_title_voice_id":"","beyondwords_body_voice_id":"","beyondwords_summary_voice_id":"","beyondwords_error_message":"","beyondwords_disabled":"","beyondwords_delete_content":"","beyondwords_podcast_id":"","beyondwords_hash":"","publish_post_to_speechkit":"","speechkit_hash":"","speechkit_generate_audio":"","speechkit_project_id":"","speechkit_podcast_id":"","speechkit_error_message":"","speechkit_disabled":"","speechkit_access_key":"","speechkit_error":"","speechkit_info":"","speechkit_response":"","speechkit_retries":"","speechkit_status":"","speechkit_updated_at":"","_speechkit_link":"","_speechkit_text":""},"categories":[1],"tags":[441,447,446,9],"class_list":["post-295","post","type-post","status-publish","format-standard","hentry","category-tahan-on-tultu","tag-charlie-hebdo","tag-kirjasto","tag-maailma-kylassa","tag-sananvapaus"],"om_views":null,"acf":{"tuuma_off":false,"tuuma_kysymys":"","tuuma_vastaus":""},"asauth":{"required_access_level":1,"share_token":"","is_paid":false},"yoast_head":"<!-- This site is optimized with the Yoast SEO plugin v26.4 - https:\/\/yoast.com\/wordpress\/plugins\/seo\/ -->\n<title>Kirjastossa ihmishenkikin on halpaa - T\u00e4h\u00e4n on tultu<\/title>\n<meta name=\"description\" content=\"Olette varmaankin kuulleet, ett\u00e4 Maailma kyl\u00e4ss\u00e4 -festivaali p\u00e4\u00e4tti perua ns. sananvapauskyl\u00e4\u00e4ns\u00e4 aiotun Charlie Hebdo-teemaisen n\u00e4yttelyn. P\u00e4\u00e4t\u00f6ksen takana oli festivaalia j\u00e4rjest\u00e4v\u00e4 Kepa ry. Aika vahva aloitus sananvapauskyl\u00e4lle, jo ennenkuin yleis\u00f6\u00e4 on p\u00e4\u00e4stetty sis\u00e4\u00e4n.\" \/>\n<meta name=\"robots\" content=\"index, follow, max-snippet:-1, max-image-preview:large, max-video-preview:-1\" \/>\n<link rel=\"canonical\" href=\"https:\/\/suomenkuvalehti.fi\/tahanontultu\/kirjastossa-ihmishenkikin-on-halpaa\/\" \/>\n<meta property=\"og:locale\" content=\"fi_FI\" \/>\n<meta property=\"og:type\" content=\"article\" \/>\n<meta property=\"og:title\" content=\"Kirjastossa ihmishenkikin on halpaa - T\u00e4h\u00e4n on tultu\" \/>\n<meta property=\"og:description\" content=\"Olette varmaankin kuulleet, ett\u00e4 Maailma kyl\u00e4ss\u00e4 -festivaali p\u00e4\u00e4tti perua ns. sananvapauskyl\u00e4\u00e4ns\u00e4 aiotun Charlie Hebdo-teemaisen n\u00e4yttelyn. P\u00e4\u00e4t\u00f6ksen takana oli festivaalia j\u00e4rjest\u00e4v\u00e4 Kepa ry. Aika vahva aloitus sananvapauskyl\u00e4lle, jo ennenkuin yleis\u00f6\u00e4 on p\u00e4\u00e4stetty sis\u00e4\u00e4n.\" \/>\n<meta property=\"og:url\" content=\"https:\/\/suomenkuvalehti.fi\/tahanontultu\/kirjastossa-ihmishenkikin-on-halpaa\/\" \/>\n<meta property=\"og:site_name\" content=\"T\u00e4h\u00e4n on tultu\" \/>\n<meta property=\"article:published_time\" content=\"2015-05-19T07:35:26+00:00\" \/>\n<meta property=\"article:modified_time\" content=\"2015-05-19T11:21:44+00:00\" \/>\n<meta property=\"og:image\" content=\"https:\/\/suomenkuvalehti.fi\/tahanontultu\/wp-content\/uploads\/sites\/14\/2013\/11\/jarla.jpg\" \/>\n\t<meta property=\"og:image:width\" content=\"419\" \/>\n\t<meta property=\"og:image:height\" content=\"425\" \/>\n\t<meta property=\"og:image:type\" content=\"image\/jpeg\" \/>\n<meta name=\"author\" content=\"Pertti Jarla\" \/>\n<meta name=\"twitter:card\" content=\"summary_large_image\" \/>\n<meta name=\"twitter:label1\" content=\"Written by\" \/>\n\t<meta name=\"twitter:data1\" content=\"Pertti Jarla\" \/>\n\t<meta name=\"twitter:label2\" content=\"Est. reading time\" \/>\n\t<meta name=\"twitter:data2\" content=\"1 minuutti\" \/>\n<script type=\"application\/ld+json\" class=\"yoast-schema-graph\">{\"@context\":\"https:\/\/schema.org\",\"@graph\":[{\"@type\":\"WebPage\",\"@id\":\"https:\/\/suomenkuvalehti.fi\/tahanontultu\/kirjastossa-ihmishenkikin-on-halpaa\/\",\"url\":\"https:\/\/suomenkuvalehti.fi\/tahanontultu\/kirjastossa-ihmishenkikin-on-halpaa\/\",\"name\":\"Kirjastossa ihmishenkikin on halpaa - T\u00e4h\u00e4n on tultu\",\"isPartOf\":{\"@id\":\"https:\/\/suomenkuvalehti.fi\/tahanontultu\/#website\"},\"datePublished\":\"2015-05-19T07:35:26+00:00\",\"dateModified\":\"2015-05-19T11:21:44+00:00\",\"author\":{\"@id\":\"https:\/\/suomenkuvalehti.fi\/tahanontultu\/#\/schema\/person\/f258b4d6c9f57d438aab20b0066db5e7\"},\"description\":\"Olette varmaankin kuulleet, ett\u00e4 Maailma kyl\u00e4ss\u00e4 -festivaali p\u00e4\u00e4tti perua ns. sananvapauskyl\u00e4\u00e4ns\u00e4 aiotun Charlie Hebdo-teemaisen n\u00e4yttelyn. P\u00e4\u00e4t\u00f6ksen takana oli festivaalia j\u00e4rjest\u00e4v\u00e4 Kepa ry. Aika vahva aloitus sananvapauskyl\u00e4lle, jo ennenkuin yleis\u00f6\u00e4 on p\u00e4\u00e4stetty sis\u00e4\u00e4n.\",\"breadcrumb\":{\"@id\":\"https:\/\/suomenkuvalehti.fi\/tahanontultu\/kirjastossa-ihmishenkikin-on-halpaa\/#breadcrumb\"},\"inLanguage\":\"fi\",\"potentialAction\":[{\"@type\":\"ReadAction\",\"target\":[\"https:\/\/suomenkuvalehti.fi\/tahanontultu\/kirjastossa-ihmishenkikin-on-halpaa\/\"]}]},{\"@type\":\"BreadcrumbList\",\"@id\":\"https:\/\/suomenkuvalehti.fi\/tahanontultu\/kirjastossa-ihmishenkikin-on-halpaa\/#breadcrumb\",\"itemListElement\":[{\"@type\":\"ListItem\",\"position\":1,\"name\":\"Home\",\"item\":\"https:\/\/suomenkuvalehti.fi\/tahanontultu\/\"},{\"@type\":\"ListItem\",\"position\":2,\"name\":\"Kirjastossa ihmishenkikin on halpaa\"}]},{\"@type\":\"WebSite\",\"@id\":\"https:\/\/suomenkuvalehti.fi\/tahanontultu\/#website\",\"url\":\"https:\/\/suomenkuvalehti.fi\/tahanontultu\/\",\"name\":\"T\u00e4h\u00e4n on tultu\",\"description\":\"Fingerpori-sarjakuvan piirt\u00e4j\u00e4 p\u00e4hk\u00e4ilee maailmaa vitsien takana.\",\"potentialAction\":[{\"@type\":\"SearchAction\",\"target\":{\"@type\":\"EntryPoint\",\"urlTemplate\":\"https:\/\/suomenkuvalehti.fi\/haku\/?q={search_term_string}\"},\"query-input\":{\"@type\":\"PropertyValueSpecification\",\"valueRequired\":true,\"valueName\":\"search_term_string\"}}],\"inLanguage\":\"fi\"},{\"@type\":\"Person\",\"@id\":\"https:\/\/suomenkuvalehti.fi\/tahanontultu\/#\/schema\/person\/f258b4d6c9f57d438aab20b0066db5e7\",\"name\":\"Pertti Jarla\",\"image\":{\"@type\":\"ImageObject\",\"inLanguage\":\"fi\",\"@id\":\"https:\/\/suomenkuvalehti.fi\/tahanontultu\/#\/schema\/person\/image\/\",\"url\":\"https:\/\/suomenkuvalehti.fi\/tahanontultu\/wp-content\/uploads\/sites\/14\/2013\/11\/jarla-150x150.jpg\",\"contentUrl\":\"https:\/\/suomenkuvalehti.fi\/tahanontultu\/wp-content\/uploads\/sites\/14\/2013\/11\/jarla-150x150.jpg\",\"caption\":\"Pertti Jarla\"},\"description\":\"Kirjoittaja on porvoolainen sarjakuvantekij\u00e4.\"}]}<\/script>\n<!-- \/ Yoast SEO plugin. -->","yoast_head_json":{"title":"Kirjastossa ihmishenkikin on halpaa - T\u00e4h\u00e4n on tultu","description":"Olette varmaankin kuulleet, ett\u00e4 Maailma kyl\u00e4ss\u00e4 -festivaali p\u00e4\u00e4tti perua ns. sananvapauskyl\u00e4\u00e4ns\u00e4 aiotun Charlie Hebdo-teemaisen n\u00e4yttelyn. P\u00e4\u00e4t\u00f6ksen takana oli festivaalia j\u00e4rjest\u00e4v\u00e4 Kepa ry. Aika vahva aloitus sananvapauskyl\u00e4lle, jo ennenkuin yleis\u00f6\u00e4 on p\u00e4\u00e4stetty sis\u00e4\u00e4n.","robots":{"index":"index","follow":"follow","max-snippet":"max-snippet:-1","max-image-preview":"max-image-preview:large","max-video-preview":"max-video-preview:-1"},"canonical":"https:\/\/suomenkuvalehti.fi\/tahanontultu\/kirjastossa-ihmishenkikin-on-halpaa\/","og_locale":"fi_FI","og_type":"article","og_title":"Kirjastossa ihmishenkikin on halpaa - T\u00e4h\u00e4n on tultu","og_description":"Olette varmaankin kuulleet, ett\u00e4 Maailma kyl\u00e4ss\u00e4 -festivaali p\u00e4\u00e4tti perua ns. sananvapauskyl\u00e4\u00e4ns\u00e4 aiotun Charlie Hebdo-teemaisen n\u00e4yttelyn. P\u00e4\u00e4t\u00f6ksen takana oli festivaalia j\u00e4rjest\u00e4v\u00e4 Kepa ry. Aika vahva aloitus sananvapauskyl\u00e4lle, jo ennenkuin yleis\u00f6\u00e4 on p\u00e4\u00e4stetty sis\u00e4\u00e4n.","og_url":"https:\/\/suomenkuvalehti.fi\/tahanontultu\/kirjastossa-ihmishenkikin-on-halpaa\/","og_site_name":"T\u00e4h\u00e4n on tultu","article_published_time":"2015-05-19T07:35:26+00:00","article_modified_time":"2015-05-19T11:21:44+00:00","og_image":[{"width":419,"height":425,"url":"https:\/\/suomenkuvalehti.fi\/tahanontultu\/wp-content\/uploads\/sites\/14\/2013\/11\/jarla.jpg","type":"image\/jpeg"}],"author":"Pertti Jarla","twitter_card":"summary_large_image","twitter_misc":{"Written by":"Pertti Jarla","Est. reading time":"1 minuutti"},"schema":{"@context":"https:\/\/schema.org","@graph":[{"@type":"WebPage","@id":"https:\/\/suomenkuvalehti.fi\/tahanontultu\/kirjastossa-ihmishenkikin-on-halpaa\/","url":"https:\/\/suomenkuvalehti.fi\/tahanontultu\/kirjastossa-ihmishenkikin-on-halpaa\/","name":"Kirjastossa ihmishenkikin on halpaa - T\u00e4h\u00e4n on tultu","isPartOf":{"@id":"https:\/\/suomenkuvalehti.fi\/tahanontultu\/#website"},"datePublished":"2015-05-19T07:35:26+00:00","dateModified":"2015-05-19T11:21:44+00:00","author":{"@id":"https:\/\/suomenkuvalehti.fi\/tahanontultu\/#\/schema\/person\/f258b4d6c9f57d438aab20b0066db5e7"},"description":"Olette varmaankin kuulleet, ett\u00e4 Maailma kyl\u00e4ss\u00e4 -festivaali p\u00e4\u00e4tti perua ns. sananvapauskyl\u00e4\u00e4ns\u00e4 aiotun Charlie Hebdo-teemaisen n\u00e4yttelyn. P\u00e4\u00e4t\u00f6ksen takana oli festivaalia j\u00e4rjest\u00e4v\u00e4 Kepa ry. Aika vahva aloitus sananvapauskyl\u00e4lle, jo ennenkuin yleis\u00f6\u00e4 on p\u00e4\u00e4stetty sis\u00e4\u00e4n.","breadcrumb":{"@id":"https:\/\/suomenkuvalehti.fi\/tahanontultu\/kirjastossa-ihmishenkikin-on-halpaa\/#breadcrumb"},"inLanguage":"fi","potentialAction":[{"@type":"ReadAction","target":["https:\/\/suomenkuvalehti.fi\/tahanontultu\/kirjastossa-ihmishenkikin-on-halpaa\/"]}]},{"@type":"BreadcrumbList","@id":"https:\/\/suomenkuvalehti.fi\/tahanontultu\/kirjastossa-ihmishenkikin-on-halpaa\/#breadcrumb","itemListElement":[{"@type":"ListItem","position":1,"name":"Home","item":"https:\/\/suomenkuvalehti.fi\/tahanontultu\/"},{"@type":"ListItem","position":2,"name":"Kirjastossa ihmishenkikin on halpaa"}]},{"@type":"WebSite","@id":"https:\/\/suomenkuvalehti.fi\/tahanontultu\/#website","url":"https:\/\/suomenkuvalehti.fi\/tahanontultu\/","name":"T\u00e4h\u00e4n on tultu","description":"Fingerpori-sarjakuvan piirt\u00e4j\u00e4 p\u00e4hk\u00e4ilee maailmaa vitsien takana.","potentialAction":[{"@type":"SearchAction","target":{"@type":"EntryPoint","urlTemplate":"https:\/\/suomenkuvalehti.fi\/haku\/?q={search_term_string}"},"query-input":{"@type":"PropertyValueSpecification","valueRequired":true,"valueName":"search_term_string"}}],"inLanguage":"fi"},{"@type":"Person","@id":"https:\/\/suomenkuvalehti.fi\/tahanontultu\/#\/schema\/person\/f258b4d6c9f57d438aab20b0066db5e7","name":"Pertti Jarla","image":{"@type":"ImageObject","inLanguage":"fi","@id":"https:\/\/suomenkuvalehti.fi\/tahanontultu\/#\/schema\/person\/image\/","url":"https:\/\/suomenkuvalehti.fi\/tahanontultu\/wp-content\/uploads\/sites\/14\/2013\/11\/jarla-150x150.jpg","contentUrl":"https:\/\/suomenkuvalehti.fi\/tahanontultu\/wp-content\/uploads\/sites\/14\/2013\/11\/jarla-150x150.jpg","caption":"Pertti Jarla"},"description":"Kirjoittaja on porvoolainen sarjakuvantekij\u00e4."}]}},"_links":{"self":[{"href":"https:\/\/suomenkuvalehti.fi\/tahanontultu\/wp-json\/wp\/v2\/posts\/295","targetHints":{"allow":["GET"]}}],"collection":[{"href":"https:\/\/suomenkuvalehti.fi\/tahanontultu\/wp-json\/wp\/v2\/posts"}],"about":[{"href":"https:\/\/suomenkuvalehti.fi\/tahanontultu\/wp-json\/wp\/v2\/types\/post"}],"author":[{"embeddable":true,"href":"https:\/\/suomenkuvalehti.fi\/tahanontultu\/wp-json\/wp\/v2\/users\/153"}],"replies":[{"embeddable":true,"href":"https:\/\/suomenkuvalehti.fi\/tahanontultu\/wp-json\/wp\/v2\/comments?post=295"}],"version-history":[{"count":3,"href":"https:\/\/suomenkuvalehti.fi\/tahanontultu\/wp-json\/wp\/v2\/posts\/295\/revisions"}],"predecessor-version":[{"id":298,"href":"https:\/\/suomenkuvalehti.fi\/tahanontultu\/wp-json\/wp\/v2\/posts\/295\/revisions\/298"}],"wp:attachment":[{"href":"https:\/\/suomenkuvalehti.fi\/tahanontultu\/wp-json\/wp\/v2\/media?parent=295"}],"wp:term":[{"taxonomy":"category","embeddable":true,"href":"https:\/\/suomenkuvalehti.fi\/tahanontultu\/wp-json\/wp\/v2\/categories?post=295"},{"taxonomy":"post_tag","embeddable":true,"href":"https:\/\/suomenkuvalehti.fi\/tahanontultu\/wp-json\/wp\/v2\/tags?post=295"}],"curies":[{"name":"wp","href":"https:\/\/api.w.org\/{rel}","templated":true}]}}