{"id":287,"date":"2015-04-25T12:36:48","date_gmt":"2015-04-25T09:36:48","guid":{"rendered":"https:\/\/suomenkuvalehti.fi\/tahanontultu\/?p=287"},"modified":"2015-04-25T18:03:10","modified_gmt":"2015-04-25T15:03:10","slug":"perusajatuksia","status":"publish","type":"post","link":"https:\/\/suomenkuvalehti.fi\/tahanontultu\/perusajatuksia\/","title":{"rendered":"Perusajatuksia"},"content":{"rendered":"\n<p>En mielell\u00e4ni puhuisi punavihreist\u00e4 tai muistakaan \u201dkuplista\u201d. <a title=\"yle\" href=\"http:\/\/yle.fi\/uutiset\/krista_kosonen_kuplakommenttini_oli_itsekritiikkia\/7950361\" target=\"_blank\"><strong>Krista Kosonen<\/strong><\/a> on antanut haastattelun, josta k\u00e4y ilmi, ett\u00e4 h\u00e4n ei oikein tunne perussuomalaisten kannattajia.<\/p>\n\n\n\n<p>Ihmisill\u00e4 on siis taipumus viett\u00e4\u00e4 aikaansa samanmielisten seurassa!<\/p>\n\n\n\n<p>T\u00e4m\u00e4 on ilmeisesti uutta joillekin, ehk\u00e4 samoille jotka teiden liukastuminen yll\u00e4tt\u00e4\u00e4 loppuvuodesta. Joka tapauksessa \u201dkuplilla\u201d tarkoitetaan yleens\u00e4 katteettomia harhakuvia, punavihre\u00e4t piirit ovat hyvinkin todellisia.<\/p>\n\n\n\n<p>Vihreiden ja vasemmiston ongelmana on ennemminkin vieraantuminen kansasta (lasken pitkin hampain my\u00f6s Sdp:n vasemmistoksi). Muun muassa <a title=\"teos\" href=\"http:\/\/www.teos.fi\/kirjat\/kaikki\/2008-syksy\/mik%C3%A4-vasemmistoa-vaivaa.html\" target=\"_blank\"><strong>Tommi Uschanov<\/strong><\/a> on kirjoittanut siit\u00e4, kuinka keskiverto kansalainen ei en\u00e4\u00e4 tunnu oikein kelpaavan vasemmistolle. H\u00e4n sy\u00f6 lihaa, p\u00e4ristelee ymp\u00e4rist\u00f6\u00e4 saastuttavalla autolla ja suhtautuu ennakkoluuloisesti maahanmuuttajiin. Perussuomalaiset toivottavat t\u00e4llaisen hahmon tervetulleeksi, ihastus on molemminpuolinen.<\/p>\n\n\n\n<p>Haasteenahan on siis tiedottaa tavikselle muun muassa, ett\u00e4:<\/p>\n\n\n\n<p>\u2013 Maahanmuuttajat eiv\u00e4t ole h\u00e4nen ongelmansa, vaan joidenkin ty\u00f6nantajatahojen pyrkimys laskea palkkoja entisest\u00e4\u00e4n, heikent\u00e4\u00e4 ty\u00f6ehtoja ja siis toivottomasti kilpasukeltaa kohti pohjaa Aasian halpamaiden kanssa.<\/p>\n\n\n\n<p>\u2013 Kannattaisi j\u00e4rjest\u00e4yty\u00e4 ammatillisesti eik\u00e4 juosta nen\u00e4n edess\u00e4 heiluteltavan Ferrarinkuvan per\u00e4ss\u00e4. Rikkaimpaan viidennekseen p\u00e4\u00e4see yll\u00e4tt\u00e4en vain viidennes.<\/p>\n\n\n\n<p>Kaikkein tyhmint\u00e4 on nyt suhtautua ylimielisesti ja pilkallisesti heikosti koulutettuihin ja palkattuihin, vieraita kulttuureita pelk\u00e4\u00e4viin kansalaisiin. Perussuomalainen ei siirry \u00e4\u00e4nest\u00e4m\u00e4\u00e4n puoluetta jonka edustajat vittuilevat h\u00e4nelle, t\u00e4m\u00e4n luulisi menev\u00e4n kajuuttaan.<\/p>\n\n\n\n<p>Italialainen sosialisti-teatterintekij\u00e4 <a title=\"wikipedia\" href=\"http:\/\/fi.wikipedia.org\/wiki\/Dario_Fo\" target=\"_blank\"><strong>Dario Fo<\/strong><\/a> teki aikoinaan kiinnostavaa ty\u00f6t\u00e4. H\u00e4nen teatteriryhm\u00e4ns\u00e4 kiersi tehtailla esitt\u00e4m\u00e4ss\u00e4 ty\u00f6ntekij\u00f6ille ronskia satiiria. Huumorin aiheena muun muassa er\u00e4\u00e4n paikallisen moottoripy\u00f6r\u00e4tehtaan tiukat WC:ss\u00e4 k\u00e4ymisen aikarajoitukset. H\u00e4n ei siis halveksinut tehdasduunareita, vaan oletti heid\u00e4n jopa ymm\u00e4rt\u00e4v\u00e4n teatteria. Hyvi\u00e4 viestinn\u00e4n muotoja ovat tietysti my\u00f6s blogit ja sarjakuvat, kannattaisi tsekkailla <em>Charlie Hebdoja<\/em> sill\u00e4kin silm\u00e4ll\u00e4.<\/p>\n\n\n\n<p>Vasemmistoliitossa ja Sdp:ss\u00e4 on kyll\u00e4 hyvinkin uskottavia duunarihahmoja, kuten <a title=\"jape lov\u00e9n\" href=\"http:\/\/www.japeloven.net\/\" target=\"_blank\"><strong>Jape Lov\u00e9n<\/strong><\/a>. Sellaisten n\u00e4kisi mielell\u00e4\u00e4n nousevan julkisesti akateemisten \u00e4lyk\u00f6iden rinnalle. Muuten, miss\u00e4 ihmeess\u00e4 ovat duunarinaiset? Naisia on matalapalkka-aloilla vaikka kuinka, vaan eip\u00e4 n\u00e4kynyt vaalien aikaan n\u00e4iden Irmojen kosiskelijoita miss\u00e4\u00e4n.<\/p>\n\n\n","protected":false},"excerpt":{"rendered":"<p>En mielell\u00e4ni puhuisi punavihreist\u00e4 tai muistakaan \u201dkuplista\u201d. Krista Kosonen on antanut haastattelun, josta k\u00e4y ilmi, ett\u00e4 h\u00e4n ei oikein tunne perussuomalaisten kannattajia. Ihmisill\u00e4 on siis taipumus viett\u00e4\u00e4 aikaansa samanmielisten seurassa! T\u00e4m\u00e4 on ilmeisesti uutta joillekin, ehk\u00e4 samoille jotka<br \/>\nteiden liukast&hellip;<\/p>\n","protected":false},"author":153,"featured_media":0,"comment_status":"open","ping_status":"open","sticky":false,"template":"","format":"standard","meta":{"_acf_changed":false,"asauth_required_access_level":3,"asauth_cansharepaid":"true","om_header_attributes":[],"footnotes":"","om_featured_image_focal_point":[],"om_primary_tag":0,"om_contributors":[],"om_co_authors":[],"beyondwords_generate_audio":"","beyondwords_project_id":"","beyondwords_content_id":"","beyondwords_preview_token":"","beyondwords_player_content":"","beyondwords_player_style":"","beyondwords_language_code":"","beyondwords_language_id":"","beyondwords_title_voice_id":"","beyondwords_body_voice_id":"","beyondwords_summary_voice_id":"","beyondwords_error_message":"","beyondwords_disabled":"","beyondwords_delete_content":"","beyondwords_podcast_id":"","beyondwords_hash":"","publish_post_to_speechkit":"","speechkit_hash":"","speechkit_generate_audio":"","speechkit_project_id":"","speechkit_podcast_id":"","speechkit_error_message":"","speechkit_disabled":"","speechkit_access_key":"","speechkit_error":"","speechkit_info":"","speechkit_response":"","speechkit_retries":"","speechkit_status":"","speechkit_updated_at":"","_speechkit_link":"","_speechkit_text":""},"categories":[1],"tags":[116,445,444,117,113],"class_list":["post-287","post","type-post","status-publish","format-standard","hentry","category-tahan-on-tultu","tag-perussuomalaiset","tag-sdp","tag-vasemmisto","tag-vasemmistoliitto","tag-vihreat"],"om_views":null,"acf":{"tuuma_off":false,"tuuma_kysymys":"","tuuma_vastaus":""},"asauth":{"required_access_level":1,"share_token":"","is_paid":false},"yoast_head":"<!-- This site is optimized with the Yoast SEO plugin v26.4 - https:\/\/yoast.com\/wordpress\/plugins\/seo\/ -->\n<title>Perusajatuksia - T\u00e4h\u00e4n on tultu<\/title>\n<meta name=\"description\" content=\"Kaikkein tyhmint\u00e4 on nyt suhtautua ylimielisesti ja pilkallisesti heikosti koulutettuihin ja palkattuihin, vieraita kulttuureita pelk\u00e4\u00e4viin kansalaisiin.\" \/>\n<meta name=\"robots\" content=\"index, follow, max-snippet:-1, max-image-preview:large, max-video-preview:-1\" \/>\n<link rel=\"canonical\" href=\"https:\/\/suomenkuvalehti.fi\/tahanontultu\/perusajatuksia\/\" \/>\n<meta property=\"og:locale\" content=\"fi_FI\" \/>\n<meta property=\"og:type\" content=\"article\" \/>\n<meta property=\"og:title\" content=\"Perusajatuksia - T\u00e4h\u00e4n on tultu\" \/>\n<meta property=\"og:description\" content=\"Kaikkein tyhmint\u00e4 on nyt suhtautua ylimielisesti ja pilkallisesti heikosti koulutettuihin ja palkattuihin, vieraita kulttuureita pelk\u00e4\u00e4viin kansalaisiin.\" \/>\n<meta property=\"og:url\" content=\"https:\/\/suomenkuvalehti.fi\/tahanontultu\/perusajatuksia\/\" \/>\n<meta property=\"og:site_name\" content=\"T\u00e4h\u00e4n on tultu\" \/>\n<meta property=\"article:published_time\" content=\"2015-04-25T09:36:48+00:00\" \/>\n<meta property=\"article:modified_time\" content=\"2015-04-25T15:03:10+00:00\" \/>\n<meta property=\"og:image\" content=\"https:\/\/suomenkuvalehti.fi\/tahanontultu\/wp-content\/uploads\/sites\/14\/2013\/11\/jarla.jpg\" \/>\n\t<meta property=\"og:image:width\" content=\"419\" \/>\n\t<meta property=\"og:image:height\" content=\"425\" \/>\n\t<meta property=\"og:image:type\" content=\"image\/jpeg\" \/>\n<meta name=\"author\" content=\"Pertti Jarla\" \/>\n<meta name=\"twitter:card\" content=\"summary_large_image\" \/>\n<meta name=\"twitter:label1\" content=\"Written by\" \/>\n\t<meta name=\"twitter:data1\" content=\"Pertti Jarla\" \/>\n\t<meta name=\"twitter:label2\" content=\"Est. reading time\" \/>\n\t<meta name=\"twitter:data2\" content=\"2 minuuttia\" \/>\n<script type=\"application\/ld+json\" class=\"yoast-schema-graph\">{\"@context\":\"https:\/\/schema.org\",\"@graph\":[{\"@type\":\"WebPage\",\"@id\":\"https:\/\/suomenkuvalehti.fi\/tahanontultu\/perusajatuksia\/\",\"url\":\"https:\/\/suomenkuvalehti.fi\/tahanontultu\/perusajatuksia\/\",\"name\":\"Perusajatuksia - T\u00e4h\u00e4n on tultu\",\"isPartOf\":{\"@id\":\"https:\/\/suomenkuvalehti.fi\/tahanontultu\/#website\"},\"datePublished\":\"2015-04-25T09:36:48+00:00\",\"dateModified\":\"2015-04-25T15:03:10+00:00\",\"author\":{\"@id\":\"https:\/\/suomenkuvalehti.fi\/tahanontultu\/#\/schema\/person\/f258b4d6c9f57d438aab20b0066db5e7\"},\"description\":\"Kaikkein tyhmint\u00e4 on nyt suhtautua ylimielisesti ja pilkallisesti heikosti koulutettuihin ja palkattuihin, vieraita kulttuureita pelk\u00e4\u00e4viin kansalaisiin.\",\"breadcrumb\":{\"@id\":\"https:\/\/suomenkuvalehti.fi\/tahanontultu\/perusajatuksia\/#breadcrumb\"},\"inLanguage\":\"fi\",\"potentialAction\":[{\"@type\":\"ReadAction\",\"target\":[\"https:\/\/suomenkuvalehti.fi\/tahanontultu\/perusajatuksia\/\"]}]},{\"@type\":\"BreadcrumbList\",\"@id\":\"https:\/\/suomenkuvalehti.fi\/tahanontultu\/perusajatuksia\/#breadcrumb\",\"itemListElement\":[{\"@type\":\"ListItem\",\"position\":1,\"name\":\"Home\",\"item\":\"https:\/\/suomenkuvalehti.fi\/tahanontultu\/\"},{\"@type\":\"ListItem\",\"position\":2,\"name\":\"Perusajatuksia\"}]},{\"@type\":\"WebSite\",\"@id\":\"https:\/\/suomenkuvalehti.fi\/tahanontultu\/#website\",\"url\":\"https:\/\/suomenkuvalehti.fi\/tahanontultu\/\",\"name\":\"T\u00e4h\u00e4n on tultu\",\"description\":\"Fingerpori-sarjakuvan piirt\u00e4j\u00e4 p\u00e4hk\u00e4ilee maailmaa vitsien takana.\",\"potentialAction\":[{\"@type\":\"SearchAction\",\"target\":{\"@type\":\"EntryPoint\",\"urlTemplate\":\"https:\/\/suomenkuvalehti.fi\/haku\/?q={search_term_string}\"},\"query-input\":{\"@type\":\"PropertyValueSpecification\",\"valueRequired\":true,\"valueName\":\"search_term_string\"}}],\"inLanguage\":\"fi\"},{\"@type\":\"Person\",\"@id\":\"https:\/\/suomenkuvalehti.fi\/tahanontultu\/#\/schema\/person\/f258b4d6c9f57d438aab20b0066db5e7\",\"name\":\"Pertti Jarla\",\"image\":{\"@type\":\"ImageObject\",\"inLanguage\":\"fi\",\"@id\":\"https:\/\/suomenkuvalehti.fi\/tahanontultu\/#\/schema\/person\/image\/\",\"url\":\"https:\/\/suomenkuvalehti.fi\/tahanontultu\/wp-content\/uploads\/sites\/14\/2013\/11\/jarla-150x150.jpg\",\"contentUrl\":\"https:\/\/suomenkuvalehti.fi\/tahanontultu\/wp-content\/uploads\/sites\/14\/2013\/11\/jarla-150x150.jpg\",\"caption\":\"Pertti Jarla\"},\"description\":\"Kirjoittaja on porvoolainen sarjakuvantekij\u00e4.\"}]}<\/script>\n<!-- \/ Yoast SEO plugin. -->","yoast_head_json":{"title":"Perusajatuksia - T\u00e4h\u00e4n on tultu","description":"Kaikkein tyhmint\u00e4 on nyt suhtautua ylimielisesti ja pilkallisesti heikosti koulutettuihin ja palkattuihin, vieraita kulttuureita pelk\u00e4\u00e4viin kansalaisiin.","robots":{"index":"index","follow":"follow","max-snippet":"max-snippet:-1","max-image-preview":"max-image-preview:large","max-video-preview":"max-video-preview:-1"},"canonical":"https:\/\/suomenkuvalehti.fi\/tahanontultu\/perusajatuksia\/","og_locale":"fi_FI","og_type":"article","og_title":"Perusajatuksia - T\u00e4h\u00e4n on tultu","og_description":"Kaikkein tyhmint\u00e4 on nyt suhtautua ylimielisesti ja pilkallisesti heikosti koulutettuihin ja palkattuihin, vieraita kulttuureita pelk\u00e4\u00e4viin kansalaisiin.","og_url":"https:\/\/suomenkuvalehti.fi\/tahanontultu\/perusajatuksia\/","og_site_name":"T\u00e4h\u00e4n on tultu","article_published_time":"2015-04-25T09:36:48+00:00","article_modified_time":"2015-04-25T15:03:10+00:00","og_image":[{"width":419,"height":425,"url":"https:\/\/suomenkuvalehti.fi\/tahanontultu\/wp-content\/uploads\/sites\/14\/2013\/11\/jarla.jpg","type":"image\/jpeg"}],"author":"Pertti Jarla","twitter_card":"summary_large_image","twitter_misc":{"Written by":"Pertti Jarla","Est. reading time":"2 minuuttia"},"schema":{"@context":"https:\/\/schema.org","@graph":[{"@type":"WebPage","@id":"https:\/\/suomenkuvalehti.fi\/tahanontultu\/perusajatuksia\/","url":"https:\/\/suomenkuvalehti.fi\/tahanontultu\/perusajatuksia\/","name":"Perusajatuksia - T\u00e4h\u00e4n on tultu","isPartOf":{"@id":"https:\/\/suomenkuvalehti.fi\/tahanontultu\/#website"},"datePublished":"2015-04-25T09:36:48+00:00","dateModified":"2015-04-25T15:03:10+00:00","author":{"@id":"https:\/\/suomenkuvalehti.fi\/tahanontultu\/#\/schema\/person\/f258b4d6c9f57d438aab20b0066db5e7"},"description":"Kaikkein tyhmint\u00e4 on nyt suhtautua ylimielisesti ja pilkallisesti heikosti koulutettuihin ja palkattuihin, vieraita kulttuureita pelk\u00e4\u00e4viin kansalaisiin.","breadcrumb":{"@id":"https:\/\/suomenkuvalehti.fi\/tahanontultu\/perusajatuksia\/#breadcrumb"},"inLanguage":"fi","potentialAction":[{"@type":"ReadAction","target":["https:\/\/suomenkuvalehti.fi\/tahanontultu\/perusajatuksia\/"]}]},{"@type":"BreadcrumbList","@id":"https:\/\/suomenkuvalehti.fi\/tahanontultu\/perusajatuksia\/#breadcrumb","itemListElement":[{"@type":"ListItem","position":1,"name":"Home","item":"https:\/\/suomenkuvalehti.fi\/tahanontultu\/"},{"@type":"ListItem","position":2,"name":"Perusajatuksia"}]},{"@type":"WebSite","@id":"https:\/\/suomenkuvalehti.fi\/tahanontultu\/#website","url":"https:\/\/suomenkuvalehti.fi\/tahanontultu\/","name":"T\u00e4h\u00e4n on tultu","description":"Fingerpori-sarjakuvan piirt\u00e4j\u00e4 p\u00e4hk\u00e4ilee maailmaa vitsien takana.","potentialAction":[{"@type":"SearchAction","target":{"@type":"EntryPoint","urlTemplate":"https:\/\/suomenkuvalehti.fi\/haku\/?q={search_term_string}"},"query-input":{"@type":"PropertyValueSpecification","valueRequired":true,"valueName":"search_term_string"}}],"inLanguage":"fi"},{"@type":"Person","@id":"https:\/\/suomenkuvalehti.fi\/tahanontultu\/#\/schema\/person\/f258b4d6c9f57d438aab20b0066db5e7","name":"Pertti Jarla","image":{"@type":"ImageObject","inLanguage":"fi","@id":"https:\/\/suomenkuvalehti.fi\/tahanontultu\/#\/schema\/person\/image\/","url":"https:\/\/suomenkuvalehti.fi\/tahanontultu\/wp-content\/uploads\/sites\/14\/2013\/11\/jarla-150x150.jpg","contentUrl":"https:\/\/suomenkuvalehti.fi\/tahanontultu\/wp-content\/uploads\/sites\/14\/2013\/11\/jarla-150x150.jpg","caption":"Pertti Jarla"},"description":"Kirjoittaja on porvoolainen sarjakuvantekij\u00e4."}]}},"_links":{"self":[{"href":"https:\/\/suomenkuvalehti.fi\/tahanontultu\/wp-json\/wp\/v2\/posts\/287","targetHints":{"allow":["GET"]}}],"collection":[{"href":"https:\/\/suomenkuvalehti.fi\/tahanontultu\/wp-json\/wp\/v2\/posts"}],"about":[{"href":"https:\/\/suomenkuvalehti.fi\/tahanontultu\/wp-json\/wp\/v2\/types\/post"}],"author":[{"embeddable":true,"href":"https:\/\/suomenkuvalehti.fi\/tahanontultu\/wp-json\/wp\/v2\/users\/153"}],"replies":[{"embeddable":true,"href":"https:\/\/suomenkuvalehti.fi\/tahanontultu\/wp-json\/wp\/v2\/comments?post=287"}],"version-history":[{"count":3,"href":"https:\/\/suomenkuvalehti.fi\/tahanontultu\/wp-json\/wp\/v2\/posts\/287\/revisions"}],"predecessor-version":[{"id":291,"href":"https:\/\/suomenkuvalehti.fi\/tahanontultu\/wp-json\/wp\/v2\/posts\/287\/revisions\/291"}],"wp:attachment":[{"href":"https:\/\/suomenkuvalehti.fi\/tahanontultu\/wp-json\/wp\/v2\/media?parent=287"}],"wp:term":[{"taxonomy":"category","embeddable":true,"href":"https:\/\/suomenkuvalehti.fi\/tahanontultu\/wp-json\/wp\/v2\/categories?post=287"},{"taxonomy":"post_tag","embeddable":true,"href":"https:\/\/suomenkuvalehti.fi\/tahanontultu\/wp-json\/wp\/v2\/tags?post=287"}],"curies":[{"name":"wp","href":"https:\/\/api.w.org\/{rel}","templated":true}]}}