{"id":245,"date":"2015-01-09T21:52:29","date_gmt":"2015-01-09T19:52:29","guid":{"rendered":"https:\/\/suomenkuvalehti.fi\/tahanontultu\/?p=245"},"modified":"2015-01-09T22:23:26","modified_gmt":"2015-01-09T20:23:26","slug":"haastattelen-itseani-charlie-hebdosta","status":"publish","type":"post","link":"https:\/\/suomenkuvalehti.fi\/tahanontultu\/haastattelen-itseani-charlie-hebdosta\/","title":{"rendered":"Haastattelen itse\u00e4ni Charlie Hebdosta"},"content":{"rendered":"\n<p><em>Eik\u00f6s Charlie Hebdossa ollut seksistisi\u00e4 ja rasistisia juttuja?<\/em><\/p>\n\n\n\n<p>K\u00e4sitt\u00e4\u00e4kseni oli, monentasoisia juttuja, ja se on t\u00e4ysin ep\u00e4olennaista. Kannatan sananvapautta my\u00f6s niille, joiden kanssa en ole aina samoilla linjoilla. Sananvapauden rajoittaminen ja kritiikki sotketaan jatkuvasti: <a title=\"wikipedia\" href=\"http:\/\/fi.wikipedia.org\/wiki\/Mika_Niikko\" target=\"_blank\"><strong>Mika Niikolla<\/strong><\/a> on oltava t\u00e4ysi oikeus puhua homojen oikeuksia vastaan, minulla on oltava oikeus haukkua h\u00e4nen mielipiteens\u00e4 paskaksi. Olen my\u00f6s yh\u00e4 sit\u00e4 mielt\u00e4, ett\u00e4 <a title=\"tuomio\" href=\"http:\/\/www.uskonnonvapaus.fi\/lait\/hki-ko-2009-09-08.html\" target=\"_blank\">Jussi Halla-ahon<\/a> jumalanpilkkatuomio oli loukkaus sananvapautta vastaan.<\/p>\n\n\n\n<p><em>Piirt\u00e4isitk\u00f6 Muhammedin?<\/em><\/p>\n\n\n\n<p>En juuri nyt ainakaan pilamieless\u00e4, olisihan se hermostuttavaakin! Asialliseen s\u00e4vyyn ehk\u00e4. En n\u00e4e mit\u00e4\u00e4n syyt\u00e4k\u00e4\u00e4n pilkata profeetta Muhammedia: ajattelen, ett\u00e4 jos reagoisin kollegoideni murhaan pilkkaamalla islamia, k\u00e4ytt\u00e4ytyisin aivan kuin n\u00e4m\u00e4 murhaajat jotenkin edustaisivat sit\u00e4.<\/p>\n\n\n\n<p><em>Mit\u00e4, eiv\u00e4tk\u00f6 n\u00e4m\u00e4 murhaajat muka edusta islamia?<\/em><\/p>\n\n\n\n<p>Tottakai he edustavat omalla tavallaan islamia, samalla tavalla kuin&nbsp;uusnatsi <a title=\"hikipedia\" href=\"http:\/\/hikipedia.info\/wiki\/Klaus_Elovaara\" target=\"_blank\"><strong>Klaus Elovaara<\/strong><\/a> edustaa Suomea ja Mamba edustaa musiikkia.<\/p>\n\n\n\n<p>&nbsp;<\/p>\n\n\n","protected":false},"excerpt":{"rendered":"<p>Eik\u00f6s Charlie Hebdossa ollut seksistisi\u00e4 ja rasistisia juttuja? K\u00e4sitt\u00e4\u00e4kseni oli, monentasoisia juttuja, ja se on t\u00e4ysin ep\u00e4olennaista. Kannatan sananvapautta my\u00f6s niille, joiden kanssa en ole aina samoilla linjoilla. Sananvapauden rajoittaminen ja kritiikki sotketaan jatkuvasti:<br \/>\nMika Ni&hellip;<\/p>\n","protected":false},"author":153,"featured_media":0,"comment_status":"open","ping_status":"open","sticky":false,"template":"","format":"standard","meta":{"_acf_changed":false,"asauth_required_access_level":3,"asauth_cansharepaid":"true","om_header_attributes":[],"footnotes":"","om_featured_image_focal_point":[],"om_primary_tag":0,"om_contributors":[],"om_co_authors":[],"beyondwords_generate_audio":"","beyondwords_project_id":"","beyondwords_content_id":"","beyondwords_preview_token":"","beyondwords_player_content":"","beyondwords_player_style":"","beyondwords_language_code":"","beyondwords_language_id":"","beyondwords_title_voice_id":"","beyondwords_body_voice_id":"","beyondwords_summary_voice_id":"","beyondwords_error_message":"","beyondwords_disabled":"","beyondwords_delete_content":"","beyondwords_podcast_id":"","beyondwords_hash":"","publish_post_to_speechkit":"","speechkit_hash":"","speechkit_generate_audio":"","speechkit_project_id":"","speechkit_podcast_id":"","speechkit_error_message":"","speechkit_disabled":"","speechkit_access_key":"","speechkit_error":"","speechkit_info":"","speechkit_response":"","speechkit_retries":"","speechkit_status":"","speechkit_updated_at":"","_speechkit_link":"","_speechkit_text":""},"categories":[1],"tags":[441,122,9,393],"class_list":["post-245","post","type-post","status-publish","format-standard","hentry","category-tahan-on-tultu","tag-charlie-hebdo","tag-islam","tag-sananvapaus","tag-terrorismi"],"om_views":null,"acf":{"tuuma_off":false,"tuuma_kysymys":"","tuuma_vastaus":""},"asauth":{"required_access_level":1,"share_token":"","is_paid":false},"yoast_head":"<!-- This site is optimized with the Yoast SEO plugin v26.4 - https:\/\/yoast.com\/wordpress\/plugins\/seo\/ -->\n<title>Haastattelen itse\u00e4ni Charlie Hebdosta - T\u00e4h\u00e4n on tultu<\/title>\n<meta name=\"description\" content=\"Eik\u00f6s Charlie Hebdossa ollut seksistisi\u00e4 ja rasistisia juttuja? Piirt\u00e4isitk\u00f6 Muhammedin?\" \/>\n<meta name=\"robots\" content=\"index, follow, max-snippet:-1, max-image-preview:large, max-video-preview:-1\" \/>\n<link rel=\"canonical\" href=\"https:\/\/suomenkuvalehti.fi\/tahanontultu\/haastattelen-itseani-charlie-hebdosta\/\" \/>\n<meta property=\"og:locale\" content=\"fi_FI\" \/>\n<meta property=\"og:type\" content=\"article\" \/>\n<meta property=\"og:title\" content=\"Haastattelen itse\u00e4ni Charlie Hebdosta - T\u00e4h\u00e4n on tultu\" \/>\n<meta property=\"og:description\" content=\"Eik\u00f6s Charlie Hebdossa ollut seksistisi\u00e4 ja rasistisia juttuja? Piirt\u00e4isitk\u00f6 Muhammedin?\" \/>\n<meta property=\"og:url\" content=\"https:\/\/suomenkuvalehti.fi\/tahanontultu\/haastattelen-itseani-charlie-hebdosta\/\" \/>\n<meta property=\"og:site_name\" content=\"T\u00e4h\u00e4n on tultu\" \/>\n<meta property=\"article:published_time\" content=\"2015-01-09T19:52:29+00:00\" \/>\n<meta property=\"article:modified_time\" content=\"2015-01-09T20:23:26+00:00\" \/>\n<meta property=\"og:image\" content=\"https:\/\/suomenkuvalehti.fi\/tahanontultu\/wp-content\/uploads\/sites\/14\/2013\/11\/jarla.jpg\" \/>\n\t<meta property=\"og:image:width\" content=\"419\" \/>\n\t<meta property=\"og:image:height\" content=\"425\" \/>\n\t<meta property=\"og:image:type\" content=\"image\/jpeg\" \/>\n<meta name=\"author\" content=\"Pertti Jarla\" \/>\n<meta name=\"twitter:card\" content=\"summary_large_image\" \/>\n<meta name=\"twitter:label1\" content=\"Written by\" \/>\n\t<meta name=\"twitter:data1\" content=\"Pertti Jarla\" \/>\n\t<meta name=\"twitter:label2\" content=\"Est. reading time\" \/>\n\t<meta name=\"twitter:data2\" content=\"1 minuutti\" \/>\n<script type=\"application\/ld+json\" class=\"yoast-schema-graph\">{\"@context\":\"https:\/\/schema.org\",\"@graph\":[{\"@type\":\"WebPage\",\"@id\":\"https:\/\/suomenkuvalehti.fi\/tahanontultu\/haastattelen-itseani-charlie-hebdosta\/\",\"url\":\"https:\/\/suomenkuvalehti.fi\/tahanontultu\/haastattelen-itseani-charlie-hebdosta\/\",\"name\":\"Haastattelen itse\u00e4ni Charlie Hebdosta - T\u00e4h\u00e4n on tultu\",\"isPartOf\":{\"@id\":\"https:\/\/suomenkuvalehti.fi\/tahanontultu\/#website\"},\"datePublished\":\"2015-01-09T19:52:29+00:00\",\"dateModified\":\"2015-01-09T20:23:26+00:00\",\"author\":{\"@id\":\"https:\/\/suomenkuvalehti.fi\/tahanontultu\/#\/schema\/person\/f258b4d6c9f57d438aab20b0066db5e7\"},\"description\":\"Eik\u00f6s Charlie Hebdossa ollut seksistisi\u00e4 ja rasistisia juttuja? Piirt\u00e4isitk\u00f6 Muhammedin?\",\"breadcrumb\":{\"@id\":\"https:\/\/suomenkuvalehti.fi\/tahanontultu\/haastattelen-itseani-charlie-hebdosta\/#breadcrumb\"},\"inLanguage\":\"fi\",\"potentialAction\":[{\"@type\":\"ReadAction\",\"target\":[\"https:\/\/suomenkuvalehti.fi\/tahanontultu\/haastattelen-itseani-charlie-hebdosta\/\"]}]},{\"@type\":\"BreadcrumbList\",\"@id\":\"https:\/\/suomenkuvalehti.fi\/tahanontultu\/haastattelen-itseani-charlie-hebdosta\/#breadcrumb\",\"itemListElement\":[{\"@type\":\"ListItem\",\"position\":1,\"name\":\"Home\",\"item\":\"https:\/\/suomenkuvalehti.fi\/tahanontultu\/\"},{\"@type\":\"ListItem\",\"position\":2,\"name\":\"Haastattelen itse\u00e4ni Charlie Hebdosta\"}]},{\"@type\":\"WebSite\",\"@id\":\"https:\/\/suomenkuvalehti.fi\/tahanontultu\/#website\",\"url\":\"https:\/\/suomenkuvalehti.fi\/tahanontultu\/\",\"name\":\"T\u00e4h\u00e4n on tultu\",\"description\":\"Fingerpori-sarjakuvan piirt\u00e4j\u00e4 p\u00e4hk\u00e4ilee maailmaa vitsien takana.\",\"potentialAction\":[{\"@type\":\"SearchAction\",\"target\":{\"@type\":\"EntryPoint\",\"urlTemplate\":\"https:\/\/suomenkuvalehti.fi\/haku\/?q={search_term_string}\"},\"query-input\":{\"@type\":\"PropertyValueSpecification\",\"valueRequired\":true,\"valueName\":\"search_term_string\"}}],\"inLanguage\":\"fi\"},{\"@type\":\"Person\",\"@id\":\"https:\/\/suomenkuvalehti.fi\/tahanontultu\/#\/schema\/person\/f258b4d6c9f57d438aab20b0066db5e7\",\"name\":\"Pertti Jarla\",\"image\":{\"@type\":\"ImageObject\",\"inLanguage\":\"fi\",\"@id\":\"https:\/\/suomenkuvalehti.fi\/tahanontultu\/#\/schema\/person\/image\/\",\"url\":\"https:\/\/suomenkuvalehti.fi\/tahanontultu\/wp-content\/uploads\/sites\/14\/2013\/11\/jarla-150x150.jpg\",\"contentUrl\":\"https:\/\/suomenkuvalehti.fi\/tahanontultu\/wp-content\/uploads\/sites\/14\/2013\/11\/jarla-150x150.jpg\",\"caption\":\"Pertti Jarla\"},\"description\":\"Kirjoittaja on porvoolainen sarjakuvantekij\u00e4.\"}]}<\/script>\n<!-- \/ Yoast SEO plugin. -->","yoast_head_json":{"title":"Haastattelen itse\u00e4ni Charlie Hebdosta - T\u00e4h\u00e4n on tultu","description":"Eik\u00f6s Charlie Hebdossa ollut seksistisi\u00e4 ja rasistisia juttuja? Piirt\u00e4isitk\u00f6 Muhammedin?","robots":{"index":"index","follow":"follow","max-snippet":"max-snippet:-1","max-image-preview":"max-image-preview:large","max-video-preview":"max-video-preview:-1"},"canonical":"https:\/\/suomenkuvalehti.fi\/tahanontultu\/haastattelen-itseani-charlie-hebdosta\/","og_locale":"fi_FI","og_type":"article","og_title":"Haastattelen itse\u00e4ni Charlie Hebdosta - T\u00e4h\u00e4n on tultu","og_description":"Eik\u00f6s Charlie Hebdossa ollut seksistisi\u00e4 ja rasistisia juttuja? Piirt\u00e4isitk\u00f6 Muhammedin?","og_url":"https:\/\/suomenkuvalehti.fi\/tahanontultu\/haastattelen-itseani-charlie-hebdosta\/","og_site_name":"T\u00e4h\u00e4n on tultu","article_published_time":"2015-01-09T19:52:29+00:00","article_modified_time":"2015-01-09T20:23:26+00:00","og_image":[{"width":419,"height":425,"url":"https:\/\/suomenkuvalehti.fi\/tahanontultu\/wp-content\/uploads\/sites\/14\/2013\/11\/jarla.jpg","type":"image\/jpeg"}],"author":"Pertti Jarla","twitter_card":"summary_large_image","twitter_misc":{"Written by":"Pertti Jarla","Est. reading time":"1 minuutti"},"schema":{"@context":"https:\/\/schema.org","@graph":[{"@type":"WebPage","@id":"https:\/\/suomenkuvalehti.fi\/tahanontultu\/haastattelen-itseani-charlie-hebdosta\/","url":"https:\/\/suomenkuvalehti.fi\/tahanontultu\/haastattelen-itseani-charlie-hebdosta\/","name":"Haastattelen itse\u00e4ni Charlie Hebdosta - T\u00e4h\u00e4n on tultu","isPartOf":{"@id":"https:\/\/suomenkuvalehti.fi\/tahanontultu\/#website"},"datePublished":"2015-01-09T19:52:29+00:00","dateModified":"2015-01-09T20:23:26+00:00","author":{"@id":"https:\/\/suomenkuvalehti.fi\/tahanontultu\/#\/schema\/person\/f258b4d6c9f57d438aab20b0066db5e7"},"description":"Eik\u00f6s Charlie Hebdossa ollut seksistisi\u00e4 ja rasistisia juttuja? Piirt\u00e4isitk\u00f6 Muhammedin?","breadcrumb":{"@id":"https:\/\/suomenkuvalehti.fi\/tahanontultu\/haastattelen-itseani-charlie-hebdosta\/#breadcrumb"},"inLanguage":"fi","potentialAction":[{"@type":"ReadAction","target":["https:\/\/suomenkuvalehti.fi\/tahanontultu\/haastattelen-itseani-charlie-hebdosta\/"]}]},{"@type":"BreadcrumbList","@id":"https:\/\/suomenkuvalehti.fi\/tahanontultu\/haastattelen-itseani-charlie-hebdosta\/#breadcrumb","itemListElement":[{"@type":"ListItem","position":1,"name":"Home","item":"https:\/\/suomenkuvalehti.fi\/tahanontultu\/"},{"@type":"ListItem","position":2,"name":"Haastattelen itse\u00e4ni Charlie Hebdosta"}]},{"@type":"WebSite","@id":"https:\/\/suomenkuvalehti.fi\/tahanontultu\/#website","url":"https:\/\/suomenkuvalehti.fi\/tahanontultu\/","name":"T\u00e4h\u00e4n on tultu","description":"Fingerpori-sarjakuvan piirt\u00e4j\u00e4 p\u00e4hk\u00e4ilee maailmaa vitsien takana.","potentialAction":[{"@type":"SearchAction","target":{"@type":"EntryPoint","urlTemplate":"https:\/\/suomenkuvalehti.fi\/haku\/?q={search_term_string}"},"query-input":{"@type":"PropertyValueSpecification","valueRequired":true,"valueName":"search_term_string"}}],"inLanguage":"fi"},{"@type":"Person","@id":"https:\/\/suomenkuvalehti.fi\/tahanontultu\/#\/schema\/person\/f258b4d6c9f57d438aab20b0066db5e7","name":"Pertti Jarla","image":{"@type":"ImageObject","inLanguage":"fi","@id":"https:\/\/suomenkuvalehti.fi\/tahanontultu\/#\/schema\/person\/image\/","url":"https:\/\/suomenkuvalehti.fi\/tahanontultu\/wp-content\/uploads\/sites\/14\/2013\/11\/jarla-150x150.jpg","contentUrl":"https:\/\/suomenkuvalehti.fi\/tahanontultu\/wp-content\/uploads\/sites\/14\/2013\/11\/jarla-150x150.jpg","caption":"Pertti Jarla"},"description":"Kirjoittaja on porvoolainen sarjakuvantekij\u00e4."}]}},"_links":{"self":[{"href":"https:\/\/suomenkuvalehti.fi\/tahanontultu\/wp-json\/wp\/v2\/posts\/245","targetHints":{"allow":["GET"]}}],"collection":[{"href":"https:\/\/suomenkuvalehti.fi\/tahanontultu\/wp-json\/wp\/v2\/posts"}],"about":[{"href":"https:\/\/suomenkuvalehti.fi\/tahanontultu\/wp-json\/wp\/v2\/types\/post"}],"author":[{"embeddable":true,"href":"https:\/\/suomenkuvalehti.fi\/tahanontultu\/wp-json\/wp\/v2\/users\/153"}],"replies":[{"embeddable":true,"href":"https:\/\/suomenkuvalehti.fi\/tahanontultu\/wp-json\/wp\/v2\/comments?post=245"}],"version-history":[{"count":9,"href":"https:\/\/suomenkuvalehti.fi\/tahanontultu\/wp-json\/wp\/v2\/posts\/245\/revisions"}],"predecessor-version":[{"id":255,"href":"https:\/\/suomenkuvalehti.fi\/tahanontultu\/wp-json\/wp\/v2\/posts\/245\/revisions\/255"}],"wp:attachment":[{"href":"https:\/\/suomenkuvalehti.fi\/tahanontultu\/wp-json\/wp\/v2\/media?parent=245"}],"wp:term":[{"taxonomy":"category","embeddable":true,"href":"https:\/\/suomenkuvalehti.fi\/tahanontultu\/wp-json\/wp\/v2\/categories?post=245"},{"taxonomy":"post_tag","embeddable":true,"href":"https:\/\/suomenkuvalehti.fi\/tahanontultu\/wp-json\/wp\/v2\/tags?post=245"}],"curies":[{"name":"wp","href":"https:\/\/api.w.org\/{rel}","templated":true}]}}