{"id":22,"date":"2013-03-12T09:32:45","date_gmt":"2013-03-12T07:32:45","guid":{"rendered":"https:\/\/suomenkuvalehti.fi\/tahanontultu\/2013\/03\/12\/heittaisipa-joku-meita-kaljatolkilla\/"},"modified":"2013-03-12T09:32:45","modified_gmt":"2013-03-12T07:32:45","slug":"heittaisipa-joku-meita-kaljatolkilla","status":"publish","type":"post","link":"https:\/\/suomenkuvalehti.fi\/tahanontultu\/heittaisipa-joku-meita-kaljatolkilla\/","title":{"rendered":"Heitt\u00e4isip\u00e4 joku meit\u00e4 kaljat\u00f6lkill\u00e4"},"content":{"rendered":"\n<p>Suomen Sisu j\u00e4rjesti suurk\u00e4r\u00e4j\u00e4ns\u00e4. Paikalle jaksoi ilmeisesti noin tusinan verran patriootteja viilailemaan uutta julkisuuskuvaa, toiveena ett\u00e4 yleis\u00f6 unohtaisi heid\u00e4n menneet julkilausumansa ja kirjasuosituksensa. Paikalla oli ehk\u00e4 tuplaten tuo m\u00e4\u00e4r\u00e4 poliiseja vahtimassa sisulaisuuden vastaista mielenosoitusta, joka viranomaistenkin mukaan sujui rauhallisesti. Jotkut huppup\u00e4\u00e4t ilmeisesti yrittiv\u00e4t haastaa verbaalisesti riitaa k\u00e4r\u00e4j\u00f6itsij\u00f6iden kanssa.<\/p>\n\n\n\n<p>V\u00e4kivaltaisen yhteenoton hinku on todella kova sek\u00e4 \u00e4\u00e4rioikealla ett\u00e4 -vasemmalla. Jos Suomen Sisua olisi v\u00e4kivalloin estetty pit\u00e4m\u00e4st\u00e4 k\u00e4r\u00e4ji\u00e4\u00e4n, he muistelisivat sit\u00e4 l\u00e4mm\u00f6ll\u00e4 viel\u00e4 vuosikymmenten p\u00e4\u00e4st\u00e4. Tapahtumaan oltaisiin voitu viitata vastedes aina joidenkin &#8221;patrioottien&#8221; nolattua itsens\u00e4 \u00f6ykk\u00e4r\u00f6innill\u00e4\u00e4n: muistakaa Suurk\u00e4r\u00e4jien veril\u00f6yly!<\/p>\n\n\n\n<p>Todellisuudessahan vastamielenosoitukset kuuluvat perinteisesti asiaan, jos \u00e4\u00e4riryhm\u00e4t n\u00e4kyv\u00e4sti kokoontuvat. Nyt<strong> Jussi Halla-ahokin <\/strong><a title=\"scripta\" href=\"http:\/\/www.halla-aho.com\/scripta\/suomen_sisun_suurkarajat_1032013.html\" target=\"_blank\">kirjoittaa<\/a>, kuin tapahtuma olisi ollut jotain skandaalimaista ja ainutlaatuista. H\u00e4n ihmettelee, miksi vastamielenosoituksesta ei uutisoitu enemp\u00e4\u00e4, jotainhan olisi saattanut tapahtua vaikkei tapahtunutkaan. Halla-aho kirjoittaa:<\/p>\n\n\n\n<p><em>Olisi mielenkiintoista n\u00e4hd\u00e4 reaktiot, jos mustiin pukeutuneet ja naamioituneet Suomen Sisun j\u00e4senet olisivat m\u00f6lynneet jonkin vasemmistolaisen yhdistyksen kokouspaikan edustalla ja huudelleet osanottajille h\u00e4vytt\u00f6mi\u00e4. Uskon, ett\u00e4 p\u00e4\u00e4toimittajat, kansanedustajat ja ministerit olisivat syv\u00e4sti j\u00e4rkyttyneit\u00e4. Vaikuttaa silt\u00e4, ett\u00e4 s\u00e4\u00e4nn\u00f6t eiv\u00e4t ole aivan samat aivan kaikille.<\/em><\/p>\n\n\n\n<p>H\u00e4n siis fantasioi tapahtuman ja sit\u00e4 seuraavan j\u00e4rkytyksen ministeritasolla. T\u00e4m\u00e4n unelman perusteella h\u00e4nest\u00e4 vaikuttaa silt\u00e4, ett\u00e4 patriootteja kohdellaan ep\u00e4reilusti. Tosiel\u00e4m\u00e4ss\u00e4 vaikuttaa kyll\u00e4 silt\u00e4, ett\u00e4 esimerkiksi Kokoomuksessa nostetaan \u00e4\u00e4rivasemmiston riehuminen hyvin mielell\u00e4\u00e4n valokeilaan:<\/p>\n\n\n\n<p>&#8221;Voisiko joku kertoa, mik\u00e4 on Euroopan \u00e4\u00e4rioikeiston ja -vasemmiston ero nyky\u00e4\u00e4n? En oikein tied\u00e4. Kertokaa please&#8221; -Alexander Stubb<\/p>\n\n\n\n<p>Ent\u00e4p\u00e4 t\u00e4m\u00e4 radikaali vasemmisto sitten, esimerkiksi nykyinen Antifa? He jakavat &#8221;patrioottien&#8221; kaipuun v\u00e4kivaltaisiin yhteenottoihin. Syyn\u00e4 varmaankin se, ett\u00e4 poliittinen vaikuttaminen ei oikein kiinnosta eik\u00e4 suju. Katsokaa Antifan kirjoitusvirheit\u00e4 vilisev\u00e4n CAPS LOCK-painotteisen kotisivun <a title=\"antifa\" href=\"http:\/\/suomenantifa.blogspot.fi\/\" target=\"_blank\">taustatapettia<\/a>. V\u00e4kivaltaurpo siin\u00e4 poseeraa pesismailan kanssa. T\u00e4m\u00e4 ei ole se pasifistinen Antifa, jolle sain maalata bannerin 20 vuotta sitten.<\/p>\n\n\n\n<p>Suomen Sisun ja muiden mustanaamiokerhojen vastustajille pari toivomusta, kun j\u00e4rjest\u00e4tte vastamielenosoituksia:<\/p>\n\n\n\n<p>-Muistakaa toiminnassanne ja lausunnoissanne, ett\u00e4 maahanmuuttokriittisill\u00e4 nationalisteillakin on kokoontumisen vapaus.<\/p>\n\n\n\n<p>-Pride-marssilta onnistuttiin taannoin poistamaan Finnish Defence League, samoin pit\u00e4isi olla mahdollista poistaa mielenosoituksesta v\u00e4kivaltaiset huppup\u00e4\u00e4t. Ainakin voisi ilmoittaa, ett\u00e4 he eiv\u00e4t ole tervetulleita. Naamioituminen on valmistautumista laittomuuksiin, rauhallisessa mielenosoituksessa ei pit\u00e4isi olla mit\u00e4\u00e4n sijaa katutaistelusta uneksiville \u00f6ykk\u00e4reille. Juuri heit\u00e4 \u00e4\u00e4rioikeisto haluaa n\u00e4hd\u00e4.<\/p>\n\n\n\n<p>-\u00c4lk\u00e4\u00e4 todetko mielenosoituskutsussa ett\u00e4 j\u00e4rjest\u00e4jill\u00e4 <em>&#8221;ei ole aikeita ryhty\u00e4 v\u00e4kivaltaan. Mutta jos joku moisen tekee, eiv\u00e4t j\u00e4rjest\u00e4j\u00e4t l\u00e4hde t\u00e4t\u00e4 est\u00e4m\u00e4\u00e4n&#8221;<\/em>. Jos joku anarko-Marko olisi aiheuttanut sisulaiselle fyysist\u00e4 vahinkoa, koko paska olisi kaatunut vastamielenosoittajien j\u00e4rjest\u00e4jien niskaan t\u00e4m\u00e4n lauseen ansiosta.<\/p>\n\n\n\n<p>Ensi kes\u00e4n tapahtumia jo etuk\u00e4teen vaivautuneena odotellen.<\/p>\n\n\n\n","protected":false},"excerpt":{"rendered":"<p>Suomen Sisu j\u00e4rjesti suurk\u00e4r\u00e4j\u00e4ns\u00e4. Paikalle jaksoi ilmeisesti noin tusinan verran patriootteja viilailemaan uutta julkisuuskuvaa, toiveena ett\u00e4 yleis\u00f6 unohtaisi heid\u00e4n menneet julkilausumansa ja kirjasuosituksensa. Paikalla oli ehk\u00e4 tuplaten tuo m\u00e4\u00e4r\u00e4 poliiseja vahtimassa<br \/>\nsisulaisuud&hellip;<\/p>\n","protected":false},"author":153,"featured_media":0,"comment_status":"open","ping_status":"open","sticky":false,"template":"","format":"standard","meta":{"_acf_changed":false,"asauth_required_access_level":0,"asauth_cansharepaid":"","om_header_attributes":[],"footnotes":"","om_featured_image_focal_point":[],"om_primary_tag":0,"om_contributors":[],"om_co_authors":[],"beyondwords_generate_audio":"","beyondwords_project_id":"","beyondwords_content_id":"","beyondwords_preview_token":"","beyondwords_player_content":"","beyondwords_player_style":"","beyondwords_language_code":"","beyondwords_language_id":"","beyondwords_title_voice_id":"","beyondwords_body_voice_id":"","beyondwords_summary_voice_id":"","beyondwords_error_message":"","beyondwords_disabled":"","beyondwords_delete_content":"","beyondwords_podcast_id":"","beyondwords_hash":"","publish_post_to_speechkit":"","speechkit_hash":"","speechkit_generate_audio":"","speechkit_project_id":"","speechkit_podcast_id":"","speechkit_error_message":"","speechkit_disabled":"","speechkit_access_key":"","speechkit_error":"","speechkit_info":"","speechkit_response":"","speechkit_retries":"","speechkit_status":"","speechkit_updated_at":"","_speechkit_link":"","_speechkit_text":""},"categories":[1],"tags":[51,54,55,49],"class_list":["post-22","post","type-post","status-publish","format-standard","hentry","category-tahan-on-tultu","tag-antifa","tag-jussi-halla-aho","tag-mielenosoitukset","tag-suomen-sisu"],"om_views":null,"acf":{"tuuma_off":false,"tuuma_kysymys":"","tuuma_vastaus":""},"asauth":{"required_access_level":1,"share_token":"","is_paid":false},"yoast_head":"<!-- This site is optimized with the Yoast SEO plugin v26.4 - https:\/\/yoast.com\/wordpress\/plugins\/seo\/ -->\n<title>Heitt\u00e4isip\u00e4 joku meit\u00e4 kaljat\u00f6lkill\u00e4 - T\u00e4h\u00e4n on tultu<\/title>\n<meta name=\"robots\" content=\"index, follow, max-snippet:-1, max-image-preview:large, max-video-preview:-1\" \/>\n<link rel=\"canonical\" href=\"https:\/\/suomenkuvalehti.fi\/tahanontultu\/heittaisipa-joku-meita-kaljatolkilla\/\" \/>\n<meta property=\"og:locale\" content=\"fi_FI\" \/>\n<meta property=\"og:type\" content=\"article\" \/>\n<meta property=\"og:title\" content=\"Heitt\u00e4isip\u00e4 joku meit\u00e4 kaljat\u00f6lkill\u00e4 - T\u00e4h\u00e4n on tultu\" \/>\n<meta property=\"og:description\" content=\"Suomen Sisu j\u00e4rjesti suurk\u00e4r\u00e4j\u00e4ns\u00e4. Paikalle jaksoi ilmeisesti noin tusinan verran patriootteja viilailemaan uutta julkisuuskuvaa, toiveena ett\u00e4 yleis\u00f6 unohtaisi heid\u00e4n menneet julkilausumansa ja kirjasuosituksensa. Paikalla oli ehk\u00e4 tuplaten tuo m\u00e4\u00e4r\u00e4 poliiseja vahtimassa sisulaisuud&hellip;\" \/>\n<meta property=\"og:url\" content=\"https:\/\/suomenkuvalehti.fi\/tahanontultu\/heittaisipa-joku-meita-kaljatolkilla\/\" \/>\n<meta property=\"og:site_name\" content=\"T\u00e4h\u00e4n on tultu\" \/>\n<meta property=\"article:published_time\" content=\"2013-03-12T07:32:45+00:00\" \/>\n<meta property=\"og:image\" content=\"https:\/\/suomenkuvalehti.fi\/tahanontultu\/wp-content\/uploads\/sites\/14\/2013\/11\/jarla.jpg\" \/>\n\t<meta property=\"og:image:width\" content=\"419\" \/>\n\t<meta property=\"og:image:height\" content=\"425\" \/>\n\t<meta property=\"og:image:type\" content=\"image\/jpeg\" \/>\n<meta name=\"author\" content=\"Pertti Jarla\" \/>\n<meta name=\"twitter:card\" content=\"summary_large_image\" \/>\n<meta name=\"twitter:label1\" content=\"Written by\" \/>\n\t<meta name=\"twitter:data1\" content=\"Pertti Jarla\" \/>\n\t<meta name=\"twitter:label2\" content=\"Est. reading time\" \/>\n\t<meta name=\"twitter:data2\" content=\"2 minuuttia\" \/>\n<script type=\"application\/ld+json\" class=\"yoast-schema-graph\">{\"@context\":\"https:\/\/schema.org\",\"@graph\":[{\"@type\":\"WebPage\",\"@id\":\"https:\/\/suomenkuvalehti.fi\/tahanontultu\/heittaisipa-joku-meita-kaljatolkilla\/\",\"url\":\"https:\/\/suomenkuvalehti.fi\/tahanontultu\/heittaisipa-joku-meita-kaljatolkilla\/\",\"name\":\"Heitt\u00e4isip\u00e4 joku meit\u00e4 kaljat\u00f6lkill\u00e4 - T\u00e4h\u00e4n on tultu\",\"isPartOf\":{\"@id\":\"https:\/\/suomenkuvalehti.fi\/tahanontultu\/#website\"},\"datePublished\":\"2013-03-12T07:32:45+00:00\",\"author\":{\"@id\":\"https:\/\/suomenkuvalehti.fi\/tahanontultu\/#\/schema\/person\/f258b4d6c9f57d438aab20b0066db5e7\"},\"breadcrumb\":{\"@id\":\"https:\/\/suomenkuvalehti.fi\/tahanontultu\/heittaisipa-joku-meita-kaljatolkilla\/#breadcrumb\"},\"inLanguage\":\"fi\",\"potentialAction\":[{\"@type\":\"ReadAction\",\"target\":[\"https:\/\/suomenkuvalehti.fi\/tahanontultu\/heittaisipa-joku-meita-kaljatolkilla\/\"]}]},{\"@type\":\"BreadcrumbList\",\"@id\":\"https:\/\/suomenkuvalehti.fi\/tahanontultu\/heittaisipa-joku-meita-kaljatolkilla\/#breadcrumb\",\"itemListElement\":[{\"@type\":\"ListItem\",\"position\":1,\"name\":\"Home\",\"item\":\"https:\/\/suomenkuvalehti.fi\/tahanontultu\/\"},{\"@type\":\"ListItem\",\"position\":2,\"name\":\"Heitt\u00e4isip\u00e4 joku meit\u00e4 kaljat\u00f6lkill\u00e4\"}]},{\"@type\":\"WebSite\",\"@id\":\"https:\/\/suomenkuvalehti.fi\/tahanontultu\/#website\",\"url\":\"https:\/\/suomenkuvalehti.fi\/tahanontultu\/\",\"name\":\"T\u00e4h\u00e4n on tultu\",\"description\":\"Fingerpori-sarjakuvan piirt\u00e4j\u00e4 p\u00e4hk\u00e4ilee maailmaa vitsien takana.\",\"potentialAction\":[{\"@type\":\"SearchAction\",\"target\":{\"@type\":\"EntryPoint\",\"urlTemplate\":\"https:\/\/suomenkuvalehti.fi\/haku\/?q={search_term_string}\"},\"query-input\":{\"@type\":\"PropertyValueSpecification\",\"valueRequired\":true,\"valueName\":\"search_term_string\"}}],\"inLanguage\":\"fi\"},{\"@type\":\"Person\",\"@id\":\"https:\/\/suomenkuvalehti.fi\/tahanontultu\/#\/schema\/person\/f258b4d6c9f57d438aab20b0066db5e7\",\"name\":\"Pertti Jarla\",\"image\":{\"@type\":\"ImageObject\",\"inLanguage\":\"fi\",\"@id\":\"https:\/\/suomenkuvalehti.fi\/tahanontultu\/#\/schema\/person\/image\/\",\"url\":\"https:\/\/suomenkuvalehti.fi\/tahanontultu\/wp-content\/uploads\/sites\/14\/2013\/11\/jarla-150x150.jpg\",\"contentUrl\":\"https:\/\/suomenkuvalehti.fi\/tahanontultu\/wp-content\/uploads\/sites\/14\/2013\/11\/jarla-150x150.jpg\",\"caption\":\"Pertti Jarla\"},\"description\":\"Kirjoittaja on porvoolainen sarjakuvantekij\u00e4.\"}]}<\/script>\n<!-- \/ Yoast SEO plugin. -->","yoast_head_json":{"title":"Heitt\u00e4isip\u00e4 joku meit\u00e4 kaljat\u00f6lkill\u00e4 - T\u00e4h\u00e4n on tultu","robots":{"index":"index","follow":"follow","max-snippet":"max-snippet:-1","max-image-preview":"max-image-preview:large","max-video-preview":"max-video-preview:-1"},"canonical":"https:\/\/suomenkuvalehti.fi\/tahanontultu\/heittaisipa-joku-meita-kaljatolkilla\/","og_locale":"fi_FI","og_type":"article","og_title":"Heitt\u00e4isip\u00e4 joku meit\u00e4 kaljat\u00f6lkill\u00e4 - T\u00e4h\u00e4n on tultu","og_description":"Suomen Sisu j\u00e4rjesti suurk\u00e4r\u00e4j\u00e4ns\u00e4. Paikalle jaksoi ilmeisesti noin tusinan verran patriootteja viilailemaan uutta julkisuuskuvaa, toiveena ett\u00e4 yleis\u00f6 unohtaisi heid\u00e4n menneet julkilausumansa ja kirjasuosituksensa. Paikalla oli ehk\u00e4 tuplaten tuo m\u00e4\u00e4r\u00e4 poliiseja vahtimassa sisulaisuud&hellip;","og_url":"https:\/\/suomenkuvalehti.fi\/tahanontultu\/heittaisipa-joku-meita-kaljatolkilla\/","og_site_name":"T\u00e4h\u00e4n on tultu","article_published_time":"2013-03-12T07:32:45+00:00","og_image":[{"width":419,"height":425,"url":"https:\/\/suomenkuvalehti.fi\/tahanontultu\/wp-content\/uploads\/sites\/14\/2013\/11\/jarla.jpg","type":"image\/jpeg"}],"author":"Pertti Jarla","twitter_card":"summary_large_image","twitter_misc":{"Written by":"Pertti Jarla","Est. reading time":"2 minuuttia"},"schema":{"@context":"https:\/\/schema.org","@graph":[{"@type":"WebPage","@id":"https:\/\/suomenkuvalehti.fi\/tahanontultu\/heittaisipa-joku-meita-kaljatolkilla\/","url":"https:\/\/suomenkuvalehti.fi\/tahanontultu\/heittaisipa-joku-meita-kaljatolkilla\/","name":"Heitt\u00e4isip\u00e4 joku meit\u00e4 kaljat\u00f6lkill\u00e4 - T\u00e4h\u00e4n on tultu","isPartOf":{"@id":"https:\/\/suomenkuvalehti.fi\/tahanontultu\/#website"},"datePublished":"2013-03-12T07:32:45+00:00","author":{"@id":"https:\/\/suomenkuvalehti.fi\/tahanontultu\/#\/schema\/person\/f258b4d6c9f57d438aab20b0066db5e7"},"breadcrumb":{"@id":"https:\/\/suomenkuvalehti.fi\/tahanontultu\/heittaisipa-joku-meita-kaljatolkilla\/#breadcrumb"},"inLanguage":"fi","potentialAction":[{"@type":"ReadAction","target":["https:\/\/suomenkuvalehti.fi\/tahanontultu\/heittaisipa-joku-meita-kaljatolkilla\/"]}]},{"@type":"BreadcrumbList","@id":"https:\/\/suomenkuvalehti.fi\/tahanontultu\/heittaisipa-joku-meita-kaljatolkilla\/#breadcrumb","itemListElement":[{"@type":"ListItem","position":1,"name":"Home","item":"https:\/\/suomenkuvalehti.fi\/tahanontultu\/"},{"@type":"ListItem","position":2,"name":"Heitt\u00e4isip\u00e4 joku meit\u00e4 kaljat\u00f6lkill\u00e4"}]},{"@type":"WebSite","@id":"https:\/\/suomenkuvalehti.fi\/tahanontultu\/#website","url":"https:\/\/suomenkuvalehti.fi\/tahanontultu\/","name":"T\u00e4h\u00e4n on tultu","description":"Fingerpori-sarjakuvan piirt\u00e4j\u00e4 p\u00e4hk\u00e4ilee maailmaa vitsien takana.","potentialAction":[{"@type":"SearchAction","target":{"@type":"EntryPoint","urlTemplate":"https:\/\/suomenkuvalehti.fi\/haku\/?q={search_term_string}"},"query-input":{"@type":"PropertyValueSpecification","valueRequired":true,"valueName":"search_term_string"}}],"inLanguage":"fi"},{"@type":"Person","@id":"https:\/\/suomenkuvalehti.fi\/tahanontultu\/#\/schema\/person\/f258b4d6c9f57d438aab20b0066db5e7","name":"Pertti Jarla","image":{"@type":"ImageObject","inLanguage":"fi","@id":"https:\/\/suomenkuvalehti.fi\/tahanontultu\/#\/schema\/person\/image\/","url":"https:\/\/suomenkuvalehti.fi\/tahanontultu\/wp-content\/uploads\/sites\/14\/2013\/11\/jarla-150x150.jpg","contentUrl":"https:\/\/suomenkuvalehti.fi\/tahanontultu\/wp-content\/uploads\/sites\/14\/2013\/11\/jarla-150x150.jpg","caption":"Pertti Jarla"},"description":"Kirjoittaja on porvoolainen sarjakuvantekij\u00e4."}]}},"_links":{"self":[{"href":"https:\/\/suomenkuvalehti.fi\/tahanontultu\/wp-json\/wp\/v2\/posts\/22","targetHints":{"allow":["GET"]}}],"collection":[{"href":"https:\/\/suomenkuvalehti.fi\/tahanontultu\/wp-json\/wp\/v2\/posts"}],"about":[{"href":"https:\/\/suomenkuvalehti.fi\/tahanontultu\/wp-json\/wp\/v2\/types\/post"}],"author":[{"embeddable":true,"href":"https:\/\/suomenkuvalehti.fi\/tahanontultu\/wp-json\/wp\/v2\/users\/153"}],"replies":[{"embeddable":true,"href":"https:\/\/suomenkuvalehti.fi\/tahanontultu\/wp-json\/wp\/v2\/comments?post=22"}],"version-history":[{"count":0,"href":"https:\/\/suomenkuvalehti.fi\/tahanontultu\/wp-json\/wp\/v2\/posts\/22\/revisions"}],"wp:attachment":[{"href":"https:\/\/suomenkuvalehti.fi\/tahanontultu\/wp-json\/wp\/v2\/media?parent=22"}],"wp:term":[{"taxonomy":"category","embeddable":true,"href":"https:\/\/suomenkuvalehti.fi\/tahanontultu\/wp-json\/wp\/v2\/categories?post=22"},{"taxonomy":"post_tag","embeddable":true,"href":"https:\/\/suomenkuvalehti.fi\/tahanontultu\/wp-json\/wp\/v2\/tags?post=22"}],"curies":[{"name":"wp","href":"https:\/\/api.w.org\/{rel}","templated":true}]}}