{"id":21,"date":"2013-03-13T08:05:07","date_gmt":"2013-03-13T06:05:07","guid":{"rendered":"https:\/\/suomenkuvalehti.fi\/tahanontultu\/2013\/03\/13\/suomen-antifa-lahinna-muistoissamme\/"},"modified":"2013-03-13T08:05:07","modified_gmt":"2013-03-13T06:05:07","slug":"suomen-antifa-lahinna-muistoissamme","status":"publish","type":"post","link":"https:\/\/suomenkuvalehti.fi\/tahanontultu\/suomen-antifa-lahinna-muistoissamme\/","title":{"rendered":"Suomen Antifa, l\u00e4hinn\u00e4 muistoissamme"},"content":{"rendered":"\n<p>Kirjoitin eilen sek\u00e4 \u00e4\u00e4rioikeistolaisten ett\u00e4 -vasemmistolaisten ryhmien v\u00e4kivaltaisen yhteenoton kaipuusta. Linkkasin Suomen Antifan idioottimaisen n\u00e4k\u00f6iselle <a title=\"antifa\" href=\"http:\/\/suomenantifa.blogspot.fi\/\" target=\"_blank\">sivustolle<\/a> ja kirjoitin: &#8221;<em>t\u00e4m\u00e4 ei ole se pasifistinen Antifa, jolle sain maalata bannerin 20 vuotta sitten&#8221;<\/em>. Ja eip\u00e4 tosiaan taida ollakaan.<\/p>\n\n\n\n<p>1992-3 tunsin muutamia Antifan toiminnassa olleita ja vierailin heid\u00e4n tapahtumassaan ainakin kerran. N\u00e4m\u00e4 tuttavani eiv\u00e4t olleet vasemmistoanarkisteja, saati sitten pesismailojen heiluttajia. My\u00f6hemmin kuulin sielt\u00e4 sun t\u00e4\u00e4lt\u00e4, ett\u00e4 Antifa on lakkautettu vuosituhannen vaihteessa.<\/p>\n\n\n\n<p>Jos t\u00e4n\u00e4\u00e4n googlaa Suomen Antifan, huomaa ett\u00e4 se el\u00e4\u00e4 l\u00e4hinn\u00e4 \u00e4\u00e4rivasemmistoa kritisoivien kirjoittajien puheissa. Ei vain Hommaforumilla, vaan my\u00f6s liberalistien Vapaasana.net <a title=\"vapaasana\" href=\"http:\/\/www.vapaasana.net\/artikkelit\/2009\/07\/anarkistit-afa-ja-antifa-%E2%80%93-%C3%A4%C3%A4rivasemmisto-yritt%C3%A4%C3%A4-hallita-pelolla-ja-v%C3%A4kivallalla\" target=\"_blank\">kirjoitti 2009 <\/a>kuinka <em>&#8221;Anarkistit, AFA ja ANTIFA &#8211; \u00e4\u00e4rivasemmisto yritt\u00e4\u00e4 hallita pelolla ja v\u00e4kivallalla&#8221;<\/em>. 2010 Vapaasana muistaa mainita otsikolla <a title=\"vapaasana\" href=\"http:\/\/vapaasana.net\/artikkelit\/2010\/01\/antifasismi-kommunismin-puolustamista-ja-katutappelua\" target=\"_blank\">&#8221;<\/a><em><a title=\"vapaasana\" href=\"http:\/\/vapaasana.net\/artikkelit\/2010\/01\/antifasismi-kommunismin-puolustamista-ja-katutappelua\" target=\"_blank\">&#8217;Antifasismi&#8217; &#8211; kommunismin puolustamista ja katutappelua&#8221;<\/a>, <\/em>ett\u00e4 Suomen Antifa on lakkautettu mm. &#8221;liiallisen maltillisuuden&#8221; vuoksi. Maltilliselta se minustakin vaikutti.<\/p>\n\n\n\n<p>Antifa esiintyi muinoin varsin n\u00e4kyv\u00e4sti eri mielenosoituksissa, hienosti maalatun bannerinsa alla. Nyt ei n\u00e4y muuta eloa kuin tuo aiemmin mainittu sivu. Olen eilisen blogitukseni j\u00e4lkeen kuullut, ett\u00e4 kyseess\u00e4 on ilmeisesti yhden henkil\u00f6n yll\u00e4pit\u00e4m\u00e4 viritys, hyvin mahdollisesti feikki. Uskon muuta, kun n\u00e4en mit\u00e4\u00e4n konkreettisempaa toimintaa Antifan nimell\u00e4.<\/p>\n\n\n\n<p>Ent\u00e4 sitten Suomen AFA? No, siit\u00e4 ei meinaa t\u00e4n\u00e4 p\u00e4iv\u00e4n\u00e4 n\u00e4ky\u00e4 edes feikkisivustoa. Suomessa on ehdottomasti v\u00e4kivaltaa ihannoivaa \u00e4\u00e4rivasemmistoa, mielenosoituksiin osallistuvat huppup\u00e4\u00e4t eiv\u00e4t ole v\u00e4\u00e4renn\u00f6ksi\u00e4. Mutta onko heit\u00e4 kourallista enemp\u00e4\u00e4, kykenev\u00e4tk\u00f6 he muuhun kuin kiljun juontiin ja huuteluun, onko heill\u00e4 mit\u00e4\u00e4n sananvaltaa poliittisessa vasemmistossa?<\/p>\n\n\n\n<p>Moni on nyt valmis vastaamaan &#8221;todellakin ja ehdottomasti&#8221;. Itse kaipaisin edes jotain tutkittua tietoa. Nykyisin ollaan kovin k\u00e4rkk\u00e4it\u00e4 niputtamaan kaikki antifasistit (joihin luen mm. itseni) v\u00e4kivaltaiseksi &#8221;\u00e4\u00e4rivasemmistoksi&#8221; ilman sen kummempaa perustetta. Heitell\u00e4\u00e4n organisaatioiden nimi\u00e4 kuten Antifa ja AFA muistamatta mainita, ett\u00e4 sellaisia ei t\u00e4ll\u00e4 hetkell\u00e4 maassamme taida edes toimia.<\/p>\n\n\n\n<p>Suomen Antifan nimiss\u00e4 tehty sivusto n\u00e4ytt\u00e4\u00e4 typer\u00e4lt\u00e4 mm. siksi, ett\u00e4 siin\u00e4 vedet\u00e4\u00e4n surutta yht\u00e4l\u00e4isyysmerkit Perussuomalaisen puolueen ja \u00e4\u00e4rioikeiston v\u00e4lille. Perussuomalaisethan ei ole jatkumoa Siitoinin ja Kuisman porukoille, vaan Vennamoiden SMP:lle, joka sekin oli loppuvuosinaan maahanmuuttokriittinen.<\/p>\n\n\n\n<p>Samalla lailla typer\u00e4\u00e4 on antifasismin leimaaminen \u00e4\u00e4rivasemmistolaisuudeksi, ja sit\u00e4 tehd\u00e4\u00e4n jatkuvasti, ihan oikeilla nettisivuilla jotka eiv\u00e4t ole vain jonkun yhden ihmisen pelleily\u00e4.<\/p>\n\n\n","protected":false},"excerpt":{"rendered":"<p>Kirjoitin eilen sek\u00e4 \u00e4\u00e4rioikeistolaisten ett\u00e4 -vasemmistolaisten ryhmien v\u00e4kivaltaisen yhteenoton kaipuusta. Linkkasin Suomen Antifan idioottimaisen n\u00e4k\u00f6iselle sivustolle ja kirjoitin: &#8221;t\u00e4m\u00e4 ei ole se pasifistinen Antifa, jolle sain maalata bannerin 20 vuotta sitten&#8221;. Ja<br \/>\neip\u00e4 tos&hellip;<\/p>\n","protected":false},"author":153,"featured_media":0,"comment_status":"open","ping_status":"open","sticky":false,"template":"","format":"standard","meta":{"_acf_changed":false,"asauth_required_access_level":0,"asauth_cansharepaid":"","om_header_attributes":[],"footnotes":"","om_featured_image_focal_point":[],"om_primary_tag":0,"om_contributors":[],"om_co_authors":[],"beyondwords_generate_audio":"","beyondwords_project_id":"","beyondwords_content_id":"","beyondwords_preview_token":"","beyondwords_player_content":"","beyondwords_player_style":"","beyondwords_language_code":"","beyondwords_language_id":"","beyondwords_title_voice_id":"","beyondwords_body_voice_id":"","beyondwords_summary_voice_id":"","beyondwords_error_message":"","beyondwords_disabled":"","beyondwords_delete_content":"","beyondwords_podcast_id":"","beyondwords_hash":"","publish_post_to_speechkit":"","speechkit_hash":"","speechkit_generate_audio":"","speechkit_project_id":"","speechkit_podcast_id":"","speechkit_error_message":"","speechkit_disabled":"","speechkit_access_key":"","speechkit_error":"","speechkit_info":"","speechkit_response":"","speechkit_retries":"","speechkit_status":"","speechkit_updated_at":"","_speechkit_link":"","_speechkit_text":""},"categories":[1],"tags":[52,51,53],"class_list":["post-21","post","type-post","status-publish","format-standard","hentry","category-tahan-on-tultu","tag-afa","tag-antifa","tag-antifasismi"],"om_views":null,"acf":{"tuuma_off":false,"tuuma_kysymys":"","tuuma_vastaus":""},"asauth":{"required_access_level":1,"share_token":"","is_paid":false},"yoast_head":"<!-- This site is optimized with the Yoast SEO plugin v26.4 - https:\/\/yoast.com\/wordpress\/plugins\/seo\/ -->\n<title>Suomen Antifa, l\u00e4hinn\u00e4 muistoissamme - T\u00e4h\u00e4n on tultu<\/title>\n<meta name=\"robots\" content=\"index, follow, max-snippet:-1, max-image-preview:large, max-video-preview:-1\" \/>\n<link rel=\"canonical\" href=\"https:\/\/suomenkuvalehti.fi\/tahanontultu\/suomen-antifa-lahinna-muistoissamme\/\" \/>\n<meta property=\"og:locale\" content=\"fi_FI\" \/>\n<meta property=\"og:type\" content=\"article\" \/>\n<meta property=\"og:title\" content=\"Suomen Antifa, l\u00e4hinn\u00e4 muistoissamme - T\u00e4h\u00e4n on tultu\" \/>\n<meta property=\"og:description\" content=\"Kirjoitin eilen sek\u00e4 \u00e4\u00e4rioikeistolaisten ett\u00e4 -vasemmistolaisten ryhmien v\u00e4kivaltaisen yhteenoton kaipuusta. Linkkasin Suomen Antifan idioottimaisen n\u00e4k\u00f6iselle sivustolle ja kirjoitin: &#8221;t\u00e4m\u00e4 ei ole se pasifistinen Antifa, jolle sain maalata bannerin 20 vuotta sitten&#8221;. Ja eip\u00e4 tos&hellip;\" \/>\n<meta property=\"og:url\" content=\"https:\/\/suomenkuvalehti.fi\/tahanontultu\/suomen-antifa-lahinna-muistoissamme\/\" \/>\n<meta property=\"og:site_name\" content=\"T\u00e4h\u00e4n on tultu\" \/>\n<meta property=\"article:published_time\" content=\"2013-03-13T06:05:07+00:00\" \/>\n<meta property=\"og:image\" content=\"https:\/\/suomenkuvalehti.fi\/tahanontultu\/wp-content\/uploads\/sites\/14\/2013\/11\/jarla.jpg\" \/>\n\t<meta property=\"og:image:width\" content=\"419\" \/>\n\t<meta property=\"og:image:height\" content=\"425\" \/>\n\t<meta property=\"og:image:type\" content=\"image\/jpeg\" \/>\n<meta name=\"author\" content=\"Pertti Jarla\" \/>\n<meta name=\"twitter:card\" content=\"summary_large_image\" \/>\n<meta name=\"twitter:label1\" content=\"Written by\" \/>\n\t<meta name=\"twitter:data1\" content=\"Pertti Jarla\" \/>\n\t<meta name=\"twitter:label2\" content=\"Est. reading time\" \/>\n\t<meta name=\"twitter:data2\" content=\"2 minuuttia\" \/>\n<script type=\"application\/ld+json\" class=\"yoast-schema-graph\">{\"@context\":\"https:\/\/schema.org\",\"@graph\":[{\"@type\":\"WebPage\",\"@id\":\"https:\/\/suomenkuvalehti.fi\/tahanontultu\/suomen-antifa-lahinna-muistoissamme\/\",\"url\":\"https:\/\/suomenkuvalehti.fi\/tahanontultu\/suomen-antifa-lahinna-muistoissamme\/\",\"name\":\"Suomen Antifa, l\u00e4hinn\u00e4 muistoissamme - T\u00e4h\u00e4n on tultu\",\"isPartOf\":{\"@id\":\"https:\/\/suomenkuvalehti.fi\/tahanontultu\/#website\"},\"datePublished\":\"2013-03-13T06:05:07+00:00\",\"author\":{\"@id\":\"https:\/\/suomenkuvalehti.fi\/tahanontultu\/#\/schema\/person\/f258b4d6c9f57d438aab20b0066db5e7\"},\"breadcrumb\":{\"@id\":\"https:\/\/suomenkuvalehti.fi\/tahanontultu\/suomen-antifa-lahinna-muistoissamme\/#breadcrumb\"},\"inLanguage\":\"fi\",\"potentialAction\":[{\"@type\":\"ReadAction\",\"target\":[\"https:\/\/suomenkuvalehti.fi\/tahanontultu\/suomen-antifa-lahinna-muistoissamme\/\"]}]},{\"@type\":\"BreadcrumbList\",\"@id\":\"https:\/\/suomenkuvalehti.fi\/tahanontultu\/suomen-antifa-lahinna-muistoissamme\/#breadcrumb\",\"itemListElement\":[{\"@type\":\"ListItem\",\"position\":1,\"name\":\"Home\",\"item\":\"https:\/\/suomenkuvalehti.fi\/tahanontultu\/\"},{\"@type\":\"ListItem\",\"position\":2,\"name\":\"Suomen Antifa, l\u00e4hinn\u00e4 muistoissamme\"}]},{\"@type\":\"WebSite\",\"@id\":\"https:\/\/suomenkuvalehti.fi\/tahanontultu\/#website\",\"url\":\"https:\/\/suomenkuvalehti.fi\/tahanontultu\/\",\"name\":\"T\u00e4h\u00e4n on tultu\",\"description\":\"Fingerpori-sarjakuvan piirt\u00e4j\u00e4 p\u00e4hk\u00e4ilee maailmaa vitsien takana.\",\"potentialAction\":[{\"@type\":\"SearchAction\",\"target\":{\"@type\":\"EntryPoint\",\"urlTemplate\":\"https:\/\/suomenkuvalehti.fi\/haku\/?q={search_term_string}\"},\"query-input\":{\"@type\":\"PropertyValueSpecification\",\"valueRequired\":true,\"valueName\":\"search_term_string\"}}],\"inLanguage\":\"fi\"},{\"@type\":\"Person\",\"@id\":\"https:\/\/suomenkuvalehti.fi\/tahanontultu\/#\/schema\/person\/f258b4d6c9f57d438aab20b0066db5e7\",\"name\":\"Pertti Jarla\",\"image\":{\"@type\":\"ImageObject\",\"inLanguage\":\"fi\",\"@id\":\"https:\/\/suomenkuvalehti.fi\/tahanontultu\/#\/schema\/person\/image\/\",\"url\":\"https:\/\/suomenkuvalehti.fi\/tahanontultu\/wp-content\/uploads\/sites\/14\/2013\/11\/jarla-150x150.jpg\",\"contentUrl\":\"https:\/\/suomenkuvalehti.fi\/tahanontultu\/wp-content\/uploads\/sites\/14\/2013\/11\/jarla-150x150.jpg\",\"caption\":\"Pertti Jarla\"},\"description\":\"Kirjoittaja on porvoolainen sarjakuvantekij\u00e4.\"}]}<\/script>\n<!-- \/ Yoast SEO plugin. -->","yoast_head_json":{"title":"Suomen Antifa, l\u00e4hinn\u00e4 muistoissamme - T\u00e4h\u00e4n on tultu","robots":{"index":"index","follow":"follow","max-snippet":"max-snippet:-1","max-image-preview":"max-image-preview:large","max-video-preview":"max-video-preview:-1"},"canonical":"https:\/\/suomenkuvalehti.fi\/tahanontultu\/suomen-antifa-lahinna-muistoissamme\/","og_locale":"fi_FI","og_type":"article","og_title":"Suomen Antifa, l\u00e4hinn\u00e4 muistoissamme - T\u00e4h\u00e4n on tultu","og_description":"Kirjoitin eilen sek\u00e4 \u00e4\u00e4rioikeistolaisten ett\u00e4 -vasemmistolaisten ryhmien v\u00e4kivaltaisen yhteenoton kaipuusta. Linkkasin Suomen Antifan idioottimaisen n\u00e4k\u00f6iselle sivustolle ja kirjoitin: &#8221;t\u00e4m\u00e4 ei ole se pasifistinen Antifa, jolle sain maalata bannerin 20 vuotta sitten&#8221;. Ja eip\u00e4 tos&hellip;","og_url":"https:\/\/suomenkuvalehti.fi\/tahanontultu\/suomen-antifa-lahinna-muistoissamme\/","og_site_name":"T\u00e4h\u00e4n on tultu","article_published_time":"2013-03-13T06:05:07+00:00","og_image":[{"width":419,"height":425,"url":"https:\/\/suomenkuvalehti.fi\/tahanontultu\/wp-content\/uploads\/sites\/14\/2013\/11\/jarla.jpg","type":"image\/jpeg"}],"author":"Pertti Jarla","twitter_card":"summary_large_image","twitter_misc":{"Written by":"Pertti Jarla","Est. reading time":"2 minuuttia"},"schema":{"@context":"https:\/\/schema.org","@graph":[{"@type":"WebPage","@id":"https:\/\/suomenkuvalehti.fi\/tahanontultu\/suomen-antifa-lahinna-muistoissamme\/","url":"https:\/\/suomenkuvalehti.fi\/tahanontultu\/suomen-antifa-lahinna-muistoissamme\/","name":"Suomen Antifa, l\u00e4hinn\u00e4 muistoissamme - T\u00e4h\u00e4n on tultu","isPartOf":{"@id":"https:\/\/suomenkuvalehti.fi\/tahanontultu\/#website"},"datePublished":"2013-03-13T06:05:07+00:00","author":{"@id":"https:\/\/suomenkuvalehti.fi\/tahanontultu\/#\/schema\/person\/f258b4d6c9f57d438aab20b0066db5e7"},"breadcrumb":{"@id":"https:\/\/suomenkuvalehti.fi\/tahanontultu\/suomen-antifa-lahinna-muistoissamme\/#breadcrumb"},"inLanguage":"fi","potentialAction":[{"@type":"ReadAction","target":["https:\/\/suomenkuvalehti.fi\/tahanontultu\/suomen-antifa-lahinna-muistoissamme\/"]}]},{"@type":"BreadcrumbList","@id":"https:\/\/suomenkuvalehti.fi\/tahanontultu\/suomen-antifa-lahinna-muistoissamme\/#breadcrumb","itemListElement":[{"@type":"ListItem","position":1,"name":"Home","item":"https:\/\/suomenkuvalehti.fi\/tahanontultu\/"},{"@type":"ListItem","position":2,"name":"Suomen Antifa, l\u00e4hinn\u00e4 muistoissamme"}]},{"@type":"WebSite","@id":"https:\/\/suomenkuvalehti.fi\/tahanontultu\/#website","url":"https:\/\/suomenkuvalehti.fi\/tahanontultu\/","name":"T\u00e4h\u00e4n on tultu","description":"Fingerpori-sarjakuvan piirt\u00e4j\u00e4 p\u00e4hk\u00e4ilee maailmaa vitsien takana.","potentialAction":[{"@type":"SearchAction","target":{"@type":"EntryPoint","urlTemplate":"https:\/\/suomenkuvalehti.fi\/haku\/?q={search_term_string}"},"query-input":{"@type":"PropertyValueSpecification","valueRequired":true,"valueName":"search_term_string"}}],"inLanguage":"fi"},{"@type":"Person","@id":"https:\/\/suomenkuvalehti.fi\/tahanontultu\/#\/schema\/person\/f258b4d6c9f57d438aab20b0066db5e7","name":"Pertti Jarla","image":{"@type":"ImageObject","inLanguage":"fi","@id":"https:\/\/suomenkuvalehti.fi\/tahanontultu\/#\/schema\/person\/image\/","url":"https:\/\/suomenkuvalehti.fi\/tahanontultu\/wp-content\/uploads\/sites\/14\/2013\/11\/jarla-150x150.jpg","contentUrl":"https:\/\/suomenkuvalehti.fi\/tahanontultu\/wp-content\/uploads\/sites\/14\/2013\/11\/jarla-150x150.jpg","caption":"Pertti Jarla"},"description":"Kirjoittaja on porvoolainen sarjakuvantekij\u00e4."}]}},"_links":{"self":[{"href":"https:\/\/suomenkuvalehti.fi\/tahanontultu\/wp-json\/wp\/v2\/posts\/21","targetHints":{"allow":["GET"]}}],"collection":[{"href":"https:\/\/suomenkuvalehti.fi\/tahanontultu\/wp-json\/wp\/v2\/posts"}],"about":[{"href":"https:\/\/suomenkuvalehti.fi\/tahanontultu\/wp-json\/wp\/v2\/types\/post"}],"author":[{"embeddable":true,"href":"https:\/\/suomenkuvalehti.fi\/tahanontultu\/wp-json\/wp\/v2\/users\/153"}],"replies":[{"embeddable":true,"href":"https:\/\/suomenkuvalehti.fi\/tahanontultu\/wp-json\/wp\/v2\/comments?post=21"}],"version-history":[{"count":0,"href":"https:\/\/suomenkuvalehti.fi\/tahanontultu\/wp-json\/wp\/v2\/posts\/21\/revisions"}],"wp:attachment":[{"href":"https:\/\/suomenkuvalehti.fi\/tahanontultu\/wp-json\/wp\/v2\/media?parent=21"}],"wp:term":[{"taxonomy":"category","embeddable":true,"href":"https:\/\/suomenkuvalehti.fi\/tahanontultu\/wp-json\/wp\/v2\/categories?post=21"},{"taxonomy":"post_tag","embeddable":true,"href":"https:\/\/suomenkuvalehti.fi\/tahanontultu\/wp-json\/wp\/v2\/tags?post=21"}],"curies":[{"name":"wp","href":"https:\/\/api.w.org\/{rel}","templated":true}]}}