{"id":20,"date":"2013-03-14T16:58:01","date_gmt":"2013-03-14T14:58:01","guid":{"rendered":"https:\/\/suomenkuvalehti.fi\/tahanontultu\/2013\/03\/14\/the-media-will-take-that-as-a-nazi-salute\/"},"modified":"2013-03-14T16:58:01","modified_gmt":"2013-03-14T14:58:01","slug":"the-media-will-take-that-as-a-nazi-salute","status":"publish","type":"post","link":"https:\/\/suomenkuvalehti.fi\/tahanontultu\/the-media-will-take-that-as-a-nazi-salute\/","title":{"rendered":"The media will take that as a nazi salute"},"content":{"rendered":"\n<p>Suomen Sisua k\u00e4sittelev\u00e4 blogitussarjani jatkuu, lupaan keksi\u00e4 pian jotain uutta.<\/p>\n\n\n\n<p><strong>Jiri Keronen<\/strong> on kirjoittanut Suomen Sisusta ja sen pyrkimyksest\u00e4 korjailla mainettaan v\u00e4hemm\u00e4n nazionalistiseen suuntaan. <a title=\"uusi suomi\" href=\"http:\/\/herrakeronen.puheenvuoro.uusisuomi.fi\/135281-suomen-sisu-kuuluu-keskitysleirille\" target=\"_blank\">Suosittelen lukemaan<\/a>. H\u00e4n esitt\u00e4\u00e4 ajatuksen, joka kannattaa pit\u00e4\u00e4 mieless\u00e4: jos joku henkil\u00f6 tai j\u00e4rjest\u00f6 pyrkii ohjaamaan toimintaansa v\u00e4hemm\u00e4n kyseenalaiseen suuntaan, kannattaa kannustaa pikemminkin kuin muistutella vanhoista synneist\u00e4.<\/p>\n\n\n\n<p>Ongelmana on kuitenkin t\u00e4m\u00e4: mist\u00e4 tied\u00e4mme, ett\u00e4 kyseess\u00e4 ei ole valheellinen valkopesu? Fasisminvastustajien reaktio Suomen Sisun linjanmuutokseen ei johdu pelk\u00e4st\u00e4 psykologisesta ajattelemattomuudesta. L\u00e4nsimainen \u00e4\u00e4rioikeisto ei nimitt\u00e4in en\u00e4\u00e4 toimi kuten lapsuudessamme, jolloin Siitoin ja kumppanit marssivat hakaristilippu ylpe\u00e4sti tanassa.<\/p>\n\n\n\n<p>\u00c4\u00e4rioikeistolle on nykyisin pikemminkin s\u00e4\u00e4nt\u00f6 kuin poikkeus kiist\u00e4\u00e4 rasismi ja mink\u00e4\u00e4nlainen natsinostalgia. Esimerkkin\u00e4 vanha tuttu Ku Klux Klan.<\/p>\n\n\n\n<p><a title=\"youtube\" href=\"https:\/\/www.youtube.com\/watch?v=GqKldRlb4hs\" target=\"_blank\">T\u00e4ss\u00e4 vanhassa TV Nation-ohjelman p\u00e4tk\u00e4ss\u00e4<\/a> klaanilaiset yritt\u00e4v\u00e4t selitell\u00e4 veks mm. Hitler-fanikuvaa ja huppup\u00e4\u00e4patsaita, jotka tekev\u00e4t Hitlertervehdyst\u00e4.<\/p>\n\n\n\n<p>&#8221;The media will take that as a nazi salute&#8221; valittelee klaanilainen, ja kertoo kyseess\u00e4 olevan vanha roomalainen tervehdys, joka tehd\u00e4\u00e4n oikealla k\u00e4dell\u00e4 vaikka patsaalla onkin vasen tanassa.<\/p>\n\n\n\n<p>Ei pit\u00e4isi ihmetell\u00e4, miksi sisulaisten suunnanmuutosta ei niell\u00e4 pureksimatta, kun t\u00e4llaista on joutunut seuraamaan jo vuositolkulla. Jos Sisu todella pyrkii muuttamaan linjaansa, tilanne on toki heid\u00e4n kannaltaan ep\u00e4reilu ja kiusallinen. Heille luulisi kuitenkin tarjoutuvan tilaisuuksia osoittaa rehellisyytens\u00e4: kukaan ei toivoakseni ole kielt\u00e4m\u00e4ss\u00e4 heid\u00e4n toimintaansa saati sitten l\u00e4hett\u00e4m\u00e4ss\u00e4 keskitysleirille.<\/p>\n\n\n","protected":false},"excerpt":{"rendered":"<p>Suomen Sisua k\u00e4sittelev\u00e4 blogitussarjani jatkuu, lupaan keksi\u00e4 pian jotain uutta. Jiri Keronen on kirjoittanut Suomen Sisusta ja sen pyrkimyksest\u00e4 korjailla mainettaan v\u00e4hemm\u00e4n nazionalistiseen suuntaan. Suosittelen lukemaan. H\u00e4n esitt\u00e4\u00e4 ajatuksen, joka kannattaa pit\u00e4\u00e4<br \/>\nmieless\u00e4: &hellip;<\/p>\n","protected":false},"author":153,"featured_media":0,"comment_status":"open","ping_status":"open","sticky":false,"template":"","format":"standard","meta":{"_acf_changed":false,"asauth_required_access_level":0,"asauth_cansharepaid":"","om_header_attributes":[],"footnotes":"","om_featured_image_focal_point":[],"om_primary_tag":0,"om_contributors":[],"om_co_authors":[],"beyondwords_generate_audio":"","beyondwords_project_id":"","beyondwords_content_id":"","beyondwords_preview_token":"","beyondwords_player_content":"","beyondwords_player_style":"","beyondwords_language_code":"","beyondwords_language_id":"","beyondwords_title_voice_id":"","beyondwords_body_voice_id":"","beyondwords_summary_voice_id":"","beyondwords_error_message":"","beyondwords_disabled":"","beyondwords_delete_content":"","beyondwords_podcast_id":"","beyondwords_hash":"","publish_post_to_speechkit":"","speechkit_hash":"","speechkit_generate_audio":"","speechkit_project_id":"","speechkit_podcast_id":"","speechkit_error_message":"","speechkit_disabled":"","speechkit_access_key":"","speechkit_error":"","speechkit_info":"","speechkit_response":"","speechkit_retries":"","speechkit_status":"","speechkit_updated_at":"","_speechkit_link":"","_speechkit_text":""},"categories":[1],"tags":[48,50,49],"class_list":["post-20","post","type-post","status-publish","format-standard","hentry","category-tahan-on-tultu","tag-jiri-keronen","tag-ku-klux-klan","tag-suomen-sisu"],"om_views":null,"acf":{"tuuma_off":false,"tuuma_kysymys":"","tuuma_vastaus":""},"asauth":{"required_access_level":1,"share_token":"","is_paid":false},"yoast_head":"<!-- This site is optimized with the Yoast SEO plugin v26.4 - https:\/\/yoast.com\/wordpress\/plugins\/seo\/ -->\n<title>The media will take that as a nazi salute - T\u00e4h\u00e4n on tultu<\/title>\n<meta name=\"robots\" content=\"index, follow, max-snippet:-1, max-image-preview:large, max-video-preview:-1\" \/>\n<link rel=\"canonical\" href=\"https:\/\/suomenkuvalehti.fi\/tahanontultu\/the-media-will-take-that-as-a-nazi-salute\/\" \/>\n<meta property=\"og:locale\" content=\"fi_FI\" \/>\n<meta property=\"og:type\" content=\"article\" \/>\n<meta property=\"og:title\" content=\"The media will take that as a nazi salute - T\u00e4h\u00e4n on tultu\" \/>\n<meta property=\"og:description\" content=\"Suomen Sisua k\u00e4sittelev\u00e4 blogitussarjani jatkuu, lupaan keksi\u00e4 pian jotain uutta. Jiri Keronen on kirjoittanut Suomen Sisusta ja sen pyrkimyksest\u00e4 korjailla mainettaan v\u00e4hemm\u00e4n nazionalistiseen suuntaan. Suosittelen lukemaan. H\u00e4n esitt\u00e4\u00e4 ajatuksen, joka kannattaa pit\u00e4\u00e4 mieless\u00e4: &hellip;\" \/>\n<meta property=\"og:url\" content=\"https:\/\/suomenkuvalehti.fi\/tahanontultu\/the-media-will-take-that-as-a-nazi-salute\/\" \/>\n<meta property=\"og:site_name\" content=\"T\u00e4h\u00e4n on tultu\" \/>\n<meta property=\"article:published_time\" content=\"2013-03-14T14:58:01+00:00\" \/>\n<meta property=\"og:image\" content=\"https:\/\/suomenkuvalehti.fi\/tahanontultu\/wp-content\/uploads\/sites\/14\/2013\/11\/jarla.jpg\" \/>\n\t<meta property=\"og:image:width\" content=\"419\" \/>\n\t<meta property=\"og:image:height\" content=\"425\" \/>\n\t<meta property=\"og:image:type\" content=\"image\/jpeg\" \/>\n<meta name=\"author\" content=\"Pertti Jarla\" \/>\n<meta name=\"twitter:card\" content=\"summary_large_image\" \/>\n<meta name=\"twitter:label1\" content=\"Written by\" \/>\n\t<meta name=\"twitter:data1\" content=\"Pertti Jarla\" \/>\n\t<meta name=\"twitter:label2\" content=\"Est. reading time\" \/>\n\t<meta name=\"twitter:data2\" content=\"1 minuutti\" \/>\n<script type=\"application\/ld+json\" class=\"yoast-schema-graph\">{\"@context\":\"https:\/\/schema.org\",\"@graph\":[{\"@type\":\"WebPage\",\"@id\":\"https:\/\/suomenkuvalehti.fi\/tahanontultu\/the-media-will-take-that-as-a-nazi-salute\/\",\"url\":\"https:\/\/suomenkuvalehti.fi\/tahanontultu\/the-media-will-take-that-as-a-nazi-salute\/\",\"name\":\"The media will take that as a nazi salute - T\u00e4h\u00e4n on tultu\",\"isPartOf\":{\"@id\":\"https:\/\/suomenkuvalehti.fi\/tahanontultu\/#website\"},\"datePublished\":\"2013-03-14T14:58:01+00:00\",\"author\":{\"@id\":\"https:\/\/suomenkuvalehti.fi\/tahanontultu\/#\/schema\/person\/f258b4d6c9f57d438aab20b0066db5e7\"},\"breadcrumb\":{\"@id\":\"https:\/\/suomenkuvalehti.fi\/tahanontultu\/the-media-will-take-that-as-a-nazi-salute\/#breadcrumb\"},\"inLanguage\":\"fi\",\"potentialAction\":[{\"@type\":\"ReadAction\",\"target\":[\"https:\/\/suomenkuvalehti.fi\/tahanontultu\/the-media-will-take-that-as-a-nazi-salute\/\"]}]},{\"@type\":\"BreadcrumbList\",\"@id\":\"https:\/\/suomenkuvalehti.fi\/tahanontultu\/the-media-will-take-that-as-a-nazi-salute\/#breadcrumb\",\"itemListElement\":[{\"@type\":\"ListItem\",\"position\":1,\"name\":\"Home\",\"item\":\"https:\/\/suomenkuvalehti.fi\/tahanontultu\/\"},{\"@type\":\"ListItem\",\"position\":2,\"name\":\"The media will take that as a nazi salute\"}]},{\"@type\":\"WebSite\",\"@id\":\"https:\/\/suomenkuvalehti.fi\/tahanontultu\/#website\",\"url\":\"https:\/\/suomenkuvalehti.fi\/tahanontultu\/\",\"name\":\"T\u00e4h\u00e4n on tultu\",\"description\":\"Fingerpori-sarjakuvan piirt\u00e4j\u00e4 p\u00e4hk\u00e4ilee maailmaa vitsien takana.\",\"potentialAction\":[{\"@type\":\"SearchAction\",\"target\":{\"@type\":\"EntryPoint\",\"urlTemplate\":\"https:\/\/suomenkuvalehti.fi\/haku\/?q={search_term_string}\"},\"query-input\":{\"@type\":\"PropertyValueSpecification\",\"valueRequired\":true,\"valueName\":\"search_term_string\"}}],\"inLanguage\":\"fi\"},{\"@type\":\"Person\",\"@id\":\"https:\/\/suomenkuvalehti.fi\/tahanontultu\/#\/schema\/person\/f258b4d6c9f57d438aab20b0066db5e7\",\"name\":\"Pertti Jarla\",\"image\":{\"@type\":\"ImageObject\",\"inLanguage\":\"fi\",\"@id\":\"https:\/\/suomenkuvalehti.fi\/tahanontultu\/#\/schema\/person\/image\/\",\"url\":\"https:\/\/suomenkuvalehti.fi\/tahanontultu\/wp-content\/uploads\/sites\/14\/2013\/11\/jarla-150x150.jpg\",\"contentUrl\":\"https:\/\/suomenkuvalehti.fi\/tahanontultu\/wp-content\/uploads\/sites\/14\/2013\/11\/jarla-150x150.jpg\",\"caption\":\"Pertti Jarla\"},\"description\":\"Kirjoittaja on porvoolainen sarjakuvantekij\u00e4.\"}]}<\/script>\n<!-- \/ Yoast SEO plugin. -->","yoast_head_json":{"title":"The media will take that as a nazi salute - T\u00e4h\u00e4n on tultu","robots":{"index":"index","follow":"follow","max-snippet":"max-snippet:-1","max-image-preview":"max-image-preview:large","max-video-preview":"max-video-preview:-1"},"canonical":"https:\/\/suomenkuvalehti.fi\/tahanontultu\/the-media-will-take-that-as-a-nazi-salute\/","og_locale":"fi_FI","og_type":"article","og_title":"The media will take that as a nazi salute - T\u00e4h\u00e4n on tultu","og_description":"Suomen Sisua k\u00e4sittelev\u00e4 blogitussarjani jatkuu, lupaan keksi\u00e4 pian jotain uutta. Jiri Keronen on kirjoittanut Suomen Sisusta ja sen pyrkimyksest\u00e4 korjailla mainettaan v\u00e4hemm\u00e4n nazionalistiseen suuntaan. Suosittelen lukemaan. H\u00e4n esitt\u00e4\u00e4 ajatuksen, joka kannattaa pit\u00e4\u00e4 mieless\u00e4: &hellip;","og_url":"https:\/\/suomenkuvalehti.fi\/tahanontultu\/the-media-will-take-that-as-a-nazi-salute\/","og_site_name":"T\u00e4h\u00e4n on tultu","article_published_time":"2013-03-14T14:58:01+00:00","og_image":[{"width":419,"height":425,"url":"https:\/\/suomenkuvalehti.fi\/tahanontultu\/wp-content\/uploads\/sites\/14\/2013\/11\/jarla.jpg","type":"image\/jpeg"}],"author":"Pertti Jarla","twitter_card":"summary_large_image","twitter_misc":{"Written by":"Pertti Jarla","Est. reading time":"1 minuutti"},"schema":{"@context":"https:\/\/schema.org","@graph":[{"@type":"WebPage","@id":"https:\/\/suomenkuvalehti.fi\/tahanontultu\/the-media-will-take-that-as-a-nazi-salute\/","url":"https:\/\/suomenkuvalehti.fi\/tahanontultu\/the-media-will-take-that-as-a-nazi-salute\/","name":"The media will take that as a nazi salute - T\u00e4h\u00e4n on tultu","isPartOf":{"@id":"https:\/\/suomenkuvalehti.fi\/tahanontultu\/#website"},"datePublished":"2013-03-14T14:58:01+00:00","author":{"@id":"https:\/\/suomenkuvalehti.fi\/tahanontultu\/#\/schema\/person\/f258b4d6c9f57d438aab20b0066db5e7"},"breadcrumb":{"@id":"https:\/\/suomenkuvalehti.fi\/tahanontultu\/the-media-will-take-that-as-a-nazi-salute\/#breadcrumb"},"inLanguage":"fi","potentialAction":[{"@type":"ReadAction","target":["https:\/\/suomenkuvalehti.fi\/tahanontultu\/the-media-will-take-that-as-a-nazi-salute\/"]}]},{"@type":"BreadcrumbList","@id":"https:\/\/suomenkuvalehti.fi\/tahanontultu\/the-media-will-take-that-as-a-nazi-salute\/#breadcrumb","itemListElement":[{"@type":"ListItem","position":1,"name":"Home","item":"https:\/\/suomenkuvalehti.fi\/tahanontultu\/"},{"@type":"ListItem","position":2,"name":"The media will take that as a nazi salute"}]},{"@type":"WebSite","@id":"https:\/\/suomenkuvalehti.fi\/tahanontultu\/#website","url":"https:\/\/suomenkuvalehti.fi\/tahanontultu\/","name":"T\u00e4h\u00e4n on tultu","description":"Fingerpori-sarjakuvan piirt\u00e4j\u00e4 p\u00e4hk\u00e4ilee maailmaa vitsien takana.","potentialAction":[{"@type":"SearchAction","target":{"@type":"EntryPoint","urlTemplate":"https:\/\/suomenkuvalehti.fi\/haku\/?q={search_term_string}"},"query-input":{"@type":"PropertyValueSpecification","valueRequired":true,"valueName":"search_term_string"}}],"inLanguage":"fi"},{"@type":"Person","@id":"https:\/\/suomenkuvalehti.fi\/tahanontultu\/#\/schema\/person\/f258b4d6c9f57d438aab20b0066db5e7","name":"Pertti Jarla","image":{"@type":"ImageObject","inLanguage":"fi","@id":"https:\/\/suomenkuvalehti.fi\/tahanontultu\/#\/schema\/person\/image\/","url":"https:\/\/suomenkuvalehti.fi\/tahanontultu\/wp-content\/uploads\/sites\/14\/2013\/11\/jarla-150x150.jpg","contentUrl":"https:\/\/suomenkuvalehti.fi\/tahanontultu\/wp-content\/uploads\/sites\/14\/2013\/11\/jarla-150x150.jpg","caption":"Pertti Jarla"},"description":"Kirjoittaja on porvoolainen sarjakuvantekij\u00e4."}]}},"_links":{"self":[{"href":"https:\/\/suomenkuvalehti.fi\/tahanontultu\/wp-json\/wp\/v2\/posts\/20","targetHints":{"allow":["GET"]}}],"collection":[{"href":"https:\/\/suomenkuvalehti.fi\/tahanontultu\/wp-json\/wp\/v2\/posts"}],"about":[{"href":"https:\/\/suomenkuvalehti.fi\/tahanontultu\/wp-json\/wp\/v2\/types\/post"}],"author":[{"embeddable":true,"href":"https:\/\/suomenkuvalehti.fi\/tahanontultu\/wp-json\/wp\/v2\/users\/153"}],"replies":[{"embeddable":true,"href":"https:\/\/suomenkuvalehti.fi\/tahanontultu\/wp-json\/wp\/v2\/comments?post=20"}],"version-history":[{"count":0,"href":"https:\/\/suomenkuvalehti.fi\/tahanontultu\/wp-json\/wp\/v2\/posts\/20\/revisions"}],"wp:attachment":[{"href":"https:\/\/suomenkuvalehti.fi\/tahanontultu\/wp-json\/wp\/v2\/media?parent=20"}],"wp:term":[{"taxonomy":"category","embeddable":true,"href":"https:\/\/suomenkuvalehti.fi\/tahanontultu\/wp-json\/wp\/v2\/categories?post=20"},{"taxonomy":"post_tag","embeddable":true,"href":"https:\/\/suomenkuvalehti.fi\/tahanontultu\/wp-json\/wp\/v2\/tags?post=20"}],"curies":[{"name":"wp","href":"https:\/\/api.w.org\/{rel}","templated":true}]}}