{"id":16,"date":"2013-04-22T17:48:21","date_gmt":"2013-04-22T14:48:21","guid":{"rendered":"https:\/\/suomenkuvalehti.fi\/tahanontultu\/2013\/04\/22\/loytoelaimista-ja-koe-elaimista\/"},"modified":"2013-04-22T17:48:21","modified_gmt":"2013-04-22T14:48:21","slug":"loytoelaimista-ja-koe-elaimista","status":"publish","type":"post","link":"https:\/\/suomenkuvalehti.fi\/tahanontultu\/loytoelaimista-ja-koe-elaimista\/","title":{"rendered":"L\u00f6yt\u00f6el\u00e4imist\u00e4 ja koe-el\u00e4imist\u00e4"},"content":{"rendered":"\n<p>Maa-ja mets\u00e4talousvaliokunta on saanut valmiiksi mietinn\u00f6n<a title=\"eduskunta-valtiop\u00e4iv\u00e4asiakirjat\" href=\"http:\/\/www.eduskunta.fi\/faktatmp\/utatmp\/akxtmp\/mmvm_2_2013_p.shtml\" target=\"_blank\"> tieteellisiin tai opetustarkoituksiin k\u00e4ytett\u00e4vien el\u00e4inten suojelusta sek\u00e4 el\u00e4insuojelulain muuttamisesta<\/a>. Suosittelen asiasta kiinnostuneita lukemaan tekstin tarkkaan.<a title=\"eduskunta-valtiop\u00e4iv\u00e4asiakirjat\" href=\"http:\/\/www.eduskunta.fi\/faktatmp\/utatmp\/akxtmp\/mmvm_2_2013_p.shtml\" target=\"_blank\"><br><\/a><\/p>\n\n\n\n<p>Helsingin El\u00e4insuojeluyhdistys <a title=\"hesy\" href=\"http:\/\/www.hesy.fi\/info\/tiedote220413.html\" target=\"_blank\">HESY tiedottaa<\/a> olevansa &#8221;j\u00e4rkyttynyt&#8221; mietinn\u00f6st\u00e4. HESY listaa monia ep\u00e4kohtia, mutta eniten huomiota n\u00e4ytt\u00e4\u00e4 saaneen suositus l\u00f6yt\u00f6el\u00e4inten kohtelusta el\u00e4inkokeissa. Keskityt\u00e4\u00e4n nyt vain siihen:<\/p>\n\n\n\n<p>HESY <em>&#8221;vastustaa l\u00f6yt\u00f6el\u00e4inten k\u00e4yt\u00f6n koe-el\u00e4imin\u00e4 sallivaa lakiesityksen kohtaa, koska se on tarpeeton ja mahdollistaa karanneiden, kadonneiden ja hyl\u00e4ttyjen lemmikkien k\u00e4yt\u00f6n koe-el\u00e4imin\u00e4 (&#8230;) Suomen nykyinen koe-el\u00e4inlaki on vuodelta 2006, ja se kielt\u00e4\u00e4 irrallaan tavattujen koirien, kissojen ja muiden lemmikkiel\u00e4inlajien k\u00e4yt\u00f6n el\u00e4inkokeissa. Kyseist\u00e4 lainkohtaa ei ole siis pakko muuttaa, eik\u00e4 HESYn mielest\u00e4 ko. lainkohtaa ole mit\u00e4\u00e4n syyt\u00e4 vesitt\u00e4\u00e4 eik\u00e4 lievent\u00e4\u00e4.&#8221;<\/em><\/p>\n\n\n\n<p>Minullakin kiehahti kun kuulin t\u00e4st\u00e4 l\u00f6yt\u00f6el\u00e4inten aseman ilmeisest\u00e4 heikent\u00e4misest\u00e4. Mutta katsotaan mit\u00e4 valiokuntamietint\u00f6 tarkalleen ottaen sanoo (tekstin lihavoinnit minun):<\/p>\n\n\n\n<p><em>&#8221;Valiokunta katsoo, ett\u00e4 villiintyneiden ja irrallaan tavattujen kotiel\u00e4inten k\u00e4yt\u00f6n <strong>tulee olla koe-el\u00e4intoiminnassa p\u00e4\u00e4s\u00e4\u00e4nt\u00f6isesti kielletty\u00e4<\/strong>.&#8221; <\/em><\/p>\n\n\n\n<p>L\u00f6yt\u00f6el\u00e4imi\u00e4 ei siis saisi k\u00e4ytt\u00e4\u00e4 mihin tahansa el\u00e4inkokeisiin. Mihin sitten? Mit\u00e4 kaikkea el\u00e4inkokeilla ylip\u00e4\u00e4ns\u00e4 tarkoitetaan?<\/p>\n\n\n\n<p><em>&#8221;hankelupalautakunta voi my\u00f6nt\u00e4\u00e4 luvan n\u00e4iden el\u00e4inten k\u00e4ytt\u00f6\u00f6n <strong>vain<\/strong>, jos el\u00e4inten terveytt\u00e4 ja hyvinvointia taikka ymp\u00e4rist\u00f6n tai ihmisten ja el\u00e4inten terveyden vakavia uhkia koskeville tutkimuksille on erityinen tarve ja jos voidaan tieteellisesti perustella, ett\u00e4 hankkeen tarkoitus voidaan saavuttaa <strong>vain k\u00e4ytt\u00e4m\u00e4ll\u00e4 irrallaan tavattuja tai villiintyneit\u00e4 kotiel\u00e4inlajiin kuuluvia el\u00e4imi\u00e4<\/strong>. T\u00e4llaisia poikkeuksellisia tutkimuksia voisivat olla esimerkiksi n\u00e4iden el\u00e4inten terveyteen liittyv\u00e4t tieteelliset kartoitustutkimukset, hyvinvointia selvitt\u00e4v\u00e4t tutkimukset tai el\u00e4inten ekologisia vaikutuksia selvitt\u00e4v\u00e4t tutkimukset&#8221; <\/em><\/p>\n\n\n\n<p>On huomattava, ett\u00e4 el\u00e4imille teht\u00e4vill\u00e4 tutkimuksilla t\u00e4ss\u00e4 mietinn\u00f6ss\u00e4 ei tarkoiteta ainoastaan el\u00e4imen kiduttamista pikkuhiljaa hengilt\u00e4 laboratoriossa:<\/p>\n\n\n\n<p><em>&#8221;Luonnonvaraisten el\u00e4inten osalta tutkimusk\u00e4ytt\u00f6 tarkoittaa useimmiten DNA-n\u00e4ytteen ottamista ja el\u00e4imen vapauttamista t\u00e4m\u00e4n j\u00e4lkeen. El\u00e4imille laitetaan toisinaan my\u00f6s seurantalaitteita, joiden avulla el\u00e4inten liikkumista voidaan seurata.&#8221;<\/em><\/p>\n\n\n\n<p>Minusta mietinn\u00f6n sanoma on selv\u00e4. Esimerkiksi kosmetiikkateollisuuden tarpeisiin ei tuon tekstin perusteella mitenk\u00e4\u00e4n voi saada vapaaksi p\u00e4\u00e4sseit\u00e4 tai villiintyneit\u00e4 kotiel\u00e4imi\u00e4. HESY ei tiedotteessaan tee t\u00e4t\u00e4 asiaa kovinkaan selv\u00e4ksi. Sen sijaan on mahdollista kuvitella tilanne, jossa esimerkiksi citykanin, villiintyneen kotiel\u00e4inlajin, ep\u00e4ill\u00e4\u00e4n kantavan jotain levi\u00e4v\u00e4\u00e4 tautia. Lakiehdotus tekisi t\u00e4ll\u00f6in mahdolliseksi kanien pyydyst\u00e4misen l\u00e4\u00e4k\u00e4rin tutkimuksia varten.<\/p>\n\n\n\n<p>HESY arvostelee mietint\u00f6\u00e4 my\u00f6s siit\u00e4, ett\u00e4 siin\u00e4 ei t\u00e4ysin kiellet\u00e4 villiel\u00e4inten k\u00e4ytt\u00f6\u00e4 tieteellisiss\u00e4 kokeissa, mutta ei mainitse ett\u00e4 osa kokeista on esimerkiksi edell\u00e4 mainittua seurantalaitteiden asentamista.<\/p>\n\n\n\n<p>Kannatan HESY:n toimintaa, vien heid\u00e4n kirpputorilleen varmaan l\u00e4hiaikoina taas tavaraa, mutta heid\u00e4n tiedotteensa n\u00e4ytt\u00e4isi antavan valiokunnan mietinn\u00f6n sis\u00e4ll\u00f6st\u00e4 ylidramaattisen kuvan ja synnytt\u00e4v\u00e4n kansalaisissa turhaakin raivoa. Sin\u00e4ns\u00e4 on hyv\u00e4, ett\u00e4 koe-el\u00e4inten kohtelusta keskustellaan.<\/p>\n\n\n","protected":false},"excerpt":{"rendered":"<p>Maa-ja mets\u00e4talousvaliokunta on saanut valmiiksi mietinn\u00f6n tieteellisiin tai opetustarkoituksiin k\u00e4ytett\u00e4vien el\u00e4inten suojelusta sek\u00e4 el\u00e4insuojelulain muuttamisesta. Suosittelen asiasta kiinnostuneita lukemaan tekstin tarkkaan. Helsingin El\u00e4insuojeluyhdistys HESY tiedottaa olevansa<br \/>\n&#8221;&hellip;<\/p>\n","protected":false},"author":153,"featured_media":0,"comment_status":"open","ping_status":"open","sticky":false,"template":"","format":"standard","meta":{"_acf_changed":false,"asauth_required_access_level":0,"asauth_cansharepaid":"","om_header_attributes":[],"footnotes":"","om_featured_image_focal_point":[],"om_primary_tag":0,"om_contributors":[],"om_co_authors":[],"beyondwords_generate_audio":"","beyondwords_project_id":"","beyondwords_content_id":"","beyondwords_preview_token":"","beyondwords_player_content":"","beyondwords_player_style":"","beyondwords_language_code":"","beyondwords_language_id":"","beyondwords_title_voice_id":"","beyondwords_body_voice_id":"","beyondwords_summary_voice_id":"","beyondwords_error_message":"","beyondwords_disabled":"","beyondwords_delete_content":"","beyondwords_podcast_id":"","beyondwords_hash":"","publish_post_to_speechkit":"","speechkit_hash":"","speechkit_generate_audio":"","speechkit_project_id":"","speechkit_podcast_id":"","speechkit_error_message":"","speechkit_disabled":"","speechkit_access_key":"","speechkit_error":"","speechkit_info":"","speechkit_response":"","speechkit_retries":"","speechkit_status":"","speechkit_updated_at":"","_speechkit_link":"","_speechkit_text":""},"categories":[1],"tags":[39,38,37],"class_list":["post-16","post","type-post","status-publish","format-standard","hentry","category-tahan-on-tultu","tag-elaintensuojelu","tag-hesy","tag-koe-elaimet"],"om_views":null,"acf":{"tuuma_off":false,"tuuma_kysymys":"","tuuma_vastaus":""},"asauth":{"required_access_level":1,"share_token":"","is_paid":false},"yoast_head":"<!-- This site is optimized with the Yoast SEO plugin v26.4 - https:\/\/yoast.com\/wordpress\/plugins\/seo\/ -->\n<title>L\u00f6yt\u00f6el\u00e4imist\u00e4 ja koe-el\u00e4imist\u00e4 - T\u00e4h\u00e4n on tultu<\/title>\n<meta name=\"robots\" content=\"index, follow, max-snippet:-1, max-image-preview:large, max-video-preview:-1\" \/>\n<link rel=\"canonical\" href=\"https:\/\/suomenkuvalehti.fi\/tahanontultu\/loytoelaimista-ja-koe-elaimista\/\" \/>\n<meta property=\"og:locale\" content=\"fi_FI\" \/>\n<meta property=\"og:type\" content=\"article\" \/>\n<meta property=\"og:title\" content=\"L\u00f6yt\u00f6el\u00e4imist\u00e4 ja koe-el\u00e4imist\u00e4 - T\u00e4h\u00e4n on tultu\" \/>\n<meta property=\"og:description\" content=\"Maa-ja mets\u00e4talousvaliokunta on saanut valmiiksi mietinn\u00f6n tieteellisiin tai opetustarkoituksiin k\u00e4ytett\u00e4vien el\u00e4inten suojelusta sek\u00e4 el\u00e4insuojelulain muuttamisesta. Suosittelen asiasta kiinnostuneita lukemaan tekstin tarkkaan. Helsingin El\u00e4insuojeluyhdistys HESY tiedottaa olevansa &#8221;&hellip;\" \/>\n<meta property=\"og:url\" content=\"https:\/\/suomenkuvalehti.fi\/tahanontultu\/loytoelaimista-ja-koe-elaimista\/\" \/>\n<meta property=\"og:site_name\" content=\"T\u00e4h\u00e4n on tultu\" \/>\n<meta property=\"article:published_time\" content=\"2013-04-22T14:48:21+00:00\" \/>\n<meta property=\"og:image\" content=\"https:\/\/suomenkuvalehti.fi\/tahanontultu\/wp-content\/uploads\/sites\/14\/2013\/11\/jarla.jpg\" \/>\n\t<meta property=\"og:image:width\" content=\"419\" \/>\n\t<meta property=\"og:image:height\" content=\"425\" \/>\n\t<meta property=\"og:image:type\" content=\"image\/jpeg\" \/>\n<meta name=\"author\" content=\"Pertti Jarla\" \/>\n<meta name=\"twitter:card\" content=\"summary_large_image\" \/>\n<meta name=\"twitter:label1\" content=\"Written by\" \/>\n\t<meta name=\"twitter:data1\" content=\"Pertti Jarla\" \/>\n\t<meta name=\"twitter:label2\" content=\"Est. reading time\" \/>\n\t<meta name=\"twitter:data2\" content=\"2 minuuttia\" \/>\n<script type=\"application\/ld+json\" class=\"yoast-schema-graph\">{\"@context\":\"https:\/\/schema.org\",\"@graph\":[{\"@type\":\"WebPage\",\"@id\":\"https:\/\/suomenkuvalehti.fi\/tahanontultu\/loytoelaimista-ja-koe-elaimista\/\",\"url\":\"https:\/\/suomenkuvalehti.fi\/tahanontultu\/loytoelaimista-ja-koe-elaimista\/\",\"name\":\"L\u00f6yt\u00f6el\u00e4imist\u00e4 ja koe-el\u00e4imist\u00e4 - T\u00e4h\u00e4n on tultu\",\"isPartOf\":{\"@id\":\"https:\/\/suomenkuvalehti.fi\/tahanontultu\/#website\"},\"datePublished\":\"2013-04-22T14:48:21+00:00\",\"author\":{\"@id\":\"https:\/\/suomenkuvalehti.fi\/tahanontultu\/#\/schema\/person\/f258b4d6c9f57d438aab20b0066db5e7\"},\"breadcrumb\":{\"@id\":\"https:\/\/suomenkuvalehti.fi\/tahanontultu\/loytoelaimista-ja-koe-elaimista\/#breadcrumb\"},\"inLanguage\":\"fi\",\"potentialAction\":[{\"@type\":\"ReadAction\",\"target\":[\"https:\/\/suomenkuvalehti.fi\/tahanontultu\/loytoelaimista-ja-koe-elaimista\/\"]}]},{\"@type\":\"BreadcrumbList\",\"@id\":\"https:\/\/suomenkuvalehti.fi\/tahanontultu\/loytoelaimista-ja-koe-elaimista\/#breadcrumb\",\"itemListElement\":[{\"@type\":\"ListItem\",\"position\":1,\"name\":\"Home\",\"item\":\"https:\/\/suomenkuvalehti.fi\/tahanontultu\/\"},{\"@type\":\"ListItem\",\"position\":2,\"name\":\"L\u00f6yt\u00f6el\u00e4imist\u00e4 ja koe-el\u00e4imist\u00e4\"}]},{\"@type\":\"WebSite\",\"@id\":\"https:\/\/suomenkuvalehti.fi\/tahanontultu\/#website\",\"url\":\"https:\/\/suomenkuvalehti.fi\/tahanontultu\/\",\"name\":\"T\u00e4h\u00e4n on tultu\",\"description\":\"Fingerpori-sarjakuvan piirt\u00e4j\u00e4 p\u00e4hk\u00e4ilee maailmaa vitsien takana.\",\"potentialAction\":[{\"@type\":\"SearchAction\",\"target\":{\"@type\":\"EntryPoint\",\"urlTemplate\":\"https:\/\/suomenkuvalehti.fi\/haku\/?q={search_term_string}\"},\"query-input\":{\"@type\":\"PropertyValueSpecification\",\"valueRequired\":true,\"valueName\":\"search_term_string\"}}],\"inLanguage\":\"fi\"},{\"@type\":\"Person\",\"@id\":\"https:\/\/suomenkuvalehti.fi\/tahanontultu\/#\/schema\/person\/f258b4d6c9f57d438aab20b0066db5e7\",\"name\":\"Pertti Jarla\",\"image\":{\"@type\":\"ImageObject\",\"inLanguage\":\"fi\",\"@id\":\"https:\/\/suomenkuvalehti.fi\/tahanontultu\/#\/schema\/person\/image\/\",\"url\":\"https:\/\/suomenkuvalehti.fi\/tahanontultu\/wp-content\/uploads\/sites\/14\/2013\/11\/jarla-150x150.jpg\",\"contentUrl\":\"https:\/\/suomenkuvalehti.fi\/tahanontultu\/wp-content\/uploads\/sites\/14\/2013\/11\/jarla-150x150.jpg\",\"caption\":\"Pertti Jarla\"},\"description\":\"Kirjoittaja on porvoolainen sarjakuvantekij\u00e4.\"}]}<\/script>\n<!-- \/ Yoast SEO plugin. -->","yoast_head_json":{"title":"L\u00f6yt\u00f6el\u00e4imist\u00e4 ja koe-el\u00e4imist\u00e4 - T\u00e4h\u00e4n on tultu","robots":{"index":"index","follow":"follow","max-snippet":"max-snippet:-1","max-image-preview":"max-image-preview:large","max-video-preview":"max-video-preview:-1"},"canonical":"https:\/\/suomenkuvalehti.fi\/tahanontultu\/loytoelaimista-ja-koe-elaimista\/","og_locale":"fi_FI","og_type":"article","og_title":"L\u00f6yt\u00f6el\u00e4imist\u00e4 ja koe-el\u00e4imist\u00e4 - T\u00e4h\u00e4n on tultu","og_description":"Maa-ja mets\u00e4talousvaliokunta on saanut valmiiksi mietinn\u00f6n tieteellisiin tai opetustarkoituksiin k\u00e4ytett\u00e4vien el\u00e4inten suojelusta sek\u00e4 el\u00e4insuojelulain muuttamisesta. Suosittelen asiasta kiinnostuneita lukemaan tekstin tarkkaan. Helsingin El\u00e4insuojeluyhdistys HESY tiedottaa olevansa &#8221;&hellip;","og_url":"https:\/\/suomenkuvalehti.fi\/tahanontultu\/loytoelaimista-ja-koe-elaimista\/","og_site_name":"T\u00e4h\u00e4n on tultu","article_published_time":"2013-04-22T14:48:21+00:00","og_image":[{"width":419,"height":425,"url":"https:\/\/suomenkuvalehti.fi\/tahanontultu\/wp-content\/uploads\/sites\/14\/2013\/11\/jarla.jpg","type":"image\/jpeg"}],"author":"Pertti Jarla","twitter_card":"summary_large_image","twitter_misc":{"Written by":"Pertti Jarla","Est. reading time":"2 minuuttia"},"schema":{"@context":"https:\/\/schema.org","@graph":[{"@type":"WebPage","@id":"https:\/\/suomenkuvalehti.fi\/tahanontultu\/loytoelaimista-ja-koe-elaimista\/","url":"https:\/\/suomenkuvalehti.fi\/tahanontultu\/loytoelaimista-ja-koe-elaimista\/","name":"L\u00f6yt\u00f6el\u00e4imist\u00e4 ja koe-el\u00e4imist\u00e4 - T\u00e4h\u00e4n on tultu","isPartOf":{"@id":"https:\/\/suomenkuvalehti.fi\/tahanontultu\/#website"},"datePublished":"2013-04-22T14:48:21+00:00","author":{"@id":"https:\/\/suomenkuvalehti.fi\/tahanontultu\/#\/schema\/person\/f258b4d6c9f57d438aab20b0066db5e7"},"breadcrumb":{"@id":"https:\/\/suomenkuvalehti.fi\/tahanontultu\/loytoelaimista-ja-koe-elaimista\/#breadcrumb"},"inLanguage":"fi","potentialAction":[{"@type":"ReadAction","target":["https:\/\/suomenkuvalehti.fi\/tahanontultu\/loytoelaimista-ja-koe-elaimista\/"]}]},{"@type":"BreadcrumbList","@id":"https:\/\/suomenkuvalehti.fi\/tahanontultu\/loytoelaimista-ja-koe-elaimista\/#breadcrumb","itemListElement":[{"@type":"ListItem","position":1,"name":"Home","item":"https:\/\/suomenkuvalehti.fi\/tahanontultu\/"},{"@type":"ListItem","position":2,"name":"L\u00f6yt\u00f6el\u00e4imist\u00e4 ja koe-el\u00e4imist\u00e4"}]},{"@type":"WebSite","@id":"https:\/\/suomenkuvalehti.fi\/tahanontultu\/#website","url":"https:\/\/suomenkuvalehti.fi\/tahanontultu\/","name":"T\u00e4h\u00e4n on tultu","description":"Fingerpori-sarjakuvan piirt\u00e4j\u00e4 p\u00e4hk\u00e4ilee maailmaa vitsien takana.","potentialAction":[{"@type":"SearchAction","target":{"@type":"EntryPoint","urlTemplate":"https:\/\/suomenkuvalehti.fi\/haku\/?q={search_term_string}"},"query-input":{"@type":"PropertyValueSpecification","valueRequired":true,"valueName":"search_term_string"}}],"inLanguage":"fi"},{"@type":"Person","@id":"https:\/\/suomenkuvalehti.fi\/tahanontultu\/#\/schema\/person\/f258b4d6c9f57d438aab20b0066db5e7","name":"Pertti Jarla","image":{"@type":"ImageObject","inLanguage":"fi","@id":"https:\/\/suomenkuvalehti.fi\/tahanontultu\/#\/schema\/person\/image\/","url":"https:\/\/suomenkuvalehti.fi\/tahanontultu\/wp-content\/uploads\/sites\/14\/2013\/11\/jarla-150x150.jpg","contentUrl":"https:\/\/suomenkuvalehti.fi\/tahanontultu\/wp-content\/uploads\/sites\/14\/2013\/11\/jarla-150x150.jpg","caption":"Pertti Jarla"},"description":"Kirjoittaja on porvoolainen sarjakuvantekij\u00e4."}]}},"_links":{"self":[{"href":"https:\/\/suomenkuvalehti.fi\/tahanontultu\/wp-json\/wp\/v2\/posts\/16","targetHints":{"allow":["GET"]}}],"collection":[{"href":"https:\/\/suomenkuvalehti.fi\/tahanontultu\/wp-json\/wp\/v2\/posts"}],"about":[{"href":"https:\/\/suomenkuvalehti.fi\/tahanontultu\/wp-json\/wp\/v2\/types\/post"}],"author":[{"embeddable":true,"href":"https:\/\/suomenkuvalehti.fi\/tahanontultu\/wp-json\/wp\/v2\/users\/153"}],"replies":[{"embeddable":true,"href":"https:\/\/suomenkuvalehti.fi\/tahanontultu\/wp-json\/wp\/v2\/comments?post=16"}],"version-history":[{"count":0,"href":"https:\/\/suomenkuvalehti.fi\/tahanontultu\/wp-json\/wp\/v2\/posts\/16\/revisions"}],"wp:attachment":[{"href":"https:\/\/suomenkuvalehti.fi\/tahanontultu\/wp-json\/wp\/v2\/media?parent=16"}],"wp:term":[{"taxonomy":"category","embeddable":true,"href":"https:\/\/suomenkuvalehti.fi\/tahanontultu\/wp-json\/wp\/v2\/categories?post=16"},{"taxonomy":"post_tag","embeddable":true,"href":"https:\/\/suomenkuvalehti.fi\/tahanontultu\/wp-json\/wp\/v2\/tags?post=16"}],"curies":[{"name":"wp","href":"https:\/\/api.w.org\/{rel}","templated":true}]}}