{"id":15,"date":"2013-05-14T07:40:55","date_gmt":"2013-05-14T04:40:55","guid":{"rendered":"https:\/\/suomenkuvalehti.fi\/tahanontultu\/2013\/05\/14\/valerie-solanas-ja-scum-itse-itseani-kritisoiden\/"},"modified":"2013-11-29T15:28:25","modified_gmt":"2013-11-29T13:28:25","slug":"valerie-solanas-ja-scum-itse-itseani-kritisoiden","status":"publish","type":"post","link":"https:\/\/suomenkuvalehti.fi\/tahanontultu\/valerie-solanas-ja-scum-itse-itseani-kritisoiden\/","title":{"rendered":"Valerie Solanas ja SCUM, itse itse\u00e4ni kritisoiden"},"content":{"rendered":"\n<p><strong>Jami J\u00e4rvisen<\/strong> Kaasuputki-blogi <a title=\"kaasuputki\" href=\"http:\/\/blogit.kansanuutiset.fi\/kaasuputki\/scum\/\" target=\"_blank\">k\u00e4sittelee t\u00e4n\u00e4\u00e4n pytyll\u00e4 luettua<\/a><strong> Valerie Solanasin<\/strong> SCUM-manifestia. Osani saan min\u00e4kin mies. Innostuinhan <a title=\"t\u00e4h\u00e4n on tultu\" href=\"https:\/\/suomenkuvalehti.fi\/tahanontultu\/2011\/09\/30\/vintage-vihapuhe\/\" target=\"_blank\">pari vuotta sitten vertaamaan<\/a> miesvihaista manifestia joukkomurhaaja <strong>Breivikin<\/strong> teksteihin. Kirjoitin Kaasuputkeen kommentin jossa yrit\u00e4n postmodernia puolustusta: kuinka J\u00e4rvinen voi v\u00e4itt\u00e4\u00e4 ett\u00e4 tekstist\u00e4 voi olla &#8221;oikea&#8221; tulkinta ja &#8221;v\u00e4\u00e4r\u00e4t&#8221; kertovat lukutaidottomuudesta?<\/p>\n\n\n\n<p>En tosin usko moiseen itsek\u00e4\u00e4n. L\u00e4hetetty\u00e4ni vastineen muistin, ett\u00e4 voin yritt\u00e4\u00e4 selvitt\u00e4\u00e4 mit\u00e4 Solanas <em>itse<\/em> ajatteli tekstist\u00e4\u00e4n. Oliko miesten haitallisuudesta ja heid\u00e4n eliminoinnistaan kirjoittaminen kirjallista tykittely\u00e4 vai totista vihapuhetta?<\/p>\n\n\n\n<p>Googlen taltioimana l\u00f6ytyikin Village Voice-lehden <a title=\"google archive\" href=\"http:\/\/news.google.com\/newspapers?id=5fZNAAAAIBAJ&amp;sjid=OYsDAAAAIBAJ&amp;pg=5629,1435379&amp;dq=valerie-solanas&amp;hl=en\" target=\"_blank\">haastattelu vuodelta 1977<\/a>, haastattelijana <strong>Howard Smith<\/strong>.<\/p>\n\n\n\n<p>Smith:<em> How would you describe what the SCUM manifesto says in one statement?<\/em><\/p>\n\n\n\n<p>Solanas:<em> That the males can&#8217;t love &#8211; that they are emotionally deficient, and because of these emotional deficiences they fuck up the world. And all the evils of the world emanate from this male incapacity to love.<\/em><\/p>\n\n\n\n<p>Sitten h\u00e4nelt\u00e4 kysyt\u00e4\u00e4n kirjan &#8221;k\u00e4yt\u00e4nn\u00f6llisest\u00e4&#8221; osasta, miesten syrj\u00e4ytt\u00e4misest\u00e4 &amp; eliminoinnista ja siihen ryhtyv\u00e4st\u00e4 SCUM-yhteis\u00f6st\u00e4.<\/p>\n\n\n\n<p>Solanas:<em> It&#8217;s hypothetical. No, hypothetical is a wrong word. It&#8217;s just a literary device.<\/em><\/p>\n\n\n\n<p>Olen sik\u00e4li vanhanaikainen, ett\u00e4 jos kirjoittaja sanoo selv\u00e4n oloisesti tarkoittaneensa jotain, se riitt\u00e4\u00e4 minulle. Siis:<\/p>\n\n\n\n<p>1) Solanas todella vaikuttaa inhoavan miehi\u00e4 ja pit\u00e4\u00e4 heit\u00e4 maailman ongelmien syyn\u00e4. My\u00f6hemmin haastattelussa h\u00e4n pit\u00e4\u00e4 Smithin aiemmin kirjoittamaa lausetta &#8221;She&#8217;s a man-hater, not a lesbian&#8221; kunnianloukkauksena. Ei kuitenkaan miesvihasyyt\u00f6ksen takia, vaan &#8221;because I have been a lesbian&#8221;.<\/p>\n\n\n\n<p>2) SCUM, Society for Cutting Up Men, on pelkk\u00e4 kirjallinen tehokeino. Manifesti on siis miesvihainen, voisin jopa sanoa vihapuhetta, mutta sen ei voi katsoa tosissaan yllytt\u00e4v\u00e4n miesten deletointiin maailmasta.<\/p>\n\n\n\n<p>Ensisijainen virheeni arvioidessani aiemmin SCUM-manifestia oli se, ett\u00e4 luin siit\u00e4 vain p\u00e4tki\u00e4 sielt\u00e4 t\u00e4\u00e4lt\u00e4. Turvauduin enemm\u00e4nkin <strong>Antti Nyl\u00e9nin <\/strong>ja<strong> Atlas Saarikosken <\/strong>toisen k\u00e4den n\u00e4kemyksiin. Ennen kaikkea olisi pit\u00e4nyt etsi\u00e4 Solanasin omia kommentteja. Mit\u00e4 J\u00e4rvisen mainitsemaan huumorintajuttomuuteeni tulee, aion harrastaa sit\u00e4 jatkossakin p\u00e4iv\u00e4ty\u00f6n vastapainoksi.<\/p>\n\n\n","protected":false},"excerpt":{"rendered":"<p>Jami J\u00e4rvisen Kaasuputki-blogi k\u00e4sittelee t\u00e4n\u00e4\u00e4n pytyll\u00e4 luettua Valerie Solanasin SCUM-manifestia. Osani saan min\u00e4kin mies. Innostuinhan pari vuotta sitten vertaamaan miesvihaista manifestia joukkomurhaaja Breivikin teksteihin. Kirjoitin Kaasuputkeen kommentin jossa<br \/>\nyrit\u00e4n&hellip;<\/p>\n","protected":false},"author":153,"featured_media":0,"comment_status":"open","ping_status":"open","sticky":false,"template":"","format":"standard","meta":{"_acf_changed":false,"asauth_required_access_level":0,"asauth_cansharepaid":"","om_header_attributes":[],"footnotes":"","om_featured_image_focal_point":[],"om_primary_tag":0,"om_contributors":[],"om_co_authors":[],"beyondwords_generate_audio":"","beyondwords_project_id":"","beyondwords_content_id":"","beyondwords_preview_token":"","beyondwords_player_content":"","beyondwords_player_style":"","beyondwords_language_code":"","beyondwords_language_id":"","beyondwords_title_voice_id":"","beyondwords_body_voice_id":"","beyondwords_summary_voice_id":"","beyondwords_error_message":"","beyondwords_disabled":"","beyondwords_delete_content":"","beyondwords_podcast_id":"","beyondwords_hash":"","publish_post_to_speechkit":"","speechkit_hash":"","speechkit_generate_audio":"","speechkit_project_id":"","speechkit_podcast_id":"","speechkit_error_message":"","speechkit_disabled":"","speechkit_access_key":"","speechkit_error":"","speechkit_info":"","speechkit_response":"","speechkit_retries":"","speechkit_status":"","speechkit_updated_at":"","_speechkit_link":"","_speechkit_text":""},"categories":[1],"tags":[34,35,36,33,32],"class_list":["post-15","post","type-post","status-publish","format-standard","hentry","category-tahan-on-tultu","tag-atlas-saarikoski","tag-jami-jarvinen","tag-kaasuputki","tag-scum-manifesti","tag-valerie-solanas"],"om_views":null,"acf":{"tuuma_off":false,"tuuma_kysymys":"","tuuma_vastaus":""},"asauth":{"required_access_level":1,"share_token":"","is_paid":false},"yoast_head":"<!-- This site is optimized with the Yoast SEO plugin v26.4 - https:\/\/yoast.com\/wordpress\/plugins\/seo\/ -->\n<title>Valerie Solanas ja SCUM, itse itse\u00e4ni kritisoiden - T\u00e4h\u00e4n on tultu<\/title>\n<meta name=\"robots\" content=\"index, follow, max-snippet:-1, max-image-preview:large, max-video-preview:-1\" \/>\n<link rel=\"canonical\" href=\"https:\/\/suomenkuvalehti.fi\/tahanontultu\/valerie-solanas-ja-scum-itse-itseani-kritisoiden\/\" \/>\n<meta property=\"og:locale\" content=\"fi_FI\" \/>\n<meta property=\"og:type\" content=\"article\" \/>\n<meta property=\"og:title\" content=\"Valerie Solanas ja SCUM, itse itse\u00e4ni kritisoiden - T\u00e4h\u00e4n on tultu\" \/>\n<meta property=\"og:description\" content=\"Jami J\u00e4rvisen Kaasuputki-blogi k\u00e4sittelee t\u00e4n\u00e4\u00e4n pytyll\u00e4 luettua Valerie Solanasin SCUM-manifestia. Osani saan min\u00e4kin mies. Innostuinhan pari vuotta sitten vertaamaan miesvihaista manifestia joukkomurhaaja Breivikin teksteihin. Kirjoitin Kaasuputkeen kommentin jossa yrit\u00e4n&hellip;\" \/>\n<meta property=\"og:url\" content=\"https:\/\/suomenkuvalehti.fi\/tahanontultu\/valerie-solanas-ja-scum-itse-itseani-kritisoiden\/\" \/>\n<meta property=\"og:site_name\" content=\"T\u00e4h\u00e4n on tultu\" \/>\n<meta property=\"article:published_time\" content=\"2013-05-14T04:40:55+00:00\" \/>\n<meta property=\"article:modified_time\" content=\"2013-11-29T13:28:25+00:00\" \/>\n<meta property=\"og:image\" content=\"https:\/\/suomenkuvalehti.fi\/tahanontultu\/wp-content\/uploads\/sites\/14\/2013\/11\/jarla.jpg\" \/>\n\t<meta property=\"og:image:width\" content=\"419\" \/>\n\t<meta property=\"og:image:height\" content=\"425\" \/>\n\t<meta property=\"og:image:type\" content=\"image\/jpeg\" \/>\n<meta name=\"author\" content=\"Pertti Jarla\" \/>\n<meta name=\"twitter:card\" content=\"summary_large_image\" \/>\n<meta name=\"twitter:label1\" content=\"Written by\" \/>\n\t<meta name=\"twitter:data1\" content=\"Pertti Jarla\" \/>\n\t<meta name=\"twitter:label2\" content=\"Est. reading time\" \/>\n\t<meta name=\"twitter:data2\" content=\"2 minuuttia\" \/>\n<script type=\"application\/ld+json\" class=\"yoast-schema-graph\">{\"@context\":\"https:\/\/schema.org\",\"@graph\":[{\"@type\":\"WebPage\",\"@id\":\"https:\/\/suomenkuvalehti.fi\/tahanontultu\/valerie-solanas-ja-scum-itse-itseani-kritisoiden\/\",\"url\":\"https:\/\/suomenkuvalehti.fi\/tahanontultu\/valerie-solanas-ja-scum-itse-itseani-kritisoiden\/\",\"name\":\"Valerie Solanas ja SCUM, itse itse\u00e4ni kritisoiden - T\u00e4h\u00e4n on tultu\",\"isPartOf\":{\"@id\":\"https:\/\/suomenkuvalehti.fi\/tahanontultu\/#website\"},\"datePublished\":\"2013-05-14T04:40:55+00:00\",\"dateModified\":\"2013-11-29T13:28:25+00:00\",\"author\":{\"@id\":\"https:\/\/suomenkuvalehti.fi\/tahanontultu\/#\/schema\/person\/f258b4d6c9f57d438aab20b0066db5e7\"},\"breadcrumb\":{\"@id\":\"https:\/\/suomenkuvalehti.fi\/tahanontultu\/valerie-solanas-ja-scum-itse-itseani-kritisoiden\/#breadcrumb\"},\"inLanguage\":\"fi\",\"potentialAction\":[{\"@type\":\"ReadAction\",\"target\":[\"https:\/\/suomenkuvalehti.fi\/tahanontultu\/valerie-solanas-ja-scum-itse-itseani-kritisoiden\/\"]}]},{\"@type\":\"BreadcrumbList\",\"@id\":\"https:\/\/suomenkuvalehti.fi\/tahanontultu\/valerie-solanas-ja-scum-itse-itseani-kritisoiden\/#breadcrumb\",\"itemListElement\":[{\"@type\":\"ListItem\",\"position\":1,\"name\":\"Home\",\"item\":\"https:\/\/suomenkuvalehti.fi\/tahanontultu\/\"},{\"@type\":\"ListItem\",\"position\":2,\"name\":\"Valerie Solanas ja SCUM, itse itse\u00e4ni kritisoiden\"}]},{\"@type\":\"WebSite\",\"@id\":\"https:\/\/suomenkuvalehti.fi\/tahanontultu\/#website\",\"url\":\"https:\/\/suomenkuvalehti.fi\/tahanontultu\/\",\"name\":\"T\u00e4h\u00e4n on tultu\",\"description\":\"Fingerpori-sarjakuvan piirt\u00e4j\u00e4 p\u00e4hk\u00e4ilee maailmaa vitsien takana.\",\"potentialAction\":[{\"@type\":\"SearchAction\",\"target\":{\"@type\":\"EntryPoint\",\"urlTemplate\":\"https:\/\/suomenkuvalehti.fi\/haku\/?q={search_term_string}\"},\"query-input\":{\"@type\":\"PropertyValueSpecification\",\"valueRequired\":true,\"valueName\":\"search_term_string\"}}],\"inLanguage\":\"fi\"},{\"@type\":\"Person\",\"@id\":\"https:\/\/suomenkuvalehti.fi\/tahanontultu\/#\/schema\/person\/f258b4d6c9f57d438aab20b0066db5e7\",\"name\":\"Pertti Jarla\",\"image\":{\"@type\":\"ImageObject\",\"inLanguage\":\"fi\",\"@id\":\"https:\/\/suomenkuvalehti.fi\/tahanontultu\/#\/schema\/person\/image\/\",\"url\":\"https:\/\/suomenkuvalehti.fi\/tahanontultu\/wp-content\/uploads\/sites\/14\/2013\/11\/jarla-150x150.jpg\",\"contentUrl\":\"https:\/\/suomenkuvalehti.fi\/tahanontultu\/wp-content\/uploads\/sites\/14\/2013\/11\/jarla-150x150.jpg\",\"caption\":\"Pertti Jarla\"},\"description\":\"Kirjoittaja on porvoolainen sarjakuvantekij\u00e4.\"}]}<\/script>\n<!-- \/ Yoast SEO plugin. -->","yoast_head_json":{"title":"Valerie Solanas ja SCUM, itse itse\u00e4ni kritisoiden - T\u00e4h\u00e4n on tultu","robots":{"index":"index","follow":"follow","max-snippet":"max-snippet:-1","max-image-preview":"max-image-preview:large","max-video-preview":"max-video-preview:-1"},"canonical":"https:\/\/suomenkuvalehti.fi\/tahanontultu\/valerie-solanas-ja-scum-itse-itseani-kritisoiden\/","og_locale":"fi_FI","og_type":"article","og_title":"Valerie Solanas ja SCUM, itse itse\u00e4ni kritisoiden - T\u00e4h\u00e4n on tultu","og_description":"Jami J\u00e4rvisen Kaasuputki-blogi k\u00e4sittelee t\u00e4n\u00e4\u00e4n pytyll\u00e4 luettua Valerie Solanasin SCUM-manifestia. Osani saan min\u00e4kin mies. Innostuinhan pari vuotta sitten vertaamaan miesvihaista manifestia joukkomurhaaja Breivikin teksteihin. Kirjoitin Kaasuputkeen kommentin jossa yrit\u00e4n&hellip;","og_url":"https:\/\/suomenkuvalehti.fi\/tahanontultu\/valerie-solanas-ja-scum-itse-itseani-kritisoiden\/","og_site_name":"T\u00e4h\u00e4n on tultu","article_published_time":"2013-05-14T04:40:55+00:00","article_modified_time":"2013-11-29T13:28:25+00:00","og_image":[{"width":419,"height":425,"url":"https:\/\/suomenkuvalehti.fi\/tahanontultu\/wp-content\/uploads\/sites\/14\/2013\/11\/jarla.jpg","type":"image\/jpeg"}],"author":"Pertti Jarla","twitter_card":"summary_large_image","twitter_misc":{"Written by":"Pertti Jarla","Est. reading time":"2 minuuttia"},"schema":{"@context":"https:\/\/schema.org","@graph":[{"@type":"WebPage","@id":"https:\/\/suomenkuvalehti.fi\/tahanontultu\/valerie-solanas-ja-scum-itse-itseani-kritisoiden\/","url":"https:\/\/suomenkuvalehti.fi\/tahanontultu\/valerie-solanas-ja-scum-itse-itseani-kritisoiden\/","name":"Valerie Solanas ja SCUM, itse itse\u00e4ni kritisoiden - T\u00e4h\u00e4n on tultu","isPartOf":{"@id":"https:\/\/suomenkuvalehti.fi\/tahanontultu\/#website"},"datePublished":"2013-05-14T04:40:55+00:00","dateModified":"2013-11-29T13:28:25+00:00","author":{"@id":"https:\/\/suomenkuvalehti.fi\/tahanontultu\/#\/schema\/person\/f258b4d6c9f57d438aab20b0066db5e7"},"breadcrumb":{"@id":"https:\/\/suomenkuvalehti.fi\/tahanontultu\/valerie-solanas-ja-scum-itse-itseani-kritisoiden\/#breadcrumb"},"inLanguage":"fi","potentialAction":[{"@type":"ReadAction","target":["https:\/\/suomenkuvalehti.fi\/tahanontultu\/valerie-solanas-ja-scum-itse-itseani-kritisoiden\/"]}]},{"@type":"BreadcrumbList","@id":"https:\/\/suomenkuvalehti.fi\/tahanontultu\/valerie-solanas-ja-scum-itse-itseani-kritisoiden\/#breadcrumb","itemListElement":[{"@type":"ListItem","position":1,"name":"Home","item":"https:\/\/suomenkuvalehti.fi\/tahanontultu\/"},{"@type":"ListItem","position":2,"name":"Valerie Solanas ja SCUM, itse itse\u00e4ni kritisoiden"}]},{"@type":"WebSite","@id":"https:\/\/suomenkuvalehti.fi\/tahanontultu\/#website","url":"https:\/\/suomenkuvalehti.fi\/tahanontultu\/","name":"T\u00e4h\u00e4n on tultu","description":"Fingerpori-sarjakuvan piirt\u00e4j\u00e4 p\u00e4hk\u00e4ilee maailmaa vitsien takana.","potentialAction":[{"@type":"SearchAction","target":{"@type":"EntryPoint","urlTemplate":"https:\/\/suomenkuvalehti.fi\/haku\/?q={search_term_string}"},"query-input":{"@type":"PropertyValueSpecification","valueRequired":true,"valueName":"search_term_string"}}],"inLanguage":"fi"},{"@type":"Person","@id":"https:\/\/suomenkuvalehti.fi\/tahanontultu\/#\/schema\/person\/f258b4d6c9f57d438aab20b0066db5e7","name":"Pertti Jarla","image":{"@type":"ImageObject","inLanguage":"fi","@id":"https:\/\/suomenkuvalehti.fi\/tahanontultu\/#\/schema\/person\/image\/","url":"https:\/\/suomenkuvalehti.fi\/tahanontultu\/wp-content\/uploads\/sites\/14\/2013\/11\/jarla-150x150.jpg","contentUrl":"https:\/\/suomenkuvalehti.fi\/tahanontultu\/wp-content\/uploads\/sites\/14\/2013\/11\/jarla-150x150.jpg","caption":"Pertti Jarla"},"description":"Kirjoittaja on porvoolainen sarjakuvantekij\u00e4."}]}},"_links":{"self":[{"href":"https:\/\/suomenkuvalehti.fi\/tahanontultu\/wp-json\/wp\/v2\/posts\/15","targetHints":{"allow":["GET"]}}],"collection":[{"href":"https:\/\/suomenkuvalehti.fi\/tahanontultu\/wp-json\/wp\/v2\/posts"}],"about":[{"href":"https:\/\/suomenkuvalehti.fi\/tahanontultu\/wp-json\/wp\/v2\/types\/post"}],"author":[{"embeddable":true,"href":"https:\/\/suomenkuvalehti.fi\/tahanontultu\/wp-json\/wp\/v2\/users\/153"}],"replies":[{"embeddable":true,"href":"https:\/\/suomenkuvalehti.fi\/tahanontultu\/wp-json\/wp\/v2\/comments?post=15"}],"version-history":[{"count":1,"href":"https:\/\/suomenkuvalehti.fi\/tahanontultu\/wp-json\/wp\/v2\/posts\/15\/revisions"}],"predecessor-version":[{"id":149,"href":"https:\/\/suomenkuvalehti.fi\/tahanontultu\/wp-json\/wp\/v2\/posts\/15\/revisions\/149"}],"wp:attachment":[{"href":"https:\/\/suomenkuvalehti.fi\/tahanontultu\/wp-json\/wp\/v2\/media?parent=15"}],"wp:term":[{"taxonomy":"category","embeddable":true,"href":"https:\/\/suomenkuvalehti.fi\/tahanontultu\/wp-json\/wp\/v2\/categories?post=15"},{"taxonomy":"post_tag","embeddable":true,"href":"https:\/\/suomenkuvalehti.fi\/tahanontultu\/wp-json\/wp\/v2\/tags?post=15"}],"curies":[{"name":"wp","href":"https:\/\/api.w.org\/{rel}","templated":true}]}}