{"id":143,"date":"2011-06-28T11:00:00","date_gmt":"2011-06-28T08:00:00","guid":{"rendered":"https:\/\/suomenkuvalehti.fi\/tahanontultu\/2011\/06\/28\/suurrikolliset-pakoilevat-huonosti\/"},"modified":"2011-06-28T11:00:00","modified_gmt":"2011-06-28T08:00:00","slug":"suurrikolliset-pakoilevat-huonosti","status":"publish","type":"post","link":"https:\/\/suomenkuvalehti.fi\/tahanontultu\/suurrikolliset-pakoilevat-huonosti\/","title":{"rendered":"Suurrikolliset pakoilevat huonosti"},"content":{"rendered":"\n<p>Minulla on ollut jokseenkin selv\u00e4 kuva siit\u00e4, miten lakia pakenevat suuret sota- ja muut rikolliset el\u00e4v\u00e4t. Valtavissa moderneissa huviloissa aseistettujen vartijoiden ymp\u00e4r\u00f6im\u00e4n\u00e4, panssaroiduilla mustilla saksalaisautoilla liikehtien. USA ja\/tai Ven\u00e4j\u00e4 suojelevat. Se on uskottavan tuntuinen skenario, jota todellisuus ly\u00f6 jatkuvasti korville.<\/p>\n\n\n\n<p>Viimeksi j\u00e4i nalkkiin <strong><a title=\"wikipedia\" href=\"http:\/\/en.wikipedia.org\/wiki\/Whitey_Bulger\" target=\"_blank\">James &#8221;Whitey&#8221; Bulger<\/a><\/strong>, er\u00e4s maailman etsityimmist\u00e4 rikollisista. Bulger oli Bostonin alamaailman huipulla kymmeni\u00e4 vuosia, senaattoriveljens\u00e4 ja FBI:n suojeluksessa. Italialaismafiaankin oli yhteydet kunnossa. Ihmek\u00f6s tuo sitten, ett\u00e4 Bulger katosi j\u00e4ljett\u00f6miin kun pid\u00e4tys uhkasi 1994.<\/p>\n\n\n\n<p>Whitey Bulger pid\u00e4tettiin <a title=\"bulgerin piilopaikka cbs:n sivuilla\" href=\"http:\/\/boston.cbslocal.com\/2011\/06\/23\/the-scene-whitey-bulgers-home-in-santa-monica-california\/\">Santa Monicassa, Californiassa<\/a>, el\u00e4kel\u00e4isten suosiman kerrostalon huoneistosta. Vuokra $1,145 kuussa. H\u00e4nell\u00e4 sent\u00e4\u00e4n oli koti, eik\u00e4 maakuoppaa kuten <strong>Saddam Husseinilla<\/strong>.<\/p>\n\n\n\n<p>Serbijohtaja <strong><a title=\"wikipedia\" href=\"http:\/\/en.wikipedia.org\/wiki\/Radovan_Karad%C5%BEi%C4%87\" target=\"_blank\">Radovan Karad\u017ei\u0107<\/a><\/strong> piileskeli vuodesta 1996. H\u00e4nell\u00e4 oli paljon kannattajia, ja tiedettiin kertoa ettei NATO oikeasti yrit\u00e4k\u00e4\u00e4n l\u00f6yt\u00e4\u00e4 h\u00e4nt\u00e4. Esquire-lehden toimittajat <a title=\"artikkeli finding karadzic-blogissa\" href=\"http:\/\/findingkaradzic.blogspot.com\/2004_04_01_archive.html\" target=\"_blank\">kertoivat Karad\u017ei\u0107inmets\u00e4stysretkest\u00e4\u00e4n<\/a>, artikkelista tehtiin 2007 elokuva <em>The Hunting Party<\/em>. Siin\u00e4 toimittajille k\u00e4y ilmeiseksi ett\u00e4 rikollinen piileksii vuoristossa henkivartija-armeijansa kanssa NATO:n suojeluksessa.<\/p>\n\n\n\n<p>Mutta voi, 2008 Radovan Karad\u017ei\u0107 l\u00f6ytyikin Belgradista jossa h\u00e4n eleli eetteripy\u00f6rre-tyylisen parran kasvattaneena holistisena parantajana. Aikoinaan oli laajalti ep\u00e4ilty ett\u00e4 my\u00f6s <strong>Osama Bin Ladenin<\/strong> etsint\u00e4 on pelkk\u00e4\u00e4 h\u00e4m\u00e4yst\u00e4. <a title=\"wikipedia\" href=\"http:\/\/en.wikipedia.org\/wiki\/Death_of_Osama_bin_Laden\" target=\"_blank\">Kunnes h\u00e4net sitten l\u00f6ydettiin ja ammuttiin<\/a>. Osamallahan taisi sent\u00e4\u00e4n olla kunnon lukaali, mutta henkivartija-armeija ei ollut j\u00e4rin vakuuttava.<\/p>\n\n\n\n<p>Johtop\u00e4\u00e4t\u00f6ksi\u00e4 piileskelevist\u00e4 suurrikollisista:<\/p>\n\n\n\n<ul class=\"wp-block-list\">\n<li>He eiv\u00e4t todenn\u00e4k\u00f6isesti el\u00e4 leve\u00e4sti. On j\u00e4rkev\u00e4mp\u00e4\u00e4 pit\u00e4\u00e4 matalaa profiilia ja jemmata varallisuus, lis\u00e4\u00e4 ei ehk\u00e4 ole tulossa.<\/li>\n<li>Heill\u00e4 ei v\u00e4ltt\u00e4m\u00e4tt\u00e4 ole voimakkaita tukijoita, jotka k\u00e4tkisiv\u00e4t heid\u00e4t sotilastukikohtiensa maanalaisille tasoille. Syy on helppo arvata: kun menett\u00e4\u00e4 valtansa, menett\u00e4\u00e4 my\u00f6s tukijansa.<\/li>\n<li>Jos NATO ja Yhdysvaltain hallitus v\u00e4itt\u00e4v\u00e4t etsiv\u00e4ns\u00e4 jotakuta, he n\u00e4emm\u00e4 tosiaan tekev\u00e4t niin. P\u00e4invastaisesta ei ole mit\u00e4\u00e4n n\u00e4ytt\u00f6\u00e4, pelkki\u00e4 arvailuja ja elokuvia.<\/li>\n<\/ul>\n\n\n\n<p>T\u00e4st\u00e4 tulikin mieleeni: elokuvista olemme my\u00f6s oppineet, miten k\u00e4y mahtimiesten kiristyst\u00e4 yritt\u00e4ville salakuvaajille ja muille nilkeille. Ruotsin kuningas Kaarle Kustaa tiett\u00e4v\u00e4sti kuuluu koko maailmaa salaa py\u00f6ritt\u00e4v\u00e4\u00e4n mahtieliittiin, kuinka siis kaikenlaiset paparazzit kyykytt\u00e4v\u00e4t h\u00e4nt\u00e4 miten tahtovat?<\/p>\n\n\n\n\n","protected":false},"excerpt":{"rendered":"<p>Minulla on ollut jokseenkin selv\u00e4 kuva siit\u00e4, miten lakia pakenevat suuret sota- ja muut rikolliset el\u00e4v\u00e4t. Valtavissa moderneissa huviloissa aseistettujen vartijoiden ymp\u00e4r\u00f6im\u00e4n\u00e4, panssaroiduilla mustilla saksalaisautoilla liikehtien. USA ja\/tai Ven\u00e4j\u00e4 suojelevat. Se on uskottavan<br \/>\ntuntuinen&hellip;<\/p>\n","protected":false},"author":153,"featured_media":0,"comment_status":"open","ping_status":"open","sticky":false,"template":"","format":"standard","meta":{"_acf_changed":false,"asauth_required_access_level":0,"asauth_cansharepaid":"","om_header_attributes":[],"footnotes":"","om_featured_image_focal_point":[],"om_primary_tag":0,"om_contributors":[],"om_co_authors":[],"beyondwords_generate_audio":"","beyondwords_project_id":"","beyondwords_content_id":"","beyondwords_preview_token":"","beyondwords_player_content":"","beyondwords_player_style":"","beyondwords_language_code":"","beyondwords_language_id":"","beyondwords_title_voice_id":"","beyondwords_body_voice_id":"","beyondwords_summary_voice_id":"","beyondwords_error_message":"","beyondwords_disabled":"","beyondwords_delete_content":"","beyondwords_podcast_id":"","beyondwords_hash":"","publish_post_to_speechkit":"","speechkit_hash":"","speechkit_generate_audio":"","speechkit_project_id":"","speechkit_podcast_id":"","speechkit_error_message":"","speechkit_disabled":"","speechkit_access_key":"","speechkit_error":"","speechkit_info":"","speechkit_response":"","speechkit_retries":"","speechkit_status":"","speechkit_updated_at":"","_speechkit_link":"","_speechkit_text":""},"categories":[1],"tags":[410,414,412,413,317,411],"class_list":["post-143","post","type-post","status-publish","format-standard","hentry","category-tahan-on-tultu","tag-james-bulger","tag-kaarle-kustaa","tag-osama-bin-laden","tag-radovan-karadzic","tag-saddam-hussein","tag-whitey-bulger"],"om_views":null,"acf":{"tuuma_off":false,"tuuma_kysymys":"","tuuma_vastaus":""},"asauth":{"required_access_level":1,"share_token":"","is_paid":false},"yoast_head":"<!-- This site is optimized with the Yoast SEO plugin v26.4 - https:\/\/yoast.com\/wordpress\/plugins\/seo\/ -->\n<title>Suurrikolliset pakoilevat huonosti - T\u00e4h\u00e4n on tultu<\/title>\n<meta name=\"robots\" content=\"index, follow, max-snippet:-1, max-image-preview:large, max-video-preview:-1\" \/>\n<link rel=\"canonical\" href=\"https:\/\/suomenkuvalehti.fi\/tahanontultu\/suurrikolliset-pakoilevat-huonosti\/\" \/>\n<meta property=\"og:locale\" content=\"fi_FI\" \/>\n<meta property=\"og:type\" content=\"article\" \/>\n<meta property=\"og:title\" content=\"Suurrikolliset pakoilevat huonosti - T\u00e4h\u00e4n on tultu\" \/>\n<meta property=\"og:description\" content=\"Minulla on ollut jokseenkin selv\u00e4 kuva siit\u00e4, miten lakia pakenevat suuret sota- ja muut rikolliset el\u00e4v\u00e4t. Valtavissa moderneissa huviloissa aseistettujen vartijoiden ymp\u00e4r\u00f6im\u00e4n\u00e4, panssaroiduilla mustilla saksalaisautoilla liikehtien. USA ja\/tai Ven\u00e4j\u00e4 suojelevat. Se on uskottavan tuntuinen&hellip;\" \/>\n<meta property=\"og:url\" content=\"https:\/\/suomenkuvalehti.fi\/tahanontultu\/suurrikolliset-pakoilevat-huonosti\/\" \/>\n<meta property=\"og:site_name\" content=\"T\u00e4h\u00e4n on tultu\" \/>\n<meta property=\"article:published_time\" content=\"2011-06-28T08:00:00+00:00\" \/>\n<meta property=\"og:image\" content=\"https:\/\/suomenkuvalehti.fi\/tahanontultu\/wp-content\/uploads\/sites\/14\/2013\/11\/jarla.jpg\" \/>\n\t<meta property=\"og:image:width\" content=\"419\" \/>\n\t<meta property=\"og:image:height\" content=\"425\" \/>\n\t<meta property=\"og:image:type\" content=\"image\/jpeg\" \/>\n<meta name=\"author\" content=\"Pertti Jarla\" \/>\n<meta name=\"twitter:card\" content=\"summary_large_image\" \/>\n<meta name=\"twitter:label1\" content=\"Written by\" \/>\n\t<meta name=\"twitter:data1\" content=\"Pertti Jarla\" \/>\n\t<meta name=\"twitter:label2\" content=\"Est. reading time\" \/>\n\t<meta name=\"twitter:data2\" content=\"2 minuuttia\" \/>\n<script type=\"application\/ld+json\" class=\"yoast-schema-graph\">{\"@context\":\"https:\/\/schema.org\",\"@graph\":[{\"@type\":\"WebPage\",\"@id\":\"https:\/\/suomenkuvalehti.fi\/tahanontultu\/suurrikolliset-pakoilevat-huonosti\/\",\"url\":\"https:\/\/suomenkuvalehti.fi\/tahanontultu\/suurrikolliset-pakoilevat-huonosti\/\",\"name\":\"Suurrikolliset pakoilevat huonosti - T\u00e4h\u00e4n on tultu\",\"isPartOf\":{\"@id\":\"https:\/\/suomenkuvalehti.fi\/tahanontultu\/#website\"},\"datePublished\":\"2011-06-28T08:00:00+00:00\",\"author\":{\"@id\":\"https:\/\/suomenkuvalehti.fi\/tahanontultu\/#\/schema\/person\/f258b4d6c9f57d438aab20b0066db5e7\"},\"breadcrumb\":{\"@id\":\"https:\/\/suomenkuvalehti.fi\/tahanontultu\/suurrikolliset-pakoilevat-huonosti\/#breadcrumb\"},\"inLanguage\":\"fi\",\"potentialAction\":[{\"@type\":\"ReadAction\",\"target\":[\"https:\/\/suomenkuvalehti.fi\/tahanontultu\/suurrikolliset-pakoilevat-huonosti\/\"]}]},{\"@type\":\"BreadcrumbList\",\"@id\":\"https:\/\/suomenkuvalehti.fi\/tahanontultu\/suurrikolliset-pakoilevat-huonosti\/#breadcrumb\",\"itemListElement\":[{\"@type\":\"ListItem\",\"position\":1,\"name\":\"Home\",\"item\":\"https:\/\/suomenkuvalehti.fi\/tahanontultu\/\"},{\"@type\":\"ListItem\",\"position\":2,\"name\":\"Suurrikolliset pakoilevat huonosti\"}]},{\"@type\":\"WebSite\",\"@id\":\"https:\/\/suomenkuvalehti.fi\/tahanontultu\/#website\",\"url\":\"https:\/\/suomenkuvalehti.fi\/tahanontultu\/\",\"name\":\"T\u00e4h\u00e4n on tultu\",\"description\":\"Fingerpori-sarjakuvan piirt\u00e4j\u00e4 p\u00e4hk\u00e4ilee maailmaa vitsien takana.\",\"potentialAction\":[{\"@type\":\"SearchAction\",\"target\":{\"@type\":\"EntryPoint\",\"urlTemplate\":\"https:\/\/suomenkuvalehti.fi\/haku\/?q={search_term_string}\"},\"query-input\":{\"@type\":\"PropertyValueSpecification\",\"valueRequired\":true,\"valueName\":\"search_term_string\"}}],\"inLanguage\":\"fi\"},{\"@type\":\"Person\",\"@id\":\"https:\/\/suomenkuvalehti.fi\/tahanontultu\/#\/schema\/person\/f258b4d6c9f57d438aab20b0066db5e7\",\"name\":\"Pertti Jarla\",\"image\":{\"@type\":\"ImageObject\",\"inLanguage\":\"fi\",\"@id\":\"https:\/\/suomenkuvalehti.fi\/tahanontultu\/#\/schema\/person\/image\/\",\"url\":\"https:\/\/suomenkuvalehti.fi\/tahanontultu\/wp-content\/uploads\/sites\/14\/2013\/11\/jarla-150x150.jpg\",\"contentUrl\":\"https:\/\/suomenkuvalehti.fi\/tahanontultu\/wp-content\/uploads\/sites\/14\/2013\/11\/jarla-150x150.jpg\",\"caption\":\"Pertti Jarla\"},\"description\":\"Kirjoittaja on porvoolainen sarjakuvantekij\u00e4.\"}]}<\/script>\n<!-- \/ Yoast SEO plugin. -->","yoast_head_json":{"title":"Suurrikolliset pakoilevat huonosti - T\u00e4h\u00e4n on tultu","robots":{"index":"index","follow":"follow","max-snippet":"max-snippet:-1","max-image-preview":"max-image-preview:large","max-video-preview":"max-video-preview:-1"},"canonical":"https:\/\/suomenkuvalehti.fi\/tahanontultu\/suurrikolliset-pakoilevat-huonosti\/","og_locale":"fi_FI","og_type":"article","og_title":"Suurrikolliset pakoilevat huonosti - T\u00e4h\u00e4n on tultu","og_description":"Minulla on ollut jokseenkin selv\u00e4 kuva siit\u00e4, miten lakia pakenevat suuret sota- ja muut rikolliset el\u00e4v\u00e4t. Valtavissa moderneissa huviloissa aseistettujen vartijoiden ymp\u00e4r\u00f6im\u00e4n\u00e4, panssaroiduilla mustilla saksalaisautoilla liikehtien. USA ja\/tai Ven\u00e4j\u00e4 suojelevat. Se on uskottavan tuntuinen&hellip;","og_url":"https:\/\/suomenkuvalehti.fi\/tahanontultu\/suurrikolliset-pakoilevat-huonosti\/","og_site_name":"T\u00e4h\u00e4n on tultu","article_published_time":"2011-06-28T08:00:00+00:00","og_image":[{"width":419,"height":425,"url":"https:\/\/suomenkuvalehti.fi\/tahanontultu\/wp-content\/uploads\/sites\/14\/2013\/11\/jarla.jpg","type":"image\/jpeg"}],"author":"Pertti Jarla","twitter_card":"summary_large_image","twitter_misc":{"Written by":"Pertti Jarla","Est. reading time":"2 minuuttia"},"schema":{"@context":"https:\/\/schema.org","@graph":[{"@type":"WebPage","@id":"https:\/\/suomenkuvalehti.fi\/tahanontultu\/suurrikolliset-pakoilevat-huonosti\/","url":"https:\/\/suomenkuvalehti.fi\/tahanontultu\/suurrikolliset-pakoilevat-huonosti\/","name":"Suurrikolliset pakoilevat huonosti - T\u00e4h\u00e4n on tultu","isPartOf":{"@id":"https:\/\/suomenkuvalehti.fi\/tahanontultu\/#website"},"datePublished":"2011-06-28T08:00:00+00:00","author":{"@id":"https:\/\/suomenkuvalehti.fi\/tahanontultu\/#\/schema\/person\/f258b4d6c9f57d438aab20b0066db5e7"},"breadcrumb":{"@id":"https:\/\/suomenkuvalehti.fi\/tahanontultu\/suurrikolliset-pakoilevat-huonosti\/#breadcrumb"},"inLanguage":"fi","potentialAction":[{"@type":"ReadAction","target":["https:\/\/suomenkuvalehti.fi\/tahanontultu\/suurrikolliset-pakoilevat-huonosti\/"]}]},{"@type":"BreadcrumbList","@id":"https:\/\/suomenkuvalehti.fi\/tahanontultu\/suurrikolliset-pakoilevat-huonosti\/#breadcrumb","itemListElement":[{"@type":"ListItem","position":1,"name":"Home","item":"https:\/\/suomenkuvalehti.fi\/tahanontultu\/"},{"@type":"ListItem","position":2,"name":"Suurrikolliset pakoilevat huonosti"}]},{"@type":"WebSite","@id":"https:\/\/suomenkuvalehti.fi\/tahanontultu\/#website","url":"https:\/\/suomenkuvalehti.fi\/tahanontultu\/","name":"T\u00e4h\u00e4n on tultu","description":"Fingerpori-sarjakuvan piirt\u00e4j\u00e4 p\u00e4hk\u00e4ilee maailmaa vitsien takana.","potentialAction":[{"@type":"SearchAction","target":{"@type":"EntryPoint","urlTemplate":"https:\/\/suomenkuvalehti.fi\/haku\/?q={search_term_string}"},"query-input":{"@type":"PropertyValueSpecification","valueRequired":true,"valueName":"search_term_string"}}],"inLanguage":"fi"},{"@type":"Person","@id":"https:\/\/suomenkuvalehti.fi\/tahanontultu\/#\/schema\/person\/f258b4d6c9f57d438aab20b0066db5e7","name":"Pertti Jarla","image":{"@type":"ImageObject","inLanguage":"fi","@id":"https:\/\/suomenkuvalehti.fi\/tahanontultu\/#\/schema\/person\/image\/","url":"https:\/\/suomenkuvalehti.fi\/tahanontultu\/wp-content\/uploads\/sites\/14\/2013\/11\/jarla-150x150.jpg","contentUrl":"https:\/\/suomenkuvalehti.fi\/tahanontultu\/wp-content\/uploads\/sites\/14\/2013\/11\/jarla-150x150.jpg","caption":"Pertti Jarla"},"description":"Kirjoittaja on porvoolainen sarjakuvantekij\u00e4."}]}},"_links":{"self":[{"href":"https:\/\/suomenkuvalehti.fi\/tahanontultu\/wp-json\/wp\/v2\/posts\/143","targetHints":{"allow":["GET"]}}],"collection":[{"href":"https:\/\/suomenkuvalehti.fi\/tahanontultu\/wp-json\/wp\/v2\/posts"}],"about":[{"href":"https:\/\/suomenkuvalehti.fi\/tahanontultu\/wp-json\/wp\/v2\/types\/post"}],"author":[{"embeddable":true,"href":"https:\/\/suomenkuvalehti.fi\/tahanontultu\/wp-json\/wp\/v2\/users\/153"}],"replies":[{"embeddable":true,"href":"https:\/\/suomenkuvalehti.fi\/tahanontultu\/wp-json\/wp\/v2\/comments?post=143"}],"version-history":[{"count":0,"href":"https:\/\/suomenkuvalehti.fi\/tahanontultu\/wp-json\/wp\/v2\/posts\/143\/revisions"}],"wp:attachment":[{"href":"https:\/\/suomenkuvalehti.fi\/tahanontultu\/wp-json\/wp\/v2\/media?parent=143"}],"wp:term":[{"taxonomy":"category","embeddable":true,"href":"https:\/\/suomenkuvalehti.fi\/tahanontultu\/wp-json\/wp\/v2\/categories?post=143"},{"taxonomy":"post_tag","embeddable":true,"href":"https:\/\/suomenkuvalehti.fi\/tahanontultu\/wp-json\/wp\/v2\/tags?post=143"}],"curies":[{"name":"wp","href":"https:\/\/api.w.org\/{rel}","templated":true}]}}