{"id":142,"date":"2011-07-05T14:28:00","date_gmt":"2011-07-05T11:28:00","guid":{"rendered":"https:\/\/suomenkuvalehti.fi\/tahanontultu\/2011\/07\/05\/naannytetaan-byrokraatti-ja-ittelle-jaa-enemman\/"},"modified":"2011-07-05T14:28:00","modified_gmt":"2011-07-05T11:28:00","slug":"naannytetaan-byrokraatti-ja-ittelle-jaa-enemman","status":"publish","type":"post","link":"https:\/\/suomenkuvalehti.fi\/tahanontultu\/naannytetaan-byrokraatti-ja-ittelle-jaa-enemman\/","title":{"rendered":"N\u00e4\u00e4nnytet\u00e4\u00e4n byrokraatti ja ittelle j\u00e4\u00e4 enemm\u00e4n"},"content":{"rendered":"\n<p>Muistatteko m\u00e4nn\u00e4vuosina ahkerasti esitetyn, amat\u00f6\u00f6rivoimin toteutetun tv-n\u00e4ytelm\u00e4n <a title=\"Elonet\" href=\"http:\/\/www.elonet.fi\/title\/ek3l1p\/\" target=\"_blank\">&#8221;Olga Ryyn\u00e4nen ja byrokratia&#8221;<\/a>? Siin\u00e4h\u00e4n Olga-t\u00e4ti\u00e4 n\u00f6yryytettiin avustusluukuilla. Kaltaiselleni luovalle taiteilijalle byrokratian hirvi\u00f6 n\u00e4ytt\u00e4ytyy juuri tuollaisena kasvottomana, pient\u00e4 yksil\u00f6\u00e4 alistavana.<\/p>\n\n\n\n<p>Oikeistohenkiselle kansalaiselle byrokratia on sosialismia, joka tallaa yritt\u00e4j\u00e4n unelmat. Kepulaiselle EU, ja niin edelleen. Yli poliittisten rajojen tiedet\u00e4\u00e4n, ett\u00e4 hirvi\u00f6 on paisunut liian suureksi.<\/p>\n\n\n\n<p>Byrokratianvastaisuuden ansiosta voidaan vaatia verojen alentamista hyv\u00e4ll\u00e4 omallatunnolla. Valtiolta ja kunnilta voidaan v\u00e4hent\u00e4\u00e4 resursseja ilman ett\u00e4 niiden toiminta k\u00e4rsii: pit\u00e4\u00e4 vain v\u00e4hent\u00e4\u00e4 <em>turhaa byrokratiaa<\/em>. Itsekin ajattelen mielell\u00e4ni n\u00e4in.<\/p>\n\n\n\n<p>Monet kunnat ovat muuttoliikkeen ansiosta menett\u00e4neet tulojaan jo kauan, osa aika mukavastikin. Luulisi, ett\u00e4 niiss\u00e4 turha byrokratia on nyt v\u00e4hentynyt ja kansalaisten asiat lutviutuvat v\u00e4hemm\u00e4ll\u00e4 jonottamisella. Korvaan kantautuu kuitenkin l\u00e4hinn\u00e4 juttuja suljettavista kirjastoista ja kouluista.<\/p>\n\n\n\n<p>Selitys l\u00f6ytyy helposti: byrokraatti mokoma ei olekaan v\u00e4hent\u00e4nyt turhia toimintoja ja suojaty\u00f6paikkoja, vaan on kirist\u00e4nyt vy\u00f6t\u00e4 v\u00e4\u00e4rist\u00e4 paikoista! Miss\u00e4\u00e4n nimess\u00e4 verotulojen nostaminen ei ole ratkaisu.<em> &#8221;Veronalennukset ovat aina hyv\u00e4\u00e4 talouspolitiikkaa&#8221;<\/em> (Bj\u00f6rn Wahlroos).<\/p>\n\n\n\n<p>Jokin t\u00e4ss\u00e4 kuulostaa kaukaisesti tutulta. On houkutteleva visio, joka kuulostaa l\u00e4hes liian mukavalta: maksetaan v\u00e4hemm\u00e4n veroja, taskuumme j\u00e4\u00e4 enemm\u00e4n massia ja meit\u00e4 ahdistava byrokratia v\u00e4henee! Kansalainen rikastuu ja vapautuu samalla.<\/p>\n\n\n\n<p>Tutkittua tietoa teorian tueksi ei oikein l\u00f6ydy, mutta eik\u00f6 se olekin kaunis? Kun valtion ja kuntien k\u00f6yhdytt\u00e4minen ei lis\u00e4\u00e4k\u00e4\u00e4n onnea, syy ei ole visiossa vaan edistyst\u00e4 jarruttavissa m\u00f6h\u00f6mahaisissa byrokraateissa. Teoria selitt\u00e4\u00e4 jotakuinkin kaiken eik\u00e4 sit\u00e4 voi todistaa v\u00e4\u00e4r\u00e4ksi. Huuhaan tunnusmerkkej\u00e4.<\/p>\n\n\n\n<p>Pelk\u00e4\u00e4n ett\u00e4 libertaarinen visio, jossa verotuksen v\u00e4hent\u00e4minen vapauttaa kansalaiset, on taas yksi halvatun utopia. Sellainen, jota saadaan tulevaisuudessa kirota kun itse olemme Olga ja Keijo Ryyn\u00e4si\u00e4, eik\u00e4 luukulla tarvitse seist\u00e4 avustusten per\u00e4ss\u00e4 kun niit\u00e4 ei ole.<\/p>\n\n\n","protected":false},"excerpt":{"rendered":"<p>Muistatteko m\u00e4nn\u00e4vuosina ahkerasti esitetyn, amat\u00f6\u00f6rivoimin toteutetun tv-n\u00e4ytelm\u00e4n &#8221;Olga Ryyn\u00e4nen ja byrokratia&#8221;? Siin\u00e4h\u00e4n Olga-t\u00e4ti\u00e4 n\u00f6yryytettiin avustusluukuilla. Kaltaiselleni luovalle taiteilijalle byrokratian hirvi\u00f6 n\u00e4ytt\u00e4ytyy juuri tuollaisena<br \/>\nkasvottomana, &hellip;<\/p>\n","protected":false},"author":153,"featured_media":0,"comment_status":"open","ping_status":"open","sticky":false,"template":"","format":"standard","meta":{"_acf_changed":false,"asauth_required_access_level":0,"asauth_cansharepaid":"","om_header_attributes":[],"footnotes":"","om_featured_image_focal_point":[],"om_primary_tag":0,"om_contributors":[],"om_co_authors":[],"beyondwords_generate_audio":"","beyondwords_project_id":"","beyondwords_content_id":"","beyondwords_preview_token":"","beyondwords_player_content":"","beyondwords_player_style":"","beyondwords_language_code":"","beyondwords_language_id":"","beyondwords_title_voice_id":"","beyondwords_body_voice_id":"","beyondwords_summary_voice_id":"","beyondwords_error_message":"","beyondwords_disabled":"","beyondwords_delete_content":"","beyondwords_podcast_id":"","beyondwords_hash":"","publish_post_to_speechkit":"","speechkit_hash":"","speechkit_generate_audio":"","speechkit_project_id":"","speechkit_podcast_id":"","speechkit_error_message":"","speechkit_disabled":"","speechkit_access_key":"","speechkit_error":"","speechkit_info":"","speechkit_response":"","speechkit_retries":"","speechkit_status":"","speechkit_updated_at":"","_speechkit_link":"","_speechkit_text":""},"categories":[1],"tags":[227,111],"class_list":["post-142","post","type-post","status-publish","format-standard","hentry","category-tahan-on-tultu","tag-byrokratia","tag-verotus"],"om_views":null,"acf":{"tuuma_off":false,"tuuma_kysymys":"","tuuma_vastaus":""},"asauth":{"required_access_level":1,"share_token":"","is_paid":false},"yoast_head":"<!-- This site is optimized with the Yoast SEO plugin v26.4 - https:\/\/yoast.com\/wordpress\/plugins\/seo\/ -->\n<title>N\u00e4\u00e4nnytet\u00e4\u00e4n byrokraatti ja ittelle j\u00e4\u00e4 enemm\u00e4n - T\u00e4h\u00e4n on tultu<\/title>\n<meta name=\"robots\" content=\"index, follow, max-snippet:-1, max-image-preview:large, max-video-preview:-1\" \/>\n<link rel=\"canonical\" href=\"https:\/\/suomenkuvalehti.fi\/tahanontultu\/naannytetaan-byrokraatti-ja-ittelle-jaa-enemman\/\" \/>\n<meta property=\"og:locale\" content=\"fi_FI\" \/>\n<meta property=\"og:type\" content=\"article\" \/>\n<meta property=\"og:title\" content=\"N\u00e4\u00e4nnytet\u00e4\u00e4n byrokraatti ja ittelle j\u00e4\u00e4 enemm\u00e4n - T\u00e4h\u00e4n on tultu\" \/>\n<meta property=\"og:description\" content=\"Muistatteko m\u00e4nn\u00e4vuosina ahkerasti esitetyn, amat\u00f6\u00f6rivoimin toteutetun tv-n\u00e4ytelm\u00e4n &#8221;Olga Ryyn\u00e4nen ja byrokratia&#8221;? Siin\u00e4h\u00e4n Olga-t\u00e4ti\u00e4 n\u00f6yryytettiin avustusluukuilla. Kaltaiselleni luovalle taiteilijalle byrokratian hirvi\u00f6 n\u00e4ytt\u00e4ytyy juuri tuollaisena kasvottomana, &hellip;\" \/>\n<meta property=\"og:url\" content=\"https:\/\/suomenkuvalehti.fi\/tahanontultu\/naannytetaan-byrokraatti-ja-ittelle-jaa-enemman\/\" \/>\n<meta property=\"og:site_name\" content=\"T\u00e4h\u00e4n on tultu\" \/>\n<meta property=\"article:published_time\" content=\"2011-07-05T11:28:00+00:00\" \/>\n<meta property=\"og:image\" content=\"https:\/\/suomenkuvalehti.fi\/tahanontultu\/wp-content\/uploads\/sites\/14\/2013\/11\/jarla.jpg\" \/>\n\t<meta property=\"og:image:width\" content=\"419\" \/>\n\t<meta property=\"og:image:height\" content=\"425\" \/>\n\t<meta property=\"og:image:type\" content=\"image\/jpeg\" \/>\n<meta name=\"author\" content=\"Pertti Jarla\" \/>\n<meta name=\"twitter:card\" content=\"summary_large_image\" \/>\n<meta name=\"twitter:label1\" content=\"Written by\" \/>\n\t<meta name=\"twitter:data1\" content=\"Pertti Jarla\" \/>\n\t<meta name=\"twitter:label2\" content=\"Est. reading time\" \/>\n\t<meta name=\"twitter:data2\" content=\"2 minuuttia\" \/>\n<script type=\"application\/ld+json\" class=\"yoast-schema-graph\">{\"@context\":\"https:\/\/schema.org\",\"@graph\":[{\"@type\":\"WebPage\",\"@id\":\"https:\/\/suomenkuvalehti.fi\/tahanontultu\/naannytetaan-byrokraatti-ja-ittelle-jaa-enemman\/\",\"url\":\"https:\/\/suomenkuvalehti.fi\/tahanontultu\/naannytetaan-byrokraatti-ja-ittelle-jaa-enemman\/\",\"name\":\"N\u00e4\u00e4nnytet\u00e4\u00e4n byrokraatti ja ittelle j\u00e4\u00e4 enemm\u00e4n - T\u00e4h\u00e4n on tultu\",\"isPartOf\":{\"@id\":\"https:\/\/suomenkuvalehti.fi\/tahanontultu\/#website\"},\"datePublished\":\"2011-07-05T11:28:00+00:00\",\"author\":{\"@id\":\"https:\/\/suomenkuvalehti.fi\/tahanontultu\/#\/schema\/person\/f258b4d6c9f57d438aab20b0066db5e7\"},\"breadcrumb\":{\"@id\":\"https:\/\/suomenkuvalehti.fi\/tahanontultu\/naannytetaan-byrokraatti-ja-ittelle-jaa-enemman\/#breadcrumb\"},\"inLanguage\":\"fi\",\"potentialAction\":[{\"@type\":\"ReadAction\",\"target\":[\"https:\/\/suomenkuvalehti.fi\/tahanontultu\/naannytetaan-byrokraatti-ja-ittelle-jaa-enemman\/\"]}]},{\"@type\":\"BreadcrumbList\",\"@id\":\"https:\/\/suomenkuvalehti.fi\/tahanontultu\/naannytetaan-byrokraatti-ja-ittelle-jaa-enemman\/#breadcrumb\",\"itemListElement\":[{\"@type\":\"ListItem\",\"position\":1,\"name\":\"Home\",\"item\":\"https:\/\/suomenkuvalehti.fi\/tahanontultu\/\"},{\"@type\":\"ListItem\",\"position\":2,\"name\":\"N\u00e4\u00e4nnytet\u00e4\u00e4n byrokraatti ja ittelle j\u00e4\u00e4 enemm\u00e4n\"}]},{\"@type\":\"WebSite\",\"@id\":\"https:\/\/suomenkuvalehti.fi\/tahanontultu\/#website\",\"url\":\"https:\/\/suomenkuvalehti.fi\/tahanontultu\/\",\"name\":\"T\u00e4h\u00e4n on tultu\",\"description\":\"Fingerpori-sarjakuvan piirt\u00e4j\u00e4 p\u00e4hk\u00e4ilee maailmaa vitsien takana.\",\"potentialAction\":[{\"@type\":\"SearchAction\",\"target\":{\"@type\":\"EntryPoint\",\"urlTemplate\":\"https:\/\/suomenkuvalehti.fi\/haku\/?q={search_term_string}\"},\"query-input\":{\"@type\":\"PropertyValueSpecification\",\"valueRequired\":true,\"valueName\":\"search_term_string\"}}],\"inLanguage\":\"fi\"},{\"@type\":\"Person\",\"@id\":\"https:\/\/suomenkuvalehti.fi\/tahanontultu\/#\/schema\/person\/f258b4d6c9f57d438aab20b0066db5e7\",\"name\":\"Pertti Jarla\",\"image\":{\"@type\":\"ImageObject\",\"inLanguage\":\"fi\",\"@id\":\"https:\/\/suomenkuvalehti.fi\/tahanontultu\/#\/schema\/person\/image\/\",\"url\":\"https:\/\/suomenkuvalehti.fi\/tahanontultu\/wp-content\/uploads\/sites\/14\/2013\/11\/jarla-150x150.jpg\",\"contentUrl\":\"https:\/\/suomenkuvalehti.fi\/tahanontultu\/wp-content\/uploads\/sites\/14\/2013\/11\/jarla-150x150.jpg\",\"caption\":\"Pertti Jarla\"},\"description\":\"Kirjoittaja on porvoolainen sarjakuvantekij\u00e4.\"}]}<\/script>\n<!-- \/ Yoast SEO plugin. -->","yoast_head_json":{"title":"N\u00e4\u00e4nnytet\u00e4\u00e4n byrokraatti ja ittelle j\u00e4\u00e4 enemm\u00e4n - T\u00e4h\u00e4n on tultu","robots":{"index":"index","follow":"follow","max-snippet":"max-snippet:-1","max-image-preview":"max-image-preview:large","max-video-preview":"max-video-preview:-1"},"canonical":"https:\/\/suomenkuvalehti.fi\/tahanontultu\/naannytetaan-byrokraatti-ja-ittelle-jaa-enemman\/","og_locale":"fi_FI","og_type":"article","og_title":"N\u00e4\u00e4nnytet\u00e4\u00e4n byrokraatti ja ittelle j\u00e4\u00e4 enemm\u00e4n - T\u00e4h\u00e4n on tultu","og_description":"Muistatteko m\u00e4nn\u00e4vuosina ahkerasti esitetyn, amat\u00f6\u00f6rivoimin toteutetun tv-n\u00e4ytelm\u00e4n &#8221;Olga Ryyn\u00e4nen ja byrokratia&#8221;? Siin\u00e4h\u00e4n Olga-t\u00e4ti\u00e4 n\u00f6yryytettiin avustusluukuilla. Kaltaiselleni luovalle taiteilijalle byrokratian hirvi\u00f6 n\u00e4ytt\u00e4ytyy juuri tuollaisena kasvottomana, &hellip;","og_url":"https:\/\/suomenkuvalehti.fi\/tahanontultu\/naannytetaan-byrokraatti-ja-ittelle-jaa-enemman\/","og_site_name":"T\u00e4h\u00e4n on tultu","article_published_time":"2011-07-05T11:28:00+00:00","og_image":[{"width":419,"height":425,"url":"https:\/\/suomenkuvalehti.fi\/tahanontultu\/wp-content\/uploads\/sites\/14\/2013\/11\/jarla.jpg","type":"image\/jpeg"}],"author":"Pertti Jarla","twitter_card":"summary_large_image","twitter_misc":{"Written by":"Pertti Jarla","Est. reading time":"2 minuuttia"},"schema":{"@context":"https:\/\/schema.org","@graph":[{"@type":"WebPage","@id":"https:\/\/suomenkuvalehti.fi\/tahanontultu\/naannytetaan-byrokraatti-ja-ittelle-jaa-enemman\/","url":"https:\/\/suomenkuvalehti.fi\/tahanontultu\/naannytetaan-byrokraatti-ja-ittelle-jaa-enemman\/","name":"N\u00e4\u00e4nnytet\u00e4\u00e4n byrokraatti ja ittelle j\u00e4\u00e4 enemm\u00e4n - T\u00e4h\u00e4n on tultu","isPartOf":{"@id":"https:\/\/suomenkuvalehti.fi\/tahanontultu\/#website"},"datePublished":"2011-07-05T11:28:00+00:00","author":{"@id":"https:\/\/suomenkuvalehti.fi\/tahanontultu\/#\/schema\/person\/f258b4d6c9f57d438aab20b0066db5e7"},"breadcrumb":{"@id":"https:\/\/suomenkuvalehti.fi\/tahanontultu\/naannytetaan-byrokraatti-ja-ittelle-jaa-enemman\/#breadcrumb"},"inLanguage":"fi","potentialAction":[{"@type":"ReadAction","target":["https:\/\/suomenkuvalehti.fi\/tahanontultu\/naannytetaan-byrokraatti-ja-ittelle-jaa-enemman\/"]}]},{"@type":"BreadcrumbList","@id":"https:\/\/suomenkuvalehti.fi\/tahanontultu\/naannytetaan-byrokraatti-ja-ittelle-jaa-enemman\/#breadcrumb","itemListElement":[{"@type":"ListItem","position":1,"name":"Home","item":"https:\/\/suomenkuvalehti.fi\/tahanontultu\/"},{"@type":"ListItem","position":2,"name":"N\u00e4\u00e4nnytet\u00e4\u00e4n byrokraatti ja ittelle j\u00e4\u00e4 enemm\u00e4n"}]},{"@type":"WebSite","@id":"https:\/\/suomenkuvalehti.fi\/tahanontultu\/#website","url":"https:\/\/suomenkuvalehti.fi\/tahanontultu\/","name":"T\u00e4h\u00e4n on tultu","description":"Fingerpori-sarjakuvan piirt\u00e4j\u00e4 p\u00e4hk\u00e4ilee maailmaa vitsien takana.","potentialAction":[{"@type":"SearchAction","target":{"@type":"EntryPoint","urlTemplate":"https:\/\/suomenkuvalehti.fi\/haku\/?q={search_term_string}"},"query-input":{"@type":"PropertyValueSpecification","valueRequired":true,"valueName":"search_term_string"}}],"inLanguage":"fi"},{"@type":"Person","@id":"https:\/\/suomenkuvalehti.fi\/tahanontultu\/#\/schema\/person\/f258b4d6c9f57d438aab20b0066db5e7","name":"Pertti Jarla","image":{"@type":"ImageObject","inLanguage":"fi","@id":"https:\/\/suomenkuvalehti.fi\/tahanontultu\/#\/schema\/person\/image\/","url":"https:\/\/suomenkuvalehti.fi\/tahanontultu\/wp-content\/uploads\/sites\/14\/2013\/11\/jarla-150x150.jpg","contentUrl":"https:\/\/suomenkuvalehti.fi\/tahanontultu\/wp-content\/uploads\/sites\/14\/2013\/11\/jarla-150x150.jpg","caption":"Pertti Jarla"},"description":"Kirjoittaja on porvoolainen sarjakuvantekij\u00e4."}]}},"_links":{"self":[{"href":"https:\/\/suomenkuvalehti.fi\/tahanontultu\/wp-json\/wp\/v2\/posts\/142","targetHints":{"allow":["GET"]}}],"collection":[{"href":"https:\/\/suomenkuvalehti.fi\/tahanontultu\/wp-json\/wp\/v2\/posts"}],"about":[{"href":"https:\/\/suomenkuvalehti.fi\/tahanontultu\/wp-json\/wp\/v2\/types\/post"}],"author":[{"embeddable":true,"href":"https:\/\/suomenkuvalehti.fi\/tahanontultu\/wp-json\/wp\/v2\/users\/153"}],"replies":[{"embeddable":true,"href":"https:\/\/suomenkuvalehti.fi\/tahanontultu\/wp-json\/wp\/v2\/comments?post=142"}],"version-history":[{"count":0,"href":"https:\/\/suomenkuvalehti.fi\/tahanontultu\/wp-json\/wp\/v2\/posts\/142\/revisions"}],"wp:attachment":[{"href":"https:\/\/suomenkuvalehti.fi\/tahanontultu\/wp-json\/wp\/v2\/media?parent=142"}],"wp:term":[{"taxonomy":"category","embeddable":true,"href":"https:\/\/suomenkuvalehti.fi\/tahanontultu\/wp-json\/wp\/v2\/categories?post=142"},{"taxonomy":"post_tag","embeddable":true,"href":"https:\/\/suomenkuvalehti.fi\/tahanontultu\/wp-json\/wp\/v2\/tags?post=142"}],"curies":[{"name":"wp","href":"https:\/\/api.w.org\/{rel}","templated":true}]}}