{"id":137,"date":"2011-07-23T07:10:00","date_gmt":"2011-07-23T04:10:00","guid":{"rendered":"https:\/\/suomenkuvalehti.fi\/tahanontultu\/2011\/07\/23\/islamistit-syyllisia-kunnes-toisin-todistetaan\/"},"modified":"2011-07-23T07:10:00","modified_gmt":"2011-07-23T04:10:00","slug":"islamistit-syyllisia-kunnes-toisin-todistetaan","status":"publish","type":"post","link":"https:\/\/suomenkuvalehti.fi\/tahanontultu\/islamistit-syyllisia-kunnes-toisin-todistetaan\/","title":{"rendered":"Islamistit syyllisi\u00e4 kunnes toisin todistetaan"},"content":{"rendered":"\n<p>Kun Myyrm\u00e4en kauppakeskuksessa <a title=\"wikipedia\" href=\"http:\/\/fi.wikipedia.org\/wiki\/Myyrmannin_r%C3%A4j%C3%A4hdys\" target=\"_blank\">r\u00e4j\u00e4hti 2002<\/a>, osallistuin uutisesta k\u00e4yt\u00e4v\u00e4\u00e4n kansainv\u00e4liseen viisasteluun Yahoon foorumilla. Iskun tekij\u00e4n ollessa tuntematon l\u00e4hes kaikki tiesiv\u00e4t kyseess\u00e4 olevan islamilaisen terrorismin: Suomen viattomuuden aika Al Qaedan vastaisessa sodassa oli ohi. Kun pommittajaksi paljastui supisuomalainen, uskonnoista piittaamaton nuorimies, keskustelijat eiv\u00e4t yll\u00e4tyksekseni reagoineet mil\u00e4\u00e4n tavalla. Myyrm\u00e4en Al Qaeda-solun kauhistelu jatkui.<\/p>\n\n\n\n<p>Nyt perjantaina muutaman tunnin ajan vallitsi ep\u00e4tietoisuus siit\u00e4, mit\u00e4 Oslossa ja l\u00e4heisell\u00e4 nuorisoleirill\u00e4 tapahtui. Tai ei vallinnut. Arvovaltaiset tiedonv\u00e4litt\u00e4j\u00e4t kuten BBC ja Reuters tiesiv\u00e4t puhua \u00e4\u00e4ri-islamilaisesta terrorismista, Al Qaedasta ja Muhammedpilakuvista. Ainakaan BBC Worldilta en kuullut, ett\u00e4 mill\u00e4\u00e4n muulla olisi edes spekuloitu.<\/p>\n\n\n\n<p>Suomalaiseen korvaan t\u00e4m\u00e4 tuntui oudolta, olivathan ei-islamilaiset kriminaalit r\u00e4j\u00e4ytt\u00e4neet aikoinaan autopommin Pasilan poliisitalon edess\u00e4 ja nuorisoleirin tilanne toi mieleen kouluammuskelut. Islamilaisen terrorismin yhdist\u00e4\u00e4 enemm\u00e4nkin kaupungilla liikkuviin ihmisjoukkoihin kohdistuviin pommi-iskuihin.<\/p>\n\n\n\n<p>BBC World haastatteli terrorismiasiantuntijaa, joka puhui eri tavoista joilla Norja on saattanut suututtaa \u00e4\u00e4rimuslimit. H\u00e4nelt\u00e4 kysyttiin mielipidett\u00e4 siit\u00e4, jos Oslon r\u00e4j\u00e4hdys ja&nbsp; leiriammuskelu liittyisiv\u00e4tkin toisiinsa. Vastaus: <em>jos iskut olivat koordinoituja, se antaa todella aihetta ep\u00e4ill\u00e4 Al Qaedaa<\/em>. Totta puhuen en ole varma, kuulinko t\u00e4m\u00e4n vastauksen oikein, niin tyhm\u00e4 se oli.<\/p>\n\n\n\n<p>En tied\u00e4 johtuiko liian monista Al Qaeda-seminaareista, ett\u00e4 niin moni asiantuntija ei en\u00e4\u00e4 kyennyt ajattelemaan jonkun muunkin kykenev\u00e4n terrori-iskuihin, jopa useampaan samana p\u00e4iv\u00e4n\u00e4. Joka tapauksessa n\u00e4m\u00e4 n\u00e4kemysautomaatit hutkivat kaamealla tavalla ennenkuin mit\u00e4\u00e4n tutkittua tietoa oli saatavilla. Aivan kuin olisi kielletty\u00e4 sanoa <em>&#8221;ei tiedet\u00e4&#8221;<\/em> silloin kun ei tiedet\u00e4.<\/p>\n\n\n\n<p>Olen muuttunut pahasti yliherk\u00e4ksi n\u00e4kemysautomaateille. Silloin kun tietoa ei viel\u00e4 ole &#8211; kuten Fukushiman ja Oslon tapauksissa &#8211; he t\u00e4ytt\u00e4v\u00e4t tyhji\u00f6n pelkoihinsa, ennakkoluuloihinsa ja poliittisiin tavoitteisiinsa perustuvilla perstuntumilla. Ik\u00e4v\u00e4 kyll\u00e4 ne levi\u00e4v\u00e4t tehokkaasti uutisen n\u00e4k\u00f6isin\u00e4. Se johtaa muun muassa siihen, ett\u00e4 islamilaisen ja muun maailman v\u00e4linen railo syvenee joka kerta kun jossain r\u00e4j\u00e4ht\u00e4\u00e4, tekij\u00e4st\u00e4 viis.<\/p>\n\n\n\n\n","protected":false},"excerpt":{"rendered":"<p>Kun Myyrm\u00e4en kauppakeskuksessa r\u00e4j\u00e4hti 2002, osallistuin uutisesta k\u00e4yt\u00e4v\u00e4\u00e4n kansainv\u00e4liseen viisasteluun Yahoon foorumilla. Iskun tekij\u00e4n ollessa tuntematon l\u00e4hes kaikki tiesiv\u00e4t kyseess\u00e4 olevan islamilaisen terrorismin: Suomen viattomuuden aika Al Qaedan vastaisessa<br \/>\nsodassa oli&hellip;<\/p>\n","protected":false},"author":153,"featured_media":0,"comment_status":"open","ping_status":"open","sticky":false,"template":"","format":"standard","meta":{"_acf_changed":false,"asauth_required_access_level":0,"asauth_cansharepaid":"","om_header_attributes":[],"footnotes":"","om_featured_image_focal_point":[],"om_primary_tag":0,"om_contributors":[],"om_co_authors":[],"beyondwords_generate_audio":"","beyondwords_project_id":"","beyondwords_content_id":"","beyondwords_preview_token":"","beyondwords_player_content":"","beyondwords_player_style":"","beyondwords_language_code":"","beyondwords_language_id":"","beyondwords_title_voice_id":"","beyondwords_body_voice_id":"","beyondwords_summary_voice_id":"","beyondwords_error_message":"","beyondwords_disabled":"","beyondwords_delete_content":"","beyondwords_podcast_id":"","beyondwords_hash":"","publish_post_to_speechkit":"","speechkit_hash":"","speechkit_generate_audio":"","speechkit_project_id":"","speechkit_podcast_id":"","speechkit_error_message":"","speechkit_disabled":"","speechkit_access_key":"","speechkit_error":"","speechkit_info":"","speechkit_response":"","speechkit_retries":"","speechkit_status":"","speechkit_updated_at":"","_speechkit_link":"","_speechkit_text":""},"categories":[1],"tags":[394,395,392,393],"class_list":["post-137","post","type-post","status-publish","format-standard","hentry","category-tahan-on-tultu","tag-al-qaeda","tag-mediakritiikki","tag-norja","tag-terrorismi"],"om_views":null,"acf":{"tuuma_off":false,"tuuma_kysymys":"","tuuma_vastaus":""},"asauth":{"required_access_level":1,"share_token":"","is_paid":false},"yoast_head":"<!-- This site is optimized with the Yoast SEO plugin v26.4 - https:\/\/yoast.com\/wordpress\/plugins\/seo\/ -->\n<title>Islamistit syyllisi\u00e4 kunnes toisin todistetaan - T\u00e4h\u00e4n on tultu<\/title>\n<meta name=\"robots\" content=\"index, follow, max-snippet:-1, max-image-preview:large, max-video-preview:-1\" \/>\n<link rel=\"canonical\" href=\"https:\/\/suomenkuvalehti.fi\/tahanontultu\/islamistit-syyllisia-kunnes-toisin-todistetaan\/\" \/>\n<meta property=\"og:locale\" content=\"fi_FI\" \/>\n<meta property=\"og:type\" content=\"article\" \/>\n<meta property=\"og:title\" content=\"Islamistit syyllisi\u00e4 kunnes toisin todistetaan - T\u00e4h\u00e4n on tultu\" \/>\n<meta property=\"og:description\" content=\"Kun Myyrm\u00e4en kauppakeskuksessa r\u00e4j\u00e4hti 2002, osallistuin uutisesta k\u00e4yt\u00e4v\u00e4\u00e4n kansainv\u00e4liseen viisasteluun Yahoon foorumilla. Iskun tekij\u00e4n ollessa tuntematon l\u00e4hes kaikki tiesiv\u00e4t kyseess\u00e4 olevan islamilaisen terrorismin: Suomen viattomuuden aika Al Qaedan vastaisessa sodassa oli&hellip;\" \/>\n<meta property=\"og:url\" content=\"https:\/\/suomenkuvalehti.fi\/tahanontultu\/islamistit-syyllisia-kunnes-toisin-todistetaan\/\" \/>\n<meta property=\"og:site_name\" content=\"T\u00e4h\u00e4n on tultu\" \/>\n<meta property=\"article:published_time\" content=\"2011-07-23T04:10:00+00:00\" \/>\n<meta property=\"og:image\" content=\"https:\/\/suomenkuvalehti.fi\/tahanontultu\/wp-content\/uploads\/sites\/14\/2013\/11\/jarla.jpg\" \/>\n\t<meta property=\"og:image:width\" content=\"419\" \/>\n\t<meta property=\"og:image:height\" content=\"425\" \/>\n\t<meta property=\"og:image:type\" content=\"image\/jpeg\" \/>\n<meta name=\"author\" content=\"Pertti Jarla\" \/>\n<meta name=\"twitter:card\" content=\"summary_large_image\" \/>\n<meta name=\"twitter:label1\" content=\"Written by\" \/>\n\t<meta name=\"twitter:data1\" content=\"Pertti Jarla\" \/>\n\t<meta name=\"twitter:label2\" content=\"Est. reading time\" \/>\n\t<meta name=\"twitter:data2\" content=\"2 minuuttia\" \/>\n<script type=\"application\/ld+json\" class=\"yoast-schema-graph\">{\"@context\":\"https:\/\/schema.org\",\"@graph\":[{\"@type\":\"WebPage\",\"@id\":\"https:\/\/suomenkuvalehti.fi\/tahanontultu\/islamistit-syyllisia-kunnes-toisin-todistetaan\/\",\"url\":\"https:\/\/suomenkuvalehti.fi\/tahanontultu\/islamistit-syyllisia-kunnes-toisin-todistetaan\/\",\"name\":\"Islamistit syyllisi\u00e4 kunnes toisin todistetaan - T\u00e4h\u00e4n on tultu\",\"isPartOf\":{\"@id\":\"https:\/\/suomenkuvalehti.fi\/tahanontultu\/#website\"},\"datePublished\":\"2011-07-23T04:10:00+00:00\",\"author\":{\"@id\":\"https:\/\/suomenkuvalehti.fi\/tahanontultu\/#\/schema\/person\/f258b4d6c9f57d438aab20b0066db5e7\"},\"breadcrumb\":{\"@id\":\"https:\/\/suomenkuvalehti.fi\/tahanontultu\/islamistit-syyllisia-kunnes-toisin-todistetaan\/#breadcrumb\"},\"inLanguage\":\"fi\",\"potentialAction\":[{\"@type\":\"ReadAction\",\"target\":[\"https:\/\/suomenkuvalehti.fi\/tahanontultu\/islamistit-syyllisia-kunnes-toisin-todistetaan\/\"]}]},{\"@type\":\"BreadcrumbList\",\"@id\":\"https:\/\/suomenkuvalehti.fi\/tahanontultu\/islamistit-syyllisia-kunnes-toisin-todistetaan\/#breadcrumb\",\"itemListElement\":[{\"@type\":\"ListItem\",\"position\":1,\"name\":\"Home\",\"item\":\"https:\/\/suomenkuvalehti.fi\/tahanontultu\/\"},{\"@type\":\"ListItem\",\"position\":2,\"name\":\"Islamistit syyllisi\u00e4 kunnes toisin todistetaan\"}]},{\"@type\":\"WebSite\",\"@id\":\"https:\/\/suomenkuvalehti.fi\/tahanontultu\/#website\",\"url\":\"https:\/\/suomenkuvalehti.fi\/tahanontultu\/\",\"name\":\"T\u00e4h\u00e4n on tultu\",\"description\":\"Fingerpori-sarjakuvan piirt\u00e4j\u00e4 p\u00e4hk\u00e4ilee maailmaa vitsien takana.\",\"potentialAction\":[{\"@type\":\"SearchAction\",\"target\":{\"@type\":\"EntryPoint\",\"urlTemplate\":\"https:\/\/suomenkuvalehti.fi\/haku\/?q={search_term_string}\"},\"query-input\":{\"@type\":\"PropertyValueSpecification\",\"valueRequired\":true,\"valueName\":\"search_term_string\"}}],\"inLanguage\":\"fi\"},{\"@type\":\"Person\",\"@id\":\"https:\/\/suomenkuvalehti.fi\/tahanontultu\/#\/schema\/person\/f258b4d6c9f57d438aab20b0066db5e7\",\"name\":\"Pertti Jarla\",\"image\":{\"@type\":\"ImageObject\",\"inLanguage\":\"fi\",\"@id\":\"https:\/\/suomenkuvalehti.fi\/tahanontultu\/#\/schema\/person\/image\/\",\"url\":\"https:\/\/suomenkuvalehti.fi\/tahanontultu\/wp-content\/uploads\/sites\/14\/2013\/11\/jarla-150x150.jpg\",\"contentUrl\":\"https:\/\/suomenkuvalehti.fi\/tahanontultu\/wp-content\/uploads\/sites\/14\/2013\/11\/jarla-150x150.jpg\",\"caption\":\"Pertti Jarla\"},\"description\":\"Kirjoittaja on porvoolainen sarjakuvantekij\u00e4.\"}]}<\/script>\n<!-- \/ Yoast SEO plugin. -->","yoast_head_json":{"title":"Islamistit syyllisi\u00e4 kunnes toisin todistetaan - T\u00e4h\u00e4n on tultu","robots":{"index":"index","follow":"follow","max-snippet":"max-snippet:-1","max-image-preview":"max-image-preview:large","max-video-preview":"max-video-preview:-1"},"canonical":"https:\/\/suomenkuvalehti.fi\/tahanontultu\/islamistit-syyllisia-kunnes-toisin-todistetaan\/","og_locale":"fi_FI","og_type":"article","og_title":"Islamistit syyllisi\u00e4 kunnes toisin todistetaan - T\u00e4h\u00e4n on tultu","og_description":"Kun Myyrm\u00e4en kauppakeskuksessa r\u00e4j\u00e4hti 2002, osallistuin uutisesta k\u00e4yt\u00e4v\u00e4\u00e4n kansainv\u00e4liseen viisasteluun Yahoon foorumilla. Iskun tekij\u00e4n ollessa tuntematon l\u00e4hes kaikki tiesiv\u00e4t kyseess\u00e4 olevan islamilaisen terrorismin: Suomen viattomuuden aika Al Qaedan vastaisessa sodassa oli&hellip;","og_url":"https:\/\/suomenkuvalehti.fi\/tahanontultu\/islamistit-syyllisia-kunnes-toisin-todistetaan\/","og_site_name":"T\u00e4h\u00e4n on tultu","article_published_time":"2011-07-23T04:10:00+00:00","og_image":[{"width":419,"height":425,"url":"https:\/\/suomenkuvalehti.fi\/tahanontultu\/wp-content\/uploads\/sites\/14\/2013\/11\/jarla.jpg","type":"image\/jpeg"}],"author":"Pertti Jarla","twitter_card":"summary_large_image","twitter_misc":{"Written by":"Pertti Jarla","Est. reading time":"2 minuuttia"},"schema":{"@context":"https:\/\/schema.org","@graph":[{"@type":"WebPage","@id":"https:\/\/suomenkuvalehti.fi\/tahanontultu\/islamistit-syyllisia-kunnes-toisin-todistetaan\/","url":"https:\/\/suomenkuvalehti.fi\/tahanontultu\/islamistit-syyllisia-kunnes-toisin-todistetaan\/","name":"Islamistit syyllisi\u00e4 kunnes toisin todistetaan - T\u00e4h\u00e4n on tultu","isPartOf":{"@id":"https:\/\/suomenkuvalehti.fi\/tahanontultu\/#website"},"datePublished":"2011-07-23T04:10:00+00:00","author":{"@id":"https:\/\/suomenkuvalehti.fi\/tahanontultu\/#\/schema\/person\/f258b4d6c9f57d438aab20b0066db5e7"},"breadcrumb":{"@id":"https:\/\/suomenkuvalehti.fi\/tahanontultu\/islamistit-syyllisia-kunnes-toisin-todistetaan\/#breadcrumb"},"inLanguage":"fi","potentialAction":[{"@type":"ReadAction","target":["https:\/\/suomenkuvalehti.fi\/tahanontultu\/islamistit-syyllisia-kunnes-toisin-todistetaan\/"]}]},{"@type":"BreadcrumbList","@id":"https:\/\/suomenkuvalehti.fi\/tahanontultu\/islamistit-syyllisia-kunnes-toisin-todistetaan\/#breadcrumb","itemListElement":[{"@type":"ListItem","position":1,"name":"Home","item":"https:\/\/suomenkuvalehti.fi\/tahanontultu\/"},{"@type":"ListItem","position":2,"name":"Islamistit syyllisi\u00e4 kunnes toisin todistetaan"}]},{"@type":"WebSite","@id":"https:\/\/suomenkuvalehti.fi\/tahanontultu\/#website","url":"https:\/\/suomenkuvalehti.fi\/tahanontultu\/","name":"T\u00e4h\u00e4n on tultu","description":"Fingerpori-sarjakuvan piirt\u00e4j\u00e4 p\u00e4hk\u00e4ilee maailmaa vitsien takana.","potentialAction":[{"@type":"SearchAction","target":{"@type":"EntryPoint","urlTemplate":"https:\/\/suomenkuvalehti.fi\/haku\/?q={search_term_string}"},"query-input":{"@type":"PropertyValueSpecification","valueRequired":true,"valueName":"search_term_string"}}],"inLanguage":"fi"},{"@type":"Person","@id":"https:\/\/suomenkuvalehti.fi\/tahanontultu\/#\/schema\/person\/f258b4d6c9f57d438aab20b0066db5e7","name":"Pertti Jarla","image":{"@type":"ImageObject","inLanguage":"fi","@id":"https:\/\/suomenkuvalehti.fi\/tahanontultu\/#\/schema\/person\/image\/","url":"https:\/\/suomenkuvalehti.fi\/tahanontultu\/wp-content\/uploads\/sites\/14\/2013\/11\/jarla-150x150.jpg","contentUrl":"https:\/\/suomenkuvalehti.fi\/tahanontultu\/wp-content\/uploads\/sites\/14\/2013\/11\/jarla-150x150.jpg","caption":"Pertti Jarla"},"description":"Kirjoittaja on porvoolainen sarjakuvantekij\u00e4."}]}},"_links":{"self":[{"href":"https:\/\/suomenkuvalehti.fi\/tahanontultu\/wp-json\/wp\/v2\/posts\/137","targetHints":{"allow":["GET"]}}],"collection":[{"href":"https:\/\/suomenkuvalehti.fi\/tahanontultu\/wp-json\/wp\/v2\/posts"}],"about":[{"href":"https:\/\/suomenkuvalehti.fi\/tahanontultu\/wp-json\/wp\/v2\/types\/post"}],"author":[{"embeddable":true,"href":"https:\/\/suomenkuvalehti.fi\/tahanontultu\/wp-json\/wp\/v2\/users\/153"}],"replies":[{"embeddable":true,"href":"https:\/\/suomenkuvalehti.fi\/tahanontultu\/wp-json\/wp\/v2\/comments?post=137"}],"version-history":[{"count":0,"href":"https:\/\/suomenkuvalehti.fi\/tahanontultu\/wp-json\/wp\/v2\/posts\/137\/revisions"}],"wp:attachment":[{"href":"https:\/\/suomenkuvalehti.fi\/tahanontultu\/wp-json\/wp\/v2\/media?parent=137"}],"wp:term":[{"taxonomy":"category","embeddable":true,"href":"https:\/\/suomenkuvalehti.fi\/tahanontultu\/wp-json\/wp\/v2\/categories?post=137"},{"taxonomy":"post_tag","embeddable":true,"href":"https:\/\/suomenkuvalehti.fi\/tahanontultu\/wp-json\/wp\/v2\/tags?post=137"}],"curies":[{"name":"wp","href":"https:\/\/api.w.org\/{rel}","templated":true}]}}