{"id":111,"date":"2011-10-17T08:21:00","date_gmt":"2011-10-17T05:21:00","guid":{"rendered":"https:\/\/suomenkuvalehti.fi\/tahanontultu\/2011\/10\/17\/matkyt\/"},"modified":"2011-10-17T08:21:00","modified_gmt":"2011-10-17T05:21:00","slug":"matkyt","status":"publish","type":"post","link":"https:\/\/suomenkuvalehti.fi\/tahanontultu\/matkyt\/","title":{"rendered":"M\u00e4tkyt"},"content":{"rendered":"\n\n<p>Sain juuri aika kookkaat lis\u00e4verot maksettavaksi. Pienemm\u00e4t kuin viime vuonna, mutta silti mojovat. En ollut osannut odottaa niit\u00e4, ei siksi ett\u00e4 olisin mielest\u00e4ni arvioinut tuloni niin nappiin, vaan siksi etten ollut ajatellut koko asiaa.<\/p>\n\n\n\n<p>Luonnollisesti valitin lis\u00e4veroista, en verotoimistolle vaan kavereilleni ja kaikille Facebook-tuttaville. Ihmiset yhtyiv\u00e4t valitukseen, ja harmittelivat yksityisyritt\u00e4j\u00e4n\u00e4 toimivan taiteilijan tyly\u00e4 kohtelua maassamme. Kun kerroin heille m\u00e4tkyjeni taustasta tarkemmin, olo k\u00e4vi tukalaksi. Alkoi nimitt\u00e4in itsellekin pikkuhiljaa valjeta, ett\u00e4 toisin kuin monella tuttavalla, vero-ongelmat olivat t\u00e4ysin omaa syyt\u00e4ni.<\/p>\n\n\n\n<p>Olin yksinkertaisesti laiminly\u00f6nyt edellisvuonna verosuunnittelun jokseenkin kokonaan. Eip\u00e4 tulojeni ja verojeni uudelleen arvioimisessa olisi mennyt muutamaa tuntia kauempaa. Ei mik\u00e4\u00e4n kohtuuton vaatimus piirt\u00e4j\u00e4lt\u00e4, joka v\u00e4ltt\u00e4m\u00e4tt\u00e4 haluaa perustaa yrityksen.<\/p>\n\n\n\n<p>Asennoitumisellani on pitk\u00e4t perinteet: alan olla kuin ne takavuosien muusikot, jotka saivat muovikassissa rahaa, katsoivat sen olevan 100% omaansa ja hassasivat kaiken. Kun verottaja sitten muisti, haistatettiin paskat koko valtiovallalle.<\/p>\n\n\n\n<p>En nyt v\u00e4it\u00e4, etteik\u00f6 verottaja olisi ollut kohtuuton monille, harkintaveroineen sun muine temppuineen. On varmasti monin tavoin viel\u00e4kin, parantamista on. Sanon vain, ett\u00e4 on \u00e4\u00e4rimm\u00e4isen helppoa yhty\u00e4 virteen kasvottoman verokarhun pahuudesta ja olla ottamatta opikseen omista laiminly\u00f6nneist\u00e4\u00e4n. Tuskin olen ainoa pienyritt\u00e4j\u00e4, joka menee t\u00e4h\u00e4n halpaan?<\/p>\n\n\n","protected":false},"excerpt":{"rendered":"<p>Sain juuri aika kookkaat lis\u00e4verot maksettavaksi. Pienemm\u00e4t kuin viime vuonna, mutta silti mojovat. En ollut osannut odottaa niit\u00e4, ei siksi ett\u00e4 olisin mielest\u00e4ni arvioinut tuloni niin nappiin, vaan siksi etten ollut ajatellut koko asiaa. Luonnollisesti valitin lis\u00e4veroista, en verotoimistolle vaan kavereilleni ja<br \/>\nkaiki&hellip;<\/p>\n","protected":false},"author":153,"featured_media":0,"comment_status":"open","ping_status":"open","sticky":false,"template":"","format":"standard","meta":{"_acf_changed":false,"asauth_required_access_level":0,"asauth_cansharepaid":"","om_header_attributes":[],"footnotes":"","om_featured_image_focal_point":[],"om_primary_tag":0,"om_contributors":[],"om_co_authors":[],"beyondwords_generate_audio":"","beyondwords_project_id":"","beyondwords_content_id":"","beyondwords_preview_token":"","beyondwords_player_content":"","beyondwords_player_style":"","beyondwords_language_code":"","beyondwords_language_id":"","beyondwords_title_voice_id":"","beyondwords_body_voice_id":"","beyondwords_summary_voice_id":"","beyondwords_error_message":"","beyondwords_disabled":"","beyondwords_delete_content":"","beyondwords_podcast_id":"","beyondwords_hash":"","publish_post_to_speechkit":"","speechkit_hash":"","speechkit_generate_audio":"","speechkit_project_id":"","speechkit_podcast_id":"","speechkit_error_message":"","speechkit_disabled":"","speechkit_access_key":"","speechkit_error":"","speechkit_info":"","speechkit_response":"","speechkit_retries":"","speechkit_status":"","speechkit_updated_at":"","_speechkit_link":"","_speechkit_text":""},"categories":[1],"tags":[111,322],"class_list":["post-111","post","type-post","status-publish","format-standard","hentry","category-tahan-on-tultu","tag-verotus","tag-yrittajyys"],"om_views":null,"acf":{"tuuma_off":false,"tuuma_kysymys":"","tuuma_vastaus":""},"asauth":{"required_access_level":1,"share_token":"","is_paid":false},"yoast_head":"<!-- This site is optimized with the Yoast SEO plugin v26.4 - https:\/\/yoast.com\/wordpress\/plugins\/seo\/ -->\n<title>M\u00e4tkyt - T\u00e4h\u00e4n on tultu<\/title>\n<meta name=\"robots\" content=\"index, follow, max-snippet:-1, max-image-preview:large, max-video-preview:-1\" \/>\n<link rel=\"canonical\" href=\"https:\/\/suomenkuvalehti.fi\/tahanontultu\/matkyt\/\" \/>\n<meta property=\"og:locale\" content=\"fi_FI\" \/>\n<meta property=\"og:type\" content=\"article\" \/>\n<meta property=\"og:title\" content=\"M\u00e4tkyt - T\u00e4h\u00e4n on tultu\" \/>\n<meta property=\"og:description\" content=\"Sain juuri aika kookkaat lis\u00e4verot maksettavaksi. Pienemm\u00e4t kuin viime vuonna, mutta silti mojovat. En ollut osannut odottaa niit\u00e4, ei siksi ett\u00e4 olisin mielest\u00e4ni arvioinut tuloni niin nappiin, vaan siksi etten ollut ajatellut koko asiaa. Luonnollisesti valitin lis\u00e4veroista, en verotoimistolle vaan kavereilleni ja kaiki&hellip;\" \/>\n<meta property=\"og:url\" content=\"https:\/\/suomenkuvalehti.fi\/tahanontultu\/matkyt\/\" \/>\n<meta property=\"og:site_name\" content=\"T\u00e4h\u00e4n on tultu\" \/>\n<meta property=\"article:published_time\" content=\"2011-10-17T05:21:00+00:00\" \/>\n<meta property=\"og:image\" content=\"https:\/\/suomenkuvalehti.fi\/tahanontultu\/wp-content\/uploads\/sites\/14\/2013\/11\/jarla.jpg\" \/>\n\t<meta property=\"og:image:width\" content=\"419\" \/>\n\t<meta property=\"og:image:height\" content=\"425\" \/>\n\t<meta property=\"og:image:type\" content=\"image\/jpeg\" \/>\n<meta name=\"author\" content=\"Pertti Jarla\" \/>\n<meta name=\"twitter:card\" content=\"summary_large_image\" \/>\n<meta name=\"twitter:label1\" content=\"Written by\" \/>\n\t<meta name=\"twitter:data1\" content=\"Pertti Jarla\" \/>\n\t<meta name=\"twitter:label2\" content=\"Est. reading time\" \/>\n\t<meta name=\"twitter:data2\" content=\"1 minuutti\" \/>\n<script type=\"application\/ld+json\" class=\"yoast-schema-graph\">{\"@context\":\"https:\/\/schema.org\",\"@graph\":[{\"@type\":\"WebPage\",\"@id\":\"https:\/\/suomenkuvalehti.fi\/tahanontultu\/matkyt\/\",\"url\":\"https:\/\/suomenkuvalehti.fi\/tahanontultu\/matkyt\/\",\"name\":\"M\u00e4tkyt - T\u00e4h\u00e4n on tultu\",\"isPartOf\":{\"@id\":\"https:\/\/suomenkuvalehti.fi\/tahanontultu\/#website\"},\"datePublished\":\"2011-10-17T05:21:00+00:00\",\"author\":{\"@id\":\"https:\/\/suomenkuvalehti.fi\/tahanontultu\/#\/schema\/person\/f258b4d6c9f57d438aab20b0066db5e7\"},\"breadcrumb\":{\"@id\":\"https:\/\/suomenkuvalehti.fi\/tahanontultu\/matkyt\/#breadcrumb\"},\"inLanguage\":\"fi\",\"potentialAction\":[{\"@type\":\"ReadAction\",\"target\":[\"https:\/\/suomenkuvalehti.fi\/tahanontultu\/matkyt\/\"]}]},{\"@type\":\"BreadcrumbList\",\"@id\":\"https:\/\/suomenkuvalehti.fi\/tahanontultu\/matkyt\/#breadcrumb\",\"itemListElement\":[{\"@type\":\"ListItem\",\"position\":1,\"name\":\"Home\",\"item\":\"https:\/\/suomenkuvalehti.fi\/tahanontultu\/\"},{\"@type\":\"ListItem\",\"position\":2,\"name\":\"M\u00e4tkyt\"}]},{\"@type\":\"WebSite\",\"@id\":\"https:\/\/suomenkuvalehti.fi\/tahanontultu\/#website\",\"url\":\"https:\/\/suomenkuvalehti.fi\/tahanontultu\/\",\"name\":\"T\u00e4h\u00e4n on tultu\",\"description\":\"Fingerpori-sarjakuvan piirt\u00e4j\u00e4 p\u00e4hk\u00e4ilee maailmaa vitsien takana.\",\"potentialAction\":[{\"@type\":\"SearchAction\",\"target\":{\"@type\":\"EntryPoint\",\"urlTemplate\":\"https:\/\/suomenkuvalehti.fi\/haku\/?q={search_term_string}\"},\"query-input\":{\"@type\":\"PropertyValueSpecification\",\"valueRequired\":true,\"valueName\":\"search_term_string\"}}],\"inLanguage\":\"fi\"},{\"@type\":\"Person\",\"@id\":\"https:\/\/suomenkuvalehti.fi\/tahanontultu\/#\/schema\/person\/f258b4d6c9f57d438aab20b0066db5e7\",\"name\":\"Pertti Jarla\",\"image\":{\"@type\":\"ImageObject\",\"inLanguage\":\"fi\",\"@id\":\"https:\/\/suomenkuvalehti.fi\/tahanontultu\/#\/schema\/person\/image\/\",\"url\":\"https:\/\/suomenkuvalehti.fi\/tahanontultu\/wp-content\/uploads\/sites\/14\/2013\/11\/jarla-150x150.jpg\",\"contentUrl\":\"https:\/\/suomenkuvalehti.fi\/tahanontultu\/wp-content\/uploads\/sites\/14\/2013\/11\/jarla-150x150.jpg\",\"caption\":\"Pertti Jarla\"},\"description\":\"Kirjoittaja on porvoolainen sarjakuvantekij\u00e4.\"}]}<\/script>\n<!-- \/ Yoast SEO plugin. -->","yoast_head_json":{"title":"M\u00e4tkyt - T\u00e4h\u00e4n on tultu","robots":{"index":"index","follow":"follow","max-snippet":"max-snippet:-1","max-image-preview":"max-image-preview:large","max-video-preview":"max-video-preview:-1"},"canonical":"https:\/\/suomenkuvalehti.fi\/tahanontultu\/matkyt\/","og_locale":"fi_FI","og_type":"article","og_title":"M\u00e4tkyt - T\u00e4h\u00e4n on tultu","og_description":"Sain juuri aika kookkaat lis\u00e4verot maksettavaksi. Pienemm\u00e4t kuin viime vuonna, mutta silti mojovat. En ollut osannut odottaa niit\u00e4, ei siksi ett\u00e4 olisin mielest\u00e4ni arvioinut tuloni niin nappiin, vaan siksi etten ollut ajatellut koko asiaa. Luonnollisesti valitin lis\u00e4veroista, en verotoimistolle vaan kavereilleni ja kaiki&hellip;","og_url":"https:\/\/suomenkuvalehti.fi\/tahanontultu\/matkyt\/","og_site_name":"T\u00e4h\u00e4n on tultu","article_published_time":"2011-10-17T05:21:00+00:00","og_image":[{"width":419,"height":425,"url":"https:\/\/suomenkuvalehti.fi\/tahanontultu\/wp-content\/uploads\/sites\/14\/2013\/11\/jarla.jpg","type":"image\/jpeg"}],"author":"Pertti Jarla","twitter_card":"summary_large_image","twitter_misc":{"Written by":"Pertti Jarla","Est. reading time":"1 minuutti"},"schema":{"@context":"https:\/\/schema.org","@graph":[{"@type":"WebPage","@id":"https:\/\/suomenkuvalehti.fi\/tahanontultu\/matkyt\/","url":"https:\/\/suomenkuvalehti.fi\/tahanontultu\/matkyt\/","name":"M\u00e4tkyt - T\u00e4h\u00e4n on tultu","isPartOf":{"@id":"https:\/\/suomenkuvalehti.fi\/tahanontultu\/#website"},"datePublished":"2011-10-17T05:21:00+00:00","author":{"@id":"https:\/\/suomenkuvalehti.fi\/tahanontultu\/#\/schema\/person\/f258b4d6c9f57d438aab20b0066db5e7"},"breadcrumb":{"@id":"https:\/\/suomenkuvalehti.fi\/tahanontultu\/matkyt\/#breadcrumb"},"inLanguage":"fi","potentialAction":[{"@type":"ReadAction","target":["https:\/\/suomenkuvalehti.fi\/tahanontultu\/matkyt\/"]}]},{"@type":"BreadcrumbList","@id":"https:\/\/suomenkuvalehti.fi\/tahanontultu\/matkyt\/#breadcrumb","itemListElement":[{"@type":"ListItem","position":1,"name":"Home","item":"https:\/\/suomenkuvalehti.fi\/tahanontultu\/"},{"@type":"ListItem","position":2,"name":"M\u00e4tkyt"}]},{"@type":"WebSite","@id":"https:\/\/suomenkuvalehti.fi\/tahanontultu\/#website","url":"https:\/\/suomenkuvalehti.fi\/tahanontultu\/","name":"T\u00e4h\u00e4n on tultu","description":"Fingerpori-sarjakuvan piirt\u00e4j\u00e4 p\u00e4hk\u00e4ilee maailmaa vitsien takana.","potentialAction":[{"@type":"SearchAction","target":{"@type":"EntryPoint","urlTemplate":"https:\/\/suomenkuvalehti.fi\/haku\/?q={search_term_string}"},"query-input":{"@type":"PropertyValueSpecification","valueRequired":true,"valueName":"search_term_string"}}],"inLanguage":"fi"},{"@type":"Person","@id":"https:\/\/suomenkuvalehti.fi\/tahanontultu\/#\/schema\/person\/f258b4d6c9f57d438aab20b0066db5e7","name":"Pertti Jarla","image":{"@type":"ImageObject","inLanguage":"fi","@id":"https:\/\/suomenkuvalehti.fi\/tahanontultu\/#\/schema\/person\/image\/","url":"https:\/\/suomenkuvalehti.fi\/tahanontultu\/wp-content\/uploads\/sites\/14\/2013\/11\/jarla-150x150.jpg","contentUrl":"https:\/\/suomenkuvalehti.fi\/tahanontultu\/wp-content\/uploads\/sites\/14\/2013\/11\/jarla-150x150.jpg","caption":"Pertti Jarla"},"description":"Kirjoittaja on porvoolainen sarjakuvantekij\u00e4."}]}},"_links":{"self":[{"href":"https:\/\/suomenkuvalehti.fi\/tahanontultu\/wp-json\/wp\/v2\/posts\/111","targetHints":{"allow":["GET"]}}],"collection":[{"href":"https:\/\/suomenkuvalehti.fi\/tahanontultu\/wp-json\/wp\/v2\/posts"}],"about":[{"href":"https:\/\/suomenkuvalehti.fi\/tahanontultu\/wp-json\/wp\/v2\/types\/post"}],"author":[{"embeddable":true,"href":"https:\/\/suomenkuvalehti.fi\/tahanontultu\/wp-json\/wp\/v2\/users\/153"}],"replies":[{"embeddable":true,"href":"https:\/\/suomenkuvalehti.fi\/tahanontultu\/wp-json\/wp\/v2\/comments?post=111"}],"version-history":[{"count":0,"href":"https:\/\/suomenkuvalehti.fi\/tahanontultu\/wp-json\/wp\/v2\/posts\/111\/revisions"}],"wp:attachment":[{"href":"https:\/\/suomenkuvalehti.fi\/tahanontultu\/wp-json\/wp\/v2\/media?parent=111"}],"wp:term":[{"taxonomy":"category","embeddable":true,"href":"https:\/\/suomenkuvalehti.fi\/tahanontultu\/wp-json\/wp\/v2\/categories?post=111"},{"taxonomy":"post_tag","embeddable":true,"href":"https:\/\/suomenkuvalehti.fi\/tahanontultu\/wp-json\/wp\/v2\/tags?post=111"}],"curies":[{"name":"wp","href":"https:\/\/api.w.org\/{rel}","templated":true}]}}