{"id":69,"date":"2015-03-31T14:48:50","date_gmt":"2015-03-31T12:48:50","guid":{"rendered":"https:\/\/suomenkuvalehti.fi\/syrjassa-vaaleista\/?p=69"},"modified":"2015-03-31T14:48:50","modified_gmt":"2015-03-31T12:48:50","slug":"onko-perusohjelmasta-yrittamisen-perustaksi","status":"publish","type":"post","link":"https:\/\/suomenkuvalehti.fi\/syrjassa-vaaleista\/2015\/03\/31\/onko-perusohjelmasta-yrittamisen-perustaksi\/","title":{"rendered":"Onko perusohjelmasta yritt\u00e4misen perustaksi?"},"content":{"rendered":"\n<p>Perussuomalaisten <a href=\"https:\/\/www.perussuomalaiset.fi\/wp-content\/uploads\/2014\/05\/PStalous4.pdf\" target=\"_blank\">talouspoliittinen ohjelman<\/a> ensimm\u00e4inen kappale paljastaa puolueen vahvuuden: turvautumisen tavallisten suomalaisten terveeseen j\u00e4rkeen ilman poliitikkojen mutkikkaita ajatus- ja pelikuvioita.<\/p>\n\n\n\n<p>Lause &#8221;jotta valtion menoja voidaan karsia niin, ettei kansalaisten kurjuutta en\u00e4\u00e4 lis\u00e4t\u00e4, julkisen sektorin teht\u00e4v\u00e4t tulee asettaa t\u00e4rkeysj\u00e4rjestykseen&#8221; kuulostaa silt\u00e4, mist\u00e4 jokainen j\u00e4rkev\u00e4 ihminen aloittaisi suuren s\u00e4\u00e4st\u00f6urakan.<\/p>\n\n\n\n<p>Seuraavaksi mieleen tuleva kysymys osoittaa puolueen heikoimman kohdan: mik\u00e4 on teht\u00e4vien oikea t\u00e4rkeysj\u00e4rjestys? Terve j\u00e4rki on yksi asia, arvot ovat kokokaan toinen. Niiden yhdistelm\u00e4 muokkaa todellisuutta, niin politiikassa kuin yritysel\u00e4m\u00e4ss\u00e4kin.<\/p>\n\n\n\n<p>En jaa perussuomalaisia arvoja. Siit\u00e4 huolimatta on todettava, ett\u00e4 yritt\u00e4j\u00e4n kannalta heid\u00e4n talousohjelmassaan on paljon hyvi\u00e4 ajatuksia ja sellaista rationaalisuutta, jota valtion hallitsemiseen toivoisin lis\u00e4\u00e4.<\/p>\n\n\n\n<p>Perussuomalainen talousohjelma on jaettu kuuteen lukuun: julkiseen talouteen, verotukseen, kilpailukykyyn, energia- ja ilmastopolitiikkaan, PK-yrityksiin ja sosiaali- ja terveyspolitiikkaan. K\u00e4sittelen niit\u00e4 omasta pienyritt\u00e4j\u00e4n\u00e4k\u00f6kulmastani, joten ihan kaikkeen en ota kantaa. Siksi ohjelmaan kannattaakin tutustua my\u00f6s ilman tulkkia.<\/p>\n\n\n\n<p>Julkisen talouden leikkauslista on konkreettisimmasta p\u00e4\u00e4st\u00e4 \u2013 ja pitk\u00e4lti arvopohjainen. Jokainen vaalikoon omia arvojaan. Silti mietin, ett\u00e4 olivat arvot millaiset hyv\u00e4ns\u00e4, maahanmuuton kustannuksista karsiminen saattaa luoda ongelmia, joita kukaan ei halua ja jotka tulevat kalliiksi.<\/p>\n\n\n\n<p>IT-kulut ovat varmasti turhia, mutta uuden IT-j\u00e4rjestelm\u00e4n kehitt\u00e4mien on todella kallista: investoinnit maksavat itsens\u00e4 takaisin melko hitaasti. Vaikka pid\u00e4n IT-j\u00e4rjestelm\u00e4n t\u00e4ysremonttia v\u00e4ltt\u00e4m\u00e4tt\u00f6m\u00e4n\u00e4, en tied\u00e4, mist\u00e4 siihen l\u00f6ydet\u00e4\u00e4n rahat. Toivottavasti poliitikot tiet\u00e4v\u00e4t.<\/p>\n\n\n\n<p>EU-maksut ovat perinteisesti perussuomalaisen hampaissa. Olen luultavasti samanlainen kuin suurin osa suomalaisia: en tied\u00e4 niist\u00e4 oikeasti juuri mit\u00e4\u00e4n.<\/p>\n\n\n\n<p>Mutta t\u00e4ytyy tunnustaa, ett\u00e4 en oikein luota poliitikkoihimme siin\u00e4 suhteessa, ett\u00e4 he osaisivat pit\u00e4\u00e4 puoliamme. Perussuomalaisten argumentit Ruotsin, Tanskan maksuhelpotuksista her\u00e4tt\u00e4v\u00e4t \u00e4rtymyst\u00e4.<\/p>\n\n\n\n<p>Hyv\u00e4t poliitikot: lakatkaa ihmeess\u00e4 olemasta liian kilttej\u00e4 siell\u00e4 Euroopassa. Liian kilttej\u00e4 kiusataan.<\/p>\n\n\n\n<p>Ja hyv\u00e4t virkamiehet, lakatkaa tekin noudattamasta kaikkia EU-s\u00e4\u00e4d\u00f6ksi\u00e4 niin tunnontarkasti! Lainkuuliaisuus on yksi suomalaisen yhteiskunnan parhaista puolista, koska se suojaa meit\u00e4 korruptiolta ja monelta muulta pahalta, mutta silti joskus tuntuu silt\u00e4, ett\u00e4 pieni kapinallisuus olisi paikallaan.<\/p>\n\n\n\n<p>Ty\u00f6t\u00e4 vailla olevana kannatan ehdottomasti kaikkia toimia, jotka helpottavat osa-aikaty\u00f6n teett\u00e4mist\u00e4 ja vastaanottamista. Samoin nuorten ja yli 50-vuotiaiden ty\u00f6llist\u00e4miseen t\u00e4ht\u00e4\u00e4vi\u00e4 toimia.<\/p>\n\n\n\n<p>Sen sijaan ulkomaalaisten ty\u00f6ntekij\u00f6iden tarveharkinta haittaa suomalaisia yrityksi\u00e4 ja on niin marginaalinen ilmi\u00f6, ett\u00e4 minun on vaikea uskoa j\u00e4\u00e4v\u00e4ni ty\u00f6t\u00e4 vaille jonkun ulkomailta tulleen henkil\u00f6n vuoksi. Kyll\u00e4 syyt ty\u00f6tt\u00f6myyteeni ovat aivan muualla kieroutuneessa kulttuurissamme.<\/p>\n\n\n\n<p>Mielest\u00e4ni yksi parhaista lauseista perussuomalaisten ohjelmassa on: &#8221;ty\u00f6tt\u00f6myyden torjumiseksi my\u00f6s aktiivisen ty\u00f6voimapolitiikan resursseja on lis\u00e4tt\u00e4v\u00e4&#8221;. Aktiivinen toiminta tekem\u00e4tt\u00f6m\u00e4n ty\u00f6n ja ty\u00f6tt\u00f6mien yhdist\u00e4miseksi on tuottanut tulosta siell\u00e4, miss\u00e4 siihen on ryhdytty.<\/p>\n\n\n\n<p>Hy\u00f6dytt\u00f6mien yritystukien sijaan ty\u00f6llist\u00e4misen painopistett\u00e4 pit\u00e4isi siirt\u00e4\u00e4 aktiivisen ty\u00f6n etimisen edist\u00e4miseen. Erilaisista ty\u00f6llist\u00e4miskeinoista ja hankkeista voisi kirjoittaa kirjan. Kaipaan resurssien lis\u00e4ksi v\u00e4h\u00e4n lis\u00e4\u00e4 mielikuvitusta ty\u00f6llist\u00e4misprojekteihin ja ty\u00f6ministeri\u00f6n toimintaan.<\/p>\n\n\n\n<p>Perussuomalaisten verotusehdotuksista yhdest\u00e4 pid\u00e4n, yhdet\u00e4 en.<\/p>\n\n\n\n<p>On hyv\u00e4, ett\u00e4 eduskuntaan valitaan ihmisi\u00e4, jotka eiv\u00e4t hyv\u00e4ksy ruoan ja l\u00e4\u00e4kkeiden alv:n nostamista. Se, joka sellaista harkitsee, on valmis lis\u00e4\u00e4m\u00e4\u00e4n n\u00e4lk\u00e4\u00e4, ihan konkreettisesti. Voin my\u00f6s kertoa, ett\u00e4 l\u00e4\u00e4kkeet ovat jo nyt k\u00f6yhille hirve\u00e4n kalliita. Olen itse joutunut olemaan n\u00e4lk\u00e4inen pysty\u00e4kseni ostamaan lapselleni l\u00e4\u00e4kett\u00e4.<\/p>\n\n\n\n<p>Sen sijaan en usko, ett\u00e4 varallisuusveron tuominen takaisin lis\u00e4isi ty\u00f6paikkoja, sill\u00e4 se ajaisi varallisuutta pois maasta. Samaan lopputulokseen johtaa yritysten verosuunnitteluun puuttuminen.<\/p>\n\n\n\n<p>Niin kauan, kuin yritykset noudattavat lakia, yrityksi\u00e4 ei pid\u00e4 paheksua. Todellisia pahiksia ovat huonoja lakeja tekev\u00e4t p\u00e4\u00e4tt\u00e4j\u00e4t ja virkamiehet. Ja joskus p\u00e4\u00e4t\u00f6kset tehd\u00e4\u00e4n kansainv\u00e4lisiss\u00e4 sopimusneuvotteluissa, joissa ei pid\u00e4 olla liian kiltti.<\/p>\n\n\n\n<p>Jokaiseen vaaliohjelmaan mahtuu n\u00e4emm\u00e4 irrationaalisia lauseita, jotka muistuttavat lukijaa vaalien raadollisuudesta ja poliittisen puheen ep\u00e4luotettavuudesta. &#8221;Suomen talouden perusta on tuhottu kansallisilla p\u00e4\u00e4t\u00f6ksill\u00e4, kuten erilaisilla viherveroilla&#8221;, on yksi t\u00e4llainen lause.<\/p>\n\n\n\n<p>Tuhon syist\u00e4 voidaan olla montaa mielt\u00e4. T\u00e4rke\u00e4mp\u00e4\u00e4 on kuitenkin pohtia, mit\u00e4 nyt voitaisiin tehd\u00e4. Perussuomalaiset haluavat purkaa byrokratiaa ja turhaa s\u00e4\u00e4tely\u00e4. Jos on koskaan tutustunut kuntien toimintaan l\u00e4hemmin, ymm\u00e4rt\u00e4\u00e4, miten valtavasti turha s\u00e4\u00e4tely maksaa meille jokaiselle.<\/p>\n\n\n\n<p>S\u00e4\u00e4tely ja byrokratia ovat todellisia ongelmia my\u00f6s yritt\u00e4jille. Investointien, ty\u00f6llist\u00e4misen ja yritt\u00e4jyyden esteit\u00e4 pit\u00e4isi poistaa niin paljon kuin mahdollista. Turhien m\u00e4\u00e4r\u00e4ysten ja teht\u00e4vien lis\u00e4ksi kuntien menoja kasvattaa virkamiesten j\u00e4ykk\u00e4 ja arka asenne. Koska suomalainen virkemies on arka, h\u00e4n ei uskalla k\u00e4ytt\u00e4\u00e4 lains\u00e4\u00e4d\u00e4nt\u00f6\u00f6n useissa tapauksissa j\u00e4tetty\u00e4 harkintavaltaa.<\/p>\n\n\n\n<p>Olen keskustellut monista eri laeista usean eri ministeri\u00f6n virkamiehen kanssa. Heill\u00e4 on sellainen k\u00e4sitys, ett\u00e4 ihmiset ovat j\u00e4rkevi\u00e4 ja rationaalisia ja osaavat ilman holhousta tehd\u00e4 hyvi\u00e4 p\u00e4\u00e4t\u00f6ksi\u00e4. Eiv\u00e4t osaa.<\/p>\n\n\n\n<p>Lains\u00e4\u00e4t\u00e4j\u00e4n pit\u00e4isi suorittaa jokunen kurssi sosiaalipsykologiaa tai vaihtoehtoisesti viett\u00e4\u00e4 s\u00e4\u00e4nn\u00f6llisesti muutama kuukausi kunnan palkkalistoilla. Voisimme saada realistisemman ja paremmin toimivan lains\u00e4\u00e4d\u00e4nn\u00f6n.<\/p>\n\n\n\n<p>Perussuomalaisten mukaan ty\u00f6llist\u00e4misen sivukuluja olisi laskettava. Olen samaa mielt\u00e4. Kuten olen jo aiemmin kertonut, yritykseni olisi luultavasti pysynyt pystyss\u00e4 ja ty\u00f6llist\u00e4nyt itseni lis\u00e4ksi toisenkin ihmisen, jos olisin uskaltanut palkata ty\u00f6ntekij\u00e4n. Juuri joustamattomat sivukulut muodostuivat liian suureksi ty\u00f6llist\u00e4misen esteeksi.<\/p>\n\n\n\n<p>Sivukulujen karsiminen heikent\u00e4\u00e4 kuitenkin ty\u00f6ntekij\u00e4n turvaa v\u00e4\u00e4j\u00e4\u00e4m\u00e4tt\u00e4 ja sellaisesta ammattiliitot eiv\u00e4t pid\u00e4. Pit\u00e4\u00e4 olla aika rohkea poliitikko, ett\u00e4 uskaltaa ehdottaa karenssip\u00e4ivi\u00e4 ja lomapalkkojen poistamista. Mutta kysyn ihan vakavissani, miksi vain ty\u00f6ntekij\u00f6ill\u00e4 on oltava oikeuksia, kun pienyritt\u00e4j\u00e4ll\u00e4 ja ty\u00f6tt\u00f6m\u00e4ll\u00e4 ei niit\u00e4 ole? Mik\u00e4 tasa-arvoinen yhteiskunta se sellainen on?<\/p>\n\n\n\n<p>Perussuomalaisten energiapolitiikka olisi kannatettavaa, jollei siihen liittyisi hyvin takapajuinen ilmastopolitiikka. En voi sille mit\u00e4\u00e4n, ett\u00e4 puolueen ymp\u00e4rist\u00f6lausunnoista tulee mieleen maaseudun bensa-aseman kuppilassa istuva \u00e4ij\u00e4porukka, joka toteaa yksimielisesti, ett\u00e4 meh\u00e4n ei mit\u00e4\u00e4n viherenergioita k\u00e4ytet\u00e4. \u00c4ij\u00e4seurueilla on oikeus milipiteisiins\u00e4, mutta ei niist\u00e4 oikein ole analyyttisen keskustelun pohjaksi.<\/p>\n\n\n\n<p>Mutta perusehdotukset energiaverojen laskemisesta ja energian kotimaisuusasteen nostamisesta ovat mielest\u00e4ni hyvi\u00e4. Aivan erityisesti kannata \u00e4lykk\u00e4\u00e4n s\u00e4hk\u00f6verkon k\u00e4ytt\u00f6\u00f6n ottamista: on j\u00e4rjet\u00f6nt\u00e4, ettei kotien puhtaan energian k\u00e4ytt\u00f6\u00e4 tueta kaikin mahdollisin tavoin. T\u00e4ss\u00e4 taitavat taas olla vastakkain suurten energiayhti\u00f6iden ja ymp\u00e4rist\u00f6n edut.<\/p>\n\n\n\n<p>\u201dPK-yritt\u00e4jyys on nostettava ansaitsemaansa arvoon\u201d, sanoo perusohjelma. Eip\u00e4 tuosta oikein voi eri mielt\u00e4k\u00e4\u00e4n \u2013 ainakaan pienyritt\u00e4j\u00e4n\u00e4.<\/p>\n\n\n\n<p>Keinotkin ovat oikeansuuntaisia: ty\u00f6llist\u00e4mist\u00e4 tukeva verotus, alv:n alarajan korotus, siirtyminen verottamaan saatuja maksuja l\u00e4hetettyjen laskujen sijaan, yritt\u00e4jien sosiaaliturvan parantaminen, viennin ja kasvun rahoittaminen.<\/p>\n\n\n\n<p>Suosikki-ideani on konkurssilains\u00e4\u00e4d\u00e4nn\u00f6n muuttaminen siten, ett\u00e4 konkurssin tehnyt yritt\u00e4j\u00e4 ei ole koko loppuel\u00e4m\u00e4\u00e4ns\u00e4 velkakurjuudessa. Yritt\u00e4j\u00e4, joka haluaa v\u00e4ltt\u00e4\u00e4 riskej\u00e4, p\u00e4\u00e4tyy toimettomana kirjoittamaan blogeja. Siksi valtion kannattaa kannustaa riskinottoon. Se onnistuu vain, jos riski\u00e4 pienennet\u00e4\u00e4n siedett\u00e4v\u00e4ksi.<\/p>\n\n\n\n<p>Perussuomalaisten n\u00e4k\u00f6kulmat sosiaali- ja terveyspolitiikkaan koskevat rakenteellisia seikkoja, joilla on suuri vaikutus kansantalouteen ja sit\u00e4 kautta my\u00f6s yritt\u00e4jyyteen. Jotkin ohjelman ideat vaikuttavat yritt\u00e4jyyteen suoremminkin.<\/p>\n\n\n\n<p>Kannustinloukkujen purkamisesta olen jo kirjoittanut muutaman kertaan, sill\u00e4 kaikki muutkin puolueet puhuvat niist\u00e4. Pelk\u00e4\u00e4n, ett\u00e4 hyv\u00e4\u00e4 tarkoittavat toimet saattavat synnytt\u00e4\u00e4 uusia kurjuuden muotoja.<\/p>\n\n\n\n<p>Siksi toivoisin hartaasti, ett\u00e4 joku kysyisi k\u00f6yhilt\u00e4 itselt\u00e4\u00e4n, mit\u00e4 uudet suunnitelmat saisivat aikaan heid\u00e4n el\u00e4m\u00e4ss\u00e4\u00e4n. Hyvin toimeentulevien mielikuvitus (ja empatiakyky) on rajallinen. Siksi ty\u00f6p\u00f6yd\u00e4ll\u00e4 hyv\u00e4lt\u00e4 n\u00e4ytt\u00e4v\u00e4 lakiluonnos voi k\u00e4yt\u00e4nn\u00f6ss\u00e4 aiheuttaa kohtuuttomia tilanteita.<\/p>\n\n\n\n<p>Vanhuspalveluiden kuntoon saattaminen on yritt\u00e4jyyden kannalta eritt\u00e4in kiinnostava projekti. Jos s\u00e4\u00e4tely\u00e4 saataisiin purettua, voitaisiin luoda valtava kirjo yksityisi\u00e4 palveluita, ja uusia apuv\u00e4lineratkaisuja, joista saattaisi l\u00f6yty\u00e4 jotain vientiinkin.<\/p>\n\n\n\n<p>Ihmisi\u00e4 pit\u00e4isi rohkaista luomaan tai suunnittelemaan itse omat hoivapalvelunsa siin\u00e4 vaiheessa, kun he eiv\u00e4t viel\u00e4 ole hoidosta riippuvaisia. Silloin syntyisi erilaisia versioita yksityisi\u00e4 ja julkisia palveluita yhdist\u00e4vist\u00e4 asumismuodoista, joista yhteiskunta voisi valita toimivimmat monistettaviksi.<\/p>\n\n\n\n<p>Aivan ensimm\u00e4iseksi pit\u00e4isi omaishoitajien korvauksia nostaa radikaalisti. Jos omaishoitajat saisivat edes puolet niist\u00e4 rahoista, jotka kunnilta s\u00e4\u00e4styv\u00e4t, kun vanhus ei ole kunnallisessa hoivakodissa ja jos n\u00e4ist\u00e4 korvauksista kertyisi my\u00f6s el\u00e4kett\u00e4, hoivapaikkoja vapautuisi ja moni ty\u00f6t\u00f6n saisi t\u00f6it\u00e4 ihmisten j\u00e4\u00e4dess\u00e4 kotiin hoitamaan omaisiaan. Moni haluaisi, muta ei voi.<\/p>\n\n\n","protected":false},"excerpt":{"rendered":"<p>Perussuomalaisten talouspoliittinen ohjelman ensimm\u00e4inen kappale paljastaa puolueen vahvuuden: turvautumisen tavallisten suomalaisten terveeseen j\u00e4rkeen ilman poliitikkojen mutkikkaita ajatus- ja pelikuvioita. Lause &#8221;jotta valtion menoja voidaan karsia niin, ettei kansalaisten<br \/>\nk&hellip;<\/p>\n","protected":false},"author":14219,"featured_media":0,"comment_status":"open","ping_status":"open","sticky":false,"template":"","format":"standard","meta":{"_acf_changed":false,"asauth_required_access_level":0,"asauth_cansharepaid":"true","om_header_attributes":[],"footnotes":"","om_featured_image_focal_point":[],"om_primary_tag":0,"om_contributors":[],"om_co_authors":[],"beyondwords_generate_audio":"","beyondwords_project_id":"","beyondwords_content_id":"","beyondwords_preview_token":"","beyondwords_player_content":"","beyondwords_player_style":"","beyondwords_language_code":"","beyondwords_language_id":"","beyondwords_title_voice_id":"","beyondwords_body_voice_id":"","beyondwords_summary_voice_id":"","beyondwords_error_message":"","beyondwords_disabled":"","beyondwords_delete_content":"","beyondwords_podcast_id":"","beyondwords_hash":"","publish_post_to_speechkit":"","speechkit_hash":"","speechkit_generate_audio":"","speechkit_project_id":"","speechkit_podcast_id":"","speechkit_error_message":"","speechkit_disabled":"","speechkit_access_key":"","speechkit_error":"","speechkit_info":"","speechkit_response":"","speechkit_retries":"","speechkit_status":"","speechkit_updated_at":"","_speechkit_link":"","_speechkit_text":""},"categories":[1],"tags":[29,25,3],"class_list":["post-69","post","type-post","status-publish","format-standard","hentry","category-syrjassa-vaaleista","tag-perussuomalaiset","tag-talous","tag-yrittajyys"],"om_views":null,"acf":{"tuuma_off":false,"tuuma_kysymys":"","tuuma_vastaus":""},"asauth":{"required_access_level":1,"share_token":"","is_paid":false},"yoast_head":"<!-- This site is optimized with the Yoast SEO plugin v26.4 - https:\/\/yoast.com\/wordpress\/plugins\/seo\/ -->\n<title>Onko perusohjelmasta yritt\u00e4misen perustaksi? - Syrj\u00e4ss\u00e4 vaaleista<\/title>\n<meta name=\"robots\" content=\"index, follow, max-snippet:-1, max-image-preview:large, max-video-preview:-1\" \/>\n<link rel=\"canonical\" href=\"https:\/\/suomenkuvalehti.fi\/syrjassa-vaaleista\/2015\/03\/31\/onko-perusohjelmasta-yrittamisen-perustaksi\/\" \/>\n<meta property=\"og:locale\" content=\"fi_FI\" \/>\n<meta property=\"og:type\" content=\"article\" \/>\n<meta property=\"og:title\" content=\"Onko perusohjelmasta yritt\u00e4misen perustaksi? - Syrj\u00e4ss\u00e4 vaaleista\" \/>\n<meta property=\"og:description\" content=\"Perussuomalaisten talouspoliittinen ohjelman ensimm\u00e4inen kappale paljastaa puolueen vahvuuden: turvautumisen tavallisten suomalaisten terveeseen j\u00e4rkeen ilman poliitikkojen mutkikkaita ajatus- ja pelikuvioita. Lause &#8221;jotta valtion menoja voidaan karsia niin, ettei kansalaisten k&hellip;\" \/>\n<meta property=\"og:url\" content=\"https:\/\/suomenkuvalehti.fi\/syrjassa-vaaleista\/2015\/03\/31\/onko-perusohjelmasta-yrittamisen-perustaksi\/\" \/>\n<meta property=\"og:site_name\" content=\"Syrj\u00e4ss\u00e4 vaaleista\" \/>\n<meta property=\"article:published_time\" content=\"2015-03-31T12:48:50+00:00\" \/>\n<meta name=\"author\" content=\"A. Toivola\" \/>\n<meta name=\"twitter:label1\" content=\"Written by\" \/>\n\t<meta name=\"twitter:data1\" content=\"A. Toivola\" \/>\n\t<meta name=\"twitter:label2\" content=\"Est. reading time\" \/>\n\t<meta name=\"twitter:data2\" content=\"7 minuuttia\" \/>\n<script type=\"application\/ld+json\" class=\"yoast-schema-graph\">{\"@context\":\"https:\/\/schema.org\",\"@graph\":[{\"@type\":\"WebPage\",\"@id\":\"https:\/\/suomenkuvalehti.fi\/syrjassa-vaaleista\/2015\/03\/31\/onko-perusohjelmasta-yrittamisen-perustaksi\/\",\"url\":\"https:\/\/suomenkuvalehti.fi\/syrjassa-vaaleista\/2015\/03\/31\/onko-perusohjelmasta-yrittamisen-perustaksi\/\",\"name\":\"Onko perusohjelmasta yritt\u00e4misen perustaksi? - Syrj\u00e4ss\u00e4 vaaleista\",\"isPartOf\":{\"@id\":\"https:\/\/suomenkuvalehti.fi\/syrjassa-vaaleista\/#website\"},\"datePublished\":\"2015-03-31T12:48:50+00:00\",\"author\":{\"@id\":\"https:\/\/suomenkuvalehti.fi\/syrjassa-vaaleista\/#\/schema\/person\/021d85904532cbae71f3268588e5b0f4\"},\"breadcrumb\":{\"@id\":\"https:\/\/suomenkuvalehti.fi\/syrjassa-vaaleista\/2015\/03\/31\/onko-perusohjelmasta-yrittamisen-perustaksi\/#breadcrumb\"},\"inLanguage\":\"fi\",\"potentialAction\":[{\"@type\":\"ReadAction\",\"target\":[\"https:\/\/suomenkuvalehti.fi\/syrjassa-vaaleista\/2015\/03\/31\/onko-perusohjelmasta-yrittamisen-perustaksi\/\"]}]},{\"@type\":\"BreadcrumbList\",\"@id\":\"https:\/\/suomenkuvalehti.fi\/syrjassa-vaaleista\/2015\/03\/31\/onko-perusohjelmasta-yrittamisen-perustaksi\/#breadcrumb\",\"itemListElement\":[{\"@type\":\"ListItem\",\"position\":1,\"name\":\"Home\",\"item\":\"https:\/\/suomenkuvalehti.fi\/syrjassa-vaaleista\/\"},{\"@type\":\"ListItem\",\"position\":2,\"name\":\"Onko perusohjelmasta yritt\u00e4misen perustaksi?\"}]},{\"@type\":\"WebSite\",\"@id\":\"https:\/\/suomenkuvalehti.fi\/syrjassa-vaaleista\/#website\",\"url\":\"https:\/\/suomenkuvalehti.fi\/syrjassa-vaaleista\/\",\"name\":\"Syrj\u00e4ss\u00e4 vaaleista\",\"description\":\"Ty\u00f6t\u00f6n entinen yritt\u00e4j\u00e4 k\u00e4y ennen vaaleja kirjeenvaihtoa valtaa havittelevien poliitikkojen kanssa ja koettaa ymm\u00e4rt\u00e4\u00e4 syit\u00e4 ja seurauksia Syrj\u00e4st\u00e4 k\u00e4sin.\",\"potentialAction\":[{\"@type\":\"SearchAction\",\"target\":{\"@type\":\"EntryPoint\",\"urlTemplate\":\"https:\/\/suomenkuvalehti.fi\/haku\/?q={search_term_string}\"},\"query-input\":{\"@type\":\"PropertyValueSpecification\",\"valueRequired\":true,\"valueName\":\"search_term_string\"}}],\"inLanguage\":\"fi\"},{\"@type\":\"Person\",\"@id\":\"https:\/\/suomenkuvalehti.fi\/syrjassa-vaaleista\/#\/schema\/person\/021d85904532cbae71f3268588e5b0f4\",\"name\":\"A. Toivola\",\"image\":{\"@type\":\"ImageObject\",\"inLanguage\":\"fi\",\"@id\":\"https:\/\/suomenkuvalehti.fi\/syrjassa-vaaleista\/#\/schema\/person\/image\/\",\"url\":\"https:\/\/suomenkuvalehti.fi\/syrjassa-vaaleista\/wp-content\/uploads\/sites\/34\/2015\/03\/A_Toivola-150x150.jpg\",\"contentUrl\":\"https:\/\/suomenkuvalehti.fi\/syrjassa-vaaleista\/wp-content\/uploads\/sites\/34\/2015\/03\/A_Toivola-150x150.jpg\",\"caption\":\"A. Toivola\"},\"description\":\"Nimimerkki on entinen joku, nykyinen ei kukaan. H\u00e4n asuu Syrj\u00e4ss\u00e4 ja tarkastelee ty\u00f6ntekoa ja politiikkaa aivan eri n\u00e4k\u00f6kulmasta kuin ennen.\"}]}<\/script>\n<!-- \/ Yoast SEO plugin. -->","yoast_head_json":{"title":"Onko perusohjelmasta yritt\u00e4misen perustaksi? - Syrj\u00e4ss\u00e4 vaaleista","robots":{"index":"index","follow":"follow","max-snippet":"max-snippet:-1","max-image-preview":"max-image-preview:large","max-video-preview":"max-video-preview:-1"},"canonical":"https:\/\/suomenkuvalehti.fi\/syrjassa-vaaleista\/2015\/03\/31\/onko-perusohjelmasta-yrittamisen-perustaksi\/","og_locale":"fi_FI","og_type":"article","og_title":"Onko perusohjelmasta yritt\u00e4misen perustaksi? - Syrj\u00e4ss\u00e4 vaaleista","og_description":"Perussuomalaisten talouspoliittinen ohjelman ensimm\u00e4inen kappale paljastaa puolueen vahvuuden: turvautumisen tavallisten suomalaisten terveeseen j\u00e4rkeen ilman poliitikkojen mutkikkaita ajatus- ja pelikuvioita. Lause &#8221;jotta valtion menoja voidaan karsia niin, ettei kansalaisten k&hellip;","og_url":"https:\/\/suomenkuvalehti.fi\/syrjassa-vaaleista\/2015\/03\/31\/onko-perusohjelmasta-yrittamisen-perustaksi\/","og_site_name":"Syrj\u00e4ss\u00e4 vaaleista","article_published_time":"2015-03-31T12:48:50+00:00","author":"A. Toivola","twitter_misc":{"Written by":"A. Toivola","Est. reading time":"7 minuuttia"},"schema":{"@context":"https:\/\/schema.org","@graph":[{"@type":"WebPage","@id":"https:\/\/suomenkuvalehti.fi\/syrjassa-vaaleista\/2015\/03\/31\/onko-perusohjelmasta-yrittamisen-perustaksi\/","url":"https:\/\/suomenkuvalehti.fi\/syrjassa-vaaleista\/2015\/03\/31\/onko-perusohjelmasta-yrittamisen-perustaksi\/","name":"Onko perusohjelmasta yritt\u00e4misen perustaksi? - Syrj\u00e4ss\u00e4 vaaleista","isPartOf":{"@id":"https:\/\/suomenkuvalehti.fi\/syrjassa-vaaleista\/#website"},"datePublished":"2015-03-31T12:48:50+00:00","author":{"@id":"https:\/\/suomenkuvalehti.fi\/syrjassa-vaaleista\/#\/schema\/person\/021d85904532cbae71f3268588e5b0f4"},"breadcrumb":{"@id":"https:\/\/suomenkuvalehti.fi\/syrjassa-vaaleista\/2015\/03\/31\/onko-perusohjelmasta-yrittamisen-perustaksi\/#breadcrumb"},"inLanguage":"fi","potentialAction":[{"@type":"ReadAction","target":["https:\/\/suomenkuvalehti.fi\/syrjassa-vaaleista\/2015\/03\/31\/onko-perusohjelmasta-yrittamisen-perustaksi\/"]}]},{"@type":"BreadcrumbList","@id":"https:\/\/suomenkuvalehti.fi\/syrjassa-vaaleista\/2015\/03\/31\/onko-perusohjelmasta-yrittamisen-perustaksi\/#breadcrumb","itemListElement":[{"@type":"ListItem","position":1,"name":"Home","item":"https:\/\/suomenkuvalehti.fi\/syrjassa-vaaleista\/"},{"@type":"ListItem","position":2,"name":"Onko perusohjelmasta yritt\u00e4misen perustaksi?"}]},{"@type":"WebSite","@id":"https:\/\/suomenkuvalehti.fi\/syrjassa-vaaleista\/#website","url":"https:\/\/suomenkuvalehti.fi\/syrjassa-vaaleista\/","name":"Syrj\u00e4ss\u00e4 vaaleista","description":"Ty\u00f6t\u00f6n entinen yritt\u00e4j\u00e4 k\u00e4y ennen vaaleja kirjeenvaihtoa valtaa havittelevien poliitikkojen kanssa ja koettaa ymm\u00e4rt\u00e4\u00e4 syit\u00e4 ja seurauksia Syrj\u00e4st\u00e4 k\u00e4sin.","potentialAction":[{"@type":"SearchAction","target":{"@type":"EntryPoint","urlTemplate":"https:\/\/suomenkuvalehti.fi\/haku\/?q={search_term_string}"},"query-input":{"@type":"PropertyValueSpecification","valueRequired":true,"valueName":"search_term_string"}}],"inLanguage":"fi"},{"@type":"Person","@id":"https:\/\/suomenkuvalehti.fi\/syrjassa-vaaleista\/#\/schema\/person\/021d85904532cbae71f3268588e5b0f4","name":"A. Toivola","image":{"@type":"ImageObject","inLanguage":"fi","@id":"https:\/\/suomenkuvalehti.fi\/syrjassa-vaaleista\/#\/schema\/person\/image\/","url":"https:\/\/suomenkuvalehti.fi\/syrjassa-vaaleista\/wp-content\/uploads\/sites\/34\/2015\/03\/A_Toivola-150x150.jpg","contentUrl":"https:\/\/suomenkuvalehti.fi\/syrjassa-vaaleista\/wp-content\/uploads\/sites\/34\/2015\/03\/A_Toivola-150x150.jpg","caption":"A. Toivola"},"description":"Nimimerkki on entinen joku, nykyinen ei kukaan. H\u00e4n asuu Syrj\u00e4ss\u00e4 ja tarkastelee ty\u00f6ntekoa ja politiikkaa aivan eri n\u00e4k\u00f6kulmasta kuin ennen."}]}},"_links":{"self":[{"href":"https:\/\/suomenkuvalehti.fi\/syrjassa-vaaleista\/wp-json\/wp\/v2\/posts\/69","targetHints":{"allow":["GET"]}}],"collection":[{"href":"https:\/\/suomenkuvalehti.fi\/syrjassa-vaaleista\/wp-json\/wp\/v2\/posts"}],"about":[{"href":"https:\/\/suomenkuvalehti.fi\/syrjassa-vaaleista\/wp-json\/wp\/v2\/types\/post"}],"author":[{"embeddable":true,"href":"https:\/\/suomenkuvalehti.fi\/syrjassa-vaaleista\/wp-json\/wp\/v2\/users\/14219"}],"replies":[{"embeddable":true,"href":"https:\/\/suomenkuvalehti.fi\/syrjassa-vaaleista\/wp-json\/wp\/v2\/comments?post=69"}],"version-history":[{"count":1,"href":"https:\/\/suomenkuvalehti.fi\/syrjassa-vaaleista\/wp-json\/wp\/v2\/posts\/69\/revisions"}],"predecessor-version":[{"id":70,"href":"https:\/\/suomenkuvalehti.fi\/syrjassa-vaaleista\/wp-json\/wp\/v2\/posts\/69\/revisions\/70"}],"wp:attachment":[{"href":"https:\/\/suomenkuvalehti.fi\/syrjassa-vaaleista\/wp-json\/wp\/v2\/media?parent=69"}],"wp:term":[{"taxonomy":"category","embeddable":true,"href":"https:\/\/suomenkuvalehti.fi\/syrjassa-vaaleista\/wp-json\/wp\/v2\/categories?post=69"},{"taxonomy":"post_tag","embeddable":true,"href":"https:\/\/suomenkuvalehti.fi\/syrjassa-vaaleista\/wp-json\/wp\/v2\/tags?post=69"}],"curies":[{"name":"wp","href":"https:\/\/api.w.org\/{rel}","templated":true}]}}