{"id":140,"date":"2015-05-26T08:27:52","date_gmt":"2015-05-26T06:27:52","guid":{"rendered":"https:\/\/suomenkuvalehti.fi\/syrjassa-vaaleista\/?p=140"},"modified":"2015-05-26T16:45:11","modified_gmt":"2015-05-26T14:45:11","slug":"nykyiset-talousongelmat-ovat-pienia-tuleviin-verrattuna","status":"publish","type":"post","link":"https:\/\/suomenkuvalehti.fi\/syrjassa-vaaleista\/2015\/05\/26\/nykyiset-talousongelmat-ovat-pienia-tuleviin-verrattuna\/","title":{"rendered":"Nykyiset talousongelmat ovat pieni\u00e4 tuleviin verrattuna"},"content":{"rendered":"\n<p>Hallitusneuvottelijoiden \u00e4\u00e4rett\u00f6m\u00e4n mielenkiintoisia ratkaisuja odotellessa on ollut aikaa ajatella tulevaisuutta. Eiv\u00e4tk\u00e4 ne ajatukset ole kovin valoisia. Suomen, Euroopan ja koko maailman p\u00e4\u00e4tt\u00e4jill\u00e4 on pian edess\u00e4\u00e4n huomattavasti visaisempia ongelmia kuin nykyinen taantuma.<\/p>\n\n\n\n<p>Taloudessa on edess\u00e4 yht\u00e4 j\u00e4risytt\u00e4v\u00e4 ilmi\u00f6 kuin ilmaston l\u00e4mpeneminen: se muuttaa koko maailman ja aiheuttaa valtavia katastrofeja, ellei asiaan ymm\u00e4rret\u00e4 varautua hyviss\u00e4 ajoin. Ja valitettavasti ilmastonmuutoksen hoidosta voi p\u00e4\u00e4tell\u00e4 maailman kyvyn reagoida ajoissa.<\/p>\n\n\n\n<p>Vaikka hallitusneuvottelijamme ovat pohtineet kuumeisesti, miten luoda uusia ty\u00f6paikkoja Suomeen, pelk\u00e4\u00e4n, ett\u00e4 heid\u00e4t on tuomittu h\u00e4vi\u00e4m\u00e4\u00e4n taistelu. Ty\u00f6paikat nimitt\u00e4in katoavat joka puolella maailmaa viel\u00e4 nopeammin kuin el\u00e4inlajit ilmastonmuutoksen my\u00f6t\u00e4.<\/p>\n\n\n\n<p>Automaatio ja tietotekniikka korvaavat ihmiset tehtaiden lis\u00e4ksi jo vanhainkodeissa, kouluissakin ja maanteill\u00e4kin, ja kunhan teko\u00e4ly ja 3D-tulostus kehittyv\u00e4t viel\u00e4 hiukan lis\u00e4\u00e4, ihmisi\u00e4 ei tarvita edes suunnittelemaan uutta automatiikkaa eik\u00e4 myym\u00e4\u00e4n uusia tuotteita.<\/p>\n\n\n\n<p>Ty\u00f6paikoista tulee yh\u00e4 harvempien ihmisten etuoikeus, ja taloudellinen hyvinvointi ja omaisuus keskittyv\u00e4t yht\u00e4 kutistuvalle joukolle. Siin\u00e4 vaiheessa on vain hyv\u00e4, ett\u00e4 nuoriso on tottunut el\u00e4m\u00e4\u00e4n virtuaalimaailmassa. Kuulokkeet korvissa he pysyv\u00e4t rauhallisina eiv\u00e4tk\u00e4 tarvitse liikaa ruokaa.<\/p>\n\n\n\n<p>&nbsp;<\/p>\n\n\n\n<p>Valitettavasti kyse ei ole tulevaisuuden dystopiasta. T\u00e4m\u00e4 kehitys on jo k\u00e4ynniss\u00e4, ja sen seuraukset n\u00e4kyv\u00e4t jo Suomenkin taloudessa ja ty\u00f6tt\u00f6myysluvuissa.<\/p>\n\n\n\n<p>Ihan vain hieman liioitellen meill\u00e4 on edess\u00e4 kaksi vaihtoehtoa.<\/p>\n\n\n\n<p>Todenn\u00e4k\u00f6isempi tulevaisuudenkuva on, ett\u00e4 ihmiskunta havahtuu talouden globaaliin muutokseen hieman liian my\u00f6h\u00e4\u00e4n. Meill\u00e4 on nimitt\u00e4in taipumus ryhty\u00e4 toimiin vasta, kun on aivan pakko. Tai oikeastaan v\u00e4h\u00e4n my\u00f6hemmin, sill\u00e4 aina on joukossa joku, jonka omissa intresseiss\u00e4 on saada maailma uskomaan, ettei viel\u00e4 kuitenkaan ole ihan v\u00e4ltt\u00e4m\u00e4t\u00f6nt\u00e4 tehd\u00e4 mit\u00e4\u00e4n.<\/p>\n\n\n\n<p>Jos ty\u00f6tt\u00f6myyden aiheuttama k\u00f6yhtyminen ja merkityksett\u00f6myyden tunteen kasvaminen p\u00e4\u00e4sev\u00e4t riist\u00e4ytym\u00e4\u00e4n k\u00e4sist\u00e4, palaamme melko nopeasti keskiaikaan. Se sivistys ja hyvinvointi, jotka olemme kovalla ty\u00f6ll\u00e4 saavuttaneet, katoavat. Syntyy kesken\u00e4\u00e4n taistelevia ja erilaisiin ihmisiin vihamielisesti suhtautuvia ryhmi\u00e4. Yhteiskunnan vakaus on mennytt\u00e4, eik\u00e4 etuoikeutettujen auta muu kuin rakentaa korkeampia muureja asuinalueidensa ymp\u00e4rille.<\/p>\n\n\n\n<p>Jossain vaiheessa etuoikeutetutkin huomaavat, ett\u00e4 he voisivat itse paremmin, jos p\u00e4\u00e4sisiv\u00e4t ulos itse rakentamastaan vankilasta. Yhteiskuntaa ryhdyt\u00e4\u00e4n ehk\u00e4 rakentamaan uudestaan, kansaa sivist\u00e4m\u00e4\u00e4n ja k\u00f6yhyytt\u00e4 v\u00e4hent\u00e4m\u00e4\u00e4n, mutta se ty\u00f6 vie vuosikymmeni\u00e4 tai ehk\u00e4 jopa vuosisatoja.<\/p>\n\n\n\n<p>&nbsp;<\/p>\n\n\n\n<p>Onneksi on toinenkin tie.<\/p>\n\n\n\n<p>Se vie yhteiskuntaan, joka on suoraan 1950-luvun tieteisfantasioista: koneet huolehtivat ihmisten tarpeista antaen ihmisille aikaa korkeampiin toimintoihin kuten itsens\u00e4 kehitt\u00e4miseen ja muiden hyvinvoinnin lis\u00e4\u00e4miseen.<\/p>\n\n\n\n<p>T\u00e4m\u00e4 vaihtoehto edellytt\u00e4isi sit\u00e4, ett\u00e4 valtiot ryhtyisiv\u00e4t yhdess\u00e4 pohtimaan, mill\u00e4 uusilla lains\u00e4\u00e4d\u00e4nn\u00f6llisill\u00e4 mekanismeilla automaation synnytt\u00e4m\u00e4\u00e4 vaurautta ja hyvinvointia jaettaisiin tasaisemmin koko yhteiskunnalle.<\/p>\n\n\n\n<p>Pelk\u00e4\u00e4n pahaa, ett\u00e4 moista ei tapahdu ennen kuin yhteiskunnan luokkaerot kasvavat niin suuriksi, ett\u00e4 ne synnytt\u00e4v\u00e4t vallankumouksia. Omistajien on nimitt\u00e4in hirve\u00e4n vaikeaa luopua omistamisesta \u2013 varsinkin, kun omistajat eiv\u00e4t v\u00e4ltt\u00e4m\u00e4tt\u00e4 ole ihmisi\u00e4 vaan omistamisautomaatteja.<\/p>\n\n\n\n<p>&nbsp;<\/p>\n\n\n\n<p>Olemme sopeutuneet siihen ajatukseen, ett\u00e4 yritykset siirtyv\u00e4t sinne, miss\u00e4 tuotanto on edullisinta.<\/p>\n\n\n\n<p>T\u00e4ll\u00e4 hetkell\u00e4 se n\u00e4kyy Suomessa siin\u00e4, ett\u00e4 jopa hyvin kannattavia tuotantolaitoksia siirret\u00e4\u00e4n halvemman ty\u00f6voiman tai laajempien markkinoiden maihin.<\/p>\n\n\n\n<p>Toisin oli ennen. Viel\u00e4 60 vuotta sitten omistajat tunsivat vastuuta ty\u00f6ntekij\u00f6ist\u00e4\u00e4n.<\/p>\n\n\n\n<p>Patruunat saattoivat olla ilkeit\u00e4 ja kovia, mutta he tiesiv\u00e4t, ett\u00e4 jos tyytym\u00e4tt\u00f6myys kasvaa liian suureksi, tuotanto v\u00e4henee. Osa johtajista oli aitoja is\u00e4hahmoja, jotka oikeasti halusivat pit\u00e4\u00e4 huolta ty\u00f6ntekij\u00f6ist\u00e4\u00e4n.<\/p>\n\n\n\n<p>Ne ajat katosivat, kun sukuyritykset siirtyiv\u00e4t p\u00f6rssiin. Omistaminen lakkasi olemasta henkil\u00f6kohtaista. Omaisuutta ryhtyiv\u00e4t hoitamaan ammattijohtajat tai sijoittajat, joiden on pakko ajaa rahan etua. Omistamisesta tuli rahoituslaitosten, vakuutusyhti\u00f6iden ja p\u00f6rssien muodostaman koneiston teht\u00e4v\u00e4 ja henkil\u00f6kohtainen vastuu ihmisest\u00e4 katosi j\u00e4rjestelm\u00e4st\u00e4 kokonaan.<\/p>\n\n\n\n<p>T\u00e4m\u00e4n me ymm\u00e4rr\u00e4mme ja hyv\u00e4ksymme. Talousel\u00e4m\u00e4n koneisto toimii n\u00e4in. Ja valitettavasti se toimii yh\u00e4 kiihtyv\u00e4ll\u00e4 tahdilla, ellei koneistolle tehd\u00e4 jotakin. Globaalin talouden vuoksi tekeminen edellytt\u00e4\u00e4 kuitenkin maailmanlaajuisia ponnisteluja.<\/p>\n\n\n\n<p>Mutta kun on USA, jossa vain rikkaat voivat ostaa poliitikkoja, ja on Kiina, jossa taloudellisista vallank\u00e4ytt\u00e4jist\u00e4 ei voida puhua, koska virallisesti heit\u00e4 ei ole olemassa, ja on Intia, jolla on oikeus rikastua siin\u00e4 miss\u00e4 l\u00e4nsimaillakin, ja on Ven\u00e4j\u00e4, jonka kanssa sopiminen on hankalaa, koska emme puhu en\u00e4\u00e4 samaa kielt\u00e4, ja on kaikki se omaisuus, joka kulkee pimeit\u00e4 polkuja ja k\u00e4ytt\u00e4\u00e4 likaisia keinoja.<\/p>\n\n\n\n<p>Niin ett\u00e4 kunhan hallitusneuvottelijamme saavat hallitusohjelman valmiiksi, he voisivat seuraavaksi ryhty\u00e4 pohtimaan n\u00e4it\u00e4 todellisia ongelmia ja tehd\u00e4 niille jotakin.<\/p>\n\n\n","protected":false},"excerpt":{"rendered":"<p>Hallitusneuvottelijoiden \u00e4\u00e4rett\u00f6m\u00e4n mielenkiintoisia ratkaisuja odotellessa on ollut aikaa ajatella tulevaisuutta. Eiv\u00e4tk\u00e4 ne ajatukset ole kovin valoisia. Suomen, Euroopan ja koko maailman p\u00e4\u00e4tt\u00e4jill\u00e4 on pian edess\u00e4\u00e4n huomattavasti visaisempia ongelmia kuin<br \/>\nnykyinen ta&hellip;<\/p>\n","protected":false},"author":14219,"featured_media":0,"comment_status":"open","ping_status":"open","sticky":false,"template":"","format":"standard","meta":{"_acf_changed":false,"asauth_required_access_level":0,"asauth_cansharepaid":"true","om_header_attributes":[],"footnotes":"","om_featured_image_focal_point":[],"om_primary_tag":0,"om_contributors":[],"om_co_authors":[],"beyondwords_generate_audio":"","beyondwords_project_id":"","beyondwords_content_id":"","beyondwords_preview_token":"","beyondwords_player_content":"","beyondwords_player_style":"","beyondwords_language_code":"","beyondwords_language_id":"","beyondwords_title_voice_id":"","beyondwords_body_voice_id":"","beyondwords_summary_voice_id":"","beyondwords_error_message":"","beyondwords_disabled":"","beyondwords_delete_content":"","beyondwords_podcast_id":"","beyondwords_hash":"","publish_post_to_speechkit":"","speechkit_hash":"","speechkit_generate_audio":"","speechkit_project_id":"","speechkit_podcast_id":"","speechkit_error_message":"","speechkit_disabled":"","speechkit_access_key":"","speechkit_error":"","speechkit_info":"","speechkit_response":"","speechkit_retries":"","speechkit_status":"","speechkit_updated_at":"","_speechkit_link":"","_speechkit_text":""},"categories":[1],"tags":[49,50,25],"class_list":["post-140","post","type-post","status-publish","format-standard","hentry","category-syrjassa-vaaleista","tag-automaatio","tag-epatasa-arvo","tag-talous"],"om_views":null,"acf":{"tuuma_off":false,"tuuma_kysymys":"","tuuma_vastaus":""},"asauth":{"required_access_level":1,"share_token":"","is_paid":false},"yoast_head":"<!-- This site is optimized with the Yoast SEO plugin v26.4 - https:\/\/yoast.com\/wordpress\/plugins\/seo\/ -->\n<title>Nykyiset talousongelmat ovat pieni\u00e4 tuleviin verrattuna - Syrj\u00e4ss\u00e4 vaaleista<\/title>\n<meta name=\"robots\" content=\"index, follow, max-snippet:-1, max-image-preview:large, max-video-preview:-1\" \/>\n<link rel=\"canonical\" href=\"https:\/\/suomenkuvalehti.fi\/syrjassa-vaaleista\/2015\/05\/26\/nykyiset-talousongelmat-ovat-pienia-tuleviin-verrattuna\/\" \/>\n<meta property=\"og:locale\" content=\"fi_FI\" \/>\n<meta property=\"og:type\" content=\"article\" \/>\n<meta property=\"og:title\" content=\"Nykyiset talousongelmat ovat pieni\u00e4 tuleviin verrattuna - Syrj\u00e4ss\u00e4 vaaleista\" \/>\n<meta property=\"og:description\" content=\"Hallitusneuvottelijoiden \u00e4\u00e4rett\u00f6m\u00e4n mielenkiintoisia ratkaisuja odotellessa on ollut aikaa ajatella tulevaisuutta. Eiv\u00e4tk\u00e4 ne ajatukset ole kovin valoisia. Suomen, Euroopan ja koko maailman p\u00e4\u00e4tt\u00e4jill\u00e4 on pian edess\u00e4\u00e4n huomattavasti visaisempia ongelmia kuin nykyinen ta&hellip;\" \/>\n<meta property=\"og:url\" content=\"https:\/\/suomenkuvalehti.fi\/syrjassa-vaaleista\/2015\/05\/26\/nykyiset-talousongelmat-ovat-pienia-tuleviin-verrattuna\/\" \/>\n<meta property=\"og:site_name\" content=\"Syrj\u00e4ss\u00e4 vaaleista\" \/>\n<meta property=\"article:published_time\" content=\"2015-05-26T06:27:52+00:00\" \/>\n<meta property=\"article:modified_time\" content=\"2015-05-26T14:45:11+00:00\" \/>\n<meta name=\"author\" content=\"A. Toivola\" \/>\n<meta name=\"twitter:label1\" content=\"Written by\" \/>\n\t<meta name=\"twitter:data1\" content=\"A. Toivola\" \/>\n\t<meta name=\"twitter:label2\" content=\"Est. reading time\" \/>\n\t<meta name=\"twitter:data2\" content=\"4 minuuttia\" \/>\n<script type=\"application\/ld+json\" class=\"yoast-schema-graph\">{\"@context\":\"https:\/\/schema.org\",\"@graph\":[{\"@type\":\"WebPage\",\"@id\":\"https:\/\/suomenkuvalehti.fi\/syrjassa-vaaleista\/2015\/05\/26\/nykyiset-talousongelmat-ovat-pienia-tuleviin-verrattuna\/\",\"url\":\"https:\/\/suomenkuvalehti.fi\/syrjassa-vaaleista\/2015\/05\/26\/nykyiset-talousongelmat-ovat-pienia-tuleviin-verrattuna\/\",\"name\":\"Nykyiset talousongelmat ovat pieni\u00e4 tuleviin verrattuna - Syrj\u00e4ss\u00e4 vaaleista\",\"isPartOf\":{\"@id\":\"https:\/\/suomenkuvalehti.fi\/syrjassa-vaaleista\/#website\"},\"datePublished\":\"2015-05-26T06:27:52+00:00\",\"dateModified\":\"2015-05-26T14:45:11+00:00\",\"author\":{\"@id\":\"https:\/\/suomenkuvalehti.fi\/syrjassa-vaaleista\/#\/schema\/person\/021d85904532cbae71f3268588e5b0f4\"},\"breadcrumb\":{\"@id\":\"https:\/\/suomenkuvalehti.fi\/syrjassa-vaaleista\/2015\/05\/26\/nykyiset-talousongelmat-ovat-pienia-tuleviin-verrattuna\/#breadcrumb\"},\"inLanguage\":\"fi\",\"potentialAction\":[{\"@type\":\"ReadAction\",\"target\":[\"https:\/\/suomenkuvalehti.fi\/syrjassa-vaaleista\/2015\/05\/26\/nykyiset-talousongelmat-ovat-pienia-tuleviin-verrattuna\/\"]}]},{\"@type\":\"BreadcrumbList\",\"@id\":\"https:\/\/suomenkuvalehti.fi\/syrjassa-vaaleista\/2015\/05\/26\/nykyiset-talousongelmat-ovat-pienia-tuleviin-verrattuna\/#breadcrumb\",\"itemListElement\":[{\"@type\":\"ListItem\",\"position\":1,\"name\":\"Home\",\"item\":\"https:\/\/suomenkuvalehti.fi\/syrjassa-vaaleista\/\"},{\"@type\":\"ListItem\",\"position\":2,\"name\":\"Nykyiset talousongelmat ovat pieni\u00e4 tuleviin verrattuna\"}]},{\"@type\":\"WebSite\",\"@id\":\"https:\/\/suomenkuvalehti.fi\/syrjassa-vaaleista\/#website\",\"url\":\"https:\/\/suomenkuvalehti.fi\/syrjassa-vaaleista\/\",\"name\":\"Syrj\u00e4ss\u00e4 vaaleista\",\"description\":\"Ty\u00f6t\u00f6n entinen yritt\u00e4j\u00e4 k\u00e4y ennen vaaleja kirjeenvaihtoa valtaa havittelevien poliitikkojen kanssa ja koettaa ymm\u00e4rt\u00e4\u00e4 syit\u00e4 ja seurauksia Syrj\u00e4st\u00e4 k\u00e4sin.\",\"potentialAction\":[{\"@type\":\"SearchAction\",\"target\":{\"@type\":\"EntryPoint\",\"urlTemplate\":\"https:\/\/suomenkuvalehti.fi\/haku\/?q={search_term_string}\"},\"query-input\":{\"@type\":\"PropertyValueSpecification\",\"valueRequired\":true,\"valueName\":\"search_term_string\"}}],\"inLanguage\":\"fi\"},{\"@type\":\"Person\",\"@id\":\"https:\/\/suomenkuvalehti.fi\/syrjassa-vaaleista\/#\/schema\/person\/021d85904532cbae71f3268588e5b0f4\",\"name\":\"A. Toivola\",\"image\":{\"@type\":\"ImageObject\",\"inLanguage\":\"fi\",\"@id\":\"https:\/\/suomenkuvalehti.fi\/syrjassa-vaaleista\/#\/schema\/person\/image\/\",\"url\":\"https:\/\/suomenkuvalehti.fi\/syrjassa-vaaleista\/wp-content\/uploads\/sites\/34\/2015\/03\/A_Toivola-150x150.jpg\",\"contentUrl\":\"https:\/\/suomenkuvalehti.fi\/syrjassa-vaaleista\/wp-content\/uploads\/sites\/34\/2015\/03\/A_Toivola-150x150.jpg\",\"caption\":\"A. Toivola\"},\"description\":\"Nimimerkki on entinen joku, nykyinen ei kukaan. H\u00e4n asuu Syrj\u00e4ss\u00e4 ja tarkastelee ty\u00f6ntekoa ja politiikkaa aivan eri n\u00e4k\u00f6kulmasta kuin ennen.\"}]}<\/script>\n<!-- \/ Yoast SEO plugin. -->","yoast_head_json":{"title":"Nykyiset talousongelmat ovat pieni\u00e4 tuleviin verrattuna - Syrj\u00e4ss\u00e4 vaaleista","robots":{"index":"index","follow":"follow","max-snippet":"max-snippet:-1","max-image-preview":"max-image-preview:large","max-video-preview":"max-video-preview:-1"},"canonical":"https:\/\/suomenkuvalehti.fi\/syrjassa-vaaleista\/2015\/05\/26\/nykyiset-talousongelmat-ovat-pienia-tuleviin-verrattuna\/","og_locale":"fi_FI","og_type":"article","og_title":"Nykyiset talousongelmat ovat pieni\u00e4 tuleviin verrattuna - Syrj\u00e4ss\u00e4 vaaleista","og_description":"Hallitusneuvottelijoiden \u00e4\u00e4rett\u00f6m\u00e4n mielenkiintoisia ratkaisuja odotellessa on ollut aikaa ajatella tulevaisuutta. Eiv\u00e4tk\u00e4 ne ajatukset ole kovin valoisia. Suomen, Euroopan ja koko maailman p\u00e4\u00e4tt\u00e4jill\u00e4 on pian edess\u00e4\u00e4n huomattavasti visaisempia ongelmia kuin nykyinen ta&hellip;","og_url":"https:\/\/suomenkuvalehti.fi\/syrjassa-vaaleista\/2015\/05\/26\/nykyiset-talousongelmat-ovat-pienia-tuleviin-verrattuna\/","og_site_name":"Syrj\u00e4ss\u00e4 vaaleista","article_published_time":"2015-05-26T06:27:52+00:00","article_modified_time":"2015-05-26T14:45:11+00:00","author":"A. Toivola","twitter_misc":{"Written by":"A. Toivola","Est. reading time":"4 minuuttia"},"schema":{"@context":"https:\/\/schema.org","@graph":[{"@type":"WebPage","@id":"https:\/\/suomenkuvalehti.fi\/syrjassa-vaaleista\/2015\/05\/26\/nykyiset-talousongelmat-ovat-pienia-tuleviin-verrattuna\/","url":"https:\/\/suomenkuvalehti.fi\/syrjassa-vaaleista\/2015\/05\/26\/nykyiset-talousongelmat-ovat-pienia-tuleviin-verrattuna\/","name":"Nykyiset talousongelmat ovat pieni\u00e4 tuleviin verrattuna - Syrj\u00e4ss\u00e4 vaaleista","isPartOf":{"@id":"https:\/\/suomenkuvalehti.fi\/syrjassa-vaaleista\/#website"},"datePublished":"2015-05-26T06:27:52+00:00","dateModified":"2015-05-26T14:45:11+00:00","author":{"@id":"https:\/\/suomenkuvalehti.fi\/syrjassa-vaaleista\/#\/schema\/person\/021d85904532cbae71f3268588e5b0f4"},"breadcrumb":{"@id":"https:\/\/suomenkuvalehti.fi\/syrjassa-vaaleista\/2015\/05\/26\/nykyiset-talousongelmat-ovat-pienia-tuleviin-verrattuna\/#breadcrumb"},"inLanguage":"fi","potentialAction":[{"@type":"ReadAction","target":["https:\/\/suomenkuvalehti.fi\/syrjassa-vaaleista\/2015\/05\/26\/nykyiset-talousongelmat-ovat-pienia-tuleviin-verrattuna\/"]}]},{"@type":"BreadcrumbList","@id":"https:\/\/suomenkuvalehti.fi\/syrjassa-vaaleista\/2015\/05\/26\/nykyiset-talousongelmat-ovat-pienia-tuleviin-verrattuna\/#breadcrumb","itemListElement":[{"@type":"ListItem","position":1,"name":"Home","item":"https:\/\/suomenkuvalehti.fi\/syrjassa-vaaleista\/"},{"@type":"ListItem","position":2,"name":"Nykyiset talousongelmat ovat pieni\u00e4 tuleviin verrattuna"}]},{"@type":"WebSite","@id":"https:\/\/suomenkuvalehti.fi\/syrjassa-vaaleista\/#website","url":"https:\/\/suomenkuvalehti.fi\/syrjassa-vaaleista\/","name":"Syrj\u00e4ss\u00e4 vaaleista","description":"Ty\u00f6t\u00f6n entinen yritt\u00e4j\u00e4 k\u00e4y ennen vaaleja kirjeenvaihtoa valtaa havittelevien poliitikkojen kanssa ja koettaa ymm\u00e4rt\u00e4\u00e4 syit\u00e4 ja seurauksia Syrj\u00e4st\u00e4 k\u00e4sin.","potentialAction":[{"@type":"SearchAction","target":{"@type":"EntryPoint","urlTemplate":"https:\/\/suomenkuvalehti.fi\/haku\/?q={search_term_string}"},"query-input":{"@type":"PropertyValueSpecification","valueRequired":true,"valueName":"search_term_string"}}],"inLanguage":"fi"},{"@type":"Person","@id":"https:\/\/suomenkuvalehti.fi\/syrjassa-vaaleista\/#\/schema\/person\/021d85904532cbae71f3268588e5b0f4","name":"A. Toivola","image":{"@type":"ImageObject","inLanguage":"fi","@id":"https:\/\/suomenkuvalehti.fi\/syrjassa-vaaleista\/#\/schema\/person\/image\/","url":"https:\/\/suomenkuvalehti.fi\/syrjassa-vaaleista\/wp-content\/uploads\/sites\/34\/2015\/03\/A_Toivola-150x150.jpg","contentUrl":"https:\/\/suomenkuvalehti.fi\/syrjassa-vaaleista\/wp-content\/uploads\/sites\/34\/2015\/03\/A_Toivola-150x150.jpg","caption":"A. Toivola"},"description":"Nimimerkki on entinen joku, nykyinen ei kukaan. H\u00e4n asuu Syrj\u00e4ss\u00e4 ja tarkastelee ty\u00f6ntekoa ja politiikkaa aivan eri n\u00e4k\u00f6kulmasta kuin ennen."}]}},"_links":{"self":[{"href":"https:\/\/suomenkuvalehti.fi\/syrjassa-vaaleista\/wp-json\/wp\/v2\/posts\/140","targetHints":{"allow":["GET"]}}],"collection":[{"href":"https:\/\/suomenkuvalehti.fi\/syrjassa-vaaleista\/wp-json\/wp\/v2\/posts"}],"about":[{"href":"https:\/\/suomenkuvalehti.fi\/syrjassa-vaaleista\/wp-json\/wp\/v2\/types\/post"}],"author":[{"embeddable":true,"href":"https:\/\/suomenkuvalehti.fi\/syrjassa-vaaleista\/wp-json\/wp\/v2\/users\/14219"}],"replies":[{"embeddable":true,"href":"https:\/\/suomenkuvalehti.fi\/syrjassa-vaaleista\/wp-json\/wp\/v2\/comments?post=140"}],"version-history":[{"count":3,"href":"https:\/\/suomenkuvalehti.fi\/syrjassa-vaaleista\/wp-json\/wp\/v2\/posts\/140\/revisions"}],"predecessor-version":[{"id":143,"href":"https:\/\/suomenkuvalehti.fi\/syrjassa-vaaleista\/wp-json\/wp\/v2\/posts\/140\/revisions\/143"}],"wp:attachment":[{"href":"https:\/\/suomenkuvalehti.fi\/syrjassa-vaaleista\/wp-json\/wp\/v2\/media?parent=140"}],"wp:term":[{"taxonomy":"category","embeddable":true,"href":"https:\/\/suomenkuvalehti.fi\/syrjassa-vaaleista\/wp-json\/wp\/v2\/categories?post=140"},{"taxonomy":"post_tag","embeddable":true,"href":"https:\/\/suomenkuvalehti.fi\/syrjassa-vaaleista\/wp-json\/wp\/v2\/tags?post=140"}],"curies":[{"name":"wp","href":"https:\/\/api.w.org\/{rel}","templated":true}]}}