{"id":967,"date":"2016-03-31T13:28:33","date_gmt":"2016-03-31T10:28:33","guid":{"rendered":"https:\/\/suomenkuvalehti.fi\/rajalla\/?p=967"},"modified":"2016-03-31T13:28:33","modified_gmt":"2016-03-31T10:28:33","slug":"valtio-ei-ole-oikeudenmukaisuuden-mittari","status":"publish","type":"post","link":"https:\/\/suomenkuvalehti.fi\/rajalla\/2016\/03\/31\/valtio-ei-ole-oikeudenmukaisuuden-mittari\/","title":{"rendered":"Valtio ei ole oikeudenmukaisuuden mittari"},"content":{"rendered":"\n<p><a href=\"https:\/\/en.wikipedia.org\/wiki\/Adolf_Eichmann\" target=\"_blank\">Adolf Eichmann<\/a> oli tavallinen saksalainen insin\u00f6\u00f6ri, tolkun ihminen joka vain teki ty\u00f6t\u00e4ns\u00e4: tehokkaasti, kuuliaisesti ja teht\u00e4vi\u00e4\u00e4n kyseenalaistamatta. Kun h\u00e4net vuonna 1961 tuomittiin rikoksista ihmiskuntaa vastaan ja syylliseksi satojentuhansien kuolemaan, h\u00e4n vakuutti vain noudattaneensa saamiaan ohjeita ja kertoi ettei koe itse\u00e4\u00e4n syylliseksi. Viimeisin\u00e4 sanoinaan ennen teloitustaan Eichmann kertoi kuolevansa uskossa Jumalaan.<\/p>\n\n\n\n<p><a href=\"https:\/\/en.wikipedia.org\/wiki\/National_Reich_Church\" target=\"_blank\">Saksan evankelinen kirkko<\/a> n\u00e4ki itsens\u00e4 keskeiseksi saksalaisen kulttuurin ja yhteiskunnan peruspilariksi, eik\u00e4 kirkon ja valtion v\u00e4lille haluttu synnytt\u00e4\u00e4 j\u00e4nnitteit\u00e4. Kun natsit nousivat valtaan ja kirkonkin piiriss\u00e4 alettiin puhua saksalaisista kristityist\u00e4, muodostivat ne kristityt jotka eiv\u00e4t suostuneet ajatukseen kirkon alisteisuudesta valtiovallalle <a href=\"https:\/\/en.wikipedia.org\/wiki\/Confessing_Church\" target=\"_blank\">Tunnustuskirkon<\/a>, joka piti kiinni kirkon riippumattomuudesta valtiosta.&nbsp;Sen johtajista monet kuolivat keskitysleireill\u00e4 ja vankiloissa.<\/p>\n\n\n\n<p>En puhu nyt natsi-Saksasta v\u00e4itt\u00e4\u00e4kseni, ett\u00e4 suomalainen yhteiskunta olisi l\u00e4hell\u00e4k\u00e4\u00e4n sen henke\u00e4. Ik\u00e4vi\u00e4 ajatuksia ja aatteita on kyll\u00e4 ilmassa, mutta luotan kyll\u00e4 valtavirran tolkullisten suomalaisten j\u00e4rkeen, hyvyyteen ja rohkeuteen. Vaikka vihaa lietsotaan, niin sellainen ei meihin tehoa. Meid\u00e4n haasteemme on hiljaisuutemme, voisimme kyll\u00e4 useamminkin avata suumme oikeiden asioiden puolesta, ett\u00e4 emme antaisi liikaa ilmatilaa vihaa ja pelkoa lietsoville r\u00e4yh\u00e4hengille.<\/p>\n\n\n\n<p>Kuitenkin kun kirkon toimintaa ja periaatteita vastaan hy\u00f6k\u00e4t\u00e4\u00e4n sek\u00e4 <a href=\"https:\/\/www.facebook.com\/perussuomalaiset\/photos\/a.10150952447278342.422184.181106108341\/10153500107358342\/?type=3&amp;theater&amp;__mref=message_bubble\" target=\"_blank\">esitt\u00e4m\u00e4ll\u00e4 ep\u00e4tosia v\u00e4itteit\u00e4<\/a>, ett\u00e4 vaatien kirkkoa <a href=\"https:\/\/www.facebook.com\/mikko.karna\/posts\/10154595171974528:0\" target=\"_blank\">luopumaan omista periaatteistaan<\/a> valtiovallan hyv\u00e4ksi, en voi olla kirkkoa puolustamatta.<\/p>\n\n\n\n<p>Ensiksi, on esitetty v\u00e4ite siit\u00e4, ett\u00e4 arkkipiispa olisi v\u00e4itt\u00e4nyt kirkon olevan tarjoamassa jotain vaihtoehtoista turva- tai piilopaikkaa niille, joille valtio ei ole turvapaikkaa my\u00f6nt\u00e4nyt. Joko <a href=\"http:\/\/www.mtv.fi\/uutiset\/kotimaa\/artikkeli\/arkkipiispa-mtv-uutisextrassa-kirkko-lupaa-suojella-ilman-turvapaikkaa-jaavia\/5808692\" target=\"_blank\">lauantaiseen haastatteluun<\/a> tutustuttiin vain MTV3:n hieman moniselitteisen otsikon verran, tai sitten asioita v\u00e4\u00e4risteltiin tarkoituksella tai yksinkertaisesti ymm\u00e4rt\u00e4m\u00e4tt\u00f6myytt\u00e4. Haastattelussa t\u00e4st\u00e4 aiheesta nimitt\u00e4in k\u00e4ytiin vain t\u00e4m\u00e4 keskustelu:<\/p>\n\n\n\n<p><em>Toimittaja Kari Pyrh\u00f6nen: \u201cOnko kirkko varautunut n\u00e4ihin paperittomiin turvapaikanhakijoihin, jotka pakenevat ja hakevat ehk\u00e4 turvaa kirkosta?\u201d<\/em><\/p>\n\n\n\n<p><em><span style=\"font-weight: 400;\">Arkkipiispa Kari M\u00e4kinen: \u201cSilloin kun ihminen on sellaisessa tilanteessa, ett\u00e4 se hakee turvaa, niin kirkon ovet eiv\u00e4t ole kiinni. Ja t\u00e4h\u00e4n on varauduttu ja t\u00e4st\u00e4 on keskusteltu ja se tarkoittaa sit\u00e4, ett\u00e4 ihmiset otetaan vakavasti, mutta me emme piilottele ihmisi\u00e4, mutta emme my\u00f6sk\u00e4\u00e4n aja ihmisi\u00e4 pois.\u201d<\/span><\/em><\/p>\n\n\n\n<p>Suomi on kansainv\u00e4lisiin ihmisoikeussopimuksiin sitoutunut oikeusvaltio, ja toivottavasti se sellaisena pysyykin. Kuitenkin oikeusvaltiossakin voi k\u00e4yd\u00e4 niin, ett\u00e4 poliisi sotkeutuu huumekauppaan, oikeusistuin tekee virheit\u00e4 tai turvapaikkaa my\u00f6nt\u00e4v\u00e4 viranomainen ei kiireess\u00e4 ota kaikkea n\u00e4ytt\u00f6\u00e4 huomioon. Siksi oikeusvaltiossa p\u00e4\u00e4t\u00f6kset t\u00e4ytyy voida kyseenalaistaa, ja joskus my\u00f6s kirkolta voidaan pyyt\u00e4\u00e4 t\u00e4llaiseen raskaaseen prosessiin apua. Usein on pyydettykin, ja virheellisi\u00e4 p\u00e4\u00e4t\u00f6ksi\u00e4 on pystytty oikaisemaan.<\/p>\n\n\n\n<p>V\u00e4himmill\u00e4\u00e4n kirkon tarjoama apu voi kuitenkin tarkoittaa vain sit\u00e4, ett\u00e4 karkotuksestaan ahdistuneelle ihmiselle keitet\u00e4\u00e4n pannullinen kahvia, keskustellaan, kenties kuljetaan mukana sen hetken matkaa kun ihminen j\u00e4tt\u00e4\u00e4 hyv\u00e4stit Suomelle &#8211; maalle, johon oli toivonut voivansa muuttaa. Monista kommenteista on paistanut l\u00e4pi ajatus, ett\u00e4 t\u00e4m\u00e4kin on liikaa, ett\u00e4 niille jotka eiv\u00e4t turvapaikkaa ole saaneet, ei saisi osoittaa edes empatiaa. Sellainen on puhdasta ilkeytt\u00e4.<\/p>\n\n\n\n<p>Toiseksi, on&nbsp;kuitenkin mahdollista, ett\u00e4 oikeusvaltiokin alkaa lipsua oikeudenmukaisuuden periaatteista, kohdella ihmisi\u00e4 eriarvoisesti, karsia ihmisoikeuksia, ja ryhtyy vaatimaan, ett\u00e4 sen kansalaiset asettavat kuuliaisuuden valtiota kohtaan kaiken muun edelle. Niin k\u00e4vi Saksassa, niin on k\u00e4ynyt monessa muussakin maassa, eik\u00e4 ole mahdotonta, ett\u00e4 niin voi k\u00e4yd\u00e4 viel\u00e4 joskus Suomessakin. Silloin kenen tahansa moraalisen henkil\u00f6n on noustava valtiota vastaan ja osoitettava sanoin ja teoin, ett\u00e4 sellainen ei k\u00e4y. Ja kirkon olemukseen t\u00e4llainen kuuluu jopa aivan keskeisesti, sill\u00e4 koko kristinusko on l\u00e4ht\u00f6isin kansalaistottelemattomasta Jeesuksesta, joka teloitettiin t\u00e4m\u00e4n asetettua rakkauden ja oikeudenmukaisuuden niin uskonnollisten s\u00e4\u00e4nt\u00f6jen kuin valtiollisen kuuliaisuuden edelle.<\/p>\n\n\n\n<p>Siksi minulle j\u00e4senyyteni kirkkoon on my\u00f6s henkil\u00f6kohtainen mielenilmaus siit\u00e4, ett\u00e4 valtio ei ole moraalin eik\u00e4 oikeudenmukaisuuden absoluuttinen mittari, kuten my\u00f6sk\u00e4\u00e4n raha ei ole ihmisarvon mittari. Ne, jotka vaativat kirkkoa lopettamaan yhteiskunnallisista asioista puhumisen ja keskittym\u00e4\u00e4n vain tuonpuoleisuuteen, vaativat kirkkoa luopumaan omasta olemuksestaan.<\/p>\n\n\n\n<p>&nbsp;<\/p>\n\n\n\n<p>Seuraa kirjoittajaa <a href=\"https:\/\/twitter.com\/laril\" target=\"_blank\">Twitteriss\u00e4<\/a>.<\/p>\n\n\n","protected":false},"excerpt":{"rendered":"<p>Adolf Eichmann oli tavallinen saksalainen insin\u00f6\u00f6ri, tolkun ihminen joka vain teki ty\u00f6t\u00e4ns\u00e4: tehokkaasti, kuuliaisesti ja teht\u00e4vi\u00e4\u00e4n kyseenalaistamatta. Kun h\u00e4net vuonna 1961 tuomittiin rikoksista ihmiskuntaa vastaan ja syylliseksi satojentuhansien kuolemaan, h\u00e4n vakuutti vain<br \/>\nnoudattan&hellip;<\/p>\n","protected":false},"author":23780,"featured_media":0,"comment_status":"open","ping_status":"closed","sticky":false,"template":"","format":"standard","meta":{"_acf_changed":false,"asauth_required_access_level":0,"asauth_cansharepaid":"true","om_header_attributes":[],"footnotes":"","om_featured_image_focal_point":[],"om_primary_tag":0,"om_contributors":[],"om_co_authors":[],"beyondwords_generate_audio":"","beyondwords_project_id":"","beyondwords_content_id":"","beyondwords_preview_token":"","beyondwords_player_content":"","beyondwords_player_style":"","beyondwords_language_code":"","beyondwords_language_id":"","beyondwords_title_voice_id":"","beyondwords_body_voice_id":"","beyondwords_summary_voice_id":"","beyondwords_error_message":"","beyondwords_disabled":"","beyondwords_delete_content":"","beyondwords_podcast_id":"","beyondwords_hash":"","publish_post_to_speechkit":"","speechkit_hash":"","speechkit_generate_audio":"","speechkit_project_id":"","speechkit_podcast_id":"","speechkit_error_message":"","speechkit_disabled":"","speechkit_access_key":"","speechkit_error":"","speechkit_info":"","speechkit_response":"","speechkit_retries":"","speechkit_status":"","speechkit_updated_at":"","_speechkit_link":"","_speechkit_text":""},"categories":[1],"tags":[],"class_list":["post-967","post","type-post","status-publish","format-standard","hentry","category-rajalla"],"om_views":null,"acf":{"tuuma_off":false,"tuuma_kysymys":"","tuuma_vastaus":""},"asauth":{"required_access_level":1,"share_token":"","is_paid":false},"yoast_head":"<!-- This site is optimized with the Yoast SEO plugin v26.4 - https:\/\/yoast.com\/wordpress\/plugins\/seo\/ -->\n<title>Valtio ei ole oikeudenmukaisuuden mittari - Rajalla<\/title>\n<meta name=\"robots\" content=\"index, follow, max-snippet:-1, max-image-preview:large, max-video-preview:-1\" \/>\n<link rel=\"canonical\" href=\"https:\/\/suomenkuvalehti.fi\/rajalla\/2016\/03\/31\/valtio-ei-ole-oikeudenmukaisuuden-mittari\/\" \/>\n<meta property=\"og:locale\" content=\"fi_FI\" \/>\n<meta property=\"og:type\" content=\"article\" \/>\n<meta property=\"og:title\" content=\"Valtio ei ole oikeudenmukaisuuden mittari - Rajalla\" \/>\n<meta property=\"og:description\" content=\"Adolf Eichmann oli tavallinen saksalainen insin\u00f6\u00f6ri, tolkun ihminen joka vain teki ty\u00f6t\u00e4ns\u00e4: tehokkaasti, kuuliaisesti ja teht\u00e4vi\u00e4\u00e4n kyseenalaistamatta. Kun h\u00e4net vuonna 1961 tuomittiin rikoksista ihmiskuntaa vastaan ja syylliseksi satojentuhansien kuolemaan, h\u00e4n vakuutti vain noudattan&hellip;\" \/>\n<meta property=\"og:url\" content=\"https:\/\/suomenkuvalehti.fi\/rajalla\/2016\/03\/31\/valtio-ei-ole-oikeudenmukaisuuden-mittari\/\" \/>\n<meta property=\"og:site_name\" content=\"Rajalla\" \/>\n<meta property=\"article:published_time\" content=\"2016-03-31T10:28:33+00:00\" \/>\n<meta property=\"og:image\" content=\"https:\/\/suomenkuvalehti.fi\/rajalla\/wp-content\/uploads\/sites\/31\/2015\/11\/lari_mv_square.jpg\" \/>\n\t<meta property=\"og:image:width\" content=\"2175\" \/>\n\t<meta property=\"og:image:height\" content=\"2175\" \/>\n\t<meta property=\"og:image:type\" content=\"image\/jpeg\" \/>\n<meta name=\"author\" content=\"Lari Lohikoski\" \/>\n<meta name=\"twitter:card\" content=\"summary_large_image\" \/>\n<meta name=\"twitter:creator\" content=\"@https:\/\/twitter.com\/laril\" \/>\n<meta name=\"twitter:label1\" content=\"Written by\" \/>\n\t<meta name=\"twitter:data1\" content=\"Lari Lohikoski\" \/>\n\t<meta name=\"twitter:label2\" content=\"Est. reading time\" \/>\n\t<meta name=\"twitter:data2\" content=\"3 minuuttia\" \/>\n<script type=\"application\/ld+json\" class=\"yoast-schema-graph\">{\"@context\":\"https:\/\/schema.org\",\"@graph\":[{\"@type\":\"WebPage\",\"@id\":\"https:\/\/suomenkuvalehti.fi\/rajalla\/2016\/03\/31\/valtio-ei-ole-oikeudenmukaisuuden-mittari\/\",\"url\":\"https:\/\/suomenkuvalehti.fi\/rajalla\/2016\/03\/31\/valtio-ei-ole-oikeudenmukaisuuden-mittari\/\",\"name\":\"Valtio ei ole oikeudenmukaisuuden mittari - Rajalla\",\"isPartOf\":{\"@id\":\"https:\/\/suomenkuvalehti.fi\/rajalla\/#website\"},\"datePublished\":\"2016-03-31T10:28:33+00:00\",\"author\":{\"@id\":\"https:\/\/suomenkuvalehti.fi\/rajalla\/#\/schema\/person\/21b943cee2927bf5c068f383b085d2ff\"},\"breadcrumb\":{\"@id\":\"https:\/\/suomenkuvalehti.fi\/rajalla\/2016\/03\/31\/valtio-ei-ole-oikeudenmukaisuuden-mittari\/#breadcrumb\"},\"inLanguage\":\"fi\",\"potentialAction\":[{\"@type\":\"ReadAction\",\"target\":[\"https:\/\/suomenkuvalehti.fi\/rajalla\/2016\/03\/31\/valtio-ei-ole-oikeudenmukaisuuden-mittari\/\"]}]},{\"@type\":\"BreadcrumbList\",\"@id\":\"https:\/\/suomenkuvalehti.fi\/rajalla\/2016\/03\/31\/valtio-ei-ole-oikeudenmukaisuuden-mittari\/#breadcrumb\",\"itemListElement\":[{\"@type\":\"ListItem\",\"position\":1,\"name\":\"Home\",\"item\":\"https:\/\/suomenkuvalehti.fi\/rajalla\/\"},{\"@type\":\"ListItem\",\"position\":2,\"name\":\"Valtio ei ole oikeudenmukaisuuden mittari\"}]},{\"@type\":\"WebSite\",\"@id\":\"https:\/\/suomenkuvalehti.fi\/rajalla\/#website\",\"url\":\"https:\/\/suomenkuvalehti.fi\/rajalla\/\",\"name\":\"Rajalla\",\"description\":\"Kirkon asiantuntijajoukko bloggaa yhteiskunnan ja kirkon rajapinnoilta.\",\"potentialAction\":[{\"@type\":\"SearchAction\",\"target\":{\"@type\":\"EntryPoint\",\"urlTemplate\":\"https:\/\/suomenkuvalehti.fi\/haku\/?q={search_term_string}\"},\"query-input\":{\"@type\":\"PropertyValueSpecification\",\"valueRequired\":true,\"valueName\":\"search_term_string\"}}],\"inLanguage\":\"fi\"},{\"@type\":\"Person\",\"@id\":\"https:\/\/suomenkuvalehti.fi\/rajalla\/#\/schema\/person\/21b943cee2927bf5c068f383b085d2ff\",\"name\":\"Lari Lohikoski\",\"description\":\"Kirjoittaja on verkkoviestint\u00e4p\u00e4\u00e4llikk\u00f6 Kirkon tiedotuskeskuksessa, joka aiemman ty\u00f6uransa on ty\u00f6skennellyt digitaalisten innovaatioiden parissa, mutta ehti ennen digiuraansa opiskella my\u00f6s teologiksi.\",\"sameAs\":[\"https:\/\/x.com\/https:\/\/twitter.com\/laril\"]}]}<\/script>\n<!-- \/ Yoast SEO plugin. -->","yoast_head_json":{"title":"Valtio ei ole oikeudenmukaisuuden mittari - Rajalla","robots":{"index":"index","follow":"follow","max-snippet":"max-snippet:-1","max-image-preview":"max-image-preview:large","max-video-preview":"max-video-preview:-1"},"canonical":"https:\/\/suomenkuvalehti.fi\/rajalla\/2016\/03\/31\/valtio-ei-ole-oikeudenmukaisuuden-mittari\/","og_locale":"fi_FI","og_type":"article","og_title":"Valtio ei ole oikeudenmukaisuuden mittari - Rajalla","og_description":"Adolf Eichmann oli tavallinen saksalainen insin\u00f6\u00f6ri, tolkun ihminen joka vain teki ty\u00f6t\u00e4ns\u00e4: tehokkaasti, kuuliaisesti ja teht\u00e4vi\u00e4\u00e4n kyseenalaistamatta. Kun h\u00e4net vuonna 1961 tuomittiin rikoksista ihmiskuntaa vastaan ja syylliseksi satojentuhansien kuolemaan, h\u00e4n vakuutti vain noudattan&hellip;","og_url":"https:\/\/suomenkuvalehti.fi\/rajalla\/2016\/03\/31\/valtio-ei-ole-oikeudenmukaisuuden-mittari\/","og_site_name":"Rajalla","article_published_time":"2016-03-31T10:28:33+00:00","og_image":[{"width":2175,"height":2175,"url":"https:\/\/suomenkuvalehti.fi\/rajalla\/wp-content\/uploads\/sites\/31\/2015\/11\/lari_mv_square.jpg","type":"image\/jpeg"}],"author":"Lari Lohikoski","twitter_card":"summary_large_image","twitter_creator":"@https:\/\/twitter.com\/laril","twitter_misc":{"Written by":"Lari Lohikoski","Est. reading time":"3 minuuttia"},"schema":{"@context":"https:\/\/schema.org","@graph":[{"@type":"WebPage","@id":"https:\/\/suomenkuvalehti.fi\/rajalla\/2016\/03\/31\/valtio-ei-ole-oikeudenmukaisuuden-mittari\/","url":"https:\/\/suomenkuvalehti.fi\/rajalla\/2016\/03\/31\/valtio-ei-ole-oikeudenmukaisuuden-mittari\/","name":"Valtio ei ole oikeudenmukaisuuden mittari - Rajalla","isPartOf":{"@id":"https:\/\/suomenkuvalehti.fi\/rajalla\/#website"},"datePublished":"2016-03-31T10:28:33+00:00","author":{"@id":"https:\/\/suomenkuvalehti.fi\/rajalla\/#\/schema\/person\/21b943cee2927bf5c068f383b085d2ff"},"breadcrumb":{"@id":"https:\/\/suomenkuvalehti.fi\/rajalla\/2016\/03\/31\/valtio-ei-ole-oikeudenmukaisuuden-mittari\/#breadcrumb"},"inLanguage":"fi","potentialAction":[{"@type":"ReadAction","target":["https:\/\/suomenkuvalehti.fi\/rajalla\/2016\/03\/31\/valtio-ei-ole-oikeudenmukaisuuden-mittari\/"]}]},{"@type":"BreadcrumbList","@id":"https:\/\/suomenkuvalehti.fi\/rajalla\/2016\/03\/31\/valtio-ei-ole-oikeudenmukaisuuden-mittari\/#breadcrumb","itemListElement":[{"@type":"ListItem","position":1,"name":"Home","item":"https:\/\/suomenkuvalehti.fi\/rajalla\/"},{"@type":"ListItem","position":2,"name":"Valtio ei ole oikeudenmukaisuuden mittari"}]},{"@type":"WebSite","@id":"https:\/\/suomenkuvalehti.fi\/rajalla\/#website","url":"https:\/\/suomenkuvalehti.fi\/rajalla\/","name":"Rajalla","description":"Kirkon asiantuntijajoukko bloggaa yhteiskunnan ja kirkon rajapinnoilta.","potentialAction":[{"@type":"SearchAction","target":{"@type":"EntryPoint","urlTemplate":"https:\/\/suomenkuvalehti.fi\/haku\/?q={search_term_string}"},"query-input":{"@type":"PropertyValueSpecification","valueRequired":true,"valueName":"search_term_string"}}],"inLanguage":"fi"},{"@type":"Person","@id":"https:\/\/suomenkuvalehti.fi\/rajalla\/#\/schema\/person\/21b943cee2927bf5c068f383b085d2ff","name":"Lari Lohikoski","description":"Kirjoittaja on verkkoviestint\u00e4p\u00e4\u00e4llikk\u00f6 Kirkon tiedotuskeskuksessa, joka aiemman ty\u00f6uransa on ty\u00f6skennellyt digitaalisten innovaatioiden parissa, mutta ehti ennen digiuraansa opiskella my\u00f6s teologiksi.","sameAs":["https:\/\/x.com\/https:\/\/twitter.com\/laril"]}]}},"_links":{"self":[{"href":"https:\/\/suomenkuvalehti.fi\/rajalla\/wp-json\/wp\/v2\/posts\/967","targetHints":{"allow":["GET"]}}],"collection":[{"href":"https:\/\/suomenkuvalehti.fi\/rajalla\/wp-json\/wp\/v2\/posts"}],"about":[{"href":"https:\/\/suomenkuvalehti.fi\/rajalla\/wp-json\/wp\/v2\/types\/post"}],"author":[{"embeddable":true,"href":"https:\/\/suomenkuvalehti.fi\/rajalla\/wp-json\/wp\/v2\/users\/23780"}],"replies":[{"embeddable":true,"href":"https:\/\/suomenkuvalehti.fi\/rajalla\/wp-json\/wp\/v2\/comments?post=967"}],"version-history":[{"count":15,"href":"https:\/\/suomenkuvalehti.fi\/rajalla\/wp-json\/wp\/v2\/posts\/967\/revisions"}],"predecessor-version":[{"id":983,"href":"https:\/\/suomenkuvalehti.fi\/rajalla\/wp-json\/wp\/v2\/posts\/967\/revisions\/983"}],"wp:attachment":[{"href":"https:\/\/suomenkuvalehti.fi\/rajalla\/wp-json\/wp\/v2\/media?parent=967"}],"wp:term":[{"taxonomy":"category","embeddable":true,"href":"https:\/\/suomenkuvalehti.fi\/rajalla\/wp-json\/wp\/v2\/categories?post=967"},{"taxonomy":"post_tag","embeddable":true,"href":"https:\/\/suomenkuvalehti.fi\/rajalla\/wp-json\/wp\/v2\/tags?post=967"}],"curies":[{"name":"wp","href":"https:\/\/api.w.org\/{rel}","templated":true}]}}