{"id":834,"date":"2016-02-09T00:01:25","date_gmt":"2016-02-08T22:01:25","guid":{"rendered":"https:\/\/suomenkuvalehti.fi\/rajalla\/?p=834"},"modified":"2016-02-08T22:27:54","modified_gmt":"2016-02-08T20:27:54","slug":"miksi-mina-luterilainen-teologi-uskon-islamiin","status":"publish","type":"post","link":"https:\/\/suomenkuvalehti.fi\/rajalla\/2016\/02\/09\/miksi-mina-luterilainen-teologi-uskon-islamiin\/","title":{"rendered":"Miksi uskon islamiin luterilaisena teologina?"},"content":{"rendered":"\n<p>N\u00e4in uskontojen asiantuntijana ei ole mukava seurata islam-kriittisyyden aaltoa, joka on voimakkaassa kasvussa.<\/p>\n\n\n\n<p>Sosiaalinen media pursuaa stereotypioita, ennakkoluuloja ja virheellisi\u00e4 v\u00e4itteit\u00e4. Jos niit\u00e4 yritt\u00e4\u00e4 oikaista, saa aikaan vain lis\u00e4\u00e4 turbulenssia.<\/p>\n\n\n\n<p>Valtavirran media syyllistyy sekin yksipuolisuuteen \u2013 enk\u00e4 tarkoita, ett\u00e4 islamia k\u00e4sitelt\u00e4isiin silkkihansikkain kuten islam-kriitikot v\u00e4itt\u00e4v\u00e4t. Puhun siit\u00e4, ett\u00e4 uutiset uskontojen vuoropuhelusta j\u00e4\u00e4v\u00e4t p\u00e4\u00e4s\u00e4\u00e4nt\u00f6isesti katveeseen.<\/p>\n\n\n\n<p>Viime viikkoina olisi ollut tarjolla kaksi positiivista islam-uutista, joihin en n\u00e4hnyt viittauksia suomalaisessa mediassa.<\/p>\n\n\n\n<p>Tammikuun lopussa kolmatta sataa islamilaista oppinutta antoi <a href=\"http:\/\/www.marrakeshdeclaration.org\/\" target=\"_blank\">Marrakeshin julistuksen<\/a>, joka pyrkii edist\u00e4m\u00e4\u00e4n v\u00e4hemmist\u00f6jen uskonnonvapautta muslimimaissa.<\/p>\n\n\n\n<p>Globaalista uutisvirrasta silmiini osui my\u00f6s <a href=\"http:\/\/www.religionnews.com\/2016\/02\/06\/president-obama-religious-freedom-keeps-us-strong-rns-exclusive-commentary\/\" target=\"_blank\">Barack Obaman viimeviikkoinen visiitti baltimorelaiseen moskeijaan<\/a>. Presidentti kiitti amerikkalaisia muslimeja ja korosti kaikkien olevan \u201dyht\u00e4 amerikkalaista perhett\u00e4\u201d. Vierailu alleviivasi sit\u00e4, miten islam tuo my\u00f6nteisen panoksen Yhdysvaltojen moniuskontoiseen yhteiskuntaan.<\/p>\n\n\n\n<p>Juuri nyt hyvi\u00e4 uutisia kuitenkin tarvittaisiin. Onhan islam yksi ihmiskunnan merkitt\u00e4vimmist\u00e4 tavoista hahmottaa Jumalan olemassaolo ja maailman mielekkyys. Yli tuhannen vuoden ja miljardin ihmisen perinteen leimaaminen itsemurhaterroristien ja jihadistien perusteella on sulaa hulluutta, johon voisi tulla joku tolkku my\u00f6nteisten uutisten valossa!<\/p>\n\n\n\n<p>Ennen kuin perustelen, miksi luterilaisena teologina pid\u00e4n islamia arvossa, korostan tuntevani islamin v\u00e4kivaltaiset kasvot siin\u00e4 kuin kristinuskonkin pime\u00e4n puolen. Kavahdan ISIS:in julmuuksia kuten keskiajan ristiretkel\u00e4isten terroria tai vaikkapa Ku Klux Klanin protestanttista visiota valkoisesta ylivallasta. Olen lukenut islamilaisia tekstej\u00e4, jotka motivoivat valloitussotiin siin\u00e4 kuin oman pyh\u00e4n kirjani Raamatun vaikeimmat kohdat.<\/p>\n\n\n\n<p>Miksi silti uskon islamiin?<\/p>\n\n\n\n<p>Ensinn\u00e4kin, olen k\u00e4ynyt monissa moskeijoissa eri puolilla maailmaa. Niiss\u00e4 olen kristittyn\u00e4 kohdannut vastavuoroisen kunnioituksen ilmapiirin. Olen kokenut erilaisissa dialogitilanteissa vieraanvaraisuutta ja yst\u00e4vyytt\u00e4, jota uskonnollinen viitekehys \u2013 siis islamilainen perinne \u2013 on vain vahvistanut.<\/p>\n\n\n\n<p>Toiseksi, tied\u00e4n monien muslimien lukevan Koraania siten, ett\u00e4 se perustelee pluralistisen yhteiskunnan ja ihmisten v\u00e4lisen rauhan. Islamissa on pohja uskontojen rinnakkaiselolle. Koraanin mukaan (2:256) uskonnossa ei ole pakkoa. Se jopa opettaa (5:48) Jumalan tahtoneen yhden kansakunnan sijasta, ett\u00e4 ihmiset kuuluvat eri uskontoihin \u2013 jotta n\u00e4m\u00e4 voisivat kilpailla hyviss\u00e4 t\u00f6iss\u00e4!<\/p>\n\n\n\n<p>Kolmanneksi, tiedostan kristittyn\u00e4 uskovani perimmilt\u00e4\u00e4n samaan Jumalaan kuin muslimit. T\u00e4ss\u00e4 ei ole mit\u00e4\u00e4n uutta. Paavi Gregorius VII kirjoitti jo vuonna 1076 Mauritanian kuninkaalle Anzirille, ett\u00e4 \u201duskomme yhteen Jumalaan, joskin eri tavoin, ja ylist\u00e4mme sek\u00e4 palvomme H\u00e4nt\u00e4 p\u00e4ivitt\u00e4in kaikkien aikakausien Luojana ja t\u00e4m\u00e4n maailman Hallitsijana\u201d.<\/p>\n\n\n\n<p>Nimitys \u201dAllah\u201d on arabiankielinen vastine sanalle \u201dJumala\u201d. Kiilan iskeminen muslimien Allahin ja kristittyjen Jumalan v\u00e4lille perustuu puutteelliseen tietoon. Molemmat uskonnot \u2013 kuten my\u00f6s juutalaisuus \u2013 puhuvat samasta Jumalasta. Toki n\u00e4m\u00e4 uskonnot ymm\u00e4rt\u00e4v\u00e4t Jumalan olemuksen kesken\u00e4\u00e4n j\u00e4nnitteisin ja opillisesti erilaisin tavoin.<\/p>\n\n\n\n<p>Uskon siis islamin olevan traditio, jonka kanssa voin k\u00e4yd\u00e4 dialogia ja josta kristittyn\u00e4 voin oppia paljon.<\/p>\n\n\n\n<p>Uskontojen v\u00e4list\u00e4 vastakkainasettelua lietsovat tulkinnat on puolin ja toisin osoitettava perversioiksi, joilla ei ole teologista pohjaa. Ehk\u00e4 meid\u00e4n kristittyjen tulisikin <a href=\"http:\/\/www.huffingtonpost.com\/sebastien-maillard\/pope-francis-africa_b_8713008.html\" target=\"_blank\">seist\u00e4 rohkeammin muslimien rinnalla<\/a>, sill\u00e4 islamin suvaitsevainen puoli j\u00e4\u00e4 nykyisess\u00e4 maailmanpoliittisessa melskeess\u00e4 helposti kuulematta.<\/p>\n\n\n\n<p>Monikulttuurinen tilanne voikin merkit\u00e4 uudenlaisia mahdollisuuksia kaikille uskonnoille. Parhaimmillaan toinen uskonto voi toimia peilin\u00e4, jonka kautta oma uskonto n\u00e4ytt\u00e4ytyy uudella tavalla. Siksi uskontodialogi on yksi avain <a href=\"https:\/\/suomenkuvalehti.fi\/rajalla\/2013\/02\/13\/uskonnot-vastalaakkeena-rasismille\/?shared=47-db53a9a5-999\" target=\"_blank\">yhteiskunnalliseen harmoniaan<\/a>. Vuoropuhelu ei tarkoita hymistely\u00e4, vaan my\u00f6s kriittisi\u00e4 kysymyksi\u00e4 pit\u00e4\u00e4 voida sen puitteissa esitt\u00e4\u00e4, joskin luottamuksen ilmapiiriss\u00e4.<\/p>\n\n\n\n<p>Onneksi tavallinen kansa haluaa el\u00e4\u00e4 rauhassa kaikkialla maailmassa \u2013 kunhan kukaan ei h\u00e4mmenn\u00e4 sit\u00e4 valheellisella tiedolla ja propagandalla. Valitettavasti nyt l\u00f6ytyy liikaa niit\u00e4, jotka rakentavat vihollisuuksia unohtamalla oman perinteens\u00e4 pime\u00e4t puolet ja kuvaamalla toista yksipuolisesti.<\/p>\n\n\n\n<p>Kristittyn\u00e4 sanoisinkin, ett\u00e4 tarvitsemme <a href=\"http:\/\/www.evl.fi\/katekismus\/10kaskya\/10kaskya.html\" target=\"_blank\">kahdeksatta k\u00e4sky\u00e4<\/a> enemm\u00e4n kuin aiemmin. Varsinkin kun puhumme islamista.<\/p>\n\n\n\n<p>Seuraa kirjoittajaa <a href=\"https:\/\/twitter.com\/jyrikomulainen\" target=\"_blank\">Twitteriss\u00e4<\/a>.<\/p>\n\n\n","protected":false},"excerpt":{"rendered":"<p>N\u00e4in uskontojen asiantuntijana ei ole mukava seurata islam-kriittisyyden aaltoa, joka on voimakkaassa kasvussa. Sosiaalinen media pursuaa stereotypioita, ennakkoluuloja ja virheellisi\u00e4 v\u00e4itteit\u00e4. Jos niit\u00e4 yritt\u00e4\u00e4 oikaista, saa aikaan vain lis\u00e4\u00e4 turbulenssia. Valtavirran<br \/>\nmedia sy&hellip;<\/p>\n","protected":false},"author":1127,"featured_media":0,"comment_status":"open","ping_status":"closed","sticky":false,"template":"","format":"standard","meta":{"_acf_changed":false,"asauth_required_access_level":0,"asauth_cansharepaid":"true","om_header_attributes":[],"footnotes":"","om_featured_image_focal_point":[],"om_primary_tag":0,"om_contributors":[],"om_co_authors":[],"beyondwords_generate_audio":"","beyondwords_project_id":"","beyondwords_content_id":"","beyondwords_preview_token":"","beyondwords_player_content":"","beyondwords_player_style":"","beyondwords_language_code":"","beyondwords_language_id":"","beyondwords_title_voice_id":"","beyondwords_body_voice_id":"","beyondwords_summary_voice_id":"","beyondwords_error_message":"","beyondwords_disabled":"","beyondwords_delete_content":"","beyondwords_podcast_id":"","beyondwords_hash":"","publish_post_to_speechkit":"","speechkit_hash":"","speechkit_generate_audio":"","speechkit_project_id":"","speechkit_podcast_id":"","speechkit_error_message":"","speechkit_disabled":"","speechkit_access_key":"","speechkit_error":"","speechkit_info":"","speechkit_response":"","speechkit_retries":"","speechkit_status":"","speechkit_updated_at":"","_speechkit_link":"","_speechkit_text":""},"categories":[1],"tags":[],"class_list":["post-834","post","type-post","status-publish","format-standard","hentry","category-rajalla"],"om_views":null,"acf":{"tuuma_off":false,"tuuma_kysymys":"","tuuma_vastaus":""},"asauth":{"required_access_level":1,"share_token":"","is_paid":false},"yoast_head":"<!-- This site is optimized with the Yoast SEO plugin v26.4 - https:\/\/yoast.com\/wordpress\/plugins\/seo\/ -->\n<title>Miksi uskon islamiin luterilaisena teologina? - Rajalla<\/title>\n<meta name=\"description\" content=\"Mielikuvat islamista ovat jihadistien leimaamia. Mutta oikeasti islam on ihmiskunnan merkitt\u00e4v\u00e4 traditio, jonka kanssa kristitty voi k\u00e4yd\u00e4 dialogia.\" \/>\n<meta name=\"robots\" content=\"index, follow, max-snippet:-1, max-image-preview:large, max-video-preview:-1\" \/>\n<link rel=\"canonical\" href=\"https:\/\/suomenkuvalehti.fi\/rajalla\/2016\/02\/09\/miksi-mina-luterilainen-teologi-uskon-islamiin\/\" \/>\n<meta property=\"og:locale\" content=\"fi_FI\" \/>\n<meta property=\"og:type\" content=\"article\" \/>\n<meta property=\"og:title\" content=\"Miksi uskon islamiin luterilaisena teologina? - Rajalla\" \/>\n<meta property=\"og:description\" content=\"Mielikuvat islamista ovat jihadistien leimaamia. Mutta oikeasti islam on ihmiskunnan merkitt\u00e4v\u00e4 traditio, jonka kanssa kristitty voi k\u00e4yd\u00e4 dialogia.\" \/>\n<meta property=\"og:url\" content=\"https:\/\/suomenkuvalehti.fi\/rajalla\/2016\/02\/09\/miksi-mina-luterilainen-teologi-uskon-islamiin\/\" \/>\n<meta property=\"og:site_name\" content=\"Rajalla\" \/>\n<meta property=\"article:author\" content=\"https:\/\/www.facebook.com\/profile.php?id=100014671998903\" \/>\n<meta property=\"article:published_time\" content=\"2016-02-08T22:01:25+00:00\" \/>\n<meta name=\"author\" content=\"Jyri Komulainen\" \/>\n<meta name=\"twitter:card\" content=\"summary_large_image\" \/>\n<meta name=\"twitter:creator\" content=\"@https:\/\/twitter.com\/JyriKomulainen\" \/>\n<meta name=\"twitter:label1\" content=\"Written by\" \/>\n\t<meta name=\"twitter:data1\" content=\"Jyri Komulainen\" \/>\n\t<meta name=\"twitter:label2\" content=\"Est. reading time\" \/>\n\t<meta name=\"twitter:data2\" content=\"3 minuuttia\" \/>\n<script type=\"application\/ld+json\" class=\"yoast-schema-graph\">{\"@context\":\"https:\/\/schema.org\",\"@graph\":[{\"@type\":\"WebPage\",\"@id\":\"https:\/\/suomenkuvalehti.fi\/rajalla\/2016\/02\/09\/miksi-mina-luterilainen-teologi-uskon-islamiin\/\",\"url\":\"https:\/\/suomenkuvalehti.fi\/rajalla\/2016\/02\/09\/miksi-mina-luterilainen-teologi-uskon-islamiin\/\",\"name\":\"Miksi uskon islamiin luterilaisena teologina? - Rajalla\",\"isPartOf\":{\"@id\":\"https:\/\/suomenkuvalehti.fi\/rajalla\/#website\"},\"datePublished\":\"2016-02-08T22:01:25+00:00\",\"author\":{\"@id\":\"https:\/\/suomenkuvalehti.fi\/rajalla\/#\/schema\/person\/19b9198b3d4b1989cd0611231f6d4df4\"},\"description\":\"Mielikuvat islamista ovat jihadistien leimaamia. Mutta oikeasti islam on ihmiskunnan merkitt\u00e4v\u00e4 traditio, jonka kanssa kristitty voi k\u00e4yd\u00e4 dialogia.\",\"breadcrumb\":{\"@id\":\"https:\/\/suomenkuvalehti.fi\/rajalla\/2016\/02\/09\/miksi-mina-luterilainen-teologi-uskon-islamiin\/#breadcrumb\"},\"inLanguage\":\"fi\",\"potentialAction\":[{\"@type\":\"ReadAction\",\"target\":[\"https:\/\/suomenkuvalehti.fi\/rajalla\/2016\/02\/09\/miksi-mina-luterilainen-teologi-uskon-islamiin\/\"]}]},{\"@type\":\"BreadcrumbList\",\"@id\":\"https:\/\/suomenkuvalehti.fi\/rajalla\/2016\/02\/09\/miksi-mina-luterilainen-teologi-uskon-islamiin\/#breadcrumb\",\"itemListElement\":[{\"@type\":\"ListItem\",\"position\":1,\"name\":\"Home\",\"item\":\"https:\/\/suomenkuvalehti.fi\/rajalla\/\"},{\"@type\":\"ListItem\",\"position\":2,\"name\":\"Miksi uskon islamiin luterilaisena teologina?\"}]},{\"@type\":\"WebSite\",\"@id\":\"https:\/\/suomenkuvalehti.fi\/rajalla\/#website\",\"url\":\"https:\/\/suomenkuvalehti.fi\/rajalla\/\",\"name\":\"Rajalla\",\"description\":\"Kirkon asiantuntijajoukko bloggaa yhteiskunnan ja kirkon rajapinnoilta.\",\"potentialAction\":[{\"@type\":\"SearchAction\",\"target\":{\"@type\":\"EntryPoint\",\"urlTemplate\":\"https:\/\/suomenkuvalehti.fi\/haku\/?q={search_term_string}\"},\"query-input\":{\"@type\":\"PropertyValueSpecification\",\"valueRequired\":true,\"valueName\":\"search_term_string\"}}],\"inLanguage\":\"fi\"},{\"@type\":\"Person\",\"@id\":\"https:\/\/suomenkuvalehti.fi\/rajalla\/#\/schema\/person\/19b9198b3d4b1989cd0611231f6d4df4\",\"name\":\"Jyri Komulainen\",\"description\":\"Kirjoittaja on dosentti ja Suomen evankelis-luterilaisen kirkon piispainkokouksen p\u00e4\u00e4sihteeri, joka on perehtynyt kristilliseen dogmatiikkaan ja Aasian uskontoihin.\",\"sameAs\":[\"https:\/\/www.facebook.com\/profile.php?id=100014671998903\",\"https:\/\/x.com\/https:\/\/twitter.com\/JyriKomulainen\"]}]}<\/script>\n<!-- \/ Yoast SEO plugin. -->","yoast_head_json":{"title":"Miksi uskon islamiin luterilaisena teologina? - Rajalla","description":"Mielikuvat islamista ovat jihadistien leimaamia. Mutta oikeasti islam on ihmiskunnan merkitt\u00e4v\u00e4 traditio, jonka kanssa kristitty voi k\u00e4yd\u00e4 dialogia.","robots":{"index":"index","follow":"follow","max-snippet":"max-snippet:-1","max-image-preview":"max-image-preview:large","max-video-preview":"max-video-preview:-1"},"canonical":"https:\/\/suomenkuvalehti.fi\/rajalla\/2016\/02\/09\/miksi-mina-luterilainen-teologi-uskon-islamiin\/","og_locale":"fi_FI","og_type":"article","og_title":"Miksi uskon islamiin luterilaisena teologina? - Rajalla","og_description":"Mielikuvat islamista ovat jihadistien leimaamia. Mutta oikeasti islam on ihmiskunnan merkitt\u00e4v\u00e4 traditio, jonka kanssa kristitty voi k\u00e4yd\u00e4 dialogia.","og_url":"https:\/\/suomenkuvalehti.fi\/rajalla\/2016\/02\/09\/miksi-mina-luterilainen-teologi-uskon-islamiin\/","og_site_name":"Rajalla","article_author":"https:\/\/www.facebook.com\/profile.php?id=100014671998903","article_published_time":"2016-02-08T22:01:25+00:00","author":"Jyri Komulainen","twitter_card":"summary_large_image","twitter_creator":"@https:\/\/twitter.com\/JyriKomulainen","twitter_misc":{"Written by":"Jyri Komulainen","Est. reading time":"3 minuuttia"},"schema":{"@context":"https:\/\/schema.org","@graph":[{"@type":"WebPage","@id":"https:\/\/suomenkuvalehti.fi\/rajalla\/2016\/02\/09\/miksi-mina-luterilainen-teologi-uskon-islamiin\/","url":"https:\/\/suomenkuvalehti.fi\/rajalla\/2016\/02\/09\/miksi-mina-luterilainen-teologi-uskon-islamiin\/","name":"Miksi uskon islamiin luterilaisena teologina? - Rajalla","isPartOf":{"@id":"https:\/\/suomenkuvalehti.fi\/rajalla\/#website"},"datePublished":"2016-02-08T22:01:25+00:00","author":{"@id":"https:\/\/suomenkuvalehti.fi\/rajalla\/#\/schema\/person\/19b9198b3d4b1989cd0611231f6d4df4"},"description":"Mielikuvat islamista ovat jihadistien leimaamia. Mutta oikeasti islam on ihmiskunnan merkitt\u00e4v\u00e4 traditio, jonka kanssa kristitty voi k\u00e4yd\u00e4 dialogia.","breadcrumb":{"@id":"https:\/\/suomenkuvalehti.fi\/rajalla\/2016\/02\/09\/miksi-mina-luterilainen-teologi-uskon-islamiin\/#breadcrumb"},"inLanguage":"fi","potentialAction":[{"@type":"ReadAction","target":["https:\/\/suomenkuvalehti.fi\/rajalla\/2016\/02\/09\/miksi-mina-luterilainen-teologi-uskon-islamiin\/"]}]},{"@type":"BreadcrumbList","@id":"https:\/\/suomenkuvalehti.fi\/rajalla\/2016\/02\/09\/miksi-mina-luterilainen-teologi-uskon-islamiin\/#breadcrumb","itemListElement":[{"@type":"ListItem","position":1,"name":"Home","item":"https:\/\/suomenkuvalehti.fi\/rajalla\/"},{"@type":"ListItem","position":2,"name":"Miksi uskon islamiin luterilaisena teologina?"}]},{"@type":"WebSite","@id":"https:\/\/suomenkuvalehti.fi\/rajalla\/#website","url":"https:\/\/suomenkuvalehti.fi\/rajalla\/","name":"Rajalla","description":"Kirkon asiantuntijajoukko bloggaa yhteiskunnan ja kirkon rajapinnoilta.","potentialAction":[{"@type":"SearchAction","target":{"@type":"EntryPoint","urlTemplate":"https:\/\/suomenkuvalehti.fi\/haku\/?q={search_term_string}"},"query-input":{"@type":"PropertyValueSpecification","valueRequired":true,"valueName":"search_term_string"}}],"inLanguage":"fi"},{"@type":"Person","@id":"https:\/\/suomenkuvalehti.fi\/rajalla\/#\/schema\/person\/19b9198b3d4b1989cd0611231f6d4df4","name":"Jyri Komulainen","description":"Kirjoittaja on dosentti ja Suomen evankelis-luterilaisen kirkon piispainkokouksen p\u00e4\u00e4sihteeri, joka on perehtynyt kristilliseen dogmatiikkaan ja Aasian uskontoihin.","sameAs":["https:\/\/www.facebook.com\/profile.php?id=100014671998903","https:\/\/x.com\/https:\/\/twitter.com\/JyriKomulainen"]}]}},"_links":{"self":[{"href":"https:\/\/suomenkuvalehti.fi\/rajalla\/wp-json\/wp\/v2\/posts\/834","targetHints":{"allow":["GET"]}}],"collection":[{"href":"https:\/\/suomenkuvalehti.fi\/rajalla\/wp-json\/wp\/v2\/posts"}],"about":[{"href":"https:\/\/suomenkuvalehti.fi\/rajalla\/wp-json\/wp\/v2\/types\/post"}],"author":[{"embeddable":true,"href":"https:\/\/suomenkuvalehti.fi\/rajalla\/wp-json\/wp\/v2\/users\/1127"}],"replies":[{"embeddable":true,"href":"https:\/\/suomenkuvalehti.fi\/rajalla\/wp-json\/wp\/v2\/comments?post=834"}],"version-history":[{"count":16,"href":"https:\/\/suomenkuvalehti.fi\/rajalla\/wp-json\/wp\/v2\/posts\/834\/revisions"}],"predecessor-version":[{"id":842,"href":"https:\/\/suomenkuvalehti.fi\/rajalla\/wp-json\/wp\/v2\/posts\/834\/revisions\/842"}],"wp:attachment":[{"href":"https:\/\/suomenkuvalehti.fi\/rajalla\/wp-json\/wp\/v2\/media?parent=834"}],"wp:term":[{"taxonomy":"category","embeddable":true,"href":"https:\/\/suomenkuvalehti.fi\/rajalla\/wp-json\/wp\/v2\/categories?post=834"},{"taxonomy":"post_tag","embeddable":true,"href":"https:\/\/suomenkuvalehti.fi\/rajalla\/wp-json\/wp\/v2\/tags?post=834"}],"curies":[{"name":"wp","href":"https:\/\/api.w.org\/{rel}","templated":true}]}}