{"id":793,"date":"2016-02-12T10:51:04","date_gmt":"2016-02-12T08:51:04","guid":{"rendered":"https:\/\/suomenkuvalehti.fi\/rajalla\/?p=793"},"modified":"2016-02-12T11:45:54","modified_gmt":"2016-02-12T09:45:54","slug":"suomalaisten-tunnelmat-romahtivat-jo-2012-mutta-siita-ei-haluttu-kertoa","status":"publish","type":"post","link":"https:\/\/suomenkuvalehti.fi\/rajalla\/2016\/02\/12\/suomalaisten-tunnelmat-romahtivat-jo-2012-mutta-siita-ei-haluttu-kertoa\/","title":{"rendered":"Suomalaisten tunnelmat romahtivat jo 2012, mutta siit\u00e4 ei haluttu kertoa"},"content":{"rendered":"\n<p><strong>Ministeri\u00f6iden tutkimus paljasti suomalaisten tulevaisuudenuskon&nbsp;romahtaneen jo 2012 ja ennusti vihapuheen nousun, mutta tutkimus k\u00e4tkettiin p\u00f6yt\u00e4laatikkoon.<\/strong><\/p>\n\n\n\n<p>Kirjoitin pari viikkoa sitten&nbsp;<a href=\"https:\/\/suomenkuvalehti.fi\/rajalla\/2016\/01\/25\/viha-ei-valtavirtaistunut-sattumalta\/\" target=\"_blank\">vihan valtavirtaistumisesta<\/a>, ja siit\u00e4, ett\u00e4 vihan nouseminen pinnalle ei ole tapahtunut t\u00e4ysin sattumalta, vaan sit\u00e4 on yht\u00e4\u00e4lt\u00e4 aktiivisesti edistetty ja toisaalta sille on annettu liikaa tilaa ja v\u00e4\u00e4r\u00e4nlaista ymm\u00e4rryst\u00e4. T\u00e4ll\u00e4 v\u00e4lin saimme vihasta my\u00f6s oman osuutemme:&nbsp;<a href=\"https:\/\/suomenkuvalehti.fi\/rajalla\/2016\/01\/31\/kirkosta-ja-rasismista\/\" target=\"_blank\">rasismiin liittyv\u00e4 twitter-p\u00e4ivityksemme<\/a>&nbsp;ja siit\u00e4 seurannut keskustelu sai aikaan reaktiona paitsi asiallista kiitt\u00e4v\u00e4\u00e4 ja moittivaa palautetta, my\u00f6s herjauksia ja suoranaisia uhkauksia. Viestej\u00e4&nbsp;yh\u00e4 kovenevasta ja uhkaavammaksi muuttuvasta kielenk\u00e4yt\u00f6ist\u00e4 on tullut jatkuvasti lis\u00e4\u00e4 ja arjessa ilmenev\u00e4n rasismin nosti esille my\u00f6s <a href=\"http:\/\/www.hs.fi\/kaupunki\/a1455167159924\" target=\"_blank\">p\u00e4iv\u00e4n Helsingin Sanomat<\/a>.<\/p>\n\n\n\n<p>Vaikka viha varsinaisesti r\u00e4j\u00e4hti esille&nbsp;vasta viime vuoden aikana, maaper\u00e4 aggressiivisen ilmapiirin&nbsp;nousulle on kypsynyt jo useiden vuosien ajan. Vihan valloilleen p\u00e4\u00e4sy\u00e4 edelsi yhteiskunnan perusturvallisuuden j\u00e4rkkyminen, joka ilmeni tulevaisuudenuskon ja luottamuksen romahtamisena. T\u00e4lle luottamuksen romahdukselle on osoitettavissa tarkka ajankohtakin. Oheinen graafi kuvaa suomalaisten kokemusta nykytilanteestaan ja n\u00e4kemyst\u00e4 maan tulevaisuudesta &#8211; molemmat romahtivat elokuun 2011 ja kes\u00e4kuun 2012 v\u00e4lill\u00e4.<\/p>\n\n\n<figure class=\"wp-block-image size-full alignnone\">\n  <div class=\"wp-block-image__inner-container\">\n    <a href=\"https:\/\/suomenkuvalehti.fi\/rajalla\/wp-content\/uploads\/sites\/31\/2016\/01\/Na\u0308ytto\u0308kuva-2016-01-28-kello-23.42.02.png\" rel=\"attachment wp-att-794\"><img loading=\"lazy\" decoding=\"async\" src=\"https:\/\/suomenkuvalehti.fi\/rajalla\/wp-content\/uploads\/sites\/31\/2016\/01\/Na\u0308ytto\u0308kuva-2016-01-28-kello-23.42.02.png\" alt=\"Na\u0308ytto\u0308kuva 2016-01-28 kello 23.42.02\" class=\"wp-image-794\" width=\"478\" height=\"367\" style=\"--aspect-ratio: 1.3\" srcset=\"https:\/\/suomenkuvalehti.fi\/rajalla\/wp-content\/uploads\/sites\/31\/2016\/01\/Na\u0308ytto\u0308kuva-2016-01-28-kello-23.42.02.png 478w, https:\/\/suomenkuvalehti.fi\/rajalla\/wp-content\/uploads\/sites\/31\/2016\/01\/Na\u0308ytto\u0308kuva-2016-01-28-kello-23.42.02-300x230.png 300w\" sizes=\"auto, (max-width: 478px) 100vw, 478px\" \/><\/a>  <\/div>\n<\/figure>\n\n\n<p>\n<span style=\"font-weight: 400;\">Graafi&nbsp;on per\u00e4isin sis\u00e4ministeri\u00f6n ja puolustusministeri\u00f6n vuosina 2011-13 rahoittaman otokseltaan eritt\u00e4in laajan Social Mood Indicator-projektin loppuraportista, joka valmistui vuonna 2013. Raporttia ei kuitenkaan ole koskaan julkaistu, eik\u00e4 tutkimusta jatkettu. Koska tutkimus&nbsp;on kuitenkin tehty julkisin varoin, sen saa sis\u00e4ministeri\u00f6n kirjaamosta, kun vain tajuaa sen sielt\u00e4 pyyt\u00e4\u00e4 (tai sitten voi <a href=\"https:\/\/www.scribd.com\/doc\/299017521\/Suomen-mielialaindikaattori-SMI-tutkimuksen-loppuraportti\" target=\"_blank\">klikata t\u00e4st\u00e4<\/a>). Minulle se kulkeutui tuttuni kautta, jonka k\u00e4sityksen&nbsp;mukaan se&nbsp;vaiettiin juuri siksi, ett\u00e4 sen antama kuva suomalaisen yhteiskunnan tunnelmista oli niin negatiivinen &#8211; oliko sitten niin, ett\u00e4 t\u00e4st\u00e4 ei haluttu kertoa vai eik\u00f6 uskallettu?<\/span><\/p>\n\n\n\n<p>Ja negatiiviseltahan se tunnelma toki n\u00e4ytt\u00e4\u00e4 kun t\u00e4ss\u00e4kin graafissa liki puolet suomalaisista on luokiteltu vieraantuneiksi, kun taas my\u00f6nteisen\u00e4 tulevaisuuden n\u00e4kevien &#8221;yhteiskunnan vetureiden&#8221; osuus on kaventunut todella rajusti. Vuosien 2011 ja 2012 v\u00e4lill\u00e4 suomalaisten tunnelmat k\u00e4\u00e4ntyiv\u00e4t p\u00e4\u00e4laelleen.<\/p>\n\n\n<figure class=\"wp-block-image size-full alignnone\">\n  <div class=\"wp-block-image__inner-container\">\n    <a href=\"https:\/\/suomenkuvalehti.fi\/rajalla\/wp-content\/uploads\/sites\/31\/2016\/02\/turhautuneet.png\" rel=\"attachment wp-att-863\"><img loading=\"lazy\" decoding=\"async\" src=\"https:\/\/suomenkuvalehti.fi\/rajalla\/wp-content\/uploads\/sites\/31\/2016\/02\/turhautuneet.png\" alt=\"turhautuneet\" class=\"wp-image-863\" width=\"786\" height=\"291\" style=\"--aspect-ratio: 2.7\" srcset=\"https:\/\/suomenkuvalehti.fi\/rajalla\/wp-content\/uploads\/sites\/31\/2016\/02\/turhautuneet.png 786w, https:\/\/suomenkuvalehti.fi\/rajalla\/wp-content\/uploads\/sites\/31\/2016\/02\/turhautuneet-300x111.png 300w, https:\/\/suomenkuvalehti.fi\/rajalla\/wp-content\/uploads\/sites\/31\/2016\/02\/turhautuneet-768x284.png 768w\" sizes=\"auto, (max-width: 786px) 100vw, 786px\" \/><\/a>  <\/div>\n<\/figure>\n\n\n\n<p>Raportin lukeminen vuonna 2016 on kylm\u00e4\u00e4v\u00e4\u00e4. Siin\u00e4 hyvin pitk\u00e4lti ennustetaan se yhteiskunnallinen kehitys, jota Suomessa on raportin julkaisun j\u00e4lkeen tapahtunut: ep\u00e4varmuus ja pelko lis\u00e4\u00e4ntyv\u00e4t, osa kansasta menett\u00e4\u00e4 toivonsa ja kadottaa uskonsa instituutioihin. Kieli radikalisoituu, populistipuolueet saavat kannatusta ja aggressiot nousevat pinnalle. T\u00e4t\u00e4 kaaviota katsoessaan voi vain mietti\u00e4 miss\u00e4 kohdassa t\u00e4t\u00e4 kehityst\u00e4 olemme menossa.<\/p>\n\n\n<figure class=\"wp-block-image size-full alignnone\">\n  <div class=\"wp-block-image__inner-container\">\n    <a href=\"https:\/\/suomenkuvalehti.fi\/rajalla\/wp-content\/uploads\/sites\/31\/2016\/01\/Na\u0308ytto\u0308kuva-2016-01-28-kello-23.43.03.png\" rel=\"attachment wp-att-795\"><img loading=\"lazy\" decoding=\"async\" src=\"https:\/\/suomenkuvalehti.fi\/rajalla\/wp-content\/uploads\/sites\/31\/2016\/01\/Na\u0308ytto\u0308kuva-2016-01-28-kello-23.43.03.png\" alt=\"Na\u0308ytto\u0308kuva 2016-01-28 kello 23.43.03\" class=\"wp-image-795\" width=\"652\" height=\"495\" style=\"--aspect-ratio: 1.32\" srcset=\"https:\/\/suomenkuvalehti.fi\/rajalla\/wp-content\/uploads\/sites\/31\/2016\/01\/Na\u0308ytto\u0308kuva-2016-01-28-kello-23.43.03.png 652w, https:\/\/suomenkuvalehti.fi\/rajalla\/wp-content\/uploads\/sites\/31\/2016\/01\/Na\u0308ytto\u0308kuva-2016-01-28-kello-23.43.03-300x228.png 300w\" sizes=\"auto, (max-width: 652px) 100vw, 652px\" \/><\/a>  <\/div>\n<\/figure>\n\n\n\n<p>Raportti ei j\u00e4\u00e4 vain tilanteen kuvaamiseen, vaan antaa my\u00f6s politiikkaohjeita tilanteen k\u00e4rjistymisen est\u00e4miseksi. Ei tulisi k\u00e4ynnist\u00e4\u00e4 suuria muutoshankkeita, harjoittaa kire\u00e4\u00e4 kontrollia tai pelata poliittisia pelej\u00e4. N\u00e4iden sijaan tulisi pyrki\u00e4 rakentamaan yhteist\u00e4 visiota laajasti keskustellen, etsim\u00e4ll\u00e4 sellaisia yhteisesti hyv\u00e4ksyttyj\u00e4 asioita, joiden varaan on mahdollista rakentaa luottamusta. Tulisi k\u00e4ynnist\u00e4\u00e4 konkreettisia tukitoimia l\u00e4hell\u00e4 ihmisi\u00e4 &nbsp;ja v\u00e4ltt\u00e4\u00e4 asioiden monimutkaistamista. Jokainen voi mietti\u00e4 kummalla polulla Suomi on kulkenut.<\/p>\n\n\n\n<p>Jos uskomme raportin johtop\u00e4\u00e4t\u00f6ksiin, olemme ehk\u00e4 vain yhden askeleen p\u00e4\u00e4ss\u00e4 siit\u00e4, ett\u00e4 nyt viel\u00e4 p\u00e4\u00e4osin verkossa ja muilla julkisilla paikoilla tapahtuva vihanlietsonta yltyy konkreettiseksi fyysiseksi v\u00e4kivallaksi &#8211; ja osinhan se on jo yltynytkin. Jokainen vihaviestint\u00e4\u00e4n t\u00f6rm\u00e4nnyt&nbsp;toivoo, ett\u00e4 viranomaiset lopultakin puuttuisivat ilmi\u00f6\u00f6n tosissaan, mutta pelkk\u00e4 viranomaisten toiminta ei riit\u00e4: tarvitsemme my\u00f6s tulevaisuudenuskoa luovaa luottamusta siihen, ett\u00e4 yhteiskunta jatkossakin perustuu <a href=\"http:\/\/www.arkkipiispa.fi\/luottamus-hyvinvointivaltioon-hyvasuomi-2020-kurssin-avajaisluento-helsingin-saatytalolla-26-1-2016\/\" target=\"_blank\">oikeudenmukaisuuden toteuttavalle eettiselle perustalle<\/a>.&nbsp;Se taas on poliitikkojen, ja viime k\u00e4dess\u00e4 kaikkien meid\u00e4n demokraattisen valtion kansalaisten teht\u00e4v\u00e4.<\/p>\n\n\n\n<p>&nbsp;<\/p>\n\n\n\n<p>Seuraa kirjoittajaa <a href=\"https:\/\/twitter.com\/laril\" target=\"_blank\">Twitteriss\u00e4<\/a>.<\/p>\n\n\n","protected":false},"excerpt":{"rendered":"<p>Ministeri\u00f6iden tutkimus paljasti suomalaisten tulevaisuudenuskon&nbsp;romahtaneen jo 2012 ja ennusti vihapuheen nousun, mutta tutkimus k\u00e4tkettiin p\u00f6yt\u00e4laatikkoon. Kirjoitin pari viikkoa sitten&nbsp;vihan valtavirtaistumisesta, ja siit\u00e4, ett\u00e4 vihan<br \/>\nnouse&hellip;<\/p>\n","protected":false},"author":23780,"featured_media":0,"comment_status":"open","ping_status":"closed","sticky":false,"template":"","format":"standard","meta":{"_acf_changed":false,"asauth_required_access_level":0,"asauth_cansharepaid":"true","om_header_attributes":[],"footnotes":"","om_featured_image_focal_point":[],"om_primary_tag":0,"om_contributors":[],"om_co_authors":[],"beyondwords_generate_audio":"","beyondwords_project_id":"","beyondwords_content_id":"","beyondwords_preview_token":"","beyondwords_player_content":"","beyondwords_player_style":"","beyondwords_language_code":"","beyondwords_language_id":"","beyondwords_title_voice_id":"","beyondwords_body_voice_id":"","beyondwords_summary_voice_id":"","beyondwords_error_message":"","beyondwords_disabled":"","beyondwords_delete_content":"","beyondwords_podcast_id":"","beyondwords_hash":"","publish_post_to_speechkit":"","speechkit_hash":"","speechkit_generate_audio":"","speechkit_project_id":"","speechkit_podcast_id":"","speechkit_error_message":"","speechkit_disabled":"","speechkit_access_key":"","speechkit_error":"","speechkit_info":"","speechkit_response":"","speechkit_retries":"","speechkit_status":"","speechkit_updated_at":"","_speechkit_link":"","_speechkit_text":""},"categories":[1],"tags":[],"class_list":["post-793","post","type-post","status-publish","format-standard","hentry","category-rajalla"],"om_views":null,"acf":{"tuuma_off":false,"tuuma_kysymys":"","tuuma_vastaus":""},"asauth":{"required_access_level":1,"share_token":"","is_paid":false},"yoast_head":"<!-- This site is optimized with the Yoast SEO plugin v26.4 - https:\/\/yoast.com\/wordpress\/plugins\/seo\/ -->\n<title>Suomalaisten tunnelmat romahtivat jo 2012, mutta siit\u00e4 ei haluttu kertoa - Rajalla<\/title>\n<meta name=\"robots\" content=\"index, follow, max-snippet:-1, max-image-preview:large, max-video-preview:-1\" \/>\n<link rel=\"canonical\" href=\"https:\/\/suomenkuvalehti.fi\/rajalla\/2016\/02\/12\/suomalaisten-tunnelmat-romahtivat-jo-2012-mutta-siita-ei-haluttu-kertoa\/\" \/>\n<meta property=\"og:locale\" content=\"fi_FI\" \/>\n<meta property=\"og:type\" content=\"article\" \/>\n<meta property=\"og:title\" content=\"Suomalaisten tunnelmat romahtivat jo 2012, mutta siit\u00e4 ei haluttu kertoa - Rajalla\" \/>\n<meta property=\"og:description\" content=\"Ministeri\u00f6iden tutkimus paljasti suomalaisten tulevaisuudenuskon&nbsp;romahtaneen jo 2012 ja ennusti vihapuheen nousun, mutta tutkimus k\u00e4tkettiin p\u00f6yt\u00e4laatikkoon. Kirjoitin pari viikkoa sitten&nbsp;vihan valtavirtaistumisesta, ja siit\u00e4, ett\u00e4 vihan nouse&hellip;\" \/>\n<meta property=\"og:url\" content=\"https:\/\/suomenkuvalehti.fi\/rajalla\/2016\/02\/12\/suomalaisten-tunnelmat-romahtivat-jo-2012-mutta-siita-ei-haluttu-kertoa\/\" \/>\n<meta property=\"og:site_name\" content=\"Rajalla\" \/>\n<meta property=\"article:published_time\" content=\"2016-02-12T08:51:04+00:00\" \/>\n<meta property=\"article:modified_time\" content=\"2016-02-12T09:45:54+00:00\" \/>\n<meta property=\"og:image\" content=\"https:\/\/suomenkuvalehti.fi\/rajalla\/wp-content\/uploads\/sites\/31\/2016\/01\/Na\u0308ytto\u0308kuva-2016-01-28-kello-23.42.02.png\" \/>\n\t<meta property=\"og:image:width\" content=\"478\" \/>\n\t<meta property=\"og:image:height\" content=\"367\" \/>\n\t<meta property=\"og:image:type\" content=\"image\/png\" \/>\n<meta name=\"author\" content=\"Lari Lohikoski\" \/>\n<meta name=\"twitter:card\" content=\"summary_large_image\" \/>\n<meta name=\"twitter:creator\" content=\"@https:\/\/twitter.com\/laril\" \/>\n<meta name=\"twitter:label1\" content=\"Written by\" \/>\n\t<meta name=\"twitter:data1\" content=\"Lari Lohikoski\" \/>\n\t<meta name=\"twitter:label2\" content=\"Est. reading time\" \/>\n\t<meta name=\"twitter:data2\" content=\"3 minuuttia\" \/>\n<script type=\"application\/ld+json\" class=\"yoast-schema-graph\">{\"@context\":\"https:\/\/schema.org\",\"@graph\":[{\"@type\":\"WebPage\",\"@id\":\"https:\/\/suomenkuvalehti.fi\/rajalla\/2016\/02\/12\/suomalaisten-tunnelmat-romahtivat-jo-2012-mutta-siita-ei-haluttu-kertoa\/\",\"url\":\"https:\/\/suomenkuvalehti.fi\/rajalla\/2016\/02\/12\/suomalaisten-tunnelmat-romahtivat-jo-2012-mutta-siita-ei-haluttu-kertoa\/\",\"name\":\"Suomalaisten tunnelmat romahtivat jo 2012, mutta siit\u00e4 ei haluttu kertoa - Rajalla\",\"isPartOf\":{\"@id\":\"https:\/\/suomenkuvalehti.fi\/rajalla\/#website\"},\"primaryImageOfPage\":{\"@id\":\"https:\/\/suomenkuvalehti.fi\/rajalla\/2016\/02\/12\/suomalaisten-tunnelmat-romahtivat-jo-2012-mutta-siita-ei-haluttu-kertoa\/#primaryimage\"},\"image\":{\"@id\":\"https:\/\/suomenkuvalehti.fi\/rajalla\/2016\/02\/12\/suomalaisten-tunnelmat-romahtivat-jo-2012-mutta-siita-ei-haluttu-kertoa\/#primaryimage\"},\"thumbnailUrl\":\"https:\/\/suomenkuvalehti.fi\/rajalla\/wp-content\/uploads\/sites\/31\/2016\/02\/turhautuneet.png\",\"datePublished\":\"2016-02-12T08:51:04+00:00\",\"dateModified\":\"2016-02-12T09:45:54+00:00\",\"author\":{\"@id\":\"https:\/\/suomenkuvalehti.fi\/rajalla\/#\/schema\/person\/21b943cee2927bf5c068f383b085d2ff\"},\"breadcrumb\":{\"@id\":\"https:\/\/suomenkuvalehti.fi\/rajalla\/2016\/02\/12\/suomalaisten-tunnelmat-romahtivat-jo-2012-mutta-siita-ei-haluttu-kertoa\/#breadcrumb\"},\"inLanguage\":\"fi\",\"potentialAction\":[{\"@type\":\"ReadAction\",\"target\":[\"https:\/\/suomenkuvalehti.fi\/rajalla\/2016\/02\/12\/suomalaisten-tunnelmat-romahtivat-jo-2012-mutta-siita-ei-haluttu-kertoa\/\"]}]},{\"@type\":\"ImageObject\",\"inLanguage\":\"fi\",\"@id\":\"https:\/\/suomenkuvalehti.fi\/rajalla\/2016\/02\/12\/suomalaisten-tunnelmat-romahtivat-jo-2012-mutta-siita-ei-haluttu-kertoa\/#primaryimage\",\"url\":\"https:\/\/suomenkuvalehti.fi\/rajalla\/wp-content\/uploads\/sites\/31\/2016\/02\/turhautuneet.png\",\"contentUrl\":\"https:\/\/suomenkuvalehti.fi\/rajalla\/wp-content\/uploads\/sites\/31\/2016\/02\/turhautuneet.png\"},{\"@type\":\"BreadcrumbList\",\"@id\":\"https:\/\/suomenkuvalehti.fi\/rajalla\/2016\/02\/12\/suomalaisten-tunnelmat-romahtivat-jo-2012-mutta-siita-ei-haluttu-kertoa\/#breadcrumb\",\"itemListElement\":[{\"@type\":\"ListItem\",\"position\":1,\"name\":\"Home\",\"item\":\"https:\/\/suomenkuvalehti.fi\/rajalla\/\"},{\"@type\":\"ListItem\",\"position\":2,\"name\":\"Suomalaisten tunnelmat romahtivat jo 2012, mutta siit\u00e4 ei haluttu kertoa\"}]},{\"@type\":\"WebSite\",\"@id\":\"https:\/\/suomenkuvalehti.fi\/rajalla\/#website\",\"url\":\"https:\/\/suomenkuvalehti.fi\/rajalla\/\",\"name\":\"Rajalla\",\"description\":\"Kirkon asiantuntijajoukko bloggaa yhteiskunnan ja kirkon rajapinnoilta.\",\"potentialAction\":[{\"@type\":\"SearchAction\",\"target\":{\"@type\":\"EntryPoint\",\"urlTemplate\":\"https:\/\/suomenkuvalehti.fi\/haku\/?q={search_term_string}\"},\"query-input\":{\"@type\":\"PropertyValueSpecification\",\"valueRequired\":true,\"valueName\":\"search_term_string\"}}],\"inLanguage\":\"fi\"},{\"@type\":\"Person\",\"@id\":\"https:\/\/suomenkuvalehti.fi\/rajalla\/#\/schema\/person\/21b943cee2927bf5c068f383b085d2ff\",\"name\":\"Lari Lohikoski\",\"description\":\"Kirjoittaja on verkkoviestint\u00e4p\u00e4\u00e4llikk\u00f6 Kirkon tiedotuskeskuksessa, joka aiemman ty\u00f6uransa on ty\u00f6skennellyt digitaalisten innovaatioiden parissa, mutta ehti ennen digiuraansa opiskella my\u00f6s teologiksi.\",\"sameAs\":[\"https:\/\/x.com\/https:\/\/twitter.com\/laril\"]}]}<\/script>\n<!-- \/ Yoast SEO plugin. -->","yoast_head_json":{"title":"Suomalaisten tunnelmat romahtivat jo 2012, mutta siit\u00e4 ei haluttu kertoa - Rajalla","robots":{"index":"index","follow":"follow","max-snippet":"max-snippet:-1","max-image-preview":"max-image-preview:large","max-video-preview":"max-video-preview:-1"},"canonical":"https:\/\/suomenkuvalehti.fi\/rajalla\/2016\/02\/12\/suomalaisten-tunnelmat-romahtivat-jo-2012-mutta-siita-ei-haluttu-kertoa\/","og_locale":"fi_FI","og_type":"article","og_title":"Suomalaisten tunnelmat romahtivat jo 2012, mutta siit\u00e4 ei haluttu kertoa - Rajalla","og_description":"Ministeri\u00f6iden tutkimus paljasti suomalaisten tulevaisuudenuskon&nbsp;romahtaneen jo 2012 ja ennusti vihapuheen nousun, mutta tutkimus k\u00e4tkettiin p\u00f6yt\u00e4laatikkoon. Kirjoitin pari viikkoa sitten&nbsp;vihan valtavirtaistumisesta, ja siit\u00e4, ett\u00e4 vihan nouse&hellip;","og_url":"https:\/\/suomenkuvalehti.fi\/rajalla\/2016\/02\/12\/suomalaisten-tunnelmat-romahtivat-jo-2012-mutta-siita-ei-haluttu-kertoa\/","og_site_name":"Rajalla","article_published_time":"2016-02-12T08:51:04+00:00","article_modified_time":"2016-02-12T09:45:54+00:00","og_image":[{"width":478,"height":367,"url":"https:\/\/suomenkuvalehti.fi\/rajalla\/wp-content\/uploads\/sites\/31\/2016\/01\/Na\u0308ytto\u0308kuva-2016-01-28-kello-23.42.02.png","type":"image\/png"}],"author":"Lari Lohikoski","twitter_card":"summary_large_image","twitter_creator":"@https:\/\/twitter.com\/laril","twitter_misc":{"Written by":"Lari Lohikoski","Est. reading time":"3 minuuttia"},"schema":{"@context":"https:\/\/schema.org","@graph":[{"@type":"WebPage","@id":"https:\/\/suomenkuvalehti.fi\/rajalla\/2016\/02\/12\/suomalaisten-tunnelmat-romahtivat-jo-2012-mutta-siita-ei-haluttu-kertoa\/","url":"https:\/\/suomenkuvalehti.fi\/rajalla\/2016\/02\/12\/suomalaisten-tunnelmat-romahtivat-jo-2012-mutta-siita-ei-haluttu-kertoa\/","name":"Suomalaisten tunnelmat romahtivat jo 2012, mutta siit\u00e4 ei haluttu kertoa - Rajalla","isPartOf":{"@id":"https:\/\/suomenkuvalehti.fi\/rajalla\/#website"},"primaryImageOfPage":{"@id":"https:\/\/suomenkuvalehti.fi\/rajalla\/2016\/02\/12\/suomalaisten-tunnelmat-romahtivat-jo-2012-mutta-siita-ei-haluttu-kertoa\/#primaryimage"},"image":{"@id":"https:\/\/suomenkuvalehti.fi\/rajalla\/2016\/02\/12\/suomalaisten-tunnelmat-romahtivat-jo-2012-mutta-siita-ei-haluttu-kertoa\/#primaryimage"},"thumbnailUrl":"https:\/\/suomenkuvalehti.fi\/rajalla\/wp-content\/uploads\/sites\/31\/2016\/02\/turhautuneet.png","datePublished":"2016-02-12T08:51:04+00:00","dateModified":"2016-02-12T09:45:54+00:00","author":{"@id":"https:\/\/suomenkuvalehti.fi\/rajalla\/#\/schema\/person\/21b943cee2927bf5c068f383b085d2ff"},"breadcrumb":{"@id":"https:\/\/suomenkuvalehti.fi\/rajalla\/2016\/02\/12\/suomalaisten-tunnelmat-romahtivat-jo-2012-mutta-siita-ei-haluttu-kertoa\/#breadcrumb"},"inLanguage":"fi","potentialAction":[{"@type":"ReadAction","target":["https:\/\/suomenkuvalehti.fi\/rajalla\/2016\/02\/12\/suomalaisten-tunnelmat-romahtivat-jo-2012-mutta-siita-ei-haluttu-kertoa\/"]}]},{"@type":"ImageObject","inLanguage":"fi","@id":"https:\/\/suomenkuvalehti.fi\/rajalla\/2016\/02\/12\/suomalaisten-tunnelmat-romahtivat-jo-2012-mutta-siita-ei-haluttu-kertoa\/#primaryimage","url":"https:\/\/suomenkuvalehti.fi\/rajalla\/wp-content\/uploads\/sites\/31\/2016\/02\/turhautuneet.png","contentUrl":"https:\/\/suomenkuvalehti.fi\/rajalla\/wp-content\/uploads\/sites\/31\/2016\/02\/turhautuneet.png"},{"@type":"BreadcrumbList","@id":"https:\/\/suomenkuvalehti.fi\/rajalla\/2016\/02\/12\/suomalaisten-tunnelmat-romahtivat-jo-2012-mutta-siita-ei-haluttu-kertoa\/#breadcrumb","itemListElement":[{"@type":"ListItem","position":1,"name":"Home","item":"https:\/\/suomenkuvalehti.fi\/rajalla\/"},{"@type":"ListItem","position":2,"name":"Suomalaisten tunnelmat romahtivat jo 2012, mutta siit\u00e4 ei haluttu kertoa"}]},{"@type":"WebSite","@id":"https:\/\/suomenkuvalehti.fi\/rajalla\/#website","url":"https:\/\/suomenkuvalehti.fi\/rajalla\/","name":"Rajalla","description":"Kirkon asiantuntijajoukko bloggaa yhteiskunnan ja kirkon rajapinnoilta.","potentialAction":[{"@type":"SearchAction","target":{"@type":"EntryPoint","urlTemplate":"https:\/\/suomenkuvalehti.fi\/haku\/?q={search_term_string}"},"query-input":{"@type":"PropertyValueSpecification","valueRequired":true,"valueName":"search_term_string"}}],"inLanguage":"fi"},{"@type":"Person","@id":"https:\/\/suomenkuvalehti.fi\/rajalla\/#\/schema\/person\/21b943cee2927bf5c068f383b085d2ff","name":"Lari Lohikoski","description":"Kirjoittaja on verkkoviestint\u00e4p\u00e4\u00e4llikk\u00f6 Kirkon tiedotuskeskuksessa, joka aiemman ty\u00f6uransa on ty\u00f6skennellyt digitaalisten innovaatioiden parissa, mutta ehti ennen digiuraansa opiskella my\u00f6s teologiksi.","sameAs":["https:\/\/x.com\/https:\/\/twitter.com\/laril"]}]}},"_links":{"self":[{"href":"https:\/\/suomenkuvalehti.fi\/rajalla\/wp-json\/wp\/v2\/posts\/793","targetHints":{"allow":["GET"]}}],"collection":[{"href":"https:\/\/suomenkuvalehti.fi\/rajalla\/wp-json\/wp\/v2\/posts"}],"about":[{"href":"https:\/\/suomenkuvalehti.fi\/rajalla\/wp-json\/wp\/v2\/types\/post"}],"author":[{"embeddable":true,"href":"https:\/\/suomenkuvalehti.fi\/rajalla\/wp-json\/wp\/v2\/users\/23780"}],"replies":[{"embeddable":true,"href":"https:\/\/suomenkuvalehti.fi\/rajalla\/wp-json\/wp\/v2\/comments?post=793"}],"version-history":[{"count":29,"href":"https:\/\/suomenkuvalehti.fi\/rajalla\/wp-json\/wp\/v2\/posts\/793\/revisions"}],"predecessor-version":[{"id":882,"href":"https:\/\/suomenkuvalehti.fi\/rajalla\/wp-json\/wp\/v2\/posts\/793\/revisions\/882"}],"wp:attachment":[{"href":"https:\/\/suomenkuvalehti.fi\/rajalla\/wp-json\/wp\/v2\/media?parent=793"}],"wp:term":[{"taxonomy":"category","embeddable":true,"href":"https:\/\/suomenkuvalehti.fi\/rajalla\/wp-json\/wp\/v2\/categories?post=793"},{"taxonomy":"post_tag","embeddable":true,"href":"https:\/\/suomenkuvalehti.fi\/rajalla\/wp-json\/wp\/v2\/tags?post=793"}],"curies":[{"name":"wp","href":"https:\/\/api.w.org\/{rel}","templated":true}]}}