{"id":763,"date":"2016-01-25T17:21:01","date_gmt":"2016-01-25T15:21:01","guid":{"rendered":"https:\/\/suomenkuvalehti.fi\/rajalla\/?p=763"},"modified":"2016-01-25T17:21:01","modified_gmt":"2016-01-25T15:21:01","slug":"viha-ei-valtavirtaistunut-sattumalta","status":"publish","type":"post","link":"https:\/\/suomenkuvalehti.fi\/rajalla\/2016\/01\/25\/viha-ei-valtavirtaistunut-sattumalta\/","title":{"rendered":"Viha ei valtavirtaistunut sattumalta"},"content":{"rendered":"\n<p><span style=\"font-weight: 400;\">Vihan valtavirtaistuminen viime vuoden aikana j\u00e4rkytti varmasti useimpia, mutta se ei tapahtunut sattumalta.<\/span><\/p>\n\n\n\n<p><span style=\"font-weight: 400;\">Ennen viime vuottakin oli toki jo puhuttu trolleista&nbsp;ja verkossa t\u00f6rm\u00e4si useinkin satunnaisiin p\u00f6typuheisiin, mutta se mittakaava, jolla viha, raivo ja suoranaiset valheet nousivat pinnalle kev\u00e4\u00e4n ja syksyn 2015 v\u00e4lill\u00e4 tuli kuitenkin yll\u00e4tyksen\u00e4. Yht\u00e4kki\u00e4 olikin yh\u00e4 useammille ihan normaalia tuoda esille&nbsp;sellaisia ennakkoluulojaan, joiden julkista ilmaisua olisi aiemmin kuka tahansa terve ihminen h\u00e4vennyt.<\/span><\/p>\n\n\n\n<p><span style=\"font-weight: 400;\">Toki reaktiolle oli my\u00f6s syyns\u00e4: suomalainen yhteiskunta ei ollut korskeimmassa vaiheessaan &#8211; talous t\u00f6kki ja ty\u00f6tt\u00f6myys oli jatkuvassa kasvussa, mutta oli samoja yhteiskunnallisia vaikeuksia aiemminkin kohdattu. Sokean someraivon irti p\u00e4\u00e4semisell\u00e4 oli kuitenkin tekij\u00e4ns\u00e4: oli pienehk\u00f6 vihaa aktiivisesti ja tarkoituksella lietsova joukko ja n\u00e4iden tukena laajempi tulevaisuudenuskonsa ja turvallisuudentunteensa menett\u00e4nyt seuraajakunta, jolle vihan ideologia tarjosi ilmaisukanavan peloille ja tyytym\u00e4tt\u00f6myydelle. <\/span><\/p>\n\n\n\n<p><span style=\"font-weight: 400;\">Perisuomalainen h\u00e4veli\u00e4isyys tuskin kuitenkaan olisi sallinut avointa toisten suomalaisten kimppuun k\u00e4ymist\u00e4, ellei t\u00e4t\u00e4 samaa vihapuhetta olisi my\u00f6s k\u00e4ytetty politiikan teon v\u00e4lineen\u00e4. Toki varsinaisen poliittisen puheen tasolla s\u00e4ilytettiin tietty sivistyneisyys, mutta teot puhuivat toista &#8211; &nbsp;k\u00e4vi ilmi, ett\u00e4 merkitt\u00e4v\u00e4 osa suomalaisesta poliittisesta kent\u00e4st\u00e4 voi ihan hyvin el\u00e4\u00e4 sen kanssa, ett\u00e4 keskeiset yhteisty\u00f6kumppanit tai jopa saman poliittisen liikkeen j\u00e4senet julkisesti haaveilevat rotusodasta, levitt\u00e4v\u00e4t v\u00e4\u00e4ristelty\u00e4 totuutta toisista ihmisist\u00e4 tai tietoisesti rakentavat suomalaisen yhteiskunnan sis\u00e4lle uusia vastakkainasetteluita. <\/span><\/p>\n\n\n\n<p><span style=\"font-weight: 400;\">Kielen ja puheen merkityst\u00e4 todellisuuden m\u00e4\u00e4ritt\u00e4j\u00e4n\u00e4 ei ilmeisesti ymm\u00e4rretty, vai pidettiink\u00f6 sit\u00e4 \u201cpehme\u00e4n\u00e4\u201d asiana, joka ei saisi h\u00e4irit\u00e4 \u201ckovien\u201d asioiden l\u00e4pivienti\u00e4? <\/span><\/p>\n\n\n\n<p><span style=\"font-weight: 400;\">Kieli kuitenkin luo todellisuutta: suomen kieleen on viimeisen vuoden aikana lanseerattu iso joukko nopeasti vakiintuneita ja valtavirtaistuneita k\u00e4sitteit\u00e4, joiden ainoa tarkoitus on ollut leimata muita ihmisi\u00e4 ja luoda uusia jakolinjoja. Suomalaisen yhteiskunnan perusarvojen, perustuslakiinkin kirjattujen periaatteiden puolustajia on ryhdytty kutsumaan \u201csuvakeiksi\u201d, ik\u00e4\u00e4nkuin suomalaisen yhteiskunnan perusarvot olisi rakennettu jotenkin vajaa\u00e4lyisesti. Samalla empatiasta, jolle perustuu kaikkien sosiaalisten el\u00e4inten yhteisel\u00e4m\u00e4, on alettu puhumaan heikkoutena. <\/span><\/p>\n\n\n\n<p><span style=\"font-weight: 400;\">My\u00f6s kirkko on saanut kaikesta t\u00e4st\u00e4 vihasta oman osansa, ja v\u00e4liin v\u00e4h\u00e4n enemm\u00e4nkin. On silti kohtuutonta syytt\u00e4\u00e4 kirkkoa naiiviksi sen auttaessa hankalassa tilanteessa olevia l\u00e4himm\u00e4isi\u00e4 &#8211; suomalaisia tai muualta l\u00e4hteneit\u00e4. Tietenkin turvapaikanhakijoiden joukossa on my\u00f6s seikkailijoita, onnenonkijoita ja aivan varmasti&nbsp;my\u00f6s rikollisia. On my\u00f6s ihan mahdollista, ett\u00e4 eri tahot <a href=\"http:\/\/www.suomenmaa.fi\/?app=NeoDirect&amp;com=6%2F3%2F73213%2F25f56dc2a8&amp;utm_campaign=shareaholic&amp;utm_medium=twitter&amp;utm_source=socialnetwork\">k\u00e4ytt\u00e4v\u00e4t pakolaisia hyv\u00e4kseen pyrkimyksess\u00e4\u00e4n <\/a>horjuttaa Eurooppaa, mutta se ei suinkaan tee pakolaisista kanssarikollisia, vaan entist\u00e4 h\u00e4d\u00e4nalaisempia.&nbsp;<\/span><\/p>\n\n\n\n<p><span style=\"font-weight: 400;\">Paras vastaus suomalaisten ja eurooppalaisten arvojen horjutusyrityksiin ei ole n\u00e4ist\u00e4 arvoista luopuminen, vaan entist\u00e4 voimakkaampi niihin tukeutuminen. Jos poliittisilta p\u00e4\u00e4tt\u00e4jilt\u00e4 puuttuu halua tai kyky\u00e4 t\u00e4llaisen arvojohtajuuden ottamiseen, niin onneksi kuitenkin on kirkko, jolle arvoista puhuminen, niiden puolustaminen ja niiden mukaan el\u00e4minen on sen identiteetin ytimess\u00e4.&nbsp;<\/span><\/p>\n\n\n","protected":false},"excerpt":{"rendered":"<p>Vihan valtavirtaistuminen viime vuoden aikana j\u00e4rkytti varmasti useimpia, mutta se ei tapahtunut sattumalta. Ennen viime vuottakin oli toki jo puhuttu trolleista&nbsp;ja verkossa t\u00f6rm\u00e4si useinkin satunnaisiin p\u00f6typuheisiin, mutta se mittakaava, jolla viha, raivo ja suoranaiset valheet<br \/>\nnou&hellip;<\/p>\n","protected":false},"author":23780,"featured_media":0,"comment_status":"open","ping_status":"closed","sticky":false,"template":"","format":"standard","meta":{"_acf_changed":false,"asauth_required_access_level":0,"asauth_cansharepaid":"true","om_header_attributes":[],"footnotes":"","om_featured_image_focal_point":[],"om_primary_tag":0,"om_contributors":[],"om_co_authors":[],"beyondwords_generate_audio":"","beyondwords_project_id":"","beyondwords_content_id":"","beyondwords_preview_token":"","beyondwords_player_content":"","beyondwords_player_style":"","beyondwords_language_code":"","beyondwords_language_id":"","beyondwords_title_voice_id":"","beyondwords_body_voice_id":"","beyondwords_summary_voice_id":"","beyondwords_error_message":"","beyondwords_disabled":"","beyondwords_delete_content":"","beyondwords_podcast_id":"","beyondwords_hash":"","publish_post_to_speechkit":"","speechkit_hash":"","speechkit_generate_audio":"","speechkit_project_id":"","speechkit_podcast_id":"","speechkit_error_message":"","speechkit_disabled":"","speechkit_access_key":"","speechkit_error":"","speechkit_info":"","speechkit_response":"","speechkit_retries":"","speechkit_status":"","speechkit_updated_at":"","_speechkit_link":"","_speechkit_text":""},"categories":[1],"tags":[],"class_list":["post-763","post","type-post","status-publish","format-standard","hentry","category-rajalla"],"om_views":null,"acf":{"tuuma_off":false,"tuuma_kysymys":"","tuuma_vastaus":""},"asauth":{"required_access_level":1,"share_token":"","is_paid":false},"yoast_head":"<!-- This site is optimized with the Yoast SEO plugin v26.4 - https:\/\/yoast.com\/wordpress\/plugins\/seo\/ -->\n<title>Viha ei valtavirtaistunut sattumalta - Rajalla<\/title>\n<meta name=\"robots\" content=\"index, follow, max-snippet:-1, max-image-preview:large, max-video-preview:-1\" \/>\n<link rel=\"canonical\" href=\"https:\/\/suomenkuvalehti.fi\/rajalla\/2016\/01\/25\/viha-ei-valtavirtaistunut-sattumalta\/\" \/>\n<meta property=\"og:locale\" content=\"fi_FI\" \/>\n<meta property=\"og:type\" content=\"article\" \/>\n<meta property=\"og:title\" content=\"Viha ei valtavirtaistunut sattumalta - Rajalla\" \/>\n<meta property=\"og:description\" content=\"Vihan valtavirtaistuminen viime vuoden aikana j\u00e4rkytti varmasti useimpia, mutta se ei tapahtunut sattumalta. Ennen viime vuottakin oli toki jo puhuttu trolleista&nbsp;ja verkossa t\u00f6rm\u00e4si useinkin satunnaisiin p\u00f6typuheisiin, mutta se mittakaava, jolla viha, raivo ja suoranaiset valheet nou&hellip;\" \/>\n<meta property=\"og:url\" content=\"https:\/\/suomenkuvalehti.fi\/rajalla\/2016\/01\/25\/viha-ei-valtavirtaistunut-sattumalta\/\" \/>\n<meta property=\"og:site_name\" content=\"Rajalla\" \/>\n<meta property=\"article:published_time\" content=\"2016-01-25T15:21:01+00:00\" \/>\n<meta name=\"author\" content=\"Lari Lohikoski\" \/>\n<meta name=\"twitter:card\" content=\"summary_large_image\" \/>\n<meta name=\"twitter:creator\" content=\"@https:\/\/twitter.com\/laril\" \/>\n<meta name=\"twitter:label1\" content=\"Written by\" \/>\n\t<meta name=\"twitter:data1\" content=\"Lari Lohikoski\" \/>\n\t<meta name=\"twitter:label2\" content=\"Est. reading time\" \/>\n\t<meta name=\"twitter:data2\" content=\"2 minuuttia\" \/>\n<script type=\"application\/ld+json\" class=\"yoast-schema-graph\">{\"@context\":\"https:\/\/schema.org\",\"@graph\":[{\"@type\":\"WebPage\",\"@id\":\"https:\/\/suomenkuvalehti.fi\/rajalla\/2016\/01\/25\/viha-ei-valtavirtaistunut-sattumalta\/\",\"url\":\"https:\/\/suomenkuvalehti.fi\/rajalla\/2016\/01\/25\/viha-ei-valtavirtaistunut-sattumalta\/\",\"name\":\"Viha ei valtavirtaistunut sattumalta - Rajalla\",\"isPartOf\":{\"@id\":\"https:\/\/suomenkuvalehti.fi\/rajalla\/#website\"},\"datePublished\":\"2016-01-25T15:21:01+00:00\",\"author\":{\"@id\":\"https:\/\/suomenkuvalehti.fi\/rajalla\/#\/schema\/person\/21b943cee2927bf5c068f383b085d2ff\"},\"breadcrumb\":{\"@id\":\"https:\/\/suomenkuvalehti.fi\/rajalla\/2016\/01\/25\/viha-ei-valtavirtaistunut-sattumalta\/#breadcrumb\"},\"inLanguage\":\"fi\",\"potentialAction\":[{\"@type\":\"ReadAction\",\"target\":[\"https:\/\/suomenkuvalehti.fi\/rajalla\/2016\/01\/25\/viha-ei-valtavirtaistunut-sattumalta\/\"]}]},{\"@type\":\"BreadcrumbList\",\"@id\":\"https:\/\/suomenkuvalehti.fi\/rajalla\/2016\/01\/25\/viha-ei-valtavirtaistunut-sattumalta\/#breadcrumb\",\"itemListElement\":[{\"@type\":\"ListItem\",\"position\":1,\"name\":\"Home\",\"item\":\"https:\/\/suomenkuvalehti.fi\/rajalla\/\"},{\"@type\":\"ListItem\",\"position\":2,\"name\":\"Viha ei valtavirtaistunut sattumalta\"}]},{\"@type\":\"WebSite\",\"@id\":\"https:\/\/suomenkuvalehti.fi\/rajalla\/#website\",\"url\":\"https:\/\/suomenkuvalehti.fi\/rajalla\/\",\"name\":\"Rajalla\",\"description\":\"Kirkon asiantuntijajoukko bloggaa yhteiskunnan ja kirkon rajapinnoilta.\",\"potentialAction\":[{\"@type\":\"SearchAction\",\"target\":{\"@type\":\"EntryPoint\",\"urlTemplate\":\"https:\/\/suomenkuvalehti.fi\/haku\/?q={search_term_string}\"},\"query-input\":{\"@type\":\"PropertyValueSpecification\",\"valueRequired\":true,\"valueName\":\"search_term_string\"}}],\"inLanguage\":\"fi\"},{\"@type\":\"Person\",\"@id\":\"https:\/\/suomenkuvalehti.fi\/rajalla\/#\/schema\/person\/21b943cee2927bf5c068f383b085d2ff\",\"name\":\"Lari Lohikoski\",\"description\":\"Kirjoittaja on verkkoviestint\u00e4p\u00e4\u00e4llikk\u00f6 Kirkon tiedotuskeskuksessa, joka aiemman ty\u00f6uransa on ty\u00f6skennellyt digitaalisten innovaatioiden parissa, mutta ehti ennen digiuraansa opiskella my\u00f6s teologiksi.\",\"sameAs\":[\"https:\/\/x.com\/https:\/\/twitter.com\/laril\"]}]}<\/script>\n<!-- \/ Yoast SEO plugin. -->","yoast_head_json":{"title":"Viha ei valtavirtaistunut sattumalta - Rajalla","robots":{"index":"index","follow":"follow","max-snippet":"max-snippet:-1","max-image-preview":"max-image-preview:large","max-video-preview":"max-video-preview:-1"},"canonical":"https:\/\/suomenkuvalehti.fi\/rajalla\/2016\/01\/25\/viha-ei-valtavirtaistunut-sattumalta\/","og_locale":"fi_FI","og_type":"article","og_title":"Viha ei valtavirtaistunut sattumalta - Rajalla","og_description":"Vihan valtavirtaistuminen viime vuoden aikana j\u00e4rkytti varmasti useimpia, mutta se ei tapahtunut sattumalta. Ennen viime vuottakin oli toki jo puhuttu trolleista&nbsp;ja verkossa t\u00f6rm\u00e4si useinkin satunnaisiin p\u00f6typuheisiin, mutta se mittakaava, jolla viha, raivo ja suoranaiset valheet nou&hellip;","og_url":"https:\/\/suomenkuvalehti.fi\/rajalla\/2016\/01\/25\/viha-ei-valtavirtaistunut-sattumalta\/","og_site_name":"Rajalla","article_published_time":"2016-01-25T15:21:01+00:00","author":"Lari Lohikoski","twitter_card":"summary_large_image","twitter_creator":"@https:\/\/twitter.com\/laril","twitter_misc":{"Written by":"Lari Lohikoski","Est. reading time":"2 minuuttia"},"schema":{"@context":"https:\/\/schema.org","@graph":[{"@type":"WebPage","@id":"https:\/\/suomenkuvalehti.fi\/rajalla\/2016\/01\/25\/viha-ei-valtavirtaistunut-sattumalta\/","url":"https:\/\/suomenkuvalehti.fi\/rajalla\/2016\/01\/25\/viha-ei-valtavirtaistunut-sattumalta\/","name":"Viha ei valtavirtaistunut sattumalta - Rajalla","isPartOf":{"@id":"https:\/\/suomenkuvalehti.fi\/rajalla\/#website"},"datePublished":"2016-01-25T15:21:01+00:00","author":{"@id":"https:\/\/suomenkuvalehti.fi\/rajalla\/#\/schema\/person\/21b943cee2927bf5c068f383b085d2ff"},"breadcrumb":{"@id":"https:\/\/suomenkuvalehti.fi\/rajalla\/2016\/01\/25\/viha-ei-valtavirtaistunut-sattumalta\/#breadcrumb"},"inLanguage":"fi","potentialAction":[{"@type":"ReadAction","target":["https:\/\/suomenkuvalehti.fi\/rajalla\/2016\/01\/25\/viha-ei-valtavirtaistunut-sattumalta\/"]}]},{"@type":"BreadcrumbList","@id":"https:\/\/suomenkuvalehti.fi\/rajalla\/2016\/01\/25\/viha-ei-valtavirtaistunut-sattumalta\/#breadcrumb","itemListElement":[{"@type":"ListItem","position":1,"name":"Home","item":"https:\/\/suomenkuvalehti.fi\/rajalla\/"},{"@type":"ListItem","position":2,"name":"Viha ei valtavirtaistunut sattumalta"}]},{"@type":"WebSite","@id":"https:\/\/suomenkuvalehti.fi\/rajalla\/#website","url":"https:\/\/suomenkuvalehti.fi\/rajalla\/","name":"Rajalla","description":"Kirkon asiantuntijajoukko bloggaa yhteiskunnan ja kirkon rajapinnoilta.","potentialAction":[{"@type":"SearchAction","target":{"@type":"EntryPoint","urlTemplate":"https:\/\/suomenkuvalehti.fi\/haku\/?q={search_term_string}"},"query-input":{"@type":"PropertyValueSpecification","valueRequired":true,"valueName":"search_term_string"}}],"inLanguage":"fi"},{"@type":"Person","@id":"https:\/\/suomenkuvalehti.fi\/rajalla\/#\/schema\/person\/21b943cee2927bf5c068f383b085d2ff","name":"Lari Lohikoski","description":"Kirjoittaja on verkkoviestint\u00e4p\u00e4\u00e4llikk\u00f6 Kirkon tiedotuskeskuksessa, joka aiemman ty\u00f6uransa on ty\u00f6skennellyt digitaalisten innovaatioiden parissa, mutta ehti ennen digiuraansa opiskella my\u00f6s teologiksi.","sameAs":["https:\/\/x.com\/https:\/\/twitter.com\/laril"]}]}},"_links":{"self":[{"href":"https:\/\/suomenkuvalehti.fi\/rajalla\/wp-json\/wp\/v2\/posts\/763","targetHints":{"allow":["GET"]}}],"collection":[{"href":"https:\/\/suomenkuvalehti.fi\/rajalla\/wp-json\/wp\/v2\/posts"}],"about":[{"href":"https:\/\/suomenkuvalehti.fi\/rajalla\/wp-json\/wp\/v2\/types\/post"}],"author":[{"embeddable":true,"href":"https:\/\/suomenkuvalehti.fi\/rajalla\/wp-json\/wp\/v2\/users\/23780"}],"replies":[{"embeddable":true,"href":"https:\/\/suomenkuvalehti.fi\/rajalla\/wp-json\/wp\/v2\/comments?post=763"}],"version-history":[{"count":23,"href":"https:\/\/suomenkuvalehti.fi\/rajalla\/wp-json\/wp\/v2\/posts\/763\/revisions"}],"predecessor-version":[{"id":786,"href":"https:\/\/suomenkuvalehti.fi\/rajalla\/wp-json\/wp\/v2\/posts\/763\/revisions\/786"}],"wp:attachment":[{"href":"https:\/\/suomenkuvalehti.fi\/rajalla\/wp-json\/wp\/v2\/media?parent=763"}],"wp:term":[{"taxonomy":"category","embeddable":true,"href":"https:\/\/suomenkuvalehti.fi\/rajalla\/wp-json\/wp\/v2\/categories?post=763"},{"taxonomy":"post_tag","embeddable":true,"href":"https:\/\/suomenkuvalehti.fi\/rajalla\/wp-json\/wp\/v2\/tags?post=763"}],"curies":[{"name":"wp","href":"https:\/\/api.w.org\/{rel}","templated":true}]}}