{"id":7,"date":"2013-11-13T12:07:41","date_gmt":"2013-11-13T10:07:41","guid":{"rendered":"https:\/\/suomenkuvalehti.fi\/rajalla\/2013\/11\/13\/tarinoita-vakivallasta-ja-vahan-rauhastakin\/"},"modified":"2013-11-13T12:07:41","modified_gmt":"2013-11-13T10:07:41","slug":"tarinoita-vakivallasta-ja-vahan-rauhastakin","status":"publish","type":"post","link":"https:\/\/suomenkuvalehti.fi\/rajalla\/2013\/11\/13\/tarinoita-vakivallasta-ja-vahan-rauhastakin\/","title":{"rendered":"Tarinoita v\u00e4kivallasta &#8211; ja v\u00e4h\u00e4n rauhastakin"},"content":{"rendered":"\n<p>K\u00e4vin maailmalla kyl\u00e4ss\u00e4. Vietin kymmenen p\u00e4iv\u00e4\u00e4 maailmanlaajassa<a href=\"http:\/\/wcc2013.info\/en%20\"> ekumeenisessa kokouksessa<\/a>, nelj\u00e4ntuhannen ihmisen seurassa. P\u00e4iv\u00e4t t\u00e4yttyiv\u00e4t kohtaamisista ja tarinoista &#8211; yksitt\u00e4isten ihmisten ja ihmisyhteis\u00f6jen tarinoista, sek\u00e4 julkisesti ett\u00e4 yksityisesti jaetuista.<\/p>\n\n\n\n<p>Useimmat tarinat olivat minulle uusia, avasivat uusia maailmoita. Monet meniv\u00e4t toisesta korvasta sis\u00e4\u00e4n, toisesta ulos sen kummempia muistij\u00e4lki\u00e4 j\u00e4tt\u00e4m\u00e4tt\u00e4. Jotkin pys\u00e4yttiv\u00e4t, koska loivat toivoa taikka synnyttiv\u00e4t raivoa, my\u00f6t\u00e4ntuntoa tai halua olla osana muutosta parempaan. Jotkin tarinat j\u00e4ttiv\u00e4t ehk\u00e4 l\u00e4htem\u00e4tt\u00f6m\u00e4n j\u00e4ljen omaan ymm\u00e4rrykseeni. Jotkin her\u00e4ttiv\u00e4t vain uusia kysymyksi\u00e4.<\/p>\n\n\n\n<p>&#8211; <a href=\"http:\/\/theforgivenessproject.com\/stories\/michael-lapsley-south-africa\/\" target=\"_blank\">Etel\u00e4afrikkalainen papp<\/a>i, joka on menett\u00e4nyt molemmat k\u00e4tens\u00e4 ja toisen silm\u00e4ns\u00e4 kirjepommin r\u00e4j\u00e4hdyksess\u00e4. Pommi oli tarkoitettu h\u00e4nelle, koska h\u00e4n oli osallistunut rotusorron vastaiseen ty\u00f6h\u00f6n. Se r\u00e4j\u00e4hti vain muutama p\u00e4iv\u00e4 sen j\u00e4lkeen kun Nelson Madela oli vapautunut vankilasta.<\/p>\n\n\n\n<p>&#8211; <a href=\"http:\/\/www.dalitsolidarity.org\/\">Dalitien energinen flash mob<\/a>. Laulun, tanssin ja rummutuksen v\u00e4liss\u00e4 osallistujat kertovat kastittomien todellisuudesta intialaisessa yhteiskunnassa ja uudesta vapautuksen teologiasta, joka on antanut toivoa ja voimaa yhteiskunnallisen muutoksen ajamiseen.<\/p>\n\n\n\n<p>&#8211; Korealainen rauhanteologi, joka puhuu oman niemimaansa poliittisesta tilanteesta, mutta samalla paljon laajemmasta asenteesta, joka kurottaa paikallisten kontekstien tuolle puolen: &#8221;Todellinen rauha on aivan toisenlaista, kuin mit\u00e4 pystymme edes kuvittelemaan.&#8221;<\/p>\n\n\n\n<p>&#8211; <a href=\"http:\/\/undesadspd.org\/IndigenousPeoples.aspx\">Alkuper\u00e4iskansat<\/a>, jotka kantavat edelleen kolonialismin perint\u00f6\u00e4 ja joiden j\u00e4senet kohtaavat edelleen valtav\u00e4est\u00f6n ennakkoluuloja &#8211; aivan erityisesti se tytt\u00f6, jolle rippikoulunopettaja oli kertonut, ettei t\u00e4ll\u00e4 voi etnisen alkuper\u00e4ns\u00e4 vuoksi olla osaa kristillisest\u00e4 pelastuksesta.<\/p>\n\n\n\n<p>&#8211; Keski-afrikkalainen kyl\u00e4yhteis\u00f6, jossa perheen sis\u00e4inen v\u00e4kivalta on sukupolvien ajan ollut osa kulttuuria, alkaa kyseenalaistaa v\u00e4kivallan perinnett\u00e4. Muutos alkaa tapahtua samaan aikaan, kun kyl\u00e4l\u00e4isten saavat ensimm\u00e4ist\u00e4 kertaa luettavakseen Raamatun omalla \u00e4idinkielell\u00e4\u00e4n.<\/p>\n\n\n\n<p>&#8211; Kokouspaikan ulkopuolella p\u00e4ivyst\u00e4neet mielenosoittajat, joiden mielest\u00e4 kokouksemme on Perkeleest\u00e4 ja sen osallistujat kristillisen uskon pettureita.<\/p>\n\n\n\n<p>Monet n\u00e4ist\u00e4 tarinoista kertovat v\u00e4kivallasta &#8211; fyysisest\u00e4 tai psyykkisest\u00e4 &#8211; ja sen voittamisesta.<\/p>\n\n\n\n<p>Minut pys\u00e4ytti aivan erityisesti yksi: se ikuiseen kadotukseen manattu rippikoulutytt\u00f6. Tytt\u00f6 on saamelainen, ja se tarina &#8211; se on nykyp\u00e4iv\u00e4n Suomesta.<\/p>\n\n\n","protected":false},"excerpt":{"rendered":"<p>K\u00e4vin maailmalla kyl\u00e4ss\u00e4. Vietin kymmenen p\u00e4iv\u00e4\u00e4 maailmanlaajassa ekumeenisessa kokouksessa, nelj\u00e4ntuhannen ihmisen seurassa. P\u00e4iv\u00e4t t\u00e4yttyiv\u00e4t kohtaamisista ja tarinoista &#8211; yksitt\u00e4isten ihmisten ja ihmisyhteis\u00f6jen tarinoista, sek\u00e4 julkisesti ett\u00e4<br \/>\nyksityisesti j&hellip;<\/p>\n","protected":false},"author":522,"featured_media":0,"comment_status":"open","ping_status":"open","sticky":false,"template":"","format":"standard","meta":{"_acf_changed":false,"asauth_required_access_level":0,"asauth_cansharepaid":"","om_header_attributes":[],"footnotes":"","om_featured_image_focal_point":[],"om_primary_tag":0,"om_contributors":[],"om_co_authors":[],"beyondwords_generate_audio":"","beyondwords_project_id":"","beyondwords_content_id":"","beyondwords_preview_token":"","beyondwords_player_content":"","beyondwords_player_style":"","beyondwords_language_code":"","beyondwords_language_id":"","beyondwords_title_voice_id":"","beyondwords_body_voice_id":"","beyondwords_summary_voice_id":"","beyondwords_error_message":"","beyondwords_disabled":"","beyondwords_delete_content":"","beyondwords_podcast_id":"","beyondwords_hash":"","publish_post_to_speechkit":"","speechkit_hash":"","speechkit_generate_audio":"","speechkit_project_id":"","speechkit_podcast_id":"","speechkit_error_message":"","speechkit_disabled":"","speechkit_access_key":"","speechkit_error":"","speechkit_info":"","speechkit_response":"","speechkit_retries":"","speechkit_status":"","speechkit_updated_at":"","_speechkit_link":"","_speechkit_text":""},"categories":[1],"tags":[13,14,12,11,16,15],"class_list":["post-7","post","type-post","status-publish","format-standard","hentry","category-rajalla","tag-alkuperaiskansat","tag-dalitit","tag-ekumenia","tag-kmn","tag-rauha","tag-sota"],"om_views":null,"acf":{"tuuma_off":false,"tuuma_kysymys":"","tuuma_vastaus":""},"asauth":{"required_access_level":1,"share_token":"","is_paid":false},"yoast_head":"<!-- This site is optimized with the Yoast SEO plugin v26.4 - https:\/\/yoast.com\/wordpress\/plugins\/seo\/ -->\n<title>Tarinoita v\u00e4kivallasta - ja v\u00e4h\u00e4n rauhastakin - Rajalla<\/title>\n<meta name=\"robots\" content=\"index, follow, max-snippet:-1, max-image-preview:large, max-video-preview:-1\" \/>\n<link rel=\"canonical\" href=\"https:\/\/suomenkuvalehti.fi\/rajalla\/2013\/11\/13\/tarinoita-vakivallasta-ja-vahan-rauhastakin\/\" \/>\n<meta property=\"og:locale\" content=\"fi_FI\" \/>\n<meta property=\"og:type\" content=\"article\" \/>\n<meta property=\"og:title\" content=\"Tarinoita v\u00e4kivallasta - ja v\u00e4h\u00e4n rauhastakin - Rajalla\" \/>\n<meta property=\"og:description\" content=\"K\u00e4vin maailmalla kyl\u00e4ss\u00e4. Vietin kymmenen p\u00e4iv\u00e4\u00e4 maailmanlaajassa ekumeenisessa kokouksessa, nelj\u00e4ntuhannen ihmisen seurassa. P\u00e4iv\u00e4t t\u00e4yttyiv\u00e4t kohtaamisista ja tarinoista &#8211; yksitt\u00e4isten ihmisten ja ihmisyhteis\u00f6jen tarinoista, sek\u00e4 julkisesti ett\u00e4 yksityisesti j&hellip;\" \/>\n<meta property=\"og:url\" content=\"https:\/\/suomenkuvalehti.fi\/rajalla\/2013\/11\/13\/tarinoita-vakivallasta-ja-vahan-rauhastakin\/\" \/>\n<meta property=\"og:site_name\" content=\"Rajalla\" \/>\n<meta property=\"article:published_time\" content=\"2013-11-13T10:07:41+00:00\" \/>\n<meta name=\"author\" content=\"Kaisamari Hintikka\" \/>\n<meta name=\"twitter:card\" content=\"summary_large_image\" \/>\n<meta name=\"twitter:label1\" content=\"Written by\" \/>\n\t<meta name=\"twitter:data1\" content=\"Kaisamari Hintikka\" \/>\n\t<meta name=\"twitter:label2\" content=\"Est. reading time\" \/>\n\t<meta name=\"twitter:data2\" content=\"2 minuuttia\" \/>\n<script type=\"application\/ld+json\" class=\"yoast-schema-graph\">{\"@context\":\"https:\/\/schema.org\",\"@graph\":[{\"@type\":\"WebPage\",\"@id\":\"https:\/\/suomenkuvalehti.fi\/rajalla\/2013\/11\/13\/tarinoita-vakivallasta-ja-vahan-rauhastakin\/\",\"url\":\"https:\/\/suomenkuvalehti.fi\/rajalla\/2013\/11\/13\/tarinoita-vakivallasta-ja-vahan-rauhastakin\/\",\"name\":\"Tarinoita v\u00e4kivallasta - ja v\u00e4h\u00e4n rauhastakin - Rajalla\",\"isPartOf\":{\"@id\":\"https:\/\/suomenkuvalehti.fi\/rajalla\/#website\"},\"datePublished\":\"2013-11-13T10:07:41+00:00\",\"author\":{\"@id\":\"https:\/\/suomenkuvalehti.fi\/rajalla\/#\/schema\/person\/4f9d50eabea693d920812817b40988e5\"},\"breadcrumb\":{\"@id\":\"https:\/\/suomenkuvalehti.fi\/rajalla\/2013\/11\/13\/tarinoita-vakivallasta-ja-vahan-rauhastakin\/#breadcrumb\"},\"inLanguage\":\"fi\",\"potentialAction\":[{\"@type\":\"ReadAction\",\"target\":[\"https:\/\/suomenkuvalehti.fi\/rajalla\/2013\/11\/13\/tarinoita-vakivallasta-ja-vahan-rauhastakin\/\"]}]},{\"@type\":\"BreadcrumbList\",\"@id\":\"https:\/\/suomenkuvalehti.fi\/rajalla\/2013\/11\/13\/tarinoita-vakivallasta-ja-vahan-rauhastakin\/#breadcrumb\",\"itemListElement\":[{\"@type\":\"ListItem\",\"position\":1,\"name\":\"Home\",\"item\":\"https:\/\/suomenkuvalehti.fi\/rajalla\/\"},{\"@type\":\"ListItem\",\"position\":2,\"name\":\"Tarinoita v\u00e4kivallasta &#8211; ja v\u00e4h\u00e4n rauhastakin\"}]},{\"@type\":\"WebSite\",\"@id\":\"https:\/\/suomenkuvalehti.fi\/rajalla\/#website\",\"url\":\"https:\/\/suomenkuvalehti.fi\/rajalla\/\",\"name\":\"Rajalla\",\"description\":\"Kirkon asiantuntijajoukko bloggaa yhteiskunnan ja kirkon rajapinnoilta.\",\"potentialAction\":[{\"@type\":\"SearchAction\",\"target\":{\"@type\":\"EntryPoint\",\"urlTemplate\":\"https:\/\/suomenkuvalehti.fi\/haku\/?q={search_term_string}\"},\"query-input\":{\"@type\":\"PropertyValueSpecification\",\"valueRequired\":true,\"valueName\":\"search_term_string\"}}],\"inLanguage\":\"fi\"},{\"@type\":\"Person\",\"@id\":\"https:\/\/suomenkuvalehti.fi\/rajalla\/#\/schema\/person\/4f9d50eabea693d920812817b40988e5\",\"name\":\"Kaisamari Hintikka\",\"description\":\"Kirjoittaja on Suomen evankelisluterilaisen kirkon pappi ja ekumeenikko, joka ty\u00f6skentelee Luterilaisen maailmanliiton apulaisp\u00e4\u00e4sihteerin\u00e4 Genevess\u00e4.\"}]}<\/script>\n<!-- \/ Yoast SEO plugin. -->","yoast_head_json":{"title":"Tarinoita v\u00e4kivallasta - ja v\u00e4h\u00e4n rauhastakin - Rajalla","robots":{"index":"index","follow":"follow","max-snippet":"max-snippet:-1","max-image-preview":"max-image-preview:large","max-video-preview":"max-video-preview:-1"},"canonical":"https:\/\/suomenkuvalehti.fi\/rajalla\/2013\/11\/13\/tarinoita-vakivallasta-ja-vahan-rauhastakin\/","og_locale":"fi_FI","og_type":"article","og_title":"Tarinoita v\u00e4kivallasta - ja v\u00e4h\u00e4n rauhastakin - Rajalla","og_description":"K\u00e4vin maailmalla kyl\u00e4ss\u00e4. Vietin kymmenen p\u00e4iv\u00e4\u00e4 maailmanlaajassa ekumeenisessa kokouksessa, nelj\u00e4ntuhannen ihmisen seurassa. P\u00e4iv\u00e4t t\u00e4yttyiv\u00e4t kohtaamisista ja tarinoista &#8211; yksitt\u00e4isten ihmisten ja ihmisyhteis\u00f6jen tarinoista, sek\u00e4 julkisesti ett\u00e4 yksityisesti j&hellip;","og_url":"https:\/\/suomenkuvalehti.fi\/rajalla\/2013\/11\/13\/tarinoita-vakivallasta-ja-vahan-rauhastakin\/","og_site_name":"Rajalla","article_published_time":"2013-11-13T10:07:41+00:00","author":"Kaisamari Hintikka","twitter_card":"summary_large_image","twitter_misc":{"Written by":"Kaisamari Hintikka","Est. reading time":"2 minuuttia"},"schema":{"@context":"https:\/\/schema.org","@graph":[{"@type":"WebPage","@id":"https:\/\/suomenkuvalehti.fi\/rajalla\/2013\/11\/13\/tarinoita-vakivallasta-ja-vahan-rauhastakin\/","url":"https:\/\/suomenkuvalehti.fi\/rajalla\/2013\/11\/13\/tarinoita-vakivallasta-ja-vahan-rauhastakin\/","name":"Tarinoita v\u00e4kivallasta - ja v\u00e4h\u00e4n rauhastakin - Rajalla","isPartOf":{"@id":"https:\/\/suomenkuvalehti.fi\/rajalla\/#website"},"datePublished":"2013-11-13T10:07:41+00:00","author":{"@id":"https:\/\/suomenkuvalehti.fi\/rajalla\/#\/schema\/person\/4f9d50eabea693d920812817b40988e5"},"breadcrumb":{"@id":"https:\/\/suomenkuvalehti.fi\/rajalla\/2013\/11\/13\/tarinoita-vakivallasta-ja-vahan-rauhastakin\/#breadcrumb"},"inLanguage":"fi","potentialAction":[{"@type":"ReadAction","target":["https:\/\/suomenkuvalehti.fi\/rajalla\/2013\/11\/13\/tarinoita-vakivallasta-ja-vahan-rauhastakin\/"]}]},{"@type":"BreadcrumbList","@id":"https:\/\/suomenkuvalehti.fi\/rajalla\/2013\/11\/13\/tarinoita-vakivallasta-ja-vahan-rauhastakin\/#breadcrumb","itemListElement":[{"@type":"ListItem","position":1,"name":"Home","item":"https:\/\/suomenkuvalehti.fi\/rajalla\/"},{"@type":"ListItem","position":2,"name":"Tarinoita v\u00e4kivallasta &#8211; ja v\u00e4h\u00e4n rauhastakin"}]},{"@type":"WebSite","@id":"https:\/\/suomenkuvalehti.fi\/rajalla\/#website","url":"https:\/\/suomenkuvalehti.fi\/rajalla\/","name":"Rajalla","description":"Kirkon asiantuntijajoukko bloggaa yhteiskunnan ja kirkon rajapinnoilta.","potentialAction":[{"@type":"SearchAction","target":{"@type":"EntryPoint","urlTemplate":"https:\/\/suomenkuvalehti.fi\/haku\/?q={search_term_string}"},"query-input":{"@type":"PropertyValueSpecification","valueRequired":true,"valueName":"search_term_string"}}],"inLanguage":"fi"},{"@type":"Person","@id":"https:\/\/suomenkuvalehti.fi\/rajalla\/#\/schema\/person\/4f9d50eabea693d920812817b40988e5","name":"Kaisamari Hintikka","description":"Kirjoittaja on Suomen evankelisluterilaisen kirkon pappi ja ekumeenikko, joka ty\u00f6skentelee Luterilaisen maailmanliiton apulaisp\u00e4\u00e4sihteerin\u00e4 Genevess\u00e4."}]}},"_links":{"self":[{"href":"https:\/\/suomenkuvalehti.fi\/rajalla\/wp-json\/wp\/v2\/posts\/7","targetHints":{"allow":["GET"]}}],"collection":[{"href":"https:\/\/suomenkuvalehti.fi\/rajalla\/wp-json\/wp\/v2\/posts"}],"about":[{"href":"https:\/\/suomenkuvalehti.fi\/rajalla\/wp-json\/wp\/v2\/types\/post"}],"author":[{"embeddable":true,"href":"https:\/\/suomenkuvalehti.fi\/rajalla\/wp-json\/wp\/v2\/users\/522"}],"replies":[{"embeddable":true,"href":"https:\/\/suomenkuvalehti.fi\/rajalla\/wp-json\/wp\/v2\/comments?post=7"}],"version-history":[{"count":0,"href":"https:\/\/suomenkuvalehti.fi\/rajalla\/wp-json\/wp\/v2\/posts\/7\/revisions"}],"wp:attachment":[{"href":"https:\/\/suomenkuvalehti.fi\/rajalla\/wp-json\/wp\/v2\/media?parent=7"}],"wp:term":[{"taxonomy":"category","embeddable":true,"href":"https:\/\/suomenkuvalehti.fi\/rajalla\/wp-json\/wp\/v2\/categories?post=7"},{"taxonomy":"post_tag","embeddable":true,"href":"https:\/\/suomenkuvalehti.fi\/rajalla\/wp-json\/wp\/v2\/tags?post=7"}],"curies":[{"name":"wp","href":"https:\/\/api.w.org\/{rel}","templated":true}]}}