{"id":594,"date":"2015-10-13T09:23:46","date_gmt":"2015-10-13T06:23:46","guid":{"rendered":"https:\/\/suomenkuvalehti.fi\/rajalla\/?p=594"},"modified":"2015-10-13T09:23:46","modified_gmt":"2015-10-13T06:23:46","slug":"demokratia-vai-isis","status":"publish","type":"post","link":"https:\/\/suomenkuvalehti.fi\/rajalla\/2015\/10\/13\/demokratia-vai-isis\/","title":{"rendered":"Demokratia vai Isis?"},"content":{"rendered":"\n<p>T\u00e4m\u00e4n vuoden <a href=\"http:\/\/www.nobelprize.org\/nobel_prizes\/peace\/laureates\/2015\/\">Nobelin rauhanpalkinnon <\/a>sai nelj\u00e4n tunisialaisen kansalaisj\u00e4rjest\u00f6n kvartetti rauhan ja demokratian edist\u00e4misest\u00e4. Kvartettiin kuuluvat ammattiliitto UGTT, teollisuuden ja kaupan liitto UTICA, ihmisoikeusj\u00e4rjest\u00f6 LTD ja asianajajaliitto.<\/p>\n\n\n\n<p>Kuten viime vuosien uutiset ovat kertoneet, rauhanomainen eteneminen arabikev\u00e4\u00e4n j\u00e4lkeen ei ole ollut helppo tie. Ei my\u00f6sk\u00e4\u00e4n Tunisiassa. Kansannousun kriittisin\u00e4 hetkin\u00e4 maassa kyettiin kuitenkin rakentamaan siltoja poliittisten vallank\u00e4ytt\u00e4jien ja kansalaisj\u00e4rjest\u00f6jen v\u00e4lille. T\u00e4ss\u00e4 ty\u00f6ss\u00e4 nyt palkituilla j\u00e4rjest\u00f6ill\u00e4 oli iso rooli.<\/p>\n\n\n\n<p>Tunisiasta liikkeelle l\u00e4htenyt <a href=\"https:\/\/fi.wikipedia.org\/wiki\/Arabikev%C3%A4t\">arabikev\u00e4t<\/a> levisi l\u00e4hes kaikkialla arabimaailmaan. Kaikkialla seuraukset eiv\u00e4t olleet pelk\u00e4st\u00e4\u00e4n my\u00f6nteisi\u00e4. Esimerkiksi Libyassa ja Syyriassa ajauduttiin sis\u00e4llissotaan. Egyptiss\u00e4 demokratiakehitys ajautui umpikujaan ja sotilasvallankaappaukseen.<\/p>\n\n\n\n<p>N\u00e4iss\u00e4 maissa uudistusten sijaan yhteiskunnat ovat jatkuvasti levottomia ja v\u00e4kivaltaisia. My\u00f6s talous on monessa arabikev\u00e4\u00e4n maassa entisest\u00e4\u00e4n romahtanut. T\u00e4st\u00e4 kertovat my\u00f6s Eurooppaan tulevat pakolaisvirrat.<\/p>\n\n\n\n<p>Sekasortoinen yhteiskunnallinen tilanne on luonut maaper\u00e4n terrorismille. Irakissa ja Syyriassa toimiva <a href=\"https:\/\/fi.wikipedia.org\/wiki\/Isis_(j%C3%A4rjest%C3%B6)\">Isis<\/a> taistelee vallasta eritt\u00e4in v\u00e4kivaltaisin keinoin. Sen tavoitteena on ottaa hallintaansa lis\u00e4\u00e4 alueita. Se k\u00e4ytt\u00e4\u00e4 hyv\u00e4kseen nuorten miesten turhautumista, joka syntyi arabikev\u00e4\u00e4n j\u00e4lkeen.<\/p>\n\n\n\n<p>Tunisian esimerkki vahvistaa, ett\u00e4 on my\u00f6s toinen tie. Palkitun kvartetin sitke\u00e4n ja vision\u00e4\u00e4risen ty\u00f6n tuloksena kaikki osapuolet poliittisista tai uskonnollisista jakolinjoista huolimatta otettiin mukaan neuvotteluihin Tunisian poliittisesta tulevaisuudesta. Merkillepantavaa on my\u00f6s hedelm\u00e4llinen yhteisty\u00f6 julkisen vallan ja kansalaisyhteiskunnan v\u00e4lill\u00e4. N\u00e4kemyseroista huolimatta sitoutuminen yhteisty\u00f6h\u00f6n yhteisen hyv\u00e4n puolesta on tuottanut tulosta.<\/p>\n\n\n\n<p>Arabikev\u00e4\u00e4n seuraukset eri maissa kertovat, ett\u00e4 vastakkainasettelujen tie vie kehityksen pys\u00e4htymiseen ja pahimmillaan jo saavutetun hyv\u00e4n tuhoamiseen. Yhteisty\u00f6n tie, niin haastava kuin se voikin olla, on viime k\u00e4dess\u00e4 tie rakentaviin ratkaisuihin. Toinen oppi on se, ett\u00e4 hyv\u00e4n yhteiskunnan rakentamiseen tarvitaan toimijoita laajasti poliittisista puolueista kansalaisj\u00e4rjest\u00f6ihin. Suurissa murroksissa kansalaisyhteiskuntaa ei voi sivuuttaa.<\/p>\n\n\n\n<p>Yhteisty\u00f6 on voimaa my\u00f6s kansakuntien v\u00e4lill\u00e4. Vuonna 2012 suomalainen eduskuntapuolueiden yhteisty\u00f6j\u00e4rjest\u00f6 <a href=\"http:\/\/demofinland.org\/missa-toimimme\/tunisia\/\">Demo Finland<\/a> perusti yhdess\u00e4 bulgarialaisten, hollantilaisten ja tunisialaisten kumppaneidensa kanssa Tunisiaan politiikkakoulun. Se kouluttaa eri puolueissa toimivia aktiivisia nuoria mm yhteiskuntarakenteista, demokratiasta ja ihmisoikeuksista.<\/p>\n\n\n\n<p>T\u00e4ll\u00e4 hetkell\u00e4 Tunisian 217-paikkaisessa parlamentissa on 14 politiikkakoulun kasvattia. Koska kurssille osallistuu vuosittain noin 100 nuorta, on todenn\u00e4k\u00f6ist\u00e4, ett\u00e4 jatkossa heit\u00e4 on my\u00f6s parlamentissa entist\u00e4 enemm\u00e4n.<\/p>\n\n\n\n<p>Seuraa kirjoittajaa <a href=\"https:\/\/www.facebook.com\/?_rdr#!\/Jukka-Keskitalo-209813015825075\/timeline\/\">facebookissa <\/a>ja <a href=\"https:\/\/mobile.twitter.com\/JukkaKeskitalo?p=s\">twitteriss\u00e4<\/a>.<\/p>\n\n\n","protected":false},"excerpt":{"rendered":"<p>T\u00e4m\u00e4n vuoden Nobelin rauhanpalkinnon sai nelj\u00e4n tunisialaisen kansalaisj\u00e4rjest\u00f6n kvartetti rauhan ja demokratian edist\u00e4misest\u00e4. Kvartettiin kuuluvat ammattiliitto UGTT, teollisuuden ja kaupan liitto UTICA, ihmisoikeusj\u00e4rjest\u00f6 LTD ja asianajajaliitto. Kuten viime vuosien uutiset ovat kertoneet,<br \/>\nrauhanom&hellip;<\/p>\n","protected":false},"author":166,"featured_media":0,"comment_status":"open","ping_status":"closed","sticky":false,"template":"","format":"standard","meta":{"_acf_changed":false,"asauth_required_access_level":0,"asauth_cansharepaid":"true","om_header_attributes":[],"footnotes":"","om_featured_image_focal_point":[],"om_primary_tag":0,"om_contributors":[],"om_co_authors":[],"beyondwords_generate_audio":"","beyondwords_project_id":"","beyondwords_content_id":"","beyondwords_preview_token":"","beyondwords_player_content":"","beyondwords_player_style":"","beyondwords_language_code":"","beyondwords_language_id":"","beyondwords_title_voice_id":"","beyondwords_body_voice_id":"","beyondwords_summary_voice_id":"","beyondwords_error_message":"","beyondwords_disabled":"","beyondwords_delete_content":"","beyondwords_podcast_id":"","beyondwords_hash":"","publish_post_to_speechkit":"","speechkit_hash":"","speechkit_generate_audio":"","speechkit_project_id":"","speechkit_podcast_id":"","speechkit_error_message":"","speechkit_disabled":"","speechkit_access_key":"","speechkit_error":"","speechkit_info":"","speechkit_response":"","speechkit_retries":"","speechkit_status":"","speechkit_updated_at":"","_speechkit_link":"","_speechkit_text":""},"categories":[1],"tags":[329,328,330,327,324,16,325,326],"class_list":["post-594","post","type-post","status-publish","format-standard","hentry","category-rajalla","tag-arabikevat","tag-demo-finland","tag-isis","tag-kansalaisyhteiskunta","tag-nobel","tag-rauha","tag-rauhanpalkinto","tag-tunisia"],"om_views":null,"acf":{"tuuma_off":false,"tuuma_kysymys":"","tuuma_vastaus":""},"asauth":{"required_access_level":1,"share_token":"","is_paid":false},"yoast_head":"<!-- This site is optimized with the Yoast SEO plugin v26.4 - https:\/\/yoast.com\/wordpress\/plugins\/seo\/ -->\n<title>Demokratia vai Isis? - Rajalla<\/title>\n<meta name=\"robots\" content=\"index, follow, max-snippet:-1, max-image-preview:large, max-video-preview:-1\" \/>\n<link rel=\"canonical\" href=\"https:\/\/suomenkuvalehti.fi\/rajalla\/2015\/10\/13\/demokratia-vai-isis\/\" \/>\n<meta property=\"og:locale\" content=\"fi_FI\" \/>\n<meta property=\"og:type\" content=\"article\" \/>\n<meta property=\"og:title\" content=\"Demokratia vai Isis? - Rajalla\" \/>\n<meta property=\"og:description\" content=\"T\u00e4m\u00e4n vuoden Nobelin rauhanpalkinnon sai nelj\u00e4n tunisialaisen kansalaisj\u00e4rjest\u00f6n kvartetti rauhan ja demokratian edist\u00e4misest\u00e4. Kvartettiin kuuluvat ammattiliitto UGTT, teollisuuden ja kaupan liitto UTICA, ihmisoikeusj\u00e4rjest\u00f6 LTD ja asianajajaliitto. Kuten viime vuosien uutiset ovat kertoneet, rauhanom&hellip;\" \/>\n<meta property=\"og:url\" content=\"https:\/\/suomenkuvalehti.fi\/rajalla\/2015\/10\/13\/demokratia-vai-isis\/\" \/>\n<meta property=\"og:site_name\" content=\"Rajalla\" \/>\n<meta property=\"article:published_time\" content=\"2015-10-13T06:23:46+00:00\" \/>\n<meta name=\"author\" content=\"Jukka Keskitalo\" \/>\n<meta name=\"twitter:card\" content=\"summary_large_image\" \/>\n<meta name=\"twitter:label1\" content=\"Written by\" \/>\n\t<meta name=\"twitter:data1\" content=\"Jukka Keskitalo\" \/>\n\t<meta name=\"twitter:label2\" content=\"Est. reading time\" \/>\n\t<meta name=\"twitter:data2\" content=\"2 minuuttia\" \/>\n<script type=\"application\/ld+json\" class=\"yoast-schema-graph\">{\"@context\":\"https:\/\/schema.org\",\"@graph\":[{\"@type\":\"WebPage\",\"@id\":\"https:\/\/suomenkuvalehti.fi\/rajalla\/2015\/10\/13\/demokratia-vai-isis\/\",\"url\":\"https:\/\/suomenkuvalehti.fi\/rajalla\/2015\/10\/13\/demokratia-vai-isis\/\",\"name\":\"Demokratia vai Isis? - Rajalla\",\"isPartOf\":{\"@id\":\"https:\/\/suomenkuvalehti.fi\/rajalla\/#website\"},\"datePublished\":\"2015-10-13T06:23:46+00:00\",\"author\":{\"@id\":\"https:\/\/suomenkuvalehti.fi\/rajalla\/#\/schema\/person\/84e00bb9a3503575cc1a74a138b6aff0\"},\"breadcrumb\":{\"@id\":\"https:\/\/suomenkuvalehti.fi\/rajalla\/2015\/10\/13\/demokratia-vai-isis\/#breadcrumb\"},\"inLanguage\":\"fi\",\"potentialAction\":[{\"@type\":\"ReadAction\",\"target\":[\"https:\/\/suomenkuvalehti.fi\/rajalla\/2015\/10\/13\/demokratia-vai-isis\/\"]}]},{\"@type\":\"BreadcrumbList\",\"@id\":\"https:\/\/suomenkuvalehti.fi\/rajalla\/2015\/10\/13\/demokratia-vai-isis\/#breadcrumb\",\"itemListElement\":[{\"@type\":\"ListItem\",\"position\":1,\"name\":\"Home\",\"item\":\"https:\/\/suomenkuvalehti.fi\/rajalla\/\"},{\"@type\":\"ListItem\",\"position\":2,\"name\":\"Demokratia vai Isis?\"}]},{\"@type\":\"WebSite\",\"@id\":\"https:\/\/suomenkuvalehti.fi\/rajalla\/#website\",\"url\":\"https:\/\/suomenkuvalehti.fi\/rajalla\/\",\"name\":\"Rajalla\",\"description\":\"Kirkon asiantuntijajoukko bloggaa yhteiskunnan ja kirkon rajapinnoilta.\",\"potentialAction\":[{\"@type\":\"SearchAction\",\"target\":{\"@type\":\"EntryPoint\",\"urlTemplate\":\"https:\/\/suomenkuvalehti.fi\/haku\/?q={search_term_string}\"},\"query-input\":{\"@type\":\"PropertyValueSpecification\",\"valueRequired\":true,\"valueName\":\"search_term_string\"}}],\"inLanguage\":\"fi\"},{\"@type\":\"Person\",\"@id\":\"https:\/\/suomenkuvalehti.fi\/rajalla\/#\/schema\/person\/84e00bb9a3503575cc1a74a138b6aff0\",\"name\":\"Jukka Keskitalo\",\"description\":\"Kirjoittaja on kansliap\u00e4\u00e4llikk\u00f6, joka pohtii uskontoa ja kirkkoa julkisessa tilassa.\"}]}<\/script>\n<!-- \/ Yoast SEO plugin. -->","yoast_head_json":{"title":"Demokratia vai Isis? - Rajalla","robots":{"index":"index","follow":"follow","max-snippet":"max-snippet:-1","max-image-preview":"max-image-preview:large","max-video-preview":"max-video-preview:-1"},"canonical":"https:\/\/suomenkuvalehti.fi\/rajalla\/2015\/10\/13\/demokratia-vai-isis\/","og_locale":"fi_FI","og_type":"article","og_title":"Demokratia vai Isis? - Rajalla","og_description":"T\u00e4m\u00e4n vuoden Nobelin rauhanpalkinnon sai nelj\u00e4n tunisialaisen kansalaisj\u00e4rjest\u00f6n kvartetti rauhan ja demokratian edist\u00e4misest\u00e4. Kvartettiin kuuluvat ammattiliitto UGTT, teollisuuden ja kaupan liitto UTICA, ihmisoikeusj\u00e4rjest\u00f6 LTD ja asianajajaliitto. Kuten viime vuosien uutiset ovat kertoneet, rauhanom&hellip;","og_url":"https:\/\/suomenkuvalehti.fi\/rajalla\/2015\/10\/13\/demokratia-vai-isis\/","og_site_name":"Rajalla","article_published_time":"2015-10-13T06:23:46+00:00","author":"Jukka Keskitalo","twitter_card":"summary_large_image","twitter_misc":{"Written by":"Jukka Keskitalo","Est. reading time":"2 minuuttia"},"schema":{"@context":"https:\/\/schema.org","@graph":[{"@type":"WebPage","@id":"https:\/\/suomenkuvalehti.fi\/rajalla\/2015\/10\/13\/demokratia-vai-isis\/","url":"https:\/\/suomenkuvalehti.fi\/rajalla\/2015\/10\/13\/demokratia-vai-isis\/","name":"Demokratia vai Isis? - Rajalla","isPartOf":{"@id":"https:\/\/suomenkuvalehti.fi\/rajalla\/#website"},"datePublished":"2015-10-13T06:23:46+00:00","author":{"@id":"https:\/\/suomenkuvalehti.fi\/rajalla\/#\/schema\/person\/84e00bb9a3503575cc1a74a138b6aff0"},"breadcrumb":{"@id":"https:\/\/suomenkuvalehti.fi\/rajalla\/2015\/10\/13\/demokratia-vai-isis\/#breadcrumb"},"inLanguage":"fi","potentialAction":[{"@type":"ReadAction","target":["https:\/\/suomenkuvalehti.fi\/rajalla\/2015\/10\/13\/demokratia-vai-isis\/"]}]},{"@type":"BreadcrumbList","@id":"https:\/\/suomenkuvalehti.fi\/rajalla\/2015\/10\/13\/demokratia-vai-isis\/#breadcrumb","itemListElement":[{"@type":"ListItem","position":1,"name":"Home","item":"https:\/\/suomenkuvalehti.fi\/rajalla\/"},{"@type":"ListItem","position":2,"name":"Demokratia vai Isis?"}]},{"@type":"WebSite","@id":"https:\/\/suomenkuvalehti.fi\/rajalla\/#website","url":"https:\/\/suomenkuvalehti.fi\/rajalla\/","name":"Rajalla","description":"Kirkon asiantuntijajoukko bloggaa yhteiskunnan ja kirkon rajapinnoilta.","potentialAction":[{"@type":"SearchAction","target":{"@type":"EntryPoint","urlTemplate":"https:\/\/suomenkuvalehti.fi\/haku\/?q={search_term_string}"},"query-input":{"@type":"PropertyValueSpecification","valueRequired":true,"valueName":"search_term_string"}}],"inLanguage":"fi"},{"@type":"Person","@id":"https:\/\/suomenkuvalehti.fi\/rajalla\/#\/schema\/person\/84e00bb9a3503575cc1a74a138b6aff0","name":"Jukka Keskitalo","description":"Kirjoittaja on kansliap\u00e4\u00e4llikk\u00f6, joka pohtii uskontoa ja kirkkoa julkisessa tilassa."}]}},"_links":{"self":[{"href":"https:\/\/suomenkuvalehti.fi\/rajalla\/wp-json\/wp\/v2\/posts\/594","targetHints":{"allow":["GET"]}}],"collection":[{"href":"https:\/\/suomenkuvalehti.fi\/rajalla\/wp-json\/wp\/v2\/posts"}],"about":[{"href":"https:\/\/suomenkuvalehti.fi\/rajalla\/wp-json\/wp\/v2\/types\/post"}],"author":[{"embeddable":true,"href":"https:\/\/suomenkuvalehti.fi\/rajalla\/wp-json\/wp\/v2\/users\/166"}],"replies":[{"embeddable":true,"href":"https:\/\/suomenkuvalehti.fi\/rajalla\/wp-json\/wp\/v2\/comments?post=594"}],"version-history":[{"count":1,"href":"https:\/\/suomenkuvalehti.fi\/rajalla\/wp-json\/wp\/v2\/posts\/594\/revisions"}],"predecessor-version":[{"id":595,"href":"https:\/\/suomenkuvalehti.fi\/rajalla\/wp-json\/wp\/v2\/posts\/594\/revisions\/595"}],"wp:attachment":[{"href":"https:\/\/suomenkuvalehti.fi\/rajalla\/wp-json\/wp\/v2\/media?parent=594"}],"wp:term":[{"taxonomy":"category","embeddable":true,"href":"https:\/\/suomenkuvalehti.fi\/rajalla\/wp-json\/wp\/v2\/categories?post=594"},{"taxonomy":"post_tag","embeddable":true,"href":"https:\/\/suomenkuvalehti.fi\/rajalla\/wp-json\/wp\/v2\/tags?post=594"}],"curies":[{"name":"wp","href":"https:\/\/api.w.org\/{rel}","templated":true}]}}