{"id":559,"date":"2015-08-12T15:58:30","date_gmt":"2015-08-12T12:58:30","guid":{"rendered":"https:\/\/suomenkuvalehti.fi\/rajalla\/?p=559"},"modified":"2015-08-12T15:58:30","modified_gmt":"2015-08-12T12:58:30","slug":"kohti-tasa-arvoista-katsomusopetusta","status":"publish","type":"post","link":"https:\/\/suomenkuvalehti.fi\/rajalla\/2015\/08\/12\/kohti-tasa-arvoista-katsomusopetusta\/","title":{"rendered":"Kohti tasa-arvoista katsomusopetusta"},"content":{"rendered":"\n<p>Kouluun menev\u00e4 lapsi ja nuori voi j\u00e4tt\u00e4\u00e4 kenk\u00e4ns\u00e4 koulun eteiseen, mutta vakaumustaan ja uskontoaan h\u00e4n ei voi j\u00e4tt\u00e4\u00e4. Se on osa h\u00e4nt\u00e4. Siksi on ilahduttavaa, ett\u00e4 uskontojen ja katsomusten opetuksesta keskustellaan juuri nyt vilkkaasti.<\/p>\n\n\n\n<p>Lapsille ja nuorille on heid\u00e4n tulevaisuutensa kannalta t\u00e4rke\u00e4\u00e4, ett\u00e4 he saavat hyv\u00e4n uskonnollisen ja katsomuksellisen yleissivistyksen osana kouluopetusta.<\/p>\n\n\n\n<p>Tasa-arvo ja yhdenvertaisuus ovat v\u00e4ltt\u00e4m\u00e4tt\u00f6mi\u00e4 l\u00e4ht\u00f6kohtia my\u00f6s katsomusopetuksessa. Tasa-arvoisella katsomusopetuksella tarkoitan opetusta, joka turvaa oppilaille heid\u00e4n vakaumuksensa mukaisen ja sit\u00e4 tukevan opetuksen. Siit\u00e4 k\u00e4sin on luontevaa tutustua my\u00f6s muihin uskontoihin.<\/p>\n\n\n\n<p>Koulun katsomusopetuksen tarpeelliseen uudistamiseen ja kehitt\u00e4miseen onkin olemassa hyvi\u00e4 v\u00e4lineit\u00e4. Perusopetukseen on juuri hyv\u00e4ksytty uudet uskonnon ja el\u00e4m\u00e4nkatsomustiedon opetussuunnitelmat, jotka tulevat voimaan syksyll\u00e4 2016. Katsomusopetuksen uudistaminen vastaamaan monikulttuurisen toimintaymp\u00e4rist\u00f6n vaatimuksia on siis t\u00e4ysin mahdollista ilman uuden oppiaineen muodostamista.<\/p>\n\n\n\n<p>Ensimm\u00e4ist\u00e4 kertaa eri uskonnon opetusryhmien oppim\u00e4\u00e4rill\u00e4 on yhteiset tavoitteet, arvioinnin kriteerit ja sis\u00e4lt\u00f6alueet. T\u00e4m\u00e4 tarjoaa runsaasti mahdollisuuksia opetuksen kehitt\u00e4miseen ja yhteis\u00f6llisyyden rakentamiseen katsomusopetuksen sis\u00e4ll\u00e4.<\/p>\n\n\n\n<p>Kun keskustelemme katsomusaineiden uudistamisesta, on t\u00e4rke\u00e4\u00e4 n\u00e4hd\u00e4 asian kaksi ulottuvuutta, jotka usein menev\u00e4t keskustelussa sekaisin. Ns. oman uskonnon opetuksen <em>malli<\/em> on hyv\u00e4 pohja my\u00f6s uudessa monikulttuurisessa tilanteessa. Opetuksen perusmalli ei kuitenkaan viel\u00e4 tarkoita yht\u00e4 ainoata lukkoon ly\u00f6ty\u00e4 <em>opetusj\u00e4rjestely\u00e4<\/em>.<\/p>\n\n\n\n<p>Juuri opetusj\u00e4rjestelyt kaipaavat pedagogista uudistamista. Uudet opetussuunnitelmat mahdollistavat esimerkiksi eri opetusryhmien yhteisi\u00e4 teemakokonaisuuksia ja yhteisi\u00e4 oppitunteja. Erityisesti n\u00e4m\u00e4 olisivat mahdollisia ja pedagogisesti perusteltuja yl\u00e4asteella ja lukiossa.<\/p>\n\n\n\n<p>On t\u00e4rke\u00e4\u00e4, ett\u00e4 koulussa on turvallisia paikkoja ja tilanteita katsomusten ja kulttuurien kohtaamiselle. Luovien opetusj\u00e4rjestelyjen lis\u00e4ksi n\u00e4it\u00e4 tilanteita on my\u00f6s koulun arjessa ja juhlissa.<\/p>\n\n\n\n<p>Kun keskustelemme katsomusaineiden opetuksen uudistamisesta, tarvitsemme vastakkainasettelujen sijaan yhteen hiileen puhaltamista. Suomalainen koulu ja sen katsomusopetus ovat menestystarinoita, joista voimme olla ylpeit\u00e4. Nyt toimintaymp\u00e4rist\u00f6n muutos haastaa ajattelemaan k\u00e4yt\u00e4nt\u00f6j\u00e4 osin uusiksi samalla kuitenkin rakentaen hyv\u00e4ksi koetun pohjalle.<\/p>\n\n\n\n<p>Aiheesta my\u00f6s:<\/p>\n\n\n\n<p><a href=\"https:\/\/suomenkuvalehti.fi\/rajalla\/2014\/03\/24\/uskonnonvapauden-kapeaa-tulkintaa\/\">Uskonnonvapauden kapeaa tulkintaa<\/a><\/p>\n\n\n\n<p><a href=\"https:\/\/suomenkuvalehti.fi\/rajalla\/2015\/03\/17\/uskonto-on-tarkein-kouluaine-englannin-jalkeen-jos-halutaan-maailmankansalaisia\/\">Uskonto on t\u00e4rkein kouluaine englannin j\u00e4lkeen, jos halutaan maailmankansalaisia<\/a><\/p>\n\n\n\n<p>Seuraa kirjoittajaa<a href=\"https:\/\/www.facebook.com\/?_rdr#!\/pages\/Jukka-Keskitalo\/209813015825075\"> facebookissa<\/a> ja <a href=\"https:\/\/mobile.twitter.com\/JukkaKeskitalo?p=s\">twitteriss\u00e4<\/a>.<\/p>\n\n\n","protected":false},"excerpt":{"rendered":"<p>Kouluun menev\u00e4 lapsi ja nuori voi j\u00e4tt\u00e4\u00e4 kenk\u00e4ns\u00e4 koulun eteiseen, mutta vakaumustaan ja uskontoaan h\u00e4n ei voi j\u00e4tt\u00e4\u00e4. Se on osa h\u00e4nt\u00e4. Siksi on ilahduttavaa, ett\u00e4 uskontojen ja katsomusten opetuksesta keskustellaan juuri nyt vilkkaasti. Lapsille ja nuorille on heid\u00e4n<br \/>\ntulevaisuuten&hellip;<\/p>\n","protected":false},"author":166,"featured_media":0,"comment_status":"open","ping_status":"closed","sticky":false,"template":"","format":"standard","meta":{"_acf_changed":false,"asauth_required_access_level":0,"asauth_cansharepaid":"true","om_header_attributes":[],"footnotes":"","om_featured_image_focal_point":[],"om_primary_tag":0,"om_contributors":[],"om_co_authors":[],"beyondwords_generate_audio":"","beyondwords_project_id":"","beyondwords_content_id":"","beyondwords_preview_token":"","beyondwords_player_content":"","beyondwords_player_style":"","beyondwords_language_code":"","beyondwords_language_id":"","beyondwords_title_voice_id":"","beyondwords_body_voice_id":"","beyondwords_summary_voice_id":"","beyondwords_error_message":"","beyondwords_disabled":"","beyondwords_delete_content":"","beyondwords_podcast_id":"","beyondwords_hash":"","publish_post_to_speechkit":"","speechkit_hash":"","speechkit_generate_audio":"","speechkit_project_id":"","speechkit_podcast_id":"","speechkit_error_message":"","speechkit_disabled":"","speechkit_access_key":"","speechkit_error":"","speechkit_info":"","speechkit_response":"","speechkit_retries":"","speechkit_status":"","speechkit_updated_at":"","_speechkit_link":"","_speechkit_text":""},"categories":[1],"tags":[306,134,309,308,151,246,133,218,307],"class_list":["post-559","post","type-post","status-publish","format-standard","hentry","category-rajalla","tag-katsomusopetus","tag-koulu","tag-opetusryhma","tag-opetussuunnitelma","tag-tasa-arvo","tag-usko","tag-uskonnonopetus","tag-vakaumus","tag-yhdenvertaisuus"],"om_views":null,"acf":{"tuuma_off":false,"tuuma_kysymys":"","tuuma_vastaus":""},"asauth":{"required_access_level":1,"share_token":"","is_paid":false},"yoast_head":"<!-- This site is optimized with the Yoast SEO plugin v26.4 - https:\/\/yoast.com\/wordpress\/plugins\/seo\/ -->\n<title>Kohti tasa-arvoista katsomusopetusta - Rajalla<\/title>\n<meta name=\"robots\" content=\"index, follow, max-snippet:-1, max-image-preview:large, max-video-preview:-1\" \/>\n<link rel=\"canonical\" href=\"https:\/\/suomenkuvalehti.fi\/rajalla\/2015\/08\/12\/kohti-tasa-arvoista-katsomusopetusta\/\" \/>\n<meta property=\"og:locale\" content=\"fi_FI\" \/>\n<meta property=\"og:type\" content=\"article\" \/>\n<meta property=\"og:title\" content=\"Kohti tasa-arvoista katsomusopetusta - Rajalla\" \/>\n<meta property=\"og:description\" content=\"Kouluun menev\u00e4 lapsi ja nuori voi j\u00e4tt\u00e4\u00e4 kenk\u00e4ns\u00e4 koulun eteiseen, mutta vakaumustaan ja uskontoaan h\u00e4n ei voi j\u00e4tt\u00e4\u00e4. Se on osa h\u00e4nt\u00e4. Siksi on ilahduttavaa, ett\u00e4 uskontojen ja katsomusten opetuksesta keskustellaan juuri nyt vilkkaasti. Lapsille ja nuorille on heid\u00e4n tulevaisuuten&hellip;\" \/>\n<meta property=\"og:url\" content=\"https:\/\/suomenkuvalehti.fi\/rajalla\/2015\/08\/12\/kohti-tasa-arvoista-katsomusopetusta\/\" \/>\n<meta property=\"og:site_name\" content=\"Rajalla\" \/>\n<meta property=\"article:published_time\" content=\"2015-08-12T12:58:30+00:00\" \/>\n<meta name=\"author\" content=\"Jukka Keskitalo\" \/>\n<meta name=\"twitter:card\" content=\"summary_large_image\" \/>\n<meta name=\"twitter:label1\" content=\"Written by\" \/>\n\t<meta name=\"twitter:data1\" content=\"Jukka Keskitalo\" \/>\n\t<meta name=\"twitter:label2\" content=\"Est. reading time\" \/>\n\t<meta name=\"twitter:data2\" content=\"2 minuuttia\" \/>\n<script type=\"application\/ld+json\" class=\"yoast-schema-graph\">{\"@context\":\"https:\/\/schema.org\",\"@graph\":[{\"@type\":\"WebPage\",\"@id\":\"https:\/\/suomenkuvalehti.fi\/rajalla\/2015\/08\/12\/kohti-tasa-arvoista-katsomusopetusta\/\",\"url\":\"https:\/\/suomenkuvalehti.fi\/rajalla\/2015\/08\/12\/kohti-tasa-arvoista-katsomusopetusta\/\",\"name\":\"Kohti tasa-arvoista katsomusopetusta - Rajalla\",\"isPartOf\":{\"@id\":\"https:\/\/suomenkuvalehti.fi\/rajalla\/#website\"},\"datePublished\":\"2015-08-12T12:58:30+00:00\",\"author\":{\"@id\":\"https:\/\/suomenkuvalehti.fi\/rajalla\/#\/schema\/person\/84e00bb9a3503575cc1a74a138b6aff0\"},\"breadcrumb\":{\"@id\":\"https:\/\/suomenkuvalehti.fi\/rajalla\/2015\/08\/12\/kohti-tasa-arvoista-katsomusopetusta\/#breadcrumb\"},\"inLanguage\":\"fi\",\"potentialAction\":[{\"@type\":\"ReadAction\",\"target\":[\"https:\/\/suomenkuvalehti.fi\/rajalla\/2015\/08\/12\/kohti-tasa-arvoista-katsomusopetusta\/\"]}]},{\"@type\":\"BreadcrumbList\",\"@id\":\"https:\/\/suomenkuvalehti.fi\/rajalla\/2015\/08\/12\/kohti-tasa-arvoista-katsomusopetusta\/#breadcrumb\",\"itemListElement\":[{\"@type\":\"ListItem\",\"position\":1,\"name\":\"Home\",\"item\":\"https:\/\/suomenkuvalehti.fi\/rajalla\/\"},{\"@type\":\"ListItem\",\"position\":2,\"name\":\"Kohti tasa-arvoista katsomusopetusta\"}]},{\"@type\":\"WebSite\",\"@id\":\"https:\/\/suomenkuvalehti.fi\/rajalla\/#website\",\"url\":\"https:\/\/suomenkuvalehti.fi\/rajalla\/\",\"name\":\"Rajalla\",\"description\":\"Kirkon asiantuntijajoukko bloggaa yhteiskunnan ja kirkon rajapinnoilta.\",\"potentialAction\":[{\"@type\":\"SearchAction\",\"target\":{\"@type\":\"EntryPoint\",\"urlTemplate\":\"https:\/\/suomenkuvalehti.fi\/haku\/?q={search_term_string}\"},\"query-input\":{\"@type\":\"PropertyValueSpecification\",\"valueRequired\":true,\"valueName\":\"search_term_string\"}}],\"inLanguage\":\"fi\"},{\"@type\":\"Person\",\"@id\":\"https:\/\/suomenkuvalehti.fi\/rajalla\/#\/schema\/person\/84e00bb9a3503575cc1a74a138b6aff0\",\"name\":\"Jukka Keskitalo\",\"description\":\"Kirjoittaja on kansliap\u00e4\u00e4llikk\u00f6, joka pohtii uskontoa ja kirkkoa julkisessa tilassa.\"}]}<\/script>\n<!-- \/ Yoast SEO plugin. -->","yoast_head_json":{"title":"Kohti tasa-arvoista katsomusopetusta - Rajalla","robots":{"index":"index","follow":"follow","max-snippet":"max-snippet:-1","max-image-preview":"max-image-preview:large","max-video-preview":"max-video-preview:-1"},"canonical":"https:\/\/suomenkuvalehti.fi\/rajalla\/2015\/08\/12\/kohti-tasa-arvoista-katsomusopetusta\/","og_locale":"fi_FI","og_type":"article","og_title":"Kohti tasa-arvoista katsomusopetusta - Rajalla","og_description":"Kouluun menev\u00e4 lapsi ja nuori voi j\u00e4tt\u00e4\u00e4 kenk\u00e4ns\u00e4 koulun eteiseen, mutta vakaumustaan ja uskontoaan h\u00e4n ei voi j\u00e4tt\u00e4\u00e4. Se on osa h\u00e4nt\u00e4. Siksi on ilahduttavaa, ett\u00e4 uskontojen ja katsomusten opetuksesta keskustellaan juuri nyt vilkkaasti. Lapsille ja nuorille on heid\u00e4n tulevaisuuten&hellip;","og_url":"https:\/\/suomenkuvalehti.fi\/rajalla\/2015\/08\/12\/kohti-tasa-arvoista-katsomusopetusta\/","og_site_name":"Rajalla","article_published_time":"2015-08-12T12:58:30+00:00","author":"Jukka Keskitalo","twitter_card":"summary_large_image","twitter_misc":{"Written by":"Jukka Keskitalo","Est. reading time":"2 minuuttia"},"schema":{"@context":"https:\/\/schema.org","@graph":[{"@type":"WebPage","@id":"https:\/\/suomenkuvalehti.fi\/rajalla\/2015\/08\/12\/kohti-tasa-arvoista-katsomusopetusta\/","url":"https:\/\/suomenkuvalehti.fi\/rajalla\/2015\/08\/12\/kohti-tasa-arvoista-katsomusopetusta\/","name":"Kohti tasa-arvoista katsomusopetusta - Rajalla","isPartOf":{"@id":"https:\/\/suomenkuvalehti.fi\/rajalla\/#website"},"datePublished":"2015-08-12T12:58:30+00:00","author":{"@id":"https:\/\/suomenkuvalehti.fi\/rajalla\/#\/schema\/person\/84e00bb9a3503575cc1a74a138b6aff0"},"breadcrumb":{"@id":"https:\/\/suomenkuvalehti.fi\/rajalla\/2015\/08\/12\/kohti-tasa-arvoista-katsomusopetusta\/#breadcrumb"},"inLanguage":"fi","potentialAction":[{"@type":"ReadAction","target":["https:\/\/suomenkuvalehti.fi\/rajalla\/2015\/08\/12\/kohti-tasa-arvoista-katsomusopetusta\/"]}]},{"@type":"BreadcrumbList","@id":"https:\/\/suomenkuvalehti.fi\/rajalla\/2015\/08\/12\/kohti-tasa-arvoista-katsomusopetusta\/#breadcrumb","itemListElement":[{"@type":"ListItem","position":1,"name":"Home","item":"https:\/\/suomenkuvalehti.fi\/rajalla\/"},{"@type":"ListItem","position":2,"name":"Kohti tasa-arvoista katsomusopetusta"}]},{"@type":"WebSite","@id":"https:\/\/suomenkuvalehti.fi\/rajalla\/#website","url":"https:\/\/suomenkuvalehti.fi\/rajalla\/","name":"Rajalla","description":"Kirkon asiantuntijajoukko bloggaa yhteiskunnan ja kirkon rajapinnoilta.","potentialAction":[{"@type":"SearchAction","target":{"@type":"EntryPoint","urlTemplate":"https:\/\/suomenkuvalehti.fi\/haku\/?q={search_term_string}"},"query-input":{"@type":"PropertyValueSpecification","valueRequired":true,"valueName":"search_term_string"}}],"inLanguage":"fi"},{"@type":"Person","@id":"https:\/\/suomenkuvalehti.fi\/rajalla\/#\/schema\/person\/84e00bb9a3503575cc1a74a138b6aff0","name":"Jukka Keskitalo","description":"Kirjoittaja on kansliap\u00e4\u00e4llikk\u00f6, joka pohtii uskontoa ja kirkkoa julkisessa tilassa."}]}},"_links":{"self":[{"href":"https:\/\/suomenkuvalehti.fi\/rajalla\/wp-json\/wp\/v2\/posts\/559","targetHints":{"allow":["GET"]}}],"collection":[{"href":"https:\/\/suomenkuvalehti.fi\/rajalla\/wp-json\/wp\/v2\/posts"}],"about":[{"href":"https:\/\/suomenkuvalehti.fi\/rajalla\/wp-json\/wp\/v2\/types\/post"}],"author":[{"embeddable":true,"href":"https:\/\/suomenkuvalehti.fi\/rajalla\/wp-json\/wp\/v2\/users\/166"}],"replies":[{"embeddable":true,"href":"https:\/\/suomenkuvalehti.fi\/rajalla\/wp-json\/wp\/v2\/comments?post=559"}],"version-history":[{"count":1,"href":"https:\/\/suomenkuvalehti.fi\/rajalla\/wp-json\/wp\/v2\/posts\/559\/revisions"}],"predecessor-version":[{"id":560,"href":"https:\/\/suomenkuvalehti.fi\/rajalla\/wp-json\/wp\/v2\/posts\/559\/revisions\/560"}],"wp:attachment":[{"href":"https:\/\/suomenkuvalehti.fi\/rajalla\/wp-json\/wp\/v2\/media?parent=559"}],"wp:term":[{"taxonomy":"category","embeddable":true,"href":"https:\/\/suomenkuvalehti.fi\/rajalla\/wp-json\/wp\/v2\/categories?post=559"},{"taxonomy":"post_tag","embeddable":true,"href":"https:\/\/suomenkuvalehti.fi\/rajalla\/wp-json\/wp\/v2\/tags?post=559"}],"curies":[{"name":"wp","href":"https:\/\/api.w.org\/{rel}","templated":true}]}}