{"id":552,"date":"2015-07-27T14:03:43","date_gmt":"2015-07-27T11:03:43","guid":{"rendered":"https:\/\/suomenkuvalehti.fi\/rajalla\/?p=552"},"modified":"2015-07-27T14:03:43","modified_gmt":"2015-07-27T11:03:43","slug":"miksi-kirkko-puolustaa-monikulttuurisuutta-ja-jopa-moskeijahanketta","status":"publish","type":"post","link":"https:\/\/suomenkuvalehti.fi\/rajalla\/2015\/07\/27\/miksi-kirkko-puolustaa-monikulttuurisuutta-ja-jopa-moskeijahanketta\/","title":{"rendered":"Miksi kirkko puolustaa monikulttuurisuutta ja jopa moskeijahanketta?"},"content":{"rendered":"\n<p>Kohut Helsingin suurmoskeijasta ja perussuomalaisen <strong>Olli Immosen<\/strong> Facebook-p\u00e4ivityksist\u00e4 sattuivat samalle viikolle. Debatin kohteena oleva monikulttuurisuus on aihe, johon kristinuskosta avautuu ehk\u00e4 yll\u00e4tt\u00e4vi\u00e4kin n\u00e4k\u00f6kulmia.<\/p>\n\n\n\n<p>Ensinn\u00e4kin, kirkko on monikulttuurinen projekti.<\/p>\n\n\n\n<p>Kristinuskoon kuuluu ajatus, ett\u00e4 evankeliumi voidaan ilmaista kaikilla maailman kielill\u00e4. Kirkolla ei siksi ole yht\u00e4 pyh\u00e4\u00e4 kielt\u00e4 tai lukkoon ly\u00f6ty\u00e4 kulttuurista koodia. Ilmestyskirjan (21:26) mukaan \u201dkaikki kansojen kalleudet ja ihanuudet\u201d l\u00f6yt\u00e4v\u00e4t tiens\u00e4 Jumalan valtakuntaan, joten kaikki kielet ja kulttuurit ovat tasa-arvoisia.<\/p>\n\n\n\n<p>Kristinuskon DNA:ssa piilev\u00e4 radikaali monikulttuurisuus n\u00e4kyy selvemmin, jos kristinuskoa vertaa joihinkin muihin uskontoihin. Islamin mukaan Jumalan ilmoitus Koraanissa v\u00e4littyy aidosti vain arabian kielell\u00e4. Hindulainen Krishna-liike taasen pyrkii siirt\u00e4m\u00e4\u00e4n intialaisen veda-kulttuurin mahdollisimman alkuper\u00e4isen\u00e4 suomalaiseen yhteiskuntaan.<\/p>\n\n\n\n<p>Toiseksi, kirkko on ylikansallinen projekti.<\/p>\n\n\n\n<p>Vaikka kukin voi ilmaista uskoaan oman kulttuurinsa mukaan, kristinusko rakentaa yhteytt\u00e4 kansojen v\u00e4lille. Monikulttuurisuus ei saa merkit\u00e4 ghettoutumista erillisiin maailmoihin, sill\u00e4 se heijastaa yhden yhteisen luomakunnan rikkautta.<\/p>\n\n\n\n<p>Helluntaikertomus (Ap.t. 2:1\u201313) on avain t\u00e4m\u00e4n ymm\u00e4rt\u00e4miseen: kun apostolit Pyh\u00e4n Hengen vuodattamisen j\u00e4lkeen julistivat, kuulijat kuulivat sanat omalla kielell\u00e4\u00e4n. Baabelin hajaannus kumoutui, kun monikulttuurisuuden keskelle kasvoi yhteys.<\/p>\n\n\n\n<p>Kaikenlainen kulttuuri-imperialismi saati ahdas kansallismielisyys ovat siksi vastoin kristinuskon eetosta. Kansanedustaja Olli Immosen komppaamat kansallismieliset taistelijat edustavat kirkon n\u00e4k\u00f6kulmasta antikristillist\u00e4 ideologiaa. N\u00e4in on, vaikka Olli Immonen kuuluu puolueeseen, joka sanoo edustavansa <a href=\"https:\/\/www.perussuomalaiset.fi\/tietoa-meista\/arvomaailmamme\/\" target=\"_blank\">\u201dkristillissosiaalista\u201d arvomaailmaa<\/a>.<\/p>\n\n\n\n<p>Ent\u00e4p\u00e4 sitten moskeija, jonka rakentamissuunnitelma on saanut joitakin eroamaan kirkosta, kun kirkon v\u00e4itet\u00e4\u00e4n olevan osallinen hankkeessa?<\/p>\n\n\n\n<p>Taustallahan on tarkkaan ottaen se, ett\u00e4 hankkeessa mukana oleva <a href=\"http:\/\/www.kulttuurifoorumi.fi\/fin\/etusivu\/?id=2\" target=\"_blank\">Kulttuuri- ja uskontofoorumi Fokus<\/a> on saanut kirkkohallitukselta monien muiden j\u00e4rjest\u00f6jen lailla avustuksia. Vaikka Suomen evankelis-luterilainen kirkko ei ole moskeijahankkeessa mukana, en voi n\u00e4hd\u00e4 kirkolla muuta optiota kuin kannattaa hanketta \u2013 ei taloudellisesti mutta teologisesti.<\/p>\n\n\n\n<p>Ehk\u00e4 muutama sana perusteluksi, vaikka olenkin jo pohtinut teemaa perusteellisemmin aiemmassa <a href=\"https:\/\/suomenkuvalehti.fi\/rajalla\/2014\/03\/18\/luterilainen-krishna-temppelissa\/\" target=\"_blank\">blogissani, jonka kirjoitin vierailtuani Krishna-liikkeen temppeliss\u00e4.<\/a><\/p>\n\n\n\n<p>Ja t\u00e4ss\u00e4 tuleekin kolmas pointti: Kirkko on vieraanvaraisuuden projekti.<\/p>\n\n\n\n<p>Kirkon missio on julistaa Jumalan valtakuntaa, joka murtautuu esiin jo t\u00e4ss\u00e4 maailmassa, vaikka se lopullisesti tulee ilmi historian p\u00e4\u00e4ttyess\u00e4. Aavistus Jumalan valtakunnasta on jo siell\u00e4, miss\u00e4 ihmiset oppivat el\u00e4m\u00e4\u00e4n sovinnossa ja rauhassa kesken\u00e4\u00e4n.<\/p>\n\n\n\n<p>Vaikka islamin oppi poikkeaa kirkon opista, kirkkoa ohjaa oman edun tavoittelun sijasta unelma ihmiskunnan harmoniasta Jeesuksessa Kristuksessa. Miss\u00e4 muualla se toteutuisi kuin konkreettisessa vieraanvaraisuudessa, jota osoitetaan muukalaisille?<\/p>\n\n\n\n<p>Naiivi ei pid\u00e4 olla, ja onkin syyt\u00e4 varmistaa moskeijaprosessin l\u00e4pin\u00e4kyvyys, etteiv\u00e4t esimerkiksi ulkomaiset rahoittajatahot saa ohjausvaltaa suomalaisen moskeijan toimintaan.<\/p>\n\n\n\n<p>Mutta kirkko voi omasta perustastaan k\u00e4sin puhua vain vahvan uskonnonvapauden puolesta, joka vaatii sijaa ja oikeuksia my\u00f6s niille, jotka uskovat toisin.<\/p>\n\n\n\n<p>Kirkolla ei sit\u00e4 paitsi ole monopolia <a href=\"https:\/\/suomenkuvalehti.fi\/rajalla\/2013\/09\/16\/hinduilta-oppimassa-eli-uskontojen-kohtaamisen-teologiaa\/\" target=\"_blank\">Jumalan valtakuntaan, joka ylitt\u00e4\u00e4 kirkon rajat<\/a>. Raamatun visio Jumalan valtakunnasta on paljon laaja-alaisempi kuin usein ymm\u00e4rret\u00e4\u00e4n.<\/p>\n\n\n\n<p>Jopa apostoleilla oli vaikeuksia hyv\u00e4ksy\u00e4, ett\u00e4 Jumala katsoo suopeasti my\u00f6s niit\u00e4, jotka ovat oikeaoppisen sis\u00e4piirin ulkopuolella. <strong>Pietari<\/strong> joutui toteamaan pakanallisen sadanp\u00e4\u00e4llikon kohdattuaan (Ap.t. 10:34\u201335): \u201dNyt min\u00e4 todella k\u00e4sit\u00e4n, ettei Jumala erottele ihmisi\u00e4. H\u00e4n hyv\u00e4ksyy jokaisen, joka pelk\u00e4\u00e4 h\u00e4nt\u00e4 ja noudattaa h\u00e4nen tahtoaan, kuului t\u00e4m\u00e4 mihin kansaan tahansa.\u201d<\/p>\n\n\n\n<p>Ilmankos kristilliset kirkotkin ovat langenneet harhaisiin k\u00e4sityksiin valitusta kansasta tai kristillisest\u00e4 kulttuurista. Esimerkiksi keskiajan kirkko teki latinasta pyh\u00e4n kielen, mik\u00e4 oli yksi vaikutin <strong>Martti Lutherin<\/strong> Raamatun pohjalta aloittamaan reformaatioon.<\/p>\n\n\n\n<p>Sittemmin luterilainen kirkko p\u00e4\u00e4tyi sekin ihailemaan pakotettua yhten\u00e4iskulttuuria. Turun piispa <strong>Isak Rothovius<\/strong> kiitti muistopuheessaan vuonna 1632 kaatunutta kuningas <strong>Kustaa II Aadolfia<\/strong> siit\u00e4, ett\u00e4 t\u00e4m\u00e4n valtakunnassa ei sallittu mit\u00e4\u00e4n vieraita uskonharjoituksia. Ja p\u00e4\u00e4tti muistosanansa nykyn\u00e4k\u00f6kulmasta k\u00e4sitt\u00e4m\u00e4tt\u00f6m\u00e4\u00e4n rukoukseen uskonnollisen yhten\u00e4isyyden s\u00e4ilymisest\u00e4: \u201dAuta, Herra Jeesus Kristus, ettei t\u00e4t\u00e4 vapautta meilt\u00e4 koskaan riistett\u00e4isi.\u201d<\/p>\n\n\n\n<p>On ehk\u00e4 anakronistista kritikoida puhdasoppisuuden ajan piispaa oman aikamme kriteerein. Olennaista on, ett\u00e4 kristinuskon radikaali monikulttuurisuus on l\u00f6ydetty uudelleen ekumeenisessa keskustelussa. <a href=\"http:\/\/teologia.fi\/artikkelit\/kirkot-ja-muut-yhteisot\/1161-katolisen-kirkon-uskontodialogit\" target=\"_blank\">Katolinen kirkko on ollut t\u00e4ss\u00e4 eturintamassa<\/a>.<\/p>\n\n\n\n<p>Jotta Suomen evankelis-luterilainen kirkko olisi uskollinen perusteht\u00e4v\u00e4lleen, sen tulee muistuttaa Raamatun utopiasta, rauhan valtakunnasta, joka ylitt\u00e4\u00e4 kansakuntien rajat: \u201dH\u00e4n, Herra, ratkaisee kansakuntien riidat, h\u00e4n jakaa oikeutta v\u00e4keville kansoille l\u00e4hell\u00e4 ja kaukana. Niin taotaan miekat auran teriksi ja keih\u00e4\u00e4t vesureiksi. Yksik\u00e4\u00e4n kansa ei en\u00e4\u00e4 kohota miekkaa toista vastaan eik\u00e4 harjoittele sotataitoja. Silloin jokainen saa istua mit\u00e4\u00e4n pelk\u00e4\u00e4m\u00e4tt\u00e4 oman viinik\u00f6ynn\u00f6ksens\u00e4 ja viikunapuunsa alla.\u201d (Miika 4:3\u20134)<\/p>\n\n\n\n<p>Tuollaisesta maailmasta kirkko unelmoi. <a href=\"http:\/\/evl.fi\/EVLfi.nsf\/Documents\/8438D1117EB147FFC225706C003CD2E9?OpenDocument&amp;lang=FI\" target=\"_blank\">Tervetuloa mukaan matkalle<\/a> kohti toisenlaista tulevaisuutta.<\/p>\n\n\n","protected":false},"excerpt":{"rendered":"<p>Kohut Helsingin suurmoskeijasta ja perussuomalaisen Olli Immosen Facebook-p\u00e4ivityksist\u00e4 sattuivat samalle viikolle. Debatin kohteena oleva monikulttuurisuus on aihe, johon kristinuskosta avautuu ehk\u00e4 yll\u00e4tt\u00e4vi\u00e4kin n\u00e4k\u00f6kulmia. Ensinn\u00e4kin, kirkko on<br \/>\nmonikult&hellip;<\/p>\n","protected":false},"author":1127,"featured_media":0,"comment_status":"open","ping_status":"closed","sticky":false,"template":"","format":"standard","meta":{"_acf_changed":false,"asauth_required_access_level":0,"asauth_cansharepaid":"true","om_header_attributes":[],"footnotes":"","om_featured_image_focal_point":[],"om_primary_tag":0,"om_contributors":[],"om_co_authors":[],"beyondwords_generate_audio":"","beyondwords_project_id":"","beyondwords_content_id":"","beyondwords_preview_token":"","beyondwords_player_content":"","beyondwords_player_style":"","beyondwords_language_code":"","beyondwords_language_id":"","beyondwords_title_voice_id":"","beyondwords_body_voice_id":"","beyondwords_summary_voice_id":"","beyondwords_error_message":"","beyondwords_disabled":"","beyondwords_delete_content":"","beyondwords_podcast_id":"","beyondwords_hash":"","publish_post_to_speechkit":"","speechkit_hash":"","speechkit_generate_audio":"","speechkit_project_id":"","speechkit_podcast_id":"","speechkit_error_message":"","speechkit_disabled":"","speechkit_access_key":"","speechkit_error":"","speechkit_info":"","speechkit_response":"","speechkit_retries":"","speechkit_status":"","speechkit_updated_at":"","_speechkit_link":"","_speechkit_text":""},"categories":[1],"tags":[],"class_list":["post-552","post","type-post","status-publish","format-standard","hentry","category-rajalla"],"om_views":null,"acf":{"tuuma_off":false,"tuuma_kysymys":"","tuuma_vastaus":""},"asauth":{"required_access_level":1,"share_token":"","is_paid":false},"yoast_head":"<!-- This site is optimized with the Yoast SEO plugin v26.4 - https:\/\/yoast.com\/wordpress\/plugins\/seo\/ -->\n<title>Miksi kirkko puolustaa monikulttuurisuutta ja jopa moskeijahanketta? - Rajalla<\/title>\n<meta name=\"description\" content=\"Kirkon tulee puhua radikaalin monikulttuurisuuden puolesta, kun kohutaan rasistisista Facebook-p\u00e4ivityksist\u00e4 ja moskeijahankkeesta.\" \/>\n<meta name=\"robots\" content=\"index, follow, max-snippet:-1, max-image-preview:large, max-video-preview:-1\" \/>\n<link rel=\"canonical\" href=\"https:\/\/suomenkuvalehti.fi\/rajalla\/2015\/07\/27\/miksi-kirkko-puolustaa-monikulttuurisuutta-ja-jopa-moskeijahanketta\/\" \/>\n<meta property=\"og:locale\" content=\"fi_FI\" \/>\n<meta property=\"og:type\" content=\"article\" \/>\n<meta property=\"og:title\" content=\"Miksi kirkko puolustaa monikulttuurisuutta ja jopa moskeijahanketta? - Rajalla\" \/>\n<meta property=\"og:description\" content=\"Kirkon tulee puhua radikaalin monikulttuurisuuden puolesta, kun kohutaan rasistisista Facebook-p\u00e4ivityksist\u00e4 ja moskeijahankkeesta.\" \/>\n<meta property=\"og:url\" content=\"https:\/\/suomenkuvalehti.fi\/rajalla\/2015\/07\/27\/miksi-kirkko-puolustaa-monikulttuurisuutta-ja-jopa-moskeijahanketta\/\" \/>\n<meta property=\"og:site_name\" content=\"Rajalla\" \/>\n<meta property=\"article:author\" content=\"https:\/\/www.facebook.com\/profile.php?id=100014671998903\" \/>\n<meta property=\"article:published_time\" content=\"2015-07-27T11:03:43+00:00\" \/>\n<meta name=\"author\" content=\"Jyri Komulainen\" \/>\n<meta name=\"twitter:card\" content=\"summary_large_image\" \/>\n<meta name=\"twitter:creator\" content=\"@https:\/\/twitter.com\/JyriKomulainen\" \/>\n<meta name=\"twitter:label1\" content=\"Written by\" \/>\n\t<meta name=\"twitter:data1\" content=\"Jyri Komulainen\" \/>\n\t<meta name=\"twitter:label2\" content=\"Est. reading time\" \/>\n\t<meta name=\"twitter:data2\" content=\"4 minuuttia\" \/>\n<script type=\"application\/ld+json\" class=\"yoast-schema-graph\">{\"@context\":\"https:\/\/schema.org\",\"@graph\":[{\"@type\":\"WebPage\",\"@id\":\"https:\/\/suomenkuvalehti.fi\/rajalla\/2015\/07\/27\/miksi-kirkko-puolustaa-monikulttuurisuutta-ja-jopa-moskeijahanketta\/\",\"url\":\"https:\/\/suomenkuvalehti.fi\/rajalla\/2015\/07\/27\/miksi-kirkko-puolustaa-monikulttuurisuutta-ja-jopa-moskeijahanketta\/\",\"name\":\"Miksi kirkko puolustaa monikulttuurisuutta ja jopa moskeijahanketta? - Rajalla\",\"isPartOf\":{\"@id\":\"https:\/\/suomenkuvalehti.fi\/rajalla\/#website\"},\"datePublished\":\"2015-07-27T11:03:43+00:00\",\"author\":{\"@id\":\"https:\/\/suomenkuvalehti.fi\/rajalla\/#\/schema\/person\/19b9198b3d4b1989cd0611231f6d4df4\"},\"description\":\"Kirkon tulee puhua radikaalin monikulttuurisuuden puolesta, kun kohutaan rasistisista Facebook-p\u00e4ivityksist\u00e4 ja moskeijahankkeesta.\",\"breadcrumb\":{\"@id\":\"https:\/\/suomenkuvalehti.fi\/rajalla\/2015\/07\/27\/miksi-kirkko-puolustaa-monikulttuurisuutta-ja-jopa-moskeijahanketta\/#breadcrumb\"},\"inLanguage\":\"fi\",\"potentialAction\":[{\"@type\":\"ReadAction\",\"target\":[\"https:\/\/suomenkuvalehti.fi\/rajalla\/2015\/07\/27\/miksi-kirkko-puolustaa-monikulttuurisuutta-ja-jopa-moskeijahanketta\/\"]}]},{\"@type\":\"BreadcrumbList\",\"@id\":\"https:\/\/suomenkuvalehti.fi\/rajalla\/2015\/07\/27\/miksi-kirkko-puolustaa-monikulttuurisuutta-ja-jopa-moskeijahanketta\/#breadcrumb\",\"itemListElement\":[{\"@type\":\"ListItem\",\"position\":1,\"name\":\"Home\",\"item\":\"https:\/\/suomenkuvalehti.fi\/rajalla\/\"},{\"@type\":\"ListItem\",\"position\":2,\"name\":\"Miksi kirkko puolustaa monikulttuurisuutta ja jopa moskeijahanketta?\"}]},{\"@type\":\"WebSite\",\"@id\":\"https:\/\/suomenkuvalehti.fi\/rajalla\/#website\",\"url\":\"https:\/\/suomenkuvalehti.fi\/rajalla\/\",\"name\":\"Rajalla\",\"description\":\"Kirkon asiantuntijajoukko bloggaa yhteiskunnan ja kirkon rajapinnoilta.\",\"potentialAction\":[{\"@type\":\"SearchAction\",\"target\":{\"@type\":\"EntryPoint\",\"urlTemplate\":\"https:\/\/suomenkuvalehti.fi\/haku\/?q={search_term_string}\"},\"query-input\":{\"@type\":\"PropertyValueSpecification\",\"valueRequired\":true,\"valueName\":\"search_term_string\"}}],\"inLanguage\":\"fi\"},{\"@type\":\"Person\",\"@id\":\"https:\/\/suomenkuvalehti.fi\/rajalla\/#\/schema\/person\/19b9198b3d4b1989cd0611231f6d4df4\",\"name\":\"Jyri Komulainen\",\"description\":\"Kirjoittaja on dosentti ja Suomen evankelis-luterilaisen kirkon piispainkokouksen p\u00e4\u00e4sihteeri, joka on perehtynyt kristilliseen dogmatiikkaan ja Aasian uskontoihin.\",\"sameAs\":[\"https:\/\/www.facebook.com\/profile.php?id=100014671998903\",\"https:\/\/x.com\/https:\/\/twitter.com\/JyriKomulainen\"]}]}<\/script>\n<!-- \/ Yoast SEO plugin. -->","yoast_head_json":{"title":"Miksi kirkko puolustaa monikulttuurisuutta ja jopa moskeijahanketta? - Rajalla","description":"Kirkon tulee puhua radikaalin monikulttuurisuuden puolesta, kun kohutaan rasistisista Facebook-p\u00e4ivityksist\u00e4 ja moskeijahankkeesta.","robots":{"index":"index","follow":"follow","max-snippet":"max-snippet:-1","max-image-preview":"max-image-preview:large","max-video-preview":"max-video-preview:-1"},"canonical":"https:\/\/suomenkuvalehti.fi\/rajalla\/2015\/07\/27\/miksi-kirkko-puolustaa-monikulttuurisuutta-ja-jopa-moskeijahanketta\/","og_locale":"fi_FI","og_type":"article","og_title":"Miksi kirkko puolustaa monikulttuurisuutta ja jopa moskeijahanketta? - Rajalla","og_description":"Kirkon tulee puhua radikaalin monikulttuurisuuden puolesta, kun kohutaan rasistisista Facebook-p\u00e4ivityksist\u00e4 ja moskeijahankkeesta.","og_url":"https:\/\/suomenkuvalehti.fi\/rajalla\/2015\/07\/27\/miksi-kirkko-puolustaa-monikulttuurisuutta-ja-jopa-moskeijahanketta\/","og_site_name":"Rajalla","article_author":"https:\/\/www.facebook.com\/profile.php?id=100014671998903","article_published_time":"2015-07-27T11:03:43+00:00","author":"Jyri Komulainen","twitter_card":"summary_large_image","twitter_creator":"@https:\/\/twitter.com\/JyriKomulainen","twitter_misc":{"Written by":"Jyri Komulainen","Est. reading time":"4 minuuttia"},"schema":{"@context":"https:\/\/schema.org","@graph":[{"@type":"WebPage","@id":"https:\/\/suomenkuvalehti.fi\/rajalla\/2015\/07\/27\/miksi-kirkko-puolustaa-monikulttuurisuutta-ja-jopa-moskeijahanketta\/","url":"https:\/\/suomenkuvalehti.fi\/rajalla\/2015\/07\/27\/miksi-kirkko-puolustaa-monikulttuurisuutta-ja-jopa-moskeijahanketta\/","name":"Miksi kirkko puolustaa monikulttuurisuutta ja jopa moskeijahanketta? - Rajalla","isPartOf":{"@id":"https:\/\/suomenkuvalehti.fi\/rajalla\/#website"},"datePublished":"2015-07-27T11:03:43+00:00","author":{"@id":"https:\/\/suomenkuvalehti.fi\/rajalla\/#\/schema\/person\/19b9198b3d4b1989cd0611231f6d4df4"},"description":"Kirkon tulee puhua radikaalin monikulttuurisuuden puolesta, kun kohutaan rasistisista Facebook-p\u00e4ivityksist\u00e4 ja moskeijahankkeesta.","breadcrumb":{"@id":"https:\/\/suomenkuvalehti.fi\/rajalla\/2015\/07\/27\/miksi-kirkko-puolustaa-monikulttuurisuutta-ja-jopa-moskeijahanketta\/#breadcrumb"},"inLanguage":"fi","potentialAction":[{"@type":"ReadAction","target":["https:\/\/suomenkuvalehti.fi\/rajalla\/2015\/07\/27\/miksi-kirkko-puolustaa-monikulttuurisuutta-ja-jopa-moskeijahanketta\/"]}]},{"@type":"BreadcrumbList","@id":"https:\/\/suomenkuvalehti.fi\/rajalla\/2015\/07\/27\/miksi-kirkko-puolustaa-monikulttuurisuutta-ja-jopa-moskeijahanketta\/#breadcrumb","itemListElement":[{"@type":"ListItem","position":1,"name":"Home","item":"https:\/\/suomenkuvalehti.fi\/rajalla\/"},{"@type":"ListItem","position":2,"name":"Miksi kirkko puolustaa monikulttuurisuutta ja jopa moskeijahanketta?"}]},{"@type":"WebSite","@id":"https:\/\/suomenkuvalehti.fi\/rajalla\/#website","url":"https:\/\/suomenkuvalehti.fi\/rajalla\/","name":"Rajalla","description":"Kirkon asiantuntijajoukko bloggaa yhteiskunnan ja kirkon rajapinnoilta.","potentialAction":[{"@type":"SearchAction","target":{"@type":"EntryPoint","urlTemplate":"https:\/\/suomenkuvalehti.fi\/haku\/?q={search_term_string}"},"query-input":{"@type":"PropertyValueSpecification","valueRequired":true,"valueName":"search_term_string"}}],"inLanguage":"fi"},{"@type":"Person","@id":"https:\/\/suomenkuvalehti.fi\/rajalla\/#\/schema\/person\/19b9198b3d4b1989cd0611231f6d4df4","name":"Jyri Komulainen","description":"Kirjoittaja on dosentti ja Suomen evankelis-luterilaisen kirkon piispainkokouksen p\u00e4\u00e4sihteeri, joka on perehtynyt kristilliseen dogmatiikkaan ja Aasian uskontoihin.","sameAs":["https:\/\/www.facebook.com\/profile.php?id=100014671998903","https:\/\/x.com\/https:\/\/twitter.com\/JyriKomulainen"]}]}},"_links":{"self":[{"href":"https:\/\/suomenkuvalehti.fi\/rajalla\/wp-json\/wp\/v2\/posts\/552","targetHints":{"allow":["GET"]}}],"collection":[{"href":"https:\/\/suomenkuvalehti.fi\/rajalla\/wp-json\/wp\/v2\/posts"}],"about":[{"href":"https:\/\/suomenkuvalehti.fi\/rajalla\/wp-json\/wp\/v2\/types\/post"}],"author":[{"embeddable":true,"href":"https:\/\/suomenkuvalehti.fi\/rajalla\/wp-json\/wp\/v2\/users\/1127"}],"replies":[{"embeddable":true,"href":"https:\/\/suomenkuvalehti.fi\/rajalla\/wp-json\/wp\/v2\/comments?post=552"}],"version-history":[{"count":5,"href":"https:\/\/suomenkuvalehti.fi\/rajalla\/wp-json\/wp\/v2\/posts\/552\/revisions"}],"predecessor-version":[{"id":557,"href":"https:\/\/suomenkuvalehti.fi\/rajalla\/wp-json\/wp\/v2\/posts\/552\/revisions\/557"}],"wp:attachment":[{"href":"https:\/\/suomenkuvalehti.fi\/rajalla\/wp-json\/wp\/v2\/media?parent=552"}],"wp:term":[{"taxonomy":"category","embeddable":true,"href":"https:\/\/suomenkuvalehti.fi\/rajalla\/wp-json\/wp\/v2\/categories?post=552"},{"taxonomy":"post_tag","embeddable":true,"href":"https:\/\/suomenkuvalehti.fi\/rajalla\/wp-json\/wp\/v2\/tags?post=552"}],"curies":[{"name":"wp","href":"https:\/\/api.w.org\/{rel}","templated":true}]}}