{"id":530,"date":"2015-06-18T14:48:44","date_gmt":"2015-06-18T11:48:44","guid":{"rendered":"https:\/\/suomenkuvalehti.fi\/rajalla\/?p=530"},"modified":"2015-06-18T16:15:46","modified_gmt":"2015-06-18T13:15:46","slug":"paavi-franciscus-ja-taivaan-merkit","status":"publish","type":"post","link":"https:\/\/suomenkuvalehti.fi\/rajalla\/2015\/06\/18\/paavi-franciscus-ja-taivaan-merkit\/","title":{"rendered":"Paavi Franciscus ja taivaan merkit"},"content":{"rendered":"\n<p><strong><em>Paavi Franciscuksen<\/em> <\/strong>kauan odotettu <a href=\"http:\/\/w2.vatican.va\/content\/francesco\/en\/encyclicals\/documents\/papa-francesco_20150524_enciclica-laudato-si.html\" target=\"_blank\">kiertokirje<\/a> julkistettiin t\u00e4n\u00e4\u00e4n Vatikaanin aikaan keskip\u00e4iv\u00e4ll\u00e4. Sen nimi liittyy Luomakunnan ihmeellisyyteen: &#8221;Laudato si\u00b4, Mi\u00b4 Signore&#8221; (Ylistys sinulle, Herrani). Alkusanat ovat paavin esikuvan, pyh\u00e4n Franciscus Assisilaisen Aurinkolaulusta.<\/p>\n\n\n\n<p>Muuttaako kirje maailman? Alkavatko nyt reilu miljardi katolilaista hillit\u00e4 ilmastonmuutosta? Heit\u00e4 ovat mm. ulkoministeri <strong><em>Timo Soini<\/em> <\/strong>ja presidenttiehdokas <strong><em>Jeb Bush<\/em><\/strong>.<\/p>\n\n\n\n<p>Erityisen painon kiertokirjeelle tuo sen ajankohta. Yksi maailman suurimmista arvovaikuttajista haluaa ennen loppuvuoden Pariisin ilmastokokousta muistuttaa sen valtavasta merkityksest\u00e4. H\u00e4n korosti julkistamisen aattona, ett\u00e4 <a href=\"http:\/\/www.news.va\/en\/news\/pope-francis-encyclical-part-of-churchs-social-doc\">kirje on osa katolista sosiaalioppia<\/a>, mist\u00e4 lis\u00e4\u00e4 my\u00f6hemmin.<\/p>\n\n\n\n<p>Vaikka kirjeen k\u00e4rki on ilmastonmuutoksen torjumisen kiireellisyydess\u00e4, paavi puhuu my\u00f6s laajemmin. Kyse on siit\u00e4, ett\u00e4 huolehdimme omasta kodistamme: maapallosta.<\/p>\n\n\n\n<p>Paavi ottaa katoliselle perinteelleen ja omille korostuksilleen uskollisena esille eko-oikeudenmukaisuuden. Ilmastonmuutoksesta k\u00e4rsiv\u00e4t pahimmin k\u00f6yh\u00e4t ja haavoittuvassa asemassa olevat.<\/p>\n\n\n\n<p>Luojan luoma el\u00e4m\u00e4n rikas monimuotoisuus on uhattuna. Kirkolle ja paaville sopii hyvin puhua biodiversiteetin puolesta.<\/p>\n\n\n\n<p>Kiertokirjett\u00e4 oli pohjustettu sek\u00e4 italialaislehden <a href=\"http:\/\/espresso.repubblica.it\/attualita\/2015\/06\/15\/news\/papa-bergoglio-e-la-lezione-di-francesco-d-assisi-in-anteprima-l-enciclica-sull-ambiente-laudato-si-mi-signore-1.216897?ref=HEF_RULLO&amp;refresh_ce\" target=\"_blank\">l\u2019Espresso<\/a> vuodolla ett\u00e4 vakavan humoristisella, <a href=\"http:\/\/ecowatch.com\/2015\/06\/12\/pope-encyclical-spoof-trailer\/\" target=\"_blank\">hollywoodtyylisell\u00e4 trailerilla<\/a>.<\/p>\n\n\n\n<p>&nbsp;<\/p>\n\n\n\n<p><strong>Ihmettely, kohtuus ja el\u00e4m\u00e4n suuri mysteeri<\/strong><\/p>\n\n\n\n<p>Paavi Franciscuksen kiertokirje tuo mieleen kes\u00e4ll\u00e4 2008 ilmestyneen Suomen evankelisluterilaisen kirkon ilmasto-ohjelman <a href=\"http:\/\/evl.fi\/EVLfi.nsf\/Documents\/DEDDD6DE21632FC9C225741F00366183?OpenDocument&amp;lang=FI\" target=\"_blank\">Kiitollisuus, kunnioitus, kohtuus<\/a>. On luonnollista, ett\u00e4 kirkot korostavat luomakunnan ihmeellisyytt\u00e4, joka her\u00e4tt\u00e4\u00e4 kiitollisuutta ja kunnioitusta ja nostattaa halun ylist\u00e4\u00e4 (Laudato si\u2019) kaiken luojaa ja yll\u00e4pit\u00e4j\u00e4\u00e4.<\/p>\n\n\n\n<p>Paavi puhuu ihmiskunnasta ja my\u00f6s muusta luomakunnasta universaalina perheen\u00e4, mink\u00e4 ymm\u00e4rt\u00e4minen saa tuntemaan n\u00f6yr\u00e4\u00e4 kunnioitusta. Kriisi on sek\u00e4 kulttuurinen ett\u00e4 ekologinen. Meid\u00e4n on opittava uudenlainen el\u00e4m\u00e4ntapa, joka ei perustu kest\u00e4m\u00e4tt\u00f6m\u00e4\u00e4n kulutukseen vaan todellista iloa ja merkityst\u00e4 luoviin asioihin.<\/p>\n\n\n\n<p>Paavi puhuu koko maailmasta suurena sakramenttina. Maailmankaikkeus puhkeaa kukkaan Jumalassa, joka t\u00e4ytt\u00e4\u00e4 sen kokonaan. Sen vuoksi lehdess\u00e4, vuoripolussa, sadepisarassa tai k\u00f6yh\u00e4n ihmisen kasvoissa on n\u00e4ht\u00e4viss\u00e4 mystinen, salattu merkitys.<\/p>\n\n\n\n<p>Kiitollisuus ja ihmettely saavat my\u00f6s etsim\u00e4\u00e4n sellaista el\u00e4m\u00e4ntapaa, joka mahtuu t\u00e4m\u00e4n maapallon puitteisiin. Paavi itse el\u00e4\u00e4 niin kuin opettaa ja haastaa nyt kaikkia katolisia ja my\u00f6s muita ihmisi\u00e4 etsim\u00e4\u00e4n kohtuutta omassa el\u00e4m\u00e4ss\u00e4\u00e4n.<\/p>\n\n\n\n<p>&nbsp;<\/p>\n\n\n\n<p><strong>Velvoittaako kiertokirje katolisia? Muuttuuko maailma?<\/strong><\/p>\n\n\n\n<p>Velvoittaako nyt kiertokirje kaikkia katolisia? Voiko presidenttiehdokas Jeb Bush tai ulkoministeri Timo Soini olla asettamatta ilmastonmuutoksen hillint\u00e4\u00e4 ja luomakunnan suojelua merkitt\u00e4v\u00e4lle paikalle? Saavatko ilmastonmuutoksen uhrit ja maailman k\u00f6yh\u00e4t miljardi puolustajaa? Kiertokirjeet ohjaavat katolista kirkkoa ja sen j\u00e4seni\u00e4. Toisin kuin vaikkapa luterilaisilla katolisilla on sosiaalioppinsa, joka ohjaa ja opastaa hyv\u00e4\u00e4n el\u00e4m\u00e4\u00e4n. Mik\u00e4\u00e4n t\u00e4ysin velvoittava kiertokirje ei kuitenkaan ole. Se on nyt osa katolisen kirkon yhteiskunnallista opetusta.<\/p>\n\n\n\n<p>Paavin kiertokirje on t\u00e4rke\u00e4. Se rohkaisee maailman miljardia katolilaista ja muita kristittyj\u00e4 sek\u00e4 lukuisia paavin faneja. Nyt on aika ryhty\u00e4 nopeisiin toimiin ilmastonmuutoksen torjumiseksi ja etsi\u00e4 kohtuullista el\u00e4m\u00e4ntapaa. Se ei ole kurjaa ja harmaata el\u00e4m\u00e4\u00e4, vaan kiitollisuuden ja ilon v\u00e4ritt\u00e4m\u00e4\u00e4. Siit\u00e4 paavi itse viestii kiertokirjeens\u00e4 alkusanoilla: Olet ylistetty, Herrani, kaikkien luotujesi kanssa! Laudato si, mi signore!<\/p>\n\n\n\n<p>&nbsp;<\/p>\n\n\n\n<p>P.s.<\/p>\n\n\n\n<p>T\u00e4ss\u00e4 lopuksi suomentamani Franciscus Assisilaisen Aurinkolaulu, josta on paavin kirjeen otsikko&nbsp;(kirjastani Maailma on Jumalan ruumis, Kirjapaja 2010).<\/p>\n\n\n\n<h4 class=\"wp-block-heading\">Franciscus Assisilaisen aurinkolaulu<\/h4>\n\n\n\n<p>Korkein, kaikkivaltias ja hyv\u00e4 Jumala,<\/p>\n\n\n\n<p>Sinun on ylistys, kirkkaus, kunnia ja kaikki siunaus.<\/p>\n\n\n\n<p>&nbsp;<\/p>\n\n\n\n<p>Ne kuuluvat yksin sinulle, korkein,<\/p>\n\n\n\n<p>kukaan ihminen ei kelpaa lausumaan nime\u00e4si.<\/p>\n\n\n\n<p>&nbsp;<\/p>\n\n\n\n<p>Olet ylistetty, Herrani, kaikkien luotujesi kanssa,<\/p>\n\n\n\n<p>erityisesti herramme veli auringon:<\/p>\n\n\n\n<p>h\u00e4n on se p\u00e4iv\u00e4, jonka kautta annat meille valon.<\/p>\n\n\n\n<p>&nbsp;<\/p>\n\n\n\n<p>Ja h\u00e4n on kaunis ja s\u00e4teilev\u00e4 suuressa kirkkaudessaan,<\/p>\n\n\n\n<p>sinun, kaikkein korkeimman, kaltainen h\u00e4n on.<\/p>\n\n\n\n<p>&nbsp;<\/p>\n\n\n\n<p>Sisar kuu ja t\u00e4hdet ylist\u00e4v\u00e4t sinua, Herrani,<\/p>\n\n\n\n<p>sin\u00e4 olet ne luonut taivaalle, kirkkaat, kalliit ja kauniit.<\/p>\n\n\n\n<p>&nbsp;<\/p>\n\n\n\n<p>Veli tuuli ylist\u00e4\u00e4 sinua, Herrani,<\/p>\n\n\n\n<p>ja pouta sek\u00e4 myrsky, kaikkien s\u00e4iden kanssa,<\/p>\n\n\n\n<p>joilla sin\u00e4 vaalit luomakuntaasi.<\/p>\n\n\n\n<p>&nbsp;<\/p>\n\n\n\n<p>Sisar vesi ylist\u00e4\u00e4 sinua,<\/p>\n\n\n\n<p>niin tarpeellinen, n\u00f6yr\u00e4, kallis ja puhdas.<\/p>\n\n\n\n<p>&nbsp;<\/p>\n\n\n\n<p>Veli tuli ylist\u00e4\u00e4 sinua, h\u00e4nell\u00e4 valaiset y\u00f6n,<\/p>\n\n\n\n<p>ja h\u00e4n on kaunis, leikkis\u00e4, luja ja voimakas.<\/p>\n\n\n\n<p>&nbsp;<\/p>\n\n\n\n<p>Sisaremme, \u00e4iti maa, ylist\u00e4\u00e4 sinua,<\/p>\n\n\n\n<p>h\u00e4n pit\u00e4\u00e4 yll\u00e4 ja hallitsee el\u00e4m\u00e4\u00e4mme,<\/p>\n\n\n\n<p>ja tuottaa monenlaisia hedelmi\u00e4, v\u00e4rikk\u00e4it\u00e4 kukkia ja yrttej\u00e4.<\/p>\n\n\n\n<p>&nbsp;<\/p>\n\n\n\n<p>Rakkaudesta sinuun anteeksi antavat<\/p>\n\n\n\n<p>ylist\u00e4v\u00e4t sinua, Herrani;<\/p>\n\n\n\n<p>he kest\u00e4v\u00e4t sairaudet ja koettelemukset.<\/p>\n\n\n\n<p>&nbsp;<\/p>\n\n\n\n<p>Autuaita ovat rauhan s\u00e4ilytt\u00e4j\u00e4t,<\/p>\n\n\n\n<p>sinulta, Korkein, he saavat kruununsa.<\/p>\n\n\n\n<p>&nbsp;<\/p>\n\n\n\n<p>Sisar ruumiillinen kuolema ylist\u00e4\u00e4 sinua,<\/p>\n\n\n\n<p>h\u00e4nt\u00e4 ei yksik\u00e4\u00e4n el\u00e4v\u00e4 ihminen p\u00e4\u00e4se pakoon.<\/p>\n\n\n\n<p>Voi niit\u00e4, jotka menehtyv\u00e4t kuolemansynniss\u00e4!<\/p>\n\n\n\n<p>Onnellisia ne, jotka h\u00e4n l\u00f6yt\u00e4\u00e4 toteuttamassa sinun pyh\u00e4\u00e4 tahtoasi;<\/p>\n\n\n\n<p>heille ei toinen kuolema tee pahaa.<\/p>\n\n\n\n<p>&nbsp;<\/p>\n\n\n\n<p>Ylist\u00e4k\u00e4\u00e4 ja siunatkaa Jumalaani,<\/p>\n\n\n\n<p>kiitt\u00e4k\u00e4\u00e4 h\u00e4nt\u00e4 ja palvelkaa suurella n\u00f6yryydell\u00e4.<\/p>\n\n\n\n<p>&nbsp;<\/p>\n\n\n\n<p>&nbsp;<\/p>\n\n\n\n<p>&nbsp;<\/p>\n\n\n\n<p>&nbsp;<\/p>\n\n\n","protected":false},"excerpt":{"rendered":"<p>Paavi Franciscuksen kauan odotettu kiertokirje julkistettiin t\u00e4n\u00e4\u00e4n Vatikaanin aikaan keskip\u00e4iv\u00e4ll\u00e4. Sen nimi liittyy Luomakunnan ihmeellisyyteen: &#8221;Laudato si\u00b4, Mi\u00b4 Signore&#8221; (Ylistys sinulle, Herrani). Alkusanat ovat paavin esikuvan, pyh\u00e4n Franciscus Assisilaisen<br \/>\nAurinkol&hellip;<\/p>\n","protected":false},"author":524,"featured_media":0,"comment_status":"open","ping_status":"closed","sticky":false,"template":"","format":"standard","meta":{"_acf_changed":false,"asauth_required_access_level":0,"asauth_cansharepaid":"true","om_header_attributes":[],"footnotes":"","om_featured_image_focal_point":[],"om_primary_tag":0,"om_contributors":[],"om_co_authors":[],"beyondwords_generate_audio":"","beyondwords_project_id":"","beyondwords_content_id":"","beyondwords_preview_token":"","beyondwords_player_content":"","beyondwords_player_style":"","beyondwords_language_code":"","beyondwords_language_id":"","beyondwords_title_voice_id":"","beyondwords_body_voice_id":"","beyondwords_summary_voice_id":"","beyondwords_error_message":"","beyondwords_disabled":"","beyondwords_delete_content":"","beyondwords_podcast_id":"","beyondwords_hash":"","publish_post_to_speechkit":"","speechkit_hash":"","speechkit_generate_audio":"","speechkit_project_id":"","speechkit_podcast_id":"","speechkit_error_message":"","speechkit_disabled":"","speechkit_access_key":"","speechkit_error":"","speechkit_info":"","speechkit_response":"","speechkit_retries":"","speechkit_status":"","speechkit_updated_at":"","_speechkit_link":"","_speechkit_text":""},"categories":[1],"tags":[216,105,290,289],"class_list":["post-530","post","type-post","status-publish","format-standard","hentry","category-rajalla","tag-eko-oikeudenmukaisuus","tag-ilmastonmuutos","tag-laudato-si","tag-paavi-franciscus"],"om_views":null,"acf":{"tuuma_off":false,"tuuma_kysymys":"","tuuma_vastaus":""},"asauth":{"required_access_level":1,"share_token":"","is_paid":false},"yoast_head":"<!-- This site is optimized with the Yoast SEO plugin v26.4 - https:\/\/yoast.com\/wordpress\/plugins\/seo\/ -->\n<title>Paavi Franciscus ja taivaan merkit - Rajalla<\/title>\n<meta name=\"description\" content=\"Muuttaako paavi Franciscuksen uusi kiertokirje maailman? Alkavatko nyt reilu miljardi katolilaista hillit\u00e4 ilmastonmuutosta? Heit\u00e4 ovat mm. ulkoministeri Timo Soini ja presidenttiehdokas Jeb Bush.\" \/>\n<meta name=\"robots\" content=\"index, follow, max-snippet:-1, max-image-preview:large, max-video-preview:-1\" \/>\n<link rel=\"canonical\" href=\"https:\/\/suomenkuvalehti.fi\/rajalla\/2015\/06\/18\/paavi-franciscus-ja-taivaan-merkit\/\" \/>\n<meta property=\"og:locale\" content=\"fi_FI\" \/>\n<meta property=\"og:type\" content=\"article\" \/>\n<meta property=\"og:title\" content=\"Paavi Franciscus ja taivaan merkit - Rajalla\" \/>\n<meta property=\"og:description\" content=\"Muuttaako paavi Franciscuksen uusi kiertokirje maailman? Alkavatko nyt reilu miljardi katolilaista hillit\u00e4 ilmastonmuutosta? Heit\u00e4 ovat mm. ulkoministeri Timo Soini ja presidenttiehdokas Jeb Bush.\" \/>\n<meta property=\"og:url\" content=\"https:\/\/suomenkuvalehti.fi\/rajalla\/2015\/06\/18\/paavi-franciscus-ja-taivaan-merkit\/\" \/>\n<meta property=\"og:site_name\" content=\"Rajalla\" \/>\n<meta property=\"article:published_time\" content=\"2015-06-18T11:48:44+00:00\" \/>\n<meta property=\"article:modified_time\" content=\"2015-06-18T13:15:46+00:00\" \/>\n<meta name=\"author\" content=\"Ilkka Sipil\u00e4inen\" \/>\n<meta name=\"twitter:card\" content=\"summary_large_image\" \/>\n<meta name=\"twitter:label1\" content=\"Written by\" \/>\n\t<meta name=\"twitter:data1\" content=\"Ilkka Sipil\u00e4inen\" \/>\n\t<meta name=\"twitter:label2\" content=\"Est. reading time\" \/>\n\t<meta name=\"twitter:data2\" content=\"4 minuuttia\" \/>\n<script type=\"application\/ld+json\" class=\"yoast-schema-graph\">{\"@context\":\"https:\/\/schema.org\",\"@graph\":[{\"@type\":\"WebPage\",\"@id\":\"https:\/\/suomenkuvalehti.fi\/rajalla\/2015\/06\/18\/paavi-franciscus-ja-taivaan-merkit\/\",\"url\":\"https:\/\/suomenkuvalehti.fi\/rajalla\/2015\/06\/18\/paavi-franciscus-ja-taivaan-merkit\/\",\"name\":\"Paavi Franciscus ja taivaan merkit - Rajalla\",\"isPartOf\":{\"@id\":\"https:\/\/suomenkuvalehti.fi\/rajalla\/#website\"},\"datePublished\":\"2015-06-18T11:48:44+00:00\",\"dateModified\":\"2015-06-18T13:15:46+00:00\",\"author\":{\"@id\":\"https:\/\/suomenkuvalehti.fi\/rajalla\/#\/schema\/person\/66a1cd242058625430021609b631705b\"},\"description\":\"Muuttaako paavi Franciscuksen uusi kiertokirje maailman? Alkavatko nyt reilu miljardi katolilaista hillit\u00e4 ilmastonmuutosta? Heit\u00e4 ovat mm. ulkoministeri Timo Soini ja presidenttiehdokas Jeb Bush.\",\"breadcrumb\":{\"@id\":\"https:\/\/suomenkuvalehti.fi\/rajalla\/2015\/06\/18\/paavi-franciscus-ja-taivaan-merkit\/#breadcrumb\"},\"inLanguage\":\"fi\",\"potentialAction\":[{\"@type\":\"ReadAction\",\"target\":[\"https:\/\/suomenkuvalehti.fi\/rajalla\/2015\/06\/18\/paavi-franciscus-ja-taivaan-merkit\/\"]}]},{\"@type\":\"BreadcrumbList\",\"@id\":\"https:\/\/suomenkuvalehti.fi\/rajalla\/2015\/06\/18\/paavi-franciscus-ja-taivaan-merkit\/#breadcrumb\",\"itemListElement\":[{\"@type\":\"ListItem\",\"position\":1,\"name\":\"Home\",\"item\":\"https:\/\/suomenkuvalehti.fi\/rajalla\/\"},{\"@type\":\"ListItem\",\"position\":2,\"name\":\"Paavi Franciscus ja taivaan merkit\"}]},{\"@type\":\"WebSite\",\"@id\":\"https:\/\/suomenkuvalehti.fi\/rajalla\/#website\",\"url\":\"https:\/\/suomenkuvalehti.fi\/rajalla\/\",\"name\":\"Rajalla\",\"description\":\"Kirkon asiantuntijajoukko bloggaa yhteiskunnan ja kirkon rajapinnoilta.\",\"potentialAction\":[{\"@type\":\"SearchAction\",\"target\":{\"@type\":\"EntryPoint\",\"urlTemplate\":\"https:\/\/suomenkuvalehti.fi\/haku\/?q={search_term_string}\"},\"query-input\":{\"@type\":\"PropertyValueSpecification\",\"valueRequired\":true,\"valueName\":\"search_term_string\"}}],\"inLanguage\":\"fi\"},{\"@type\":\"Person\",\"@id\":\"https:\/\/suomenkuvalehti.fi\/rajalla\/#\/schema\/person\/66a1cd242058625430021609b631705b\",\"name\":\"Ilkka Sipil\u00e4inen\",\"description\":\"Kirjoittaja on kirkollinen yhteiskunnan ja kest\u00e4v\u00e4n kehityksen tuntija. Kirkkohallituksessa johtavana asiantuntijana ty\u00f6skentelev\u00e4 rovasti bloggaa yhteiskunnasta, kest\u00e4v\u00e4st\u00e4 kehityksest\u00e4 ja luomakunnan ihmeellisyydest\u00e4. Twitter: IlkkaSip\"}]}<\/script>\n<!-- \/ Yoast SEO plugin. -->","yoast_head_json":{"title":"Paavi Franciscus ja taivaan merkit - Rajalla","description":"Muuttaako paavi Franciscuksen uusi kiertokirje maailman? Alkavatko nyt reilu miljardi katolilaista hillit\u00e4 ilmastonmuutosta? Heit\u00e4 ovat mm. ulkoministeri Timo Soini ja presidenttiehdokas Jeb Bush.","robots":{"index":"index","follow":"follow","max-snippet":"max-snippet:-1","max-image-preview":"max-image-preview:large","max-video-preview":"max-video-preview:-1"},"canonical":"https:\/\/suomenkuvalehti.fi\/rajalla\/2015\/06\/18\/paavi-franciscus-ja-taivaan-merkit\/","og_locale":"fi_FI","og_type":"article","og_title":"Paavi Franciscus ja taivaan merkit - Rajalla","og_description":"Muuttaako paavi Franciscuksen uusi kiertokirje maailman? Alkavatko nyt reilu miljardi katolilaista hillit\u00e4 ilmastonmuutosta? Heit\u00e4 ovat mm. ulkoministeri Timo Soini ja presidenttiehdokas Jeb Bush.","og_url":"https:\/\/suomenkuvalehti.fi\/rajalla\/2015\/06\/18\/paavi-franciscus-ja-taivaan-merkit\/","og_site_name":"Rajalla","article_published_time":"2015-06-18T11:48:44+00:00","article_modified_time":"2015-06-18T13:15:46+00:00","author":"Ilkka Sipil\u00e4inen","twitter_card":"summary_large_image","twitter_misc":{"Written by":"Ilkka Sipil\u00e4inen","Est. reading time":"4 minuuttia"},"schema":{"@context":"https:\/\/schema.org","@graph":[{"@type":"WebPage","@id":"https:\/\/suomenkuvalehti.fi\/rajalla\/2015\/06\/18\/paavi-franciscus-ja-taivaan-merkit\/","url":"https:\/\/suomenkuvalehti.fi\/rajalla\/2015\/06\/18\/paavi-franciscus-ja-taivaan-merkit\/","name":"Paavi Franciscus ja taivaan merkit - Rajalla","isPartOf":{"@id":"https:\/\/suomenkuvalehti.fi\/rajalla\/#website"},"datePublished":"2015-06-18T11:48:44+00:00","dateModified":"2015-06-18T13:15:46+00:00","author":{"@id":"https:\/\/suomenkuvalehti.fi\/rajalla\/#\/schema\/person\/66a1cd242058625430021609b631705b"},"description":"Muuttaako paavi Franciscuksen uusi kiertokirje maailman? Alkavatko nyt reilu miljardi katolilaista hillit\u00e4 ilmastonmuutosta? Heit\u00e4 ovat mm. ulkoministeri Timo Soini ja presidenttiehdokas Jeb Bush.","breadcrumb":{"@id":"https:\/\/suomenkuvalehti.fi\/rajalla\/2015\/06\/18\/paavi-franciscus-ja-taivaan-merkit\/#breadcrumb"},"inLanguage":"fi","potentialAction":[{"@type":"ReadAction","target":["https:\/\/suomenkuvalehti.fi\/rajalla\/2015\/06\/18\/paavi-franciscus-ja-taivaan-merkit\/"]}]},{"@type":"BreadcrumbList","@id":"https:\/\/suomenkuvalehti.fi\/rajalla\/2015\/06\/18\/paavi-franciscus-ja-taivaan-merkit\/#breadcrumb","itemListElement":[{"@type":"ListItem","position":1,"name":"Home","item":"https:\/\/suomenkuvalehti.fi\/rajalla\/"},{"@type":"ListItem","position":2,"name":"Paavi Franciscus ja taivaan merkit"}]},{"@type":"WebSite","@id":"https:\/\/suomenkuvalehti.fi\/rajalla\/#website","url":"https:\/\/suomenkuvalehti.fi\/rajalla\/","name":"Rajalla","description":"Kirkon asiantuntijajoukko bloggaa yhteiskunnan ja kirkon rajapinnoilta.","potentialAction":[{"@type":"SearchAction","target":{"@type":"EntryPoint","urlTemplate":"https:\/\/suomenkuvalehti.fi\/haku\/?q={search_term_string}"},"query-input":{"@type":"PropertyValueSpecification","valueRequired":true,"valueName":"search_term_string"}}],"inLanguage":"fi"},{"@type":"Person","@id":"https:\/\/suomenkuvalehti.fi\/rajalla\/#\/schema\/person\/66a1cd242058625430021609b631705b","name":"Ilkka Sipil\u00e4inen","description":"Kirjoittaja on kirkollinen yhteiskunnan ja kest\u00e4v\u00e4n kehityksen tuntija. Kirkkohallituksessa johtavana asiantuntijana ty\u00f6skentelev\u00e4 rovasti bloggaa yhteiskunnasta, kest\u00e4v\u00e4st\u00e4 kehityksest\u00e4 ja luomakunnan ihmeellisyydest\u00e4. Twitter: IlkkaSip"}]}},"_links":{"self":[{"href":"https:\/\/suomenkuvalehti.fi\/rajalla\/wp-json\/wp\/v2\/posts\/530","targetHints":{"allow":["GET"]}}],"collection":[{"href":"https:\/\/suomenkuvalehti.fi\/rajalla\/wp-json\/wp\/v2\/posts"}],"about":[{"href":"https:\/\/suomenkuvalehti.fi\/rajalla\/wp-json\/wp\/v2\/types\/post"}],"author":[{"embeddable":true,"href":"https:\/\/suomenkuvalehti.fi\/rajalla\/wp-json\/wp\/v2\/users\/524"}],"replies":[{"embeddable":true,"href":"https:\/\/suomenkuvalehti.fi\/rajalla\/wp-json\/wp\/v2\/comments?post=530"}],"version-history":[{"count":6,"href":"https:\/\/suomenkuvalehti.fi\/rajalla\/wp-json\/wp\/v2\/posts\/530\/revisions"}],"predecessor-version":[{"id":536,"href":"https:\/\/suomenkuvalehti.fi\/rajalla\/wp-json\/wp\/v2\/posts\/530\/revisions\/536"}],"wp:attachment":[{"href":"https:\/\/suomenkuvalehti.fi\/rajalla\/wp-json\/wp\/v2\/media?parent=530"}],"wp:term":[{"taxonomy":"category","embeddable":true,"href":"https:\/\/suomenkuvalehti.fi\/rajalla\/wp-json\/wp\/v2\/categories?post=530"},{"taxonomy":"post_tag","embeddable":true,"href":"https:\/\/suomenkuvalehti.fi\/rajalla\/wp-json\/wp\/v2\/tags?post=530"}],"curies":[{"name":"wp","href":"https:\/\/api.w.org\/{rel}","templated":true}]}}