{"id":499,"date":"2015-05-26T12:45:15","date_gmt":"2015-05-26T09:45:15","guid":{"rendered":"https:\/\/suomenkuvalehti.fi\/rajalla\/?p=499"},"modified":"2015-05-26T12:43:26","modified_gmt":"2015-05-26T09:43:26","slug":"vapaa-ajattelijat-uskontotieteen-peruskurssille","status":"publish","type":"post","link":"https:\/\/suomenkuvalehti.fi\/rajalla\/2015\/05\/26\/vapaa-ajattelijat-uskontotieteen-peruskurssille\/","title":{"rendered":"Vapaa-ajattelijat uskontotieteen peruskurssille!"},"content":{"rendered":"\n<p>Vapaa-ajattelijat ovat aina r\u00e4ksytt\u00e4neet luterilaisen kirkon aktiivisesta osallistumisesta yhteiskunnalliseen el\u00e4m\u00e4\u00e4n. Uusimmissa avauksissa my\u00f6s muiden uskontojen positiiviset oikeudet n\u00e4ytt\u00e4isiv\u00e4t joutuneen hienosyisen hy\u00f6kk\u00e4yksen kohteeksi.<\/p>\n\n\n\n<p>Seuraavassa yrit\u00e4n omien havaintojeni pohjalta analysoida, millainen on vapaa-ajattelijoiden uusin strategia ja miksi se menee mets\u00e4\u00e4n.<\/p>\n\n\n\n<p>Vapaa-ajattelijoiden viimeaikainen k\u00e4rki on vakaumusten tasa-arvo. Vy\u00f6rytyst\u00e4 varten on jopa perustettu oma yhdistyksens\u00e4 nimelt\u00e4\u00e4n <a href=\"http:\/\/vata.fi\/\" target=\"_blank\">Vakaumusten tasa-arvo VATA ry<\/a>.<\/p>\n\n\n\n<p>Vapaa-ajattelijoiden pit\u00e4m\u00e4ll\u00e4 <a href=\"http:\/\/www.uskonnonvapaus.fi\/artikkelit\/etuoikeudet.html\" target=\"_blank\">uskonnonvapaus.fi<\/a>-sivustolla hehkutetaan, miten uskonnot jyr\u00e4\u00e4v\u00e4t uskonnottomat katsomukset: \u201dValtionkirkot ja mm. niiden verotusoikeus ovat selkein esimerkki katsomusten eriarvoisuudesta, mutta sen lis\u00e4ksi kaikilla kristillisill\u00e4 suuntauksilla on joitakin etuoikeuksia muihin uskontoihin n\u00e4hden. Kaikilla uskonnoilla on lis\u00e4ksi etuja ei-uskonnollisiin katsomuksiin verrattuna.\u201d<\/p>\n\n\n\n<p>Kun on l\u00f6ydetty ep\u00e4oikeudenmukaisuus, voidaankin \u00e4\u00e4nekk\u00e4\u00e4sti vaatia sen oikaisemista.<\/p>\n\n\n\n<p>Vakaumusten tasa-arvoa ajava yhdistys m\u00e4\u00e4rittelee tavoitteensa seuraavasti: \u201dVakaumusten tasa-arvolla tarkoitetaan, ett\u00e4 lains\u00e4\u00e4d\u00e4nn\u00f6n ei pid\u00e4 suosia tiettyj\u00e4 aatteita, ideologioita tai vakaumuksia toisten kustannuksella. Esimerkki aatteesta, ideologiasta tai vakaumuksesta voi olla tietyn poliittisen puoleen kannatus, tietyn uskonnon harjoittaminen, el\u00e4m\u00e4ntapa tai filosofia, tai muu vastaava.\u201d<\/p>\n\n\n\n<p>Vakaumusten tasa-arvoa pit\u00e4isi edist\u00e4\u00e4 siis suomeksi sanottuna siten, ett\u00e4 uskonnolliset yhdyskunnat pantaisiin lains\u00e4\u00e4d\u00e4nn\u00f6llisesti samaan koriin kuin muutkin yhdistykset.<\/p>\n\n\n\n<p>Suomen ortodoksinen kirkko tai Helsingin juutalainen seurakunta olisivat vapaa-ajattelijoiden m\u00e4\u00e4rittelem\u00e4ss\u00e4 maailmassa samalla viivalla kuin kasvissy\u00f6nti\u00e4 edist\u00e4v\u00e4 aatteellinen yhdistys tai ruotsinkielen asemaa puolustava lobbausj\u00e4rjest\u00f6!<\/p>\n\n\n\n<p>T\u00e4m\u00e4 logiikka johtaa luonnollisestikin lopulta siihen, ett\u00e4 erillist\u00e4 uskonnonvapauslakia ei tarvittaisi. Harvoin uskonnonvapauden lakkauttamista sent\u00e4\u00e4n tohditaan \u00e4\u00e4neen sanoa. Er\u00e4s aktiivinen vapaa-ajattelija my\u00f6nsi minulle twitteriss\u00e4 julkisesti asian kuitenkin niin olevan.<\/p>\n\n\n\n<p>Argumentaatiokokonaisuus on n\u00e4pp\u00e4r\u00e4. Retorisesti se kiinnittyy ihmisoikeuksiin, tasa-arvoon ja yhdenvertaisuuteen. Oikeasti kyse on kuitenkin kovemman luokan silm\u00e4nk\u00e4\u00e4nt\u00f6tempusta: vaaditaan katsomusten tasa-arvoa ja lopputuloksena n\u00e4ytt\u00e4isi olevan uskonnonvapauden lakkauttaminen.<\/p>\n\n\n\n<p>Ristiriitaisen logiikan lis\u00e4ksi syyt\u00e4 on huomata argumentaation olevan ristiriidassa empiirisen uskontotieteen kanssa.<\/p>\n\n\n\n<p>Vaatimus vakaumusten tasa-arvosta perustuu virheelliseen v\u00e4itteeseen: Vapaa-ajattelijoiden mukaan uskonnollinen vakaumus olisi vain mielipide siin\u00e4 kuin poliittinen mielipide tai mik\u00e4 tahansa aatteellinen vakaumus. T\u00e4m\u00e4 ei kuitenkaan pid\u00e4 paikkaansa.<\/p>\n\n\n\n<p>Ehdotanpa keskustelua jo vuosia seuranneena, ett\u00e4 kaikkien vapaa-ajattelijoiden tulisi k\u00e4yd\u00e4 uskontotieteen peruskurssi! (J\u00e4nnitt\u00e4v\u00e4mp\u00e4n\u00e4 vaihtoehtona suosittelen hyv\u00e4\u00e4 maailmanuskontoja esittelev\u00e4\u00e4 kirjaa ja lentolippua esimerkiksi Intiaan. Voin r\u00e4\u00e4t\u00e4l\u00f6id\u00e4 jopa reittisuosituksen.) Silloin kirkastuisi monta asiaa, joista nostan esiin kaksi.<\/p>\n\n\n\n<p>Ensinn\u00e4kin, uskonto ei tyhjenny tiedolliseen ulottuvuuteen. Maailmanuskonnot eiv\u00e4t ole mielipiteit\u00e4 tai edes vakaumuksia \u2013 saati ideologioita.<\/p>\n\n\n\n<p>Seurasin alkuvuodesta moottoripy\u00f6r\u00e4n siunausrituaalia Etel\u00e4-Intiassa. Ihmiset rukoilivat siunausta ajomatkoilleen ja hindupappi suoritti rituaalit, joiden ydin palautuu aikaan ennen polttomoottorin keksimist\u00e4.<\/p>\n\n\n<figure class=\"aligncenter size-medium wp-block-image\">\n  <div class=\"wp-block-image__inner-container\">\n    <a href=\"https:\/\/suomenkuvalehti.fi\/rajalla\/wp-content\/uploads\/sites\/31\/2015\/05\/Moottoripy\u00f6r\u00e4n_siunaus.jpg\"><img loading=\"lazy\" decoding=\"async\" src=\"https:\/\/suomenkuvalehti.fi\/rajalla\/wp-content\/uploads\/sites\/31\/2015\/05\/Moottoripy\u00f6r\u00e4n_siunaus-300x169.jpg\" alt=\"Moottoripy\u00f6r\u00e4n_siunaus\" class=\"wp-image-506\" width=\"888\" height=\"500\" style=\"--aspect-ratio: 1.78\" srcset=\"https:\/\/suomenkuvalehti.fi\/rajalla\/wp-content\/uploads\/sites\/31\/2015\/05\/Moottoripy\u00f6r\u00e4n_siunaus-300x169.jpg 300w, https:\/\/suomenkuvalehti.fi\/rajalla\/wp-content\/uploads\/sites\/31\/2015\/05\/Moottoripy\u00f6r\u00e4n_siunaus.jpg 888w\" sizes=\"auto, (max-width: 888px) 100vw, 888px\" \/><\/a>  <\/div>\n<\/figure>\n\n\n\n<p>Hindulainen moottoripy\u00f6r\u00e4n siunaus ei ole k\u00e4\u00e4nnett\u00e4viksi iskulauseiksi, jotka voisi banderolliin tai rintanappiin kirjoittaa. Ei, sill\u00e4 toimituksen ydin on osallistumisessa, voimaantumisessa ja ikiaikaisen tradition el\u00e4misess\u00e4 todeksi. Kun moottoripy\u00f6r\u00e4n omistaja huristeli pois, h\u00e4nen mielens\u00e4 oli vallannut rukouksen henki eik\u00e4 mik\u00e4\u00e4n ideologinen ohjelma.<\/p>\n\n\n\n<p>Rituaalit ja tunteet ovat keskeinen osa el\u00e4v\u00e4\u00e4 uskontoa. Uskonnot ovat kokonaisvaltaisia el\u00e4m\u00e4nmuotoja. Uskonnollisen identiteetin samastaminen puoluekirjan omistamiseen on yksinkertaisesti tyhj\u00e4\u00e4 puhetta.<\/p>\n\n\n\n<p>Toiseksi, uskonnot ovat maapallon merkitt\u00e4vimpi\u00e4 voimavirtoja. Ihan jo katutasolla, jos nyt viel\u00e4 muistelen tuota moottoripy\u00f6r\u00e4n siunausta Sri Manakula Vinayagar -temppelin edess\u00e4 Pondicherryss\u00e4.<\/p>\n\n\n\n<p>Suurilla maailmanuskonnoilla on satoja miljoonia, ellei miljardeja seuraajia. My\u00f6s ajallisesti niiden juuret ulottuvat vuosisatojen taakse. Joissain tapauksissa jopa ihmiskunnan aamuh\u00e4m\u00e4riin.<\/p>\n\n\n\n<p>Uskonto on ilmi\u00f6n\u00e4 aivan oma lukunsa.<\/p>\n\n\n\n<p>Kuvaavaa on, ett\u00e4 silloin kuin poliittiset ideologiat muuttuvat totalitaristisiksi ja saavat ritualistisia piirteit\u00e4, niit\u00e4 verrataan uskontoihin. Poliittinen vakaumus sin\u00e4ns\u00e4 ei yll\u00e4 l\u00e4hellek\u00e4\u00e4n uskonnon kategoriaa.<\/p>\n\n\n\n<p>J\u00e4rkev\u00e4ss\u00e4 yhteiskunnassa uskontojen ainutlaatuinen rooli inhimillisen el\u00e4m\u00e4ntodellisuuden kokonaisuudessa tunnustetaan ja tunnistetaan my\u00f6s lains\u00e4\u00e4d\u00e4nn\u00f6n tasolla.<\/p>\n\n\n\n<p>Minulla on ehdotus. Verrataan uskontoja enemmin kieliin. Kielet ja uskonnot ovat molemmat ihmisyyden pitk\u00e4kestoisia syv\u00e4rakenteita: kieli mahdollistaa kommunikaation ja uskonnolliset traditiot pyrkiv\u00e4t antamaan el\u00e4m\u00e4lle perimm\u00e4isen merkityksen.<\/p>\n\n\n\n<p>Kielt\u00e4 kuten uskontoa voi el\u00e4m\u00e4ns\u00e4 aikana vaihtaa. Ne my\u00f6s muuttuvat historian kuluessa, vaikka ydinainekset tulevatkin kaukaa menneilt\u00e4 sukupolvilta.&nbsp; Kieless\u00e4 ja uskonnossa kummassakin on kyse, joistain el\u00e4m\u00e4\u00e4 suuremmasta, jota elet\u00e4\u00e4n todeksi sukupolvesta sukupolveen.<\/p>\n\n\n\n<p>Aivan kuten kieli, my\u00f6s uskonto j\u00e4tt\u00e4\u00e4 j\u00e4lkens\u00e4, vaikka sen vaihtaisi. Siksi useimmat suomalaisista ateisteista ovat luterilaisia ateisteja, jos pintaa v\u00e4h\u00e4n raaputtaa.<\/p>\n\n\n\n<p>Toki uskonnon kategoria hahmottuu lopulta erilaiseksi kuin kielen kategoria. Niiden v\u00e4lill\u00e4 on kuitenkin sellaista samankaltaisuutta, joka puuttuu uskonnon ja vaikkapa poliittisen mielipiteen v\u00e4lilt\u00e4.<\/p>\n\n\n\n<p>Toivonkin vapaa-ajattelijoiden vaikkapa kes\u00e4lomalla suuntaavan tarmoansa uskontotieteen alkeisoppim\u00e4\u00e4r\u00e4n opiskeluun. Ehk\u00e4 sitten syksyll\u00e4 voitaisiin realistisemmalta pohjalta jatkaa keskustelua uskonnoista ja uskonnottomuudesta yhteiskunnassa.<\/p>\n\n\n\n<p>P.S. Uskonnon monimutkaista suhdetta politiikkaan olen luodannut aikaisemmassa blogissani, joka l\u00f6ytyy <a href=\"https:\/\/suomenkuvalehti.fi\/rajalla\/2015\/01\/07\/uskonnot-kuuluvat-politiikkaan\/\" target=\"_blank\">t\u00e4\u00e4lt\u00e4<\/a>.<\/p>\n\n\n","protected":false},"excerpt":{"rendered":"<p>Vapaa-ajattelijat ovat aina r\u00e4ksytt\u00e4neet luterilaisen kirkon aktiivisesta osallistumisesta yhteiskunnalliseen el\u00e4m\u00e4\u00e4n. Uusimmissa avauksissa my\u00f6s muiden uskontojen positiiviset oikeudet n\u00e4ytt\u00e4isiv\u00e4t joutuneen hienosyisen hy\u00f6kk\u00e4yksen kohteeksi. Seuraavassa yrit\u00e4n omien<br \/>\nhavaintojen&hellip;<\/p>\n","protected":false},"author":1127,"featured_media":0,"comment_status":"open","ping_status":"closed","sticky":false,"template":"","format":"standard","meta":{"_acf_changed":false,"asauth_required_access_level":0,"asauth_cansharepaid":"true","om_header_attributes":[],"footnotes":"","om_featured_image_focal_point":[],"om_primary_tag":0,"om_contributors":[],"om_co_authors":[],"beyondwords_generate_audio":"","beyondwords_project_id":"","beyondwords_content_id":"","beyondwords_preview_token":"","beyondwords_player_content":"","beyondwords_player_style":"","beyondwords_language_code":"","beyondwords_language_id":"","beyondwords_title_voice_id":"","beyondwords_body_voice_id":"","beyondwords_summary_voice_id":"","beyondwords_error_message":"","beyondwords_disabled":"","beyondwords_delete_content":"","beyondwords_podcast_id":"","beyondwords_hash":"","publish_post_to_speechkit":"","speechkit_hash":"","speechkit_generate_audio":"","speechkit_project_id":"","speechkit_podcast_id":"","speechkit_error_message":"","speechkit_disabled":"","speechkit_access_key":"","speechkit_error":"","speechkit_info":"","speechkit_response":"","speechkit_retries":"","speechkit_status":"","speechkit_updated_at":"","_speechkit_link":"","_speechkit_text":""},"categories":[1],"tags":[],"class_list":["post-499","post","type-post","status-publish","format-standard","hentry","category-rajalla"],"om_views":null,"acf":{"tuuma_off":false,"tuuma_kysymys":"","tuuma_vastaus":""},"asauth":{"required_access_level":1,"share_token":"","is_paid":false},"yoast_head":"<!-- This site is optimized with the Yoast SEO plugin v26.4 - https:\/\/yoast.com\/wordpress\/plugins\/seo\/ -->\n<title>Vapaa-ajattelijat uskontotieteen peruskurssille! - Rajalla<\/title>\n<meta name=\"description\" content=\"Vapaa-ajattelijoiden uusin strategia perustuu omituiselle k\u00e4sitykselle uskonnoista. Ehk\u00e4 uskontotieteeseen paneutuminen voisi vied\u00e4 keskustelua eteenp\u00e4in.\" \/>\n<meta name=\"robots\" content=\"index, follow, max-snippet:-1, max-image-preview:large, max-video-preview:-1\" \/>\n<link rel=\"canonical\" href=\"https:\/\/suomenkuvalehti.fi\/rajalla\/2015\/05\/26\/vapaa-ajattelijat-uskontotieteen-peruskurssille\/\" \/>\n<meta property=\"og:locale\" content=\"fi_FI\" \/>\n<meta property=\"og:type\" content=\"article\" \/>\n<meta property=\"og:title\" content=\"Vapaa-ajattelijat uskontotieteen peruskurssille! - Rajalla\" \/>\n<meta property=\"og:description\" content=\"Vapaa-ajattelijoiden uusin strategia perustuu omituiselle k\u00e4sitykselle uskonnoista. Ehk\u00e4 uskontotieteeseen paneutuminen voisi vied\u00e4 keskustelua eteenp\u00e4in.\" \/>\n<meta property=\"og:url\" content=\"https:\/\/suomenkuvalehti.fi\/rajalla\/2015\/05\/26\/vapaa-ajattelijat-uskontotieteen-peruskurssille\/\" \/>\n<meta property=\"og:site_name\" content=\"Rajalla\" \/>\n<meta property=\"article:author\" content=\"https:\/\/www.facebook.com\/profile.php?id=100014671998903\" \/>\n<meta property=\"article:published_time\" content=\"2015-05-26T09:45:15+00:00\" \/>\n<meta property=\"og:image\" content=\"https:\/\/suomenkuvalehti.fi\/rajalla\/wp-content\/uploads\/sites\/31\/2015\/05\/Moottoripy\u00f6r\u00e4n_siunaus-300x169.jpg\" \/>\n<meta name=\"author\" content=\"Jyri Komulainen\" \/>\n<meta name=\"twitter:card\" content=\"summary_large_image\" \/>\n<meta name=\"twitter:creator\" content=\"@https:\/\/twitter.com\/JyriKomulainen\" \/>\n<meta name=\"twitter:label1\" content=\"Written by\" \/>\n\t<meta name=\"twitter:data1\" content=\"Jyri Komulainen\" \/>\n\t<meta name=\"twitter:label2\" content=\"Est. reading time\" \/>\n\t<meta name=\"twitter:data2\" content=\"4 minuuttia\" \/>\n<script type=\"application\/ld+json\" class=\"yoast-schema-graph\">{\"@context\":\"https:\/\/schema.org\",\"@graph\":[{\"@type\":\"WebPage\",\"@id\":\"https:\/\/suomenkuvalehti.fi\/rajalla\/2015\/05\/26\/vapaa-ajattelijat-uskontotieteen-peruskurssille\/\",\"url\":\"https:\/\/suomenkuvalehti.fi\/rajalla\/2015\/05\/26\/vapaa-ajattelijat-uskontotieteen-peruskurssille\/\",\"name\":\"Vapaa-ajattelijat uskontotieteen peruskurssille! - Rajalla\",\"isPartOf\":{\"@id\":\"https:\/\/suomenkuvalehti.fi\/rajalla\/#website\"},\"datePublished\":\"2015-05-26T09:45:15+00:00\",\"author\":{\"@id\":\"https:\/\/suomenkuvalehti.fi\/rajalla\/#\/schema\/person\/19b9198b3d4b1989cd0611231f6d4df4\"},\"description\":\"Vapaa-ajattelijoiden uusin strategia perustuu omituiselle k\u00e4sitykselle uskonnoista. Ehk\u00e4 uskontotieteeseen paneutuminen voisi vied\u00e4 keskustelua eteenp\u00e4in.\",\"breadcrumb\":{\"@id\":\"https:\/\/suomenkuvalehti.fi\/rajalla\/2015\/05\/26\/vapaa-ajattelijat-uskontotieteen-peruskurssille\/#breadcrumb\"},\"inLanguage\":\"fi\",\"potentialAction\":[{\"@type\":\"ReadAction\",\"target\":[\"https:\/\/suomenkuvalehti.fi\/rajalla\/2015\/05\/26\/vapaa-ajattelijat-uskontotieteen-peruskurssille\/\"]}]},{\"@type\":\"BreadcrumbList\",\"@id\":\"https:\/\/suomenkuvalehti.fi\/rajalla\/2015\/05\/26\/vapaa-ajattelijat-uskontotieteen-peruskurssille\/#breadcrumb\",\"itemListElement\":[{\"@type\":\"ListItem\",\"position\":1,\"name\":\"Home\",\"item\":\"https:\/\/suomenkuvalehti.fi\/rajalla\/\"},{\"@type\":\"ListItem\",\"position\":2,\"name\":\"Vapaa-ajattelijat uskontotieteen peruskurssille!\"}]},{\"@type\":\"WebSite\",\"@id\":\"https:\/\/suomenkuvalehti.fi\/rajalla\/#website\",\"url\":\"https:\/\/suomenkuvalehti.fi\/rajalla\/\",\"name\":\"Rajalla\",\"description\":\"Kirkon asiantuntijajoukko bloggaa yhteiskunnan ja kirkon rajapinnoilta.\",\"potentialAction\":[{\"@type\":\"SearchAction\",\"target\":{\"@type\":\"EntryPoint\",\"urlTemplate\":\"https:\/\/suomenkuvalehti.fi\/haku\/?q={search_term_string}\"},\"query-input\":{\"@type\":\"PropertyValueSpecification\",\"valueRequired\":true,\"valueName\":\"search_term_string\"}}],\"inLanguage\":\"fi\"},{\"@type\":\"Person\",\"@id\":\"https:\/\/suomenkuvalehti.fi\/rajalla\/#\/schema\/person\/19b9198b3d4b1989cd0611231f6d4df4\",\"name\":\"Jyri Komulainen\",\"description\":\"Kirjoittaja on dosentti ja Suomen evankelis-luterilaisen kirkon piispainkokouksen p\u00e4\u00e4sihteeri, joka on perehtynyt kristilliseen dogmatiikkaan ja Aasian uskontoihin.\",\"sameAs\":[\"https:\/\/www.facebook.com\/profile.php?id=100014671998903\",\"https:\/\/x.com\/https:\/\/twitter.com\/JyriKomulainen\"]}]}<\/script>\n<!-- \/ Yoast SEO plugin. -->","yoast_head_json":{"title":"Vapaa-ajattelijat uskontotieteen peruskurssille! - Rajalla","description":"Vapaa-ajattelijoiden uusin strategia perustuu omituiselle k\u00e4sitykselle uskonnoista. Ehk\u00e4 uskontotieteeseen paneutuminen voisi vied\u00e4 keskustelua eteenp\u00e4in.","robots":{"index":"index","follow":"follow","max-snippet":"max-snippet:-1","max-image-preview":"max-image-preview:large","max-video-preview":"max-video-preview:-1"},"canonical":"https:\/\/suomenkuvalehti.fi\/rajalla\/2015\/05\/26\/vapaa-ajattelijat-uskontotieteen-peruskurssille\/","og_locale":"fi_FI","og_type":"article","og_title":"Vapaa-ajattelijat uskontotieteen peruskurssille! - Rajalla","og_description":"Vapaa-ajattelijoiden uusin strategia perustuu omituiselle k\u00e4sitykselle uskonnoista. Ehk\u00e4 uskontotieteeseen paneutuminen voisi vied\u00e4 keskustelua eteenp\u00e4in.","og_url":"https:\/\/suomenkuvalehti.fi\/rajalla\/2015\/05\/26\/vapaa-ajattelijat-uskontotieteen-peruskurssille\/","og_site_name":"Rajalla","article_author":"https:\/\/www.facebook.com\/profile.php?id=100014671998903","article_published_time":"2015-05-26T09:45:15+00:00","og_image":[{"url":"https:\/\/suomenkuvalehti.fi\/rajalla\/wp-content\/uploads\/sites\/31\/2015\/05\/Moottoripy\u00f6r\u00e4n_siunaus-300x169.jpg","type":"","width":"","height":""}],"author":"Jyri Komulainen","twitter_card":"summary_large_image","twitter_creator":"@https:\/\/twitter.com\/JyriKomulainen","twitter_misc":{"Written by":"Jyri Komulainen","Est. reading time":"4 minuuttia"},"schema":{"@context":"https:\/\/schema.org","@graph":[{"@type":"WebPage","@id":"https:\/\/suomenkuvalehti.fi\/rajalla\/2015\/05\/26\/vapaa-ajattelijat-uskontotieteen-peruskurssille\/","url":"https:\/\/suomenkuvalehti.fi\/rajalla\/2015\/05\/26\/vapaa-ajattelijat-uskontotieteen-peruskurssille\/","name":"Vapaa-ajattelijat uskontotieteen peruskurssille! - Rajalla","isPartOf":{"@id":"https:\/\/suomenkuvalehti.fi\/rajalla\/#website"},"datePublished":"2015-05-26T09:45:15+00:00","author":{"@id":"https:\/\/suomenkuvalehti.fi\/rajalla\/#\/schema\/person\/19b9198b3d4b1989cd0611231f6d4df4"},"description":"Vapaa-ajattelijoiden uusin strategia perustuu omituiselle k\u00e4sitykselle uskonnoista. Ehk\u00e4 uskontotieteeseen paneutuminen voisi vied\u00e4 keskustelua eteenp\u00e4in.","breadcrumb":{"@id":"https:\/\/suomenkuvalehti.fi\/rajalla\/2015\/05\/26\/vapaa-ajattelijat-uskontotieteen-peruskurssille\/#breadcrumb"},"inLanguage":"fi","potentialAction":[{"@type":"ReadAction","target":["https:\/\/suomenkuvalehti.fi\/rajalla\/2015\/05\/26\/vapaa-ajattelijat-uskontotieteen-peruskurssille\/"]}]},{"@type":"BreadcrumbList","@id":"https:\/\/suomenkuvalehti.fi\/rajalla\/2015\/05\/26\/vapaa-ajattelijat-uskontotieteen-peruskurssille\/#breadcrumb","itemListElement":[{"@type":"ListItem","position":1,"name":"Home","item":"https:\/\/suomenkuvalehti.fi\/rajalla\/"},{"@type":"ListItem","position":2,"name":"Vapaa-ajattelijat uskontotieteen peruskurssille!"}]},{"@type":"WebSite","@id":"https:\/\/suomenkuvalehti.fi\/rajalla\/#website","url":"https:\/\/suomenkuvalehti.fi\/rajalla\/","name":"Rajalla","description":"Kirkon asiantuntijajoukko bloggaa yhteiskunnan ja kirkon rajapinnoilta.","potentialAction":[{"@type":"SearchAction","target":{"@type":"EntryPoint","urlTemplate":"https:\/\/suomenkuvalehti.fi\/haku\/?q={search_term_string}"},"query-input":{"@type":"PropertyValueSpecification","valueRequired":true,"valueName":"search_term_string"}}],"inLanguage":"fi"},{"@type":"Person","@id":"https:\/\/suomenkuvalehti.fi\/rajalla\/#\/schema\/person\/19b9198b3d4b1989cd0611231f6d4df4","name":"Jyri Komulainen","description":"Kirjoittaja on dosentti ja Suomen evankelis-luterilaisen kirkon piispainkokouksen p\u00e4\u00e4sihteeri, joka on perehtynyt kristilliseen dogmatiikkaan ja Aasian uskontoihin.","sameAs":["https:\/\/www.facebook.com\/profile.php?id=100014671998903","https:\/\/x.com\/https:\/\/twitter.com\/JyriKomulainen"]}]}},"_links":{"self":[{"href":"https:\/\/suomenkuvalehti.fi\/rajalla\/wp-json\/wp\/v2\/posts\/499","targetHints":{"allow":["GET"]}}],"collection":[{"href":"https:\/\/suomenkuvalehti.fi\/rajalla\/wp-json\/wp\/v2\/posts"}],"about":[{"href":"https:\/\/suomenkuvalehti.fi\/rajalla\/wp-json\/wp\/v2\/types\/post"}],"author":[{"embeddable":true,"href":"https:\/\/suomenkuvalehti.fi\/rajalla\/wp-json\/wp\/v2\/users\/1127"}],"replies":[{"embeddable":true,"href":"https:\/\/suomenkuvalehti.fi\/rajalla\/wp-json\/wp\/v2\/comments?post=499"}],"version-history":[{"count":7,"href":"https:\/\/suomenkuvalehti.fi\/rajalla\/wp-json\/wp\/v2\/posts\/499\/revisions"}],"predecessor-version":[{"id":508,"href":"https:\/\/suomenkuvalehti.fi\/rajalla\/wp-json\/wp\/v2\/posts\/499\/revisions\/508"}],"wp:attachment":[{"href":"https:\/\/suomenkuvalehti.fi\/rajalla\/wp-json\/wp\/v2\/media?parent=499"}],"wp:term":[{"taxonomy":"category","embeddable":true,"href":"https:\/\/suomenkuvalehti.fi\/rajalla\/wp-json\/wp\/v2\/categories?post=499"},{"taxonomy":"post_tag","embeddable":true,"href":"https:\/\/suomenkuvalehti.fi\/rajalla\/wp-json\/wp\/v2\/tags?post=499"}],"curies":[{"name":"wp","href":"https:\/\/api.w.org\/{rel}","templated":true}]}}