{"id":460,"date":"2015-04-22T10:51:08","date_gmt":"2015-04-22T07:51:08","guid":{"rendered":"https:\/\/suomenkuvalehti.fi\/rajalla\/?p=460"},"modified":"2015-04-25T22:56:48","modified_gmt":"2015-04-25T19:56:48","slug":"sivistyksen-hiipuva-tuho","status":"publish","type":"post","link":"https:\/\/suomenkuvalehti.fi\/rajalla\/2015\/04\/22\/sivistyksen-hiipuva-tuho\/","title":{"rendered":"Sivistyksen hiipuva tuho?"},"content":{"rendered":"<figure class=\"aligncenter size-medium is-resized wp-block-image\">\n  <div class=\"wp-block-image__inner-container\">\n    <a href=\"https:\/\/suomenkuvalehti.fi\/rajalla\/wp-content\/uploads\/sites\/31\/2015\/04\/Olipa_kerran_seminaari_juliste_850px.jpg\"><img loading=\"lazy\" decoding=\"async\" src=\"https:\/\/suomenkuvalehti.fi\/rajalla\/wp-content\/uploads\/sites\/31\/2015\/04\/Olipa_kerran_seminaari_juliste_850px-211x300.jpg\" alt=\"Olipa_kerran_seminaari_juliste_850px\" class=\"wp-image-461\" width=\"211\" height=\"300\" style=\"--aspect-ratio: 0.7\" srcset=\"https:\/\/suomenkuvalehti.fi\/rajalla\/wp-content\/uploads\/sites\/31\/2015\/04\/Olipa_kerran_seminaari_juliste_850px-211x300.jpg 211w, https:\/\/suomenkuvalehti.fi\/rajalla\/wp-content\/uploads\/sites\/31\/2015\/04\/Olipa_kerran_seminaari_juliste_850px-719x1024.jpg 719w, https:\/\/suomenkuvalehti.fi\/rajalla\/wp-content\/uploads\/sites\/31\/2015\/04\/Olipa_kerran_seminaari_juliste_850px-300x427.jpg 300w, https:\/\/suomenkuvalehti.fi\/rajalla\/wp-content\/uploads\/sites\/31\/2015\/04\/Olipa_kerran_seminaari_juliste_850px.jpg 850w\" sizes=\"auto, (max-width: 211px) 100vw, 211px\" \/><\/a>  <\/div>\n<\/figure>\n\n\n\n<p>Juuri p\u00e4\u00e4ttyneist\u00e4 eduskuntavaaleista odotettiin tulevan koulutusvaalit. Olivatko ne sit\u00e4? Puolueiden vaaliohjelmissa koulutus sai keskeisen aseman mutta vaalien alla k\u00e4yty koulutuspolittiinen keskustelu j\u00e4i laimeaksi.<\/p>\n\n\n\n<p>Koulutukselta odotetaan paljon ja koulutus lupaa paljon. Kaikesta koulutuksen lupaus-, odotus-, tulos-, mittaus- ja j\u00e4rkipuheesta j\u00e4\u00e4 j\u00e4ljelle kuitenkin kysymys siit\u00e4, mitk\u00e4 ovat koulutuksemme suuret ihanteet, ideat ja merkitykset.<\/p>\n\n\n\n<p>Onko koulutuksemme kehitt\u00e4minen jo liiankin talous- ja tulosorientoitunutta? Ovatko kovat faktat sy\u00f6neet koulutuksen ja sivistyksen syv\u00e4t ihanteet ja arvot? Niit\u00e4 on kovin vaikeaa havaita ajankohtaisesta ja toisinaan jopa intohimoisesta suomalaisesta koulutuspoliittisesta keskustelusta.<\/p>\n\n\n\n<p><strong>J\u00e4\u00e4hyv\u00e4iset Kajaanin seminaarille <\/strong><\/p>\n\n\n\n<p>P\u00e4\u00e4si\u00e4isen alla Kajaanin elokuvateatterissa ennakkon\u00e4ytettiin Markku Heikkisen ohjaama dokumentti \u201dOlipa kerran seminaari\u201d. Dokumentti kertoo Kajaanin opettajankoulutuslaitoksen alasajosta ja lopettamisesta. Opettajia koulutettiin Kajaanissa yli sadan vuoden ajan, kunnes vuonna 2013 toiminta p\u00e4\u00e4ttyi kokonaan.<\/p>\n\n\n\n<p>Vuosisadan aikana Kajaanista valmistui kansakoulunopettajia, ortodoksiuskonnon opettajia, peruskoulun luokanopettajia, opinto-ohjaajia, lastentarhanopettajia, erityisopettajia, liikunnan- ja matematiikan aineenopettajia l\u00e4hes 8000. N\u00e4m\u00e4 valmistuneet opettajat ja kasvattajat ovat olleet konkreettisin osoitus Kajaanin opettajankoulutuslaitoksen laadukkaasta ja varsin tuloksellisesta toiminnasta.<\/p>\n\n\n\n<p>Kajaanin seminaarilla on ollut my\u00f6s muita syvi\u00e4 merkityksi\u00e4. Se oli kainuulaisen akateemisen el\u00e4m\u00e4n syd\u00e4n, yhteisen henkisen perinn\u00f6n ja muistin rakentaja ja yll\u00e4pit\u00e4j\u00e4, tulevaisuuden suunnann\u00e4ytt\u00e4j\u00e4 ja toivon tarjoaja paremmasta tulevaisuudesta ja hyv\u00e4st\u00e4 el\u00e4m\u00e4st\u00e4.<\/p>\n\n\n\n<p><strong>Koulutus ja kansankunnan elinvoima<\/strong><\/p>\n\n\n\n<p>Kajaanin seminaarin lakkauttamista voidaan pit\u00e4\u00e4 yhten\u00e4 alkusoittona 2010-luvun suomalaisen koulutusj\u00e4rjestelm\u00e4n kehitt\u00e4misess\u00e4. Korkeakoulusektorin uudistamista ovat m\u00e4\u00e4ritelleet korkeakoulujen profiloituminen ja alueellisten yksikk\u00f6jen karsiminen.<\/p>\n\n\n\n<p>Yliopistojen ja korkeakoulujen teht\u00e4v\u00e4\u00e4 on arvioitu yh\u00e4 kiihtyviss\u00e4 m\u00e4\u00e4rin yhteiskunnalle tuottaman taloudellisen hy\u00f6dyn n\u00e4k\u00f6kulmasta. Julkisen talouden heikentyminen ja ty\u00f6markkinoiden muutokset ovat olleet vaikuttamassa koulutuspaikkojen leikkaamisiin ja opintotukij\u00e4rjestelm\u00e4n uudistamiseen niin, ett\u00e4 se tukee nopeaa valmistumista.<\/p>\n\n\n\n<p>Opiskelijavalinnassa ensisijaisia ovat he, joilla ei viel\u00e4 ole korkeakoulupaikkaa. Valmistumisen j\u00e4lkeist\u00e4 ty\u00f6tt\u00f6myytt\u00e4 pyrit\u00e4\u00e4n ehk\u00e4isem\u00e4\u00e4n tai lyhent\u00e4m\u00e4\u00e4n liitt\u00e4m\u00e4ll\u00e4 kaikki alle 30-vuotiaat valmistuneet nuorisotakuun piiriin.<\/p>\n\n\n\n<p>Toisen asteen koulutuksen kehitt\u00e4misen tavoitteena on ollut uudistaa l\u00e4hes kaikki mahdollinen: j\u00e4rjest\u00e4misluvat, rahoitus, tutkinnot, lukion tuntijako ja ylioppilaskirjoitukset sek\u00e4 opiskeluhuolto. Ammatillisen koulutuksen kehitt\u00e4misen l\u00e4ht\u00f6kohtana on ollut vahva ty\u00f6el\u00e4m\u00e4l\u00e4ht\u00f6isyys.<\/p>\n\n\n\n<p>Ty\u00f6el\u00e4m\u00e4n muuttuvat osaamistarpeet m\u00e4\u00e4ritt\u00e4v\u00e4t koulutuksen sis\u00e4ll\u00f6lliset tavoitteet. Samanaikaisesti ammattiin opiskelevien ohjaamaton ty\u00f6ss\u00e4oppiminen ja itsen\u00e4inen ty\u00f6 ovat kasvaneet, ja l\u00e4hiopetus v\u00e4hentynyt.<\/p>\n\n\n\n<p>Suomalaista koulutusj\u00e4rjestelm\u00e4\u00e4 kehitet\u00e4\u00e4n rationaalisin perustein toimintaymp\u00e4rist\u00f6n muutosten mukaan. Koulutuksella pyrit\u00e4\u00e4n turvaamaan yhteiskuntamme ty\u00f6voimatarve, kasvu ja kilpailukyky.<\/p>\n\n\n\n<p>Koulutettaville tulee l\u00f6yty\u00e4 koulutusta vastaavaa ty\u00f6t\u00e4 ja julkisesti rahoitetun koulutusj\u00e4rjestelm\u00e4n tulee tuottaa yhteiskunnallisesti toivottua tulosta ja yhteist\u00e4 hyv\u00e4\u00e4. Koulutus on ratkomassa yhteiskunnallisesti vaikeita ja ilkeit\u00e4 ongelmia, joille ei ole olemassa yksinkertaisia ja selkeit\u00e4 ratkaisuja tai joita voitaisiin hallita yhden koulutus- tai tieteenalan piiriss\u00e4.<\/p>\n\n\n\n<p><strong>Mik\u00e4 on koulutuksen suuri p\u00e4\u00e4m\u00e4\u00e4r\u00e4?<\/strong><\/p>\n\n\n\n<p>Koulutuksen muutos ja uudistaminen eiv\u00e4t ole vain suomalaisia ilmi\u00f6it\u00e4, vaan kyseess\u00e4 on maailmanlaajuinen kehitys. Filosofi Martha C. Nussbaum arvioi koulutuksen olevan suorastaan maailmanlaajuisessa kriisiss\u00e4, joka kumpuaa koulutuksen varsin yksisuuntaisesta, markkinavetoisesta, kehitt\u00e4misest\u00e4.<\/p>\n\n\n\n<p>Eri puolilla maailmaa koulutuksessa pyrit\u00e4\u00e4n luopumaan niin sanotuista turhista r\u00f6nsyist\u00e4 ja panostetaan sellaisiin opetuksen sis\u00e4lt\u00f6ihin, jotka takaavat p\u00e4rj\u00e4\u00e4misen globaaleilla markkinoilla. Koulutuksen saavutuksia arvioidaan h\u00f6ydyn n\u00e4k\u00f6kulmasta, ennen kaikkea aineellisen hy\u00f6dyn ja taloudellisen menestyksen n\u00e4k\u00f6kulmista.<\/p>\n\n\n\n<p>Koulutuksella on suuri vaara menett\u00e4\u00e4 otteensa t\u00e4rkeimp\u00e4\u00e4n teht\u00e4v\u00e4\u00e4ns\u00e4: tukea opiskelijoita itsen\u00e4iseksi ja kriittisiksi ajattelijoiksi ja kansakuntien k\u00e4rsimysten ja saavutusten ymm\u00e4rt\u00e4jiksi.<\/p>\n\n\n\n<p>Koulutuksen toteuttajat, kehitt\u00e4j\u00e4t ja p\u00e4\u00e4tt\u00e4j\u00e4t eiv\u00e4t saisi unohtaa sit\u00e4, mit\u00e4 korvaamattoman arvokasta ja inhimillisesti syv\u00e4\u00e4 koulutus tarjoaa ihmisen kasvulle ja kehittymiselle. Koulutuksen kautta ihminen voi saada jotain sellaista, joka ei ole h\u00e4ilyv\u00e4\u00e4 ty\u00f6markkinoiden ja talouden suhdanteissa.<\/p>\n\n\n\n<p>Monis\u00e4ikeinen ja humaanit n\u00e4k\u00f6kohdat huomioonottava koulutus antaa ihmiselle rakennusaineksia maailmaan ja yhteiskuntaan, jossa voi el\u00e4\u00e4 hyv\u00e4\u00e4 el\u00e4m\u00e4\u00e4, oppia n\u00e4kem\u00e4\u00e4n toiset ihmiset t\u00e4ysiarvoisina, kunnioitettavina ja my\u00f6t\u00e4tuntoisina. My\u00f6t\u00e4tuntoisuus ja kunnioitus toisia ihmisi\u00e4 kohtaan voittavat pelon, kateuden ja itsekeskeisyyden.<\/p>\n\n\n\n<p><strong>Yksil\u00f6n ja yhteis\u00f6n hyv\u00e4 el\u00e4m\u00e4 <\/strong><\/p>\n\n\n\n<p>Markku Heikkisen dokumentti Olipa kerran seminaari her\u00e4tt\u00e4\u00e4 kysymyksen, olisiko kainuulaisten, ja erityisesti poliittisten p\u00e4\u00e4tt\u00e4jien voimakkaampi vastarinta voinut pelastaa Kajaanin opettajienkoulutuksen. J\u00e4ik\u00f6 opettajienkoulutus omaksi saarekkeekseen, osallistumatta keskusteluun ty\u00f6tt\u00f6myyden runteleman maakunnan ongelmien ratkaisemiseksi?<\/p>\n\n\n\n<p>Koulutus ei ole vain yksil\u00f6n rikastuttamista varten, vaan sen tulee tarjota vaihtoehtoja maakuntien ja koko kansakunnan hyv\u00e4n el\u00e4m\u00e4n p\u00e4\u00e4m\u00e4\u00e4rien arvioimiseksi.<\/p>\n\n\n","protected":false},"excerpt":{"rendered":"<p>Juuri p\u00e4\u00e4ttyneist\u00e4 eduskuntavaaleista odotettiin tulevan koulutusvaalit. Olivatko ne sit\u00e4? Puolueiden vaaliohjelmissa koulutus sai keskeisen aseman mutta vaalien alla k\u00e4yty koulutuspolittiinen keskustelu j\u00e4i laimeaksi. Koulutukselta odotetaan paljon ja koulutus lupaa paljon. Kaikesta koulutuksen<br \/>\nlupau&hellip;<\/p>\n","protected":false},"author":15507,"featured_media":0,"comment_status":"open","ping_status":"closed","sticky":false,"template":"","format":"standard","meta":{"_acf_changed":false,"asauth_required_access_level":0,"asauth_cansharepaid":"true","om_header_attributes":[],"footnotes":"","om_featured_image_focal_point":[],"om_primary_tag":0,"om_contributors":[],"om_co_authors":[],"beyondwords_generate_audio":"","beyondwords_project_id":"","beyondwords_content_id":"","beyondwords_preview_token":"","beyondwords_player_content":"","beyondwords_player_style":"","beyondwords_language_code":"","beyondwords_language_id":"","beyondwords_title_voice_id":"","beyondwords_body_voice_id":"","beyondwords_summary_voice_id":"","beyondwords_error_message":"","beyondwords_disabled":"","beyondwords_delete_content":"","beyondwords_podcast_id":"","beyondwords_hash":"","publish_post_to_speechkit":"","speechkit_hash":"","speechkit_generate_audio":"","speechkit_project_id":"","speechkit_podcast_id":"","speechkit_error_message":"","speechkit_disabled":"","speechkit_access_key":"","speechkit_error":"","speechkit_info":"","speechkit_response":"","speechkit_retries":"","speechkit_status":"","speechkit_updated_at":"","_speechkit_link":"","_speechkit_text":""},"categories":[1],"tags":[262,261,260],"class_list":["post-460","post","type-post","status-publish","format-standard","hentry","category-rajalla","tag-kajaani","tag-koulutus","tag-vaalit-2015"],"om_views":null,"acf":{"tuuma_off":false,"tuuma_kysymys":"","tuuma_vastaus":""},"asauth":{"required_access_level":1,"share_token":"","is_paid":false},"yoast_head":"<!-- This site is optimized with the Yoast SEO plugin v26.4 - https:\/\/yoast.com\/wordpress\/plugins\/seo\/ -->\n<title>Sivistyksen hiipuva tuho? - Rajalla<\/title>\n<meta name=\"description\" content=\"Koulutuksella on suuri vaara menett\u00e4\u00e4 otteensa t\u00e4rkeimp\u00e4\u00e4n teht\u00e4v\u00e4\u00e4ns\u00e4: tukea opiskelijoita itsen\u00e4iseksi ja kriittisiksi ajattelijoiksi ja kansakuntien k\u00e4rsimysten ja saavutusten ymm\u00e4rt\u00e4jiksi.\" \/>\n<meta name=\"robots\" content=\"index, follow, max-snippet:-1, max-image-preview:large, max-video-preview:-1\" \/>\n<link rel=\"canonical\" href=\"https:\/\/suomenkuvalehti.fi\/rajalla\/2015\/04\/22\/sivistyksen-hiipuva-tuho\/\" \/>\n<meta property=\"og:locale\" content=\"fi_FI\" \/>\n<meta property=\"og:type\" content=\"article\" \/>\n<meta property=\"og:title\" content=\"Sivistyksen hiipuva tuho? - Rajalla\" \/>\n<meta property=\"og:description\" content=\"Koulutuksella on suuri vaara menett\u00e4\u00e4 otteensa t\u00e4rkeimp\u00e4\u00e4n teht\u00e4v\u00e4\u00e4ns\u00e4: tukea opiskelijoita itsen\u00e4iseksi ja kriittisiksi ajattelijoiksi ja kansakuntien k\u00e4rsimysten ja saavutusten ymm\u00e4rt\u00e4jiksi.\" \/>\n<meta property=\"og:url\" content=\"https:\/\/suomenkuvalehti.fi\/rajalla\/2015\/04\/22\/sivistyksen-hiipuva-tuho\/\" \/>\n<meta property=\"og:site_name\" content=\"Rajalla\" \/>\n<meta property=\"article:published_time\" content=\"2015-04-22T07:51:08+00:00\" \/>\n<meta property=\"article:modified_time\" content=\"2015-04-25T19:56:48+00:00\" \/>\n<meta property=\"og:image\" content=\"https:\/\/suomenkuvalehti.fi\/rajalla\/wp-content\/uploads\/sites\/31\/2015\/04\/Olipa_kerran_seminaari_juliste_850px-211x300.jpg\" \/>\n<meta name=\"author\" content=\"Elina Juntunen\" \/>\n<meta name=\"twitter:card\" content=\"summary_large_image\" \/>\n<meta name=\"twitter:label1\" content=\"Written by\" \/>\n\t<meta name=\"twitter:data1\" content=\"Elina Juntunen\" \/>\n\t<meta name=\"twitter:label2\" content=\"Est. reading time\" \/>\n\t<meta name=\"twitter:data2\" content=\"4 minuuttia\" \/>\n<script type=\"application\/ld+json\" class=\"yoast-schema-graph\">{\"@context\":\"https:\/\/schema.org\",\"@graph\":[{\"@type\":\"WebPage\",\"@id\":\"https:\/\/suomenkuvalehti.fi\/rajalla\/2015\/04\/22\/sivistyksen-hiipuva-tuho\/\",\"url\":\"https:\/\/suomenkuvalehti.fi\/rajalla\/2015\/04\/22\/sivistyksen-hiipuva-tuho\/\",\"name\":\"Sivistyksen hiipuva tuho? - Rajalla\",\"isPartOf\":{\"@id\":\"https:\/\/suomenkuvalehti.fi\/rajalla\/#website\"},\"primaryImageOfPage\":{\"@id\":\"https:\/\/suomenkuvalehti.fi\/rajalla\/2015\/04\/22\/sivistyksen-hiipuva-tuho\/#primaryimage\"},\"image\":{\"@id\":\"https:\/\/suomenkuvalehti.fi\/rajalla\/2015\/04\/22\/sivistyksen-hiipuva-tuho\/#primaryimage\"},\"thumbnailUrl\":\"https:\/\/suomenkuvalehti.fi\/rajalla\/wp-content\/uploads\/sites\/31\/2015\/04\/Olipa_kerran_seminaari_juliste_850px-211x300.jpg\",\"datePublished\":\"2015-04-22T07:51:08+00:00\",\"dateModified\":\"2015-04-25T19:56:48+00:00\",\"author\":{\"@id\":\"https:\/\/suomenkuvalehti.fi\/rajalla\/#\/schema\/person\/309bccbc5f15c19378c89d2fc20addd9\"},\"description\":\"Koulutuksella on suuri vaara menett\u00e4\u00e4 otteensa t\u00e4rkeimp\u00e4\u00e4n teht\u00e4v\u00e4\u00e4ns\u00e4: tukea opiskelijoita itsen\u00e4iseksi ja kriittisiksi ajattelijoiksi ja kansakuntien k\u00e4rsimysten ja saavutusten ymm\u00e4rt\u00e4jiksi.\",\"breadcrumb\":{\"@id\":\"https:\/\/suomenkuvalehti.fi\/rajalla\/2015\/04\/22\/sivistyksen-hiipuva-tuho\/#breadcrumb\"},\"inLanguage\":\"fi\",\"potentialAction\":[{\"@type\":\"ReadAction\",\"target\":[\"https:\/\/suomenkuvalehti.fi\/rajalla\/2015\/04\/22\/sivistyksen-hiipuva-tuho\/\"]}]},{\"@type\":\"ImageObject\",\"inLanguage\":\"fi\",\"@id\":\"https:\/\/suomenkuvalehti.fi\/rajalla\/2015\/04\/22\/sivistyksen-hiipuva-tuho\/#primaryimage\",\"url\":\"https:\/\/suomenkuvalehti.fi\/rajalla\/wp-content\/uploads\/sites\/31\/2015\/04\/Olipa_kerran_seminaari_juliste_850px.jpg\",\"contentUrl\":\"https:\/\/suomenkuvalehti.fi\/rajalla\/wp-content\/uploads\/sites\/31\/2015\/04\/Olipa_kerran_seminaari_juliste_850px.jpg\",\"width\":850,\"height\":1211},{\"@type\":\"BreadcrumbList\",\"@id\":\"https:\/\/suomenkuvalehti.fi\/rajalla\/2015\/04\/22\/sivistyksen-hiipuva-tuho\/#breadcrumb\",\"itemListElement\":[{\"@type\":\"ListItem\",\"position\":1,\"name\":\"Home\",\"item\":\"https:\/\/suomenkuvalehti.fi\/rajalla\/\"},{\"@type\":\"ListItem\",\"position\":2,\"name\":\"Sivistyksen hiipuva tuho?\"}]},{\"@type\":\"WebSite\",\"@id\":\"https:\/\/suomenkuvalehti.fi\/rajalla\/#website\",\"url\":\"https:\/\/suomenkuvalehti.fi\/rajalla\/\",\"name\":\"Rajalla\",\"description\":\"Kirkon asiantuntijajoukko bloggaa yhteiskunnan ja kirkon rajapinnoilta.\",\"potentialAction\":[{\"@type\":\"SearchAction\",\"target\":{\"@type\":\"EntryPoint\",\"urlTemplate\":\"https:\/\/suomenkuvalehti.fi\/haku\/?q={search_term_string}\"},\"query-input\":{\"@type\":\"PropertyValueSpecification\",\"valueRequired\":true,\"valueName\":\"search_term_string\"}}],\"inLanguage\":\"fi\"},{\"@type\":\"Person\",\"@id\":\"https:\/\/suomenkuvalehti.fi\/rajalla\/#\/schema\/person\/309bccbc5f15c19378c89d2fc20addd9\",\"name\":\"Elina Juntunen\",\"description\":\"TT, YTK Elina Juntunen ty\u00f6skentelee asiantuntijana kirkkohallituksessa.\"}]}<\/script>\n<!-- \/ Yoast SEO plugin. -->","yoast_head_json":{"title":"Sivistyksen hiipuva tuho? - Rajalla","description":"Koulutuksella on suuri vaara menett\u00e4\u00e4 otteensa t\u00e4rkeimp\u00e4\u00e4n teht\u00e4v\u00e4\u00e4ns\u00e4: tukea opiskelijoita itsen\u00e4iseksi ja kriittisiksi ajattelijoiksi ja kansakuntien k\u00e4rsimysten ja saavutusten ymm\u00e4rt\u00e4jiksi.","robots":{"index":"index","follow":"follow","max-snippet":"max-snippet:-1","max-image-preview":"max-image-preview:large","max-video-preview":"max-video-preview:-1"},"canonical":"https:\/\/suomenkuvalehti.fi\/rajalla\/2015\/04\/22\/sivistyksen-hiipuva-tuho\/","og_locale":"fi_FI","og_type":"article","og_title":"Sivistyksen hiipuva tuho? - Rajalla","og_description":"Koulutuksella on suuri vaara menett\u00e4\u00e4 otteensa t\u00e4rkeimp\u00e4\u00e4n teht\u00e4v\u00e4\u00e4ns\u00e4: tukea opiskelijoita itsen\u00e4iseksi ja kriittisiksi ajattelijoiksi ja kansakuntien k\u00e4rsimysten ja saavutusten ymm\u00e4rt\u00e4jiksi.","og_url":"https:\/\/suomenkuvalehti.fi\/rajalla\/2015\/04\/22\/sivistyksen-hiipuva-tuho\/","og_site_name":"Rajalla","article_published_time":"2015-04-22T07:51:08+00:00","article_modified_time":"2015-04-25T19:56:48+00:00","og_image":[{"url":"https:\/\/suomenkuvalehti.fi\/rajalla\/wp-content\/uploads\/sites\/31\/2015\/04\/Olipa_kerran_seminaari_juliste_850px-211x300.jpg","type":"","width":"","height":""}],"author":"Elina Juntunen","twitter_card":"summary_large_image","twitter_misc":{"Written by":"Elina Juntunen","Est. reading time":"4 minuuttia"},"schema":{"@context":"https:\/\/schema.org","@graph":[{"@type":"WebPage","@id":"https:\/\/suomenkuvalehti.fi\/rajalla\/2015\/04\/22\/sivistyksen-hiipuva-tuho\/","url":"https:\/\/suomenkuvalehti.fi\/rajalla\/2015\/04\/22\/sivistyksen-hiipuva-tuho\/","name":"Sivistyksen hiipuva tuho? - Rajalla","isPartOf":{"@id":"https:\/\/suomenkuvalehti.fi\/rajalla\/#website"},"primaryImageOfPage":{"@id":"https:\/\/suomenkuvalehti.fi\/rajalla\/2015\/04\/22\/sivistyksen-hiipuva-tuho\/#primaryimage"},"image":{"@id":"https:\/\/suomenkuvalehti.fi\/rajalla\/2015\/04\/22\/sivistyksen-hiipuva-tuho\/#primaryimage"},"thumbnailUrl":"https:\/\/suomenkuvalehti.fi\/rajalla\/wp-content\/uploads\/sites\/31\/2015\/04\/Olipa_kerran_seminaari_juliste_850px-211x300.jpg","datePublished":"2015-04-22T07:51:08+00:00","dateModified":"2015-04-25T19:56:48+00:00","author":{"@id":"https:\/\/suomenkuvalehti.fi\/rajalla\/#\/schema\/person\/309bccbc5f15c19378c89d2fc20addd9"},"description":"Koulutuksella on suuri vaara menett\u00e4\u00e4 otteensa t\u00e4rkeimp\u00e4\u00e4n teht\u00e4v\u00e4\u00e4ns\u00e4: tukea opiskelijoita itsen\u00e4iseksi ja kriittisiksi ajattelijoiksi ja kansakuntien k\u00e4rsimysten ja saavutusten ymm\u00e4rt\u00e4jiksi.","breadcrumb":{"@id":"https:\/\/suomenkuvalehti.fi\/rajalla\/2015\/04\/22\/sivistyksen-hiipuva-tuho\/#breadcrumb"},"inLanguage":"fi","potentialAction":[{"@type":"ReadAction","target":["https:\/\/suomenkuvalehti.fi\/rajalla\/2015\/04\/22\/sivistyksen-hiipuva-tuho\/"]}]},{"@type":"ImageObject","inLanguage":"fi","@id":"https:\/\/suomenkuvalehti.fi\/rajalla\/2015\/04\/22\/sivistyksen-hiipuva-tuho\/#primaryimage","url":"https:\/\/suomenkuvalehti.fi\/rajalla\/wp-content\/uploads\/sites\/31\/2015\/04\/Olipa_kerran_seminaari_juliste_850px.jpg","contentUrl":"https:\/\/suomenkuvalehti.fi\/rajalla\/wp-content\/uploads\/sites\/31\/2015\/04\/Olipa_kerran_seminaari_juliste_850px.jpg","width":850,"height":1211},{"@type":"BreadcrumbList","@id":"https:\/\/suomenkuvalehti.fi\/rajalla\/2015\/04\/22\/sivistyksen-hiipuva-tuho\/#breadcrumb","itemListElement":[{"@type":"ListItem","position":1,"name":"Home","item":"https:\/\/suomenkuvalehti.fi\/rajalla\/"},{"@type":"ListItem","position":2,"name":"Sivistyksen hiipuva tuho?"}]},{"@type":"WebSite","@id":"https:\/\/suomenkuvalehti.fi\/rajalla\/#website","url":"https:\/\/suomenkuvalehti.fi\/rajalla\/","name":"Rajalla","description":"Kirkon asiantuntijajoukko bloggaa yhteiskunnan ja kirkon rajapinnoilta.","potentialAction":[{"@type":"SearchAction","target":{"@type":"EntryPoint","urlTemplate":"https:\/\/suomenkuvalehti.fi\/haku\/?q={search_term_string}"},"query-input":{"@type":"PropertyValueSpecification","valueRequired":true,"valueName":"search_term_string"}}],"inLanguage":"fi"},{"@type":"Person","@id":"https:\/\/suomenkuvalehti.fi\/rajalla\/#\/schema\/person\/309bccbc5f15c19378c89d2fc20addd9","name":"Elina Juntunen","description":"TT, YTK Elina Juntunen ty\u00f6skentelee asiantuntijana kirkkohallituksessa."}]}},"_links":{"self":[{"href":"https:\/\/suomenkuvalehti.fi\/rajalla\/wp-json\/wp\/v2\/posts\/460","targetHints":{"allow":["GET"]}}],"collection":[{"href":"https:\/\/suomenkuvalehti.fi\/rajalla\/wp-json\/wp\/v2\/posts"}],"about":[{"href":"https:\/\/suomenkuvalehti.fi\/rajalla\/wp-json\/wp\/v2\/types\/post"}],"author":[{"embeddable":true,"href":"https:\/\/suomenkuvalehti.fi\/rajalla\/wp-json\/wp\/v2\/users\/15507"}],"replies":[{"embeddable":true,"href":"https:\/\/suomenkuvalehti.fi\/rajalla\/wp-json\/wp\/v2\/comments?post=460"}],"version-history":[{"count":5,"href":"https:\/\/suomenkuvalehti.fi\/rajalla\/wp-json\/wp\/v2\/posts\/460\/revisions"}],"predecessor-version":[{"id":477,"href":"https:\/\/suomenkuvalehti.fi\/rajalla\/wp-json\/wp\/v2\/posts\/460\/revisions\/477"}],"wp:attachment":[{"href":"https:\/\/suomenkuvalehti.fi\/rajalla\/wp-json\/wp\/v2\/media?parent=460"}],"wp:term":[{"taxonomy":"category","embeddable":true,"href":"https:\/\/suomenkuvalehti.fi\/rajalla\/wp-json\/wp\/v2\/categories?post=460"},{"taxonomy":"post_tag","embeddable":true,"href":"https:\/\/suomenkuvalehti.fi\/rajalla\/wp-json\/wp\/v2\/tags?post=460"}],"curies":[{"name":"wp","href":"https:\/\/api.w.org\/{rel}","templated":true}]}}