{"id":43,"date":"2013-03-12T07:00:00","date_gmt":"2013-03-12T05:00:00","guid":{"rendered":"https:\/\/suomenkuvalehti.fi\/rajalla\/2013\/03\/12\/sertifioitu-tasa-arvo\/"},"modified":"2013-03-12T07:00:00","modified_gmt":"2013-03-12T05:00:00","slug":"sertifioitu-tasa-arvo","status":"publish","type":"post","link":"https:\/\/suomenkuvalehti.fi\/rajalla\/2013\/03\/12\/sertifioitu-tasa-arvo\/","title":{"rendered":"Sertifioitu tasa-arvo"},"content":{"rendered":"\n\n<p><span lang=\"FI\">Kansainv\u00e4lisen\u00e4\nnaistenp\u00e4iv\u00e4n\u00e4 sain pomolta kirjeen. Se oli osoitettu kaikille j\u00e4rjest\u00f6n\nnaispuolisille ty\u00f6ntekij\u00f6ille. Kyll\u00e4 siin\u00e4 meit\u00e4 v\u00e4h\u00e4n kiiteltiinkin, mutta\nennen kaikkea sanottiin j\u00e4lleen kerran kuinka keskeinen periaate sukupuolten\nv\u00e4lisen oikeudenmukaisuuden edist\u00e4minen meill\u00e4 <a href=\"http:\/\/www.lutheranworld.org\/lwf\/\" target=\"_blank\">Luterilaisessa maailmanliitossa<\/a> on. <\/span><\/p>\n\n\n\n<p><span lang=\"FI\">Vuosi sitten j\u00e4rjest\u00f6llemme my\u00f6nnettiin t\u00e4\u00e4ll\u00e4 Sveitsiss\u00e4 <a href=\"http:\/\/www.equalsalary.org\/\" target=\"_blank\">tasa-arvoisen\npalkkauksen sertifikaatti<\/a>. Sen my\u00f6nt\u00e4mist\u00e4 edelsi pitk\u00e4llinen selvitysprosessi,\njonka aikana palkkaus, naisten asema organisaatiossa ja m\u00e4\u00e4r\u00e4 johtoteht\u00e4viss\u00e4\njoutuivat tarkkaan syyniin. Vaikka parantamisen aihetta l\u00f6ytyi, sertifikaatti\nmy\u00f6nnettiin. Oikeus siihen ei ole kuitenkaan itsest\u00e4\u00e4nselvyys, vaan\ntarkistetaan vuosittain. <\/span><\/p>\n\n\n\n<p><span lang=\"FI\">Toinen konkreettinen osoitus siit\u00e4, ett\u00e4 Luterilaisessa\nmaailmanliitossa otetaan tasa-arvoasiat tosissaan, on parhaillaan valmisteilla\nolevat sukupuolten v\u00e4list\u00e4 oikeudenmukaisuutta koskevat menettelytapaohjeet\n(gender justice policy). Niiden tavoitteena on antaa yhteis\u00f6lle suuntaviivat\nsellaisten rakenteiden luomiseksi ja yll\u00e4pit\u00e4miseksi, jotka edist\u00e4v\u00e4t\nsukupuolten v\u00e4lisen oikeudenmukaisuuden toteutumista. <\/span><\/p>\n\n\n\n<p><span lang=\"FI\"><span>Vaikka tavoitteena on tasa-arvo, paino t\u00e4ss\u00e4\nprosessissa on sanalla oikeudenmukaisuus. Oikeudenmukaisuus tarkoittaa joskus my\u00f6s\nsit\u00e4, ett\u00e4 niille joilla on t\u00e4h\u00e4n asti ollut v\u00e4hemm\u00e4n, annetaan nyt enemm\u00e4n.\nNe, jotka ovat tottuneet enemp\u00e4\u00e4n, saavat tyyty\u00e4 nyt v\u00e4hemp\u00e4\u00e4n. <\/span><\/span><\/p>\n\n\n\n<p><span lang=\"FI\"><span>Kirkollisissa\npiireiss\u00e4 keskeinen sukupuolten v\u00e4lisen oikeudenmukaisuuden toteutumisen\nmittari on naisten kutsuminen pappisvirkaan. T\u00e4m\u00e4 siis siit\u00e4 huolimatta, ett\u00e4\np\u00e4\u00e4sy kirkon virkaan on paljon muutakin kuin tasa-arvoasia. <\/span><\/span><\/p>\n\n\n\n<p><span lang=\"FI\"><span>Kaksi p\u00e4iv\u00e4\u00e4 ennen\npomon kirjeen saapumista, nostimme toimistolla maljan. Juhlan syyn\u00e4 oli se,\nett\u00e4 oli tullut kuluneeksi nelj\u00e4nnesvuosisata p\u00e4iv\u00e4st\u00e4, jolloin<a href=\"http:\/\/evl.fi\/EVLfi.nsf\/0\/B88994A66527186AC22572E300212DA8?OpenDocument&amp;lang=FI\" target=\"_blank\"> ensimm\u00e4iset\nnaiset vihittiin papeiksi<\/a> yhdess\u00e4 j\u00e4senkirkoistamme, Suomen\nevankelisluterilaisessa kirkossa. Viisi vuotta pappisviran j\u00e4lkeen, vuonna\n1991, <span>kirkolliskokous avasi Suomessa\nmy\u00f6s piispanviran naisille. Viel\u00e4 kaksikymment\u00e4 vuotta kului ennen kuin <a href=\"http:\/\/yle.fi\/uutiset\/irja_askola_vihittiin_helsingin_piispaksi\/5631055\" target=\"_blank\">nainen\nensimm\u00e4ist\u00e4 kertaa vihittiin piispaksi<\/a> Suomessa. Toista kertaa saadaan viel\u00e4\nodotella. <\/span><\/span><\/span><\/p>\n\n\n\n<p><span lang=\"FI\"><span><span>Maailman luterilaisista kirkoista suurin osa kuuluu Luterilaiseen\nmaailmanliittoon. Sen j\u00e4senkirkoista v\u00e4hemmist\u00f6, 18 %, ei vihi naisia\npappisvirkaan. J\u00e4senm\u00e4\u00e4r\u00e4ns\u00e4 puolesta n\u00e4m\u00e4 kirkot edustavat kuitenkin vain alle\nseitsem\u00e4\u00e4 prosenttia j\u00e4senkirkkojen reilusta 70 miljoonasta j\u00e4senest\u00e4. Suurin\nosa niist\u00e4 kirkoista, joissa naiset eiv\u00e4t voi toimia pappeina, ovat pieni\u00e4\nv\u00e4hemmist\u00f6kirkkoja, jotka el\u00e4v\u00e4t useimmiten katolisen taikka ortodoksisen\nenemmist\u00f6n kainalossa. N\u00e4m\u00e4 puolestaan katsovat kirkon viran kuuluvan vain\nmiehille. Naisten kutsumista pappisvirkaan eiv\u00e4t pieniss\u00e4 luterilaisissa\nkirkoissa est\u00e4 ainoastaan teologiset, vaan my\u00f6s kontekstuaaliset tekij\u00e4t. <\/span><\/span><\/span><\/p>\n\n\n\n<p><span lang=\"FI\"><span><span>Palataanpa viel\u00e4 palkkasertifikaattiin. Sen olemassaolo on h\u00e4mment\u00e4v\u00e4 poikkeus\nsveitsil\u00e4isess\u00e4 yhteiskunnassa.<a href=\"http:\/\/www.swissinfo.ch\/eng\/swiss_news\/Swiss_mothers_hold_back_from_having_it_all_.html?cid=33333838\" target=\"_blank\"> T\u00e4\u00e4ll\u00e4 naisen paikka on edelleenkin kotona.<\/a> Siit\u00e4 huolehtii erityisesti koululaitos, joka p\u00e4\u00e4osassa kantoneita tarjoaa\nalakouluik\u00e4isille opetusta vain nelj\u00e4n\u00e4 p\u00e4iv\u00e4n\u00e4 viikossa ja silloinkin\nmuutamana tuntina aamu- ja iltap\u00e4iv\u00e4st\u00e4. V\u00e4liss\u00e4 on kahden tunnin lounastauko. <\/span><\/span><\/span><\/p>\n\n\n\n<p><span lang=\"FI\"><span><span>Kouluviikon laajentamisesta keskiviikkoaamup\u00e4iviin k\u00e4ytiin viime kev\u00e4\u00e4n\u00e4\nh\u00e4mment\u00e4v\u00e4n tunnepitoinen kansan\u00e4\u00e4nestyskampanja. Uudistumieliset voittivat, ja\nniinp\u00e4 vuoden 2014 alusta l\u00e4htien koulua k\u00e4yd\u00e4\u00e4n my\u00f6s keskiviikkoaamuisin.\nMutta siis vain aamuisin. Kunnat tarjoavat kyll\u00e4 koululaisille maksullista\nruokatunti- ja iltap\u00e4iv\u00e4kerhotoimintaa, mutta suurin osa lapsista menee\nedelleen kotiin \u00e4itien tekem\u00e4lle lounaalle. Isien tai edes iso\u00e4itien tekem\u00e4\nlounas on poikkeus. Suurin osa naisista ty\u00f6skentelee vain osa-aikaisesti, jotta\nvoisi olla kotona koululaisistaan huolehtimassa. Koulutetullakaan\nosa-aikaisella ei ole asiaa asiantuntija- saati sitten johtoteht\u00e4viin. Siksi\nsertifikaattia tarvitaan. <\/span><\/span><\/span><\/p>\n\n\n\n<p><span lang=\"FI\"><span><span>T\u00e4llaisessa yhteiskunnassa oma kuusivuotiaamme\nopettelee naisenmallia. Siin\u00e4 on jo aivan riitt\u00e4v\u00e4n hyv\u00e4 syy huolehtia siit\u00e4,\nett\u00e4 ainakin meid\u00e4n kotona perinteiset sukupuoliroolit pannaan v\u00e4lill\u00e4\niloisesti sekaisin. Vaikka se sitten tarkottaisikin sit\u00e4, ett\u00e4 lapsi saa makeat\nnaurut, kun \u00e4iti laittaa liperit kaulaan ja l\u00e4htee t\u00f6ihin.<\/span><\/span><\/span><\/p>\n\n\n","protected":false},"excerpt":{"rendered":"<p>Kansainv\u00e4lisen\u00e4 naistenp\u00e4iv\u00e4n\u00e4 sain pomolta kirjeen. Se oli osoitettu kaikille j\u00e4rjest\u00f6n naispuolisille ty\u00f6ntekij\u00f6ille. Kyll\u00e4 siin\u00e4 meit\u00e4 v\u00e4h\u00e4n kiiteltiinkin, mutta ennen kaikkea sanottiin j\u00e4lleen kerran kuinka keskeinen periaate sukupuolten v\u00e4lisen oikeudenmukaisuuden edist\u00e4minen meill\u00e4<br \/>\nLuterilaisessa ma&hellip;<\/p>\n","protected":false},"author":522,"featured_media":0,"comment_status":"open","ping_status":"open","sticky":false,"template":"","format":"standard","meta":{"_acf_changed":false,"asauth_required_access_level":0,"asauth_cansharepaid":"","om_header_attributes":[],"footnotes":"","om_featured_image_focal_point":[],"om_primary_tag":0,"om_contributors":[],"om_co_authors":[],"beyondwords_generate_audio":"","beyondwords_project_id":"","beyondwords_content_id":"","beyondwords_preview_token":"","beyondwords_player_content":"","beyondwords_player_style":"","beyondwords_language_code":"","beyondwords_language_id":"","beyondwords_title_voice_id":"","beyondwords_body_voice_id":"","beyondwords_summary_voice_id":"","beyondwords_error_message":"","beyondwords_disabled":"","beyondwords_delete_content":"","beyondwords_podcast_id":"","beyondwords_hash":"","publish_post_to_speechkit":"","speechkit_hash":"","speechkit_generate_audio":"","speechkit_project_id":"","speechkit_podcast_id":"","speechkit_error_message":"","speechkit_disabled":"","speechkit_access_key":"","speechkit_error":"","speechkit_info":"","speechkit_response":"","speechkit_retries":"","speechkit_status":"","speechkit_updated_at":"","_speechkit_link":"","_speechkit_text":""},"categories":[1],"tags":[154,155,152,153,151],"class_list":["post-43","post","type-post","status-publish","format-standard","hentry","category-rajalla","tag-luterilaiset-kirkot","tag-naispappeus","tag-oikeudenmukaisuus","tag-palkkaerot","tag-tasa-arvo"],"om_views":null,"acf":{"tuuma_off":false,"tuuma_kysymys":"","tuuma_vastaus":""},"asauth":{"required_access_level":1,"share_token":"","is_paid":false},"yoast_head":"<!-- This site is optimized with the Yoast SEO plugin v26.4 - https:\/\/yoast.com\/wordpress\/plugins\/seo\/ -->\n<title>Sertifioitu tasa-arvo - Rajalla<\/title>\n<meta name=\"robots\" content=\"index, follow, max-snippet:-1, max-image-preview:large, max-video-preview:-1\" \/>\n<link rel=\"canonical\" href=\"https:\/\/suomenkuvalehti.fi\/rajalla\/2013\/03\/12\/sertifioitu-tasa-arvo\/\" \/>\n<meta property=\"og:locale\" content=\"fi_FI\" \/>\n<meta property=\"og:type\" content=\"article\" \/>\n<meta property=\"og:title\" content=\"Sertifioitu tasa-arvo - Rajalla\" \/>\n<meta property=\"og:description\" content=\"Kansainv\u00e4lisen\u00e4 naistenp\u00e4iv\u00e4n\u00e4 sain pomolta kirjeen. Se oli osoitettu kaikille j\u00e4rjest\u00f6n naispuolisille ty\u00f6ntekij\u00f6ille. Kyll\u00e4 siin\u00e4 meit\u00e4 v\u00e4h\u00e4n kiiteltiinkin, mutta ennen kaikkea sanottiin j\u00e4lleen kerran kuinka keskeinen periaate sukupuolten v\u00e4lisen oikeudenmukaisuuden edist\u00e4minen meill\u00e4 Luterilaisessa ma&hellip;\" \/>\n<meta property=\"og:url\" content=\"https:\/\/suomenkuvalehti.fi\/rajalla\/2013\/03\/12\/sertifioitu-tasa-arvo\/\" \/>\n<meta property=\"og:site_name\" content=\"Rajalla\" \/>\n<meta property=\"article:published_time\" content=\"2013-03-12T05:00:00+00:00\" \/>\n<meta name=\"author\" content=\"Kaisamari Hintikka\" \/>\n<meta name=\"twitter:card\" content=\"summary_large_image\" \/>\n<meta name=\"twitter:label1\" content=\"Written by\" \/>\n\t<meta name=\"twitter:data1\" content=\"Kaisamari Hintikka\" \/>\n\t<meta name=\"twitter:label2\" content=\"Est. reading time\" \/>\n\t<meta name=\"twitter:data2\" content=\"3 minuuttia\" \/>\n<script type=\"application\/ld+json\" class=\"yoast-schema-graph\">{\"@context\":\"https:\/\/schema.org\",\"@graph\":[{\"@type\":\"WebPage\",\"@id\":\"https:\/\/suomenkuvalehti.fi\/rajalla\/2013\/03\/12\/sertifioitu-tasa-arvo\/\",\"url\":\"https:\/\/suomenkuvalehti.fi\/rajalla\/2013\/03\/12\/sertifioitu-tasa-arvo\/\",\"name\":\"Sertifioitu tasa-arvo - Rajalla\",\"isPartOf\":{\"@id\":\"https:\/\/suomenkuvalehti.fi\/rajalla\/#website\"},\"datePublished\":\"2013-03-12T05:00:00+00:00\",\"author\":{\"@id\":\"https:\/\/suomenkuvalehti.fi\/rajalla\/#\/schema\/person\/4f9d50eabea693d920812817b40988e5\"},\"breadcrumb\":{\"@id\":\"https:\/\/suomenkuvalehti.fi\/rajalla\/2013\/03\/12\/sertifioitu-tasa-arvo\/#breadcrumb\"},\"inLanguage\":\"fi\",\"potentialAction\":[{\"@type\":\"ReadAction\",\"target\":[\"https:\/\/suomenkuvalehti.fi\/rajalla\/2013\/03\/12\/sertifioitu-tasa-arvo\/\"]}]},{\"@type\":\"BreadcrumbList\",\"@id\":\"https:\/\/suomenkuvalehti.fi\/rajalla\/2013\/03\/12\/sertifioitu-tasa-arvo\/#breadcrumb\",\"itemListElement\":[{\"@type\":\"ListItem\",\"position\":1,\"name\":\"Home\",\"item\":\"https:\/\/suomenkuvalehti.fi\/rajalla\/\"},{\"@type\":\"ListItem\",\"position\":2,\"name\":\"Sertifioitu tasa-arvo\"}]},{\"@type\":\"WebSite\",\"@id\":\"https:\/\/suomenkuvalehti.fi\/rajalla\/#website\",\"url\":\"https:\/\/suomenkuvalehti.fi\/rajalla\/\",\"name\":\"Rajalla\",\"description\":\"Kirkon asiantuntijajoukko bloggaa yhteiskunnan ja kirkon rajapinnoilta.\",\"potentialAction\":[{\"@type\":\"SearchAction\",\"target\":{\"@type\":\"EntryPoint\",\"urlTemplate\":\"https:\/\/suomenkuvalehti.fi\/haku\/?q={search_term_string}\"},\"query-input\":{\"@type\":\"PropertyValueSpecification\",\"valueRequired\":true,\"valueName\":\"search_term_string\"}}],\"inLanguage\":\"fi\"},{\"@type\":\"Person\",\"@id\":\"https:\/\/suomenkuvalehti.fi\/rajalla\/#\/schema\/person\/4f9d50eabea693d920812817b40988e5\",\"name\":\"Kaisamari Hintikka\",\"description\":\"Kirjoittaja on Suomen evankelisluterilaisen kirkon pappi ja ekumeenikko, joka ty\u00f6skentelee Luterilaisen maailmanliiton apulaisp\u00e4\u00e4sihteerin\u00e4 Genevess\u00e4.\"}]}<\/script>\n<!-- \/ Yoast SEO plugin. -->","yoast_head_json":{"title":"Sertifioitu tasa-arvo - Rajalla","robots":{"index":"index","follow":"follow","max-snippet":"max-snippet:-1","max-image-preview":"max-image-preview:large","max-video-preview":"max-video-preview:-1"},"canonical":"https:\/\/suomenkuvalehti.fi\/rajalla\/2013\/03\/12\/sertifioitu-tasa-arvo\/","og_locale":"fi_FI","og_type":"article","og_title":"Sertifioitu tasa-arvo - Rajalla","og_description":"Kansainv\u00e4lisen\u00e4 naistenp\u00e4iv\u00e4n\u00e4 sain pomolta kirjeen. Se oli osoitettu kaikille j\u00e4rjest\u00f6n naispuolisille ty\u00f6ntekij\u00f6ille. Kyll\u00e4 siin\u00e4 meit\u00e4 v\u00e4h\u00e4n kiiteltiinkin, mutta ennen kaikkea sanottiin j\u00e4lleen kerran kuinka keskeinen periaate sukupuolten v\u00e4lisen oikeudenmukaisuuden edist\u00e4minen meill\u00e4 Luterilaisessa ma&hellip;","og_url":"https:\/\/suomenkuvalehti.fi\/rajalla\/2013\/03\/12\/sertifioitu-tasa-arvo\/","og_site_name":"Rajalla","article_published_time":"2013-03-12T05:00:00+00:00","author":"Kaisamari Hintikka","twitter_card":"summary_large_image","twitter_misc":{"Written by":"Kaisamari Hintikka","Est. reading time":"3 minuuttia"},"schema":{"@context":"https:\/\/schema.org","@graph":[{"@type":"WebPage","@id":"https:\/\/suomenkuvalehti.fi\/rajalla\/2013\/03\/12\/sertifioitu-tasa-arvo\/","url":"https:\/\/suomenkuvalehti.fi\/rajalla\/2013\/03\/12\/sertifioitu-tasa-arvo\/","name":"Sertifioitu tasa-arvo - Rajalla","isPartOf":{"@id":"https:\/\/suomenkuvalehti.fi\/rajalla\/#website"},"datePublished":"2013-03-12T05:00:00+00:00","author":{"@id":"https:\/\/suomenkuvalehti.fi\/rajalla\/#\/schema\/person\/4f9d50eabea693d920812817b40988e5"},"breadcrumb":{"@id":"https:\/\/suomenkuvalehti.fi\/rajalla\/2013\/03\/12\/sertifioitu-tasa-arvo\/#breadcrumb"},"inLanguage":"fi","potentialAction":[{"@type":"ReadAction","target":["https:\/\/suomenkuvalehti.fi\/rajalla\/2013\/03\/12\/sertifioitu-tasa-arvo\/"]}]},{"@type":"BreadcrumbList","@id":"https:\/\/suomenkuvalehti.fi\/rajalla\/2013\/03\/12\/sertifioitu-tasa-arvo\/#breadcrumb","itemListElement":[{"@type":"ListItem","position":1,"name":"Home","item":"https:\/\/suomenkuvalehti.fi\/rajalla\/"},{"@type":"ListItem","position":2,"name":"Sertifioitu tasa-arvo"}]},{"@type":"WebSite","@id":"https:\/\/suomenkuvalehti.fi\/rajalla\/#website","url":"https:\/\/suomenkuvalehti.fi\/rajalla\/","name":"Rajalla","description":"Kirkon asiantuntijajoukko bloggaa yhteiskunnan ja kirkon rajapinnoilta.","potentialAction":[{"@type":"SearchAction","target":{"@type":"EntryPoint","urlTemplate":"https:\/\/suomenkuvalehti.fi\/haku\/?q={search_term_string}"},"query-input":{"@type":"PropertyValueSpecification","valueRequired":true,"valueName":"search_term_string"}}],"inLanguage":"fi"},{"@type":"Person","@id":"https:\/\/suomenkuvalehti.fi\/rajalla\/#\/schema\/person\/4f9d50eabea693d920812817b40988e5","name":"Kaisamari Hintikka","description":"Kirjoittaja on Suomen evankelisluterilaisen kirkon pappi ja ekumeenikko, joka ty\u00f6skentelee Luterilaisen maailmanliiton apulaisp\u00e4\u00e4sihteerin\u00e4 Genevess\u00e4."}]}},"_links":{"self":[{"href":"https:\/\/suomenkuvalehti.fi\/rajalla\/wp-json\/wp\/v2\/posts\/43","targetHints":{"allow":["GET"]}}],"collection":[{"href":"https:\/\/suomenkuvalehti.fi\/rajalla\/wp-json\/wp\/v2\/posts"}],"about":[{"href":"https:\/\/suomenkuvalehti.fi\/rajalla\/wp-json\/wp\/v2\/types\/post"}],"author":[{"embeddable":true,"href":"https:\/\/suomenkuvalehti.fi\/rajalla\/wp-json\/wp\/v2\/users\/522"}],"replies":[{"embeddable":true,"href":"https:\/\/suomenkuvalehti.fi\/rajalla\/wp-json\/wp\/v2\/comments?post=43"}],"version-history":[{"count":0,"href":"https:\/\/suomenkuvalehti.fi\/rajalla\/wp-json\/wp\/v2\/posts\/43\/revisions"}],"wp:attachment":[{"href":"https:\/\/suomenkuvalehti.fi\/rajalla\/wp-json\/wp\/v2\/media?parent=43"}],"wp:term":[{"taxonomy":"category","embeddable":true,"href":"https:\/\/suomenkuvalehti.fi\/rajalla\/wp-json\/wp\/v2\/categories?post=43"},{"taxonomy":"post_tag","embeddable":true,"href":"https:\/\/suomenkuvalehti.fi\/rajalla\/wp-json\/wp\/v2\/tags?post=43"}],"curies":[{"name":"wp","href":"https:\/\/api.w.org\/{rel}","templated":true}]}}