{"id":39,"date":"2013-04-09T05:15:00","date_gmt":"2013-04-09T02:15:00","guid":{"rendered":"https:\/\/suomenkuvalehti.fi\/rajalla\/2013\/04\/09\/vapautta-jouluun-paasiaiseen-ja-vappuun\/"},"modified":"2013-04-09T05:15:00","modified_gmt":"2013-04-09T02:15:00","slug":"vapautta-jouluun-paasiaiseen-ja-vappuun","status":"publish","type":"post","link":"https:\/\/suomenkuvalehti.fi\/rajalla\/2013\/04\/09\/vapautta-jouluun-paasiaiseen-ja-vappuun\/","title":{"rendered":"Vapautta jouluun, p\u00e4\u00e4si\u00e4iseen ja vappuun!"},"content":{"rendered":"\n<p>Kauppojen aukioloa laajennettiin suuresti vuoden 2009 lopulla.\nValtioneuvosto antoi lupaamansa <a href=\"http:\/\/valtioneuvosto.fi\/ajankohtaista\/tiedotteet\/tiedote\/fi.jsp?oid=372339\">selonteon<\/a> p\u00e4\u00e4t\u00f6ksen vaikutuksista ja sit\u00e4 on\nnyt k\u00e4sitelty eduskunnassa.<\/p>\n\n\n\n\n<p>Minua jaksaa ihmetytt\u00e4\u00e4 monen ymp\u00e4rist\u00f6\u00e4 ajattelevan vastuunkantajan into t\u00e4h\u00e4n\nkaupan \u201dvapauteen\u201d. Viimeksi runsaasti arvostamani Vihreiden kansanedustaja <strong>Oras Tynkkynen<\/strong> harmitteli\nFacebook-sivullaan p\u00e4\u00e4si\u00e4isp\u00e4iv\u00e4n\u00e4, ett\u00e4 ostokset j\u00e4iv\u00e4t tekem\u00e4tt\u00e4, koska\nuskonto esti. Entinen aktivisti viett\u00e4\u00e4 varmasti vuosittain j\u00e4rjestett\u00e4v\u00e4\u00e4 \u00c4l\u00e4\nosta mit\u00e4\u00e4n \u2013p\u00e4iv\u00e4\u00e4. \nMin\u00e4kin viet\u00e4n jos muistan. Nyt sellaisia oli useampi tarjolla uskonnollisista ja vuosisataisista\nkulttuurisista syist\u00e4 \u2013 ja ennen \u201dvapautusta\u201d p\u00e4iv\u00e4 oli per\u00e4ti kerran viikossa.<\/p>\n\n\n\n<p> Kerran viikossa kaupasta ja ty\u00f6st\u00e4 vapaan p\u00e4iv\u00e4n ovat halunneet my\u00f6s muslimit\nperjantaisin ja juutalaiset lauantaisin. Mutta me halusimme siit\u00e4 vapaaksi.<\/p>\n\n\n\n<p>Vapauttaminen on my\u00f6nteinen sana. Kuka sit\u00e4 ei kannattaisi. Kuulin muistaakseni\nensimm\u00e4isen kerran <strong>Hannu Taanilalta<\/strong> m\u00e4\u00e4ritelm\u00e4n \u201dVapaa kettu vapaassa kanatarhassa\u201d. Siit\u00e4k\u00f6 on selonteon mukaan\nkyse kauppojen aukiolon laajennuksessa?<\/p>\n\n\n\n<p> Ennen p\u00e4\u00e4t\u00f6st\u00e4 varoitettiin pienten erikoisliikkeiden aseman huononevan.\nSuuret, itsepalveluun perustuvat ja automatkan p\u00e4\u00e4ss\u00e4 sijaitsevat marketit taas\nhy\u00f6tyisiv\u00e4t.<\/p>\n\n\n\n<p> Monet pelot toteutuivat. Kuluttajat ovat tosin melko tyytyv\u00e4isi\u00e4. Kolmasosa k\u00e4y\nruokaostoksilla ainakin joka toinen sunnuntai. Mutta pienet yritykset ovat\njoutuneet tiukoille. Samoin ty\u00f6ntekij\u00e4t. Kaupan alan luottamusmiehille tehdyn\nkyselyn mukaan per\u00e4ti 86 prosenttia henkil\u00f6st\u00f6st\u00e4 kokee, ett\u00e4 aukiolon\nlaajentamisella on ollut kielteinen vaikutus ty\u00f6n ja perhe-el\u00e4m\u00e4n\nyhteensovittamiseen. <\/p>\n\n\n\n<p> Kokoaikaiset ty\u00f6paikat eiv\u00e4t lis\u00e4\u00e4ntyneet. Vain yksi kymmenest\u00e4 kauppiaasta on\nilmoittanut palkanneensa lis\u00e4\u00e4 ty\u00f6voimaa muutoksen vuoksi. Yksinty\u00f6skentely on\nkasvanut alle 400 neli\u00f6n kaupoissa, mik\u00e4 on uhka ty\u00f6ntekij\u00e4n turvallisuudelle. <\/p>\n\n\n\n<p> Py\u00f6r\u00e4ilimme viime sunnuntaina vaimoni kanssa Helsingin Tammisalossa. Ajoimme\nohi entisen l\u00e4hikaupan, joka nyt oli tyhjill\u00e4\u00e4n. En\u00e4\u00e4 alueella ei ole yhden\nyht\u00e4k\u00e4\u00e4n kauppaa ja autottomat ovat ahtaalla. <\/p>\n\n\n\n<p> Tammisalon suljettu l\u00e4hikauppa on pienoiskuva \u201dvapautuksen\u201d kielteisist\u00e4\nvaikutuksista. Riippuvuus yksityisautosta lis\u00e4\u00e4ntyy, pienet liikkeet muuttuvat\nkannattamattomiksi. Ja tyls\u00e4, samanmuotoinen bulkki valtaa alaa. Monimuotoisuus\nv\u00e4henee, ilmastovaikutukset ovat kielteisi\u00e4.<\/p>\n\n\n\n<p> Tutkimusten mukaan kaupan aukiololla on laajoja kulttuurisia vaikutuksia. Juuri\nse j\u00e4\u00e4 vapautta kaipaavilta, ymp\u00e4rist\u00f6\u00e4 ajattelevilta poliitikoilta\nhuomaamatta. Kulttuuria ei luoda tyhj\u00e4st\u00e4 eik\u00e4 hetkess\u00e4. Hiljainen, erilainen\np\u00e4iv\u00e4 on rikkautta. 24\/7-yhteiskunta on tyls\u00e4 ja v\u00e4rit\u00f6n. Ilman pyh\u00e4\u00e4 on vain\narkea.<\/p>\n\n\n\n<p>Onneksi valtioneuvoston selonteko ei esit\u00e4 en\u00e4\u00e4 lis\u00e4\u00e4 \u201dvapautta\u201d erilaisesta\np\u00e4iv\u00e4st\u00e4. Nyt niit\u00e4 toisenlaisia on viel\u00e4 joitakin pitkin vuotta, nuo tutut\nsuuret kirkkopyh\u00e4t ja vappu, ja sunnuntaiaamun rauha puoleenp\u00e4iv\u00e4\u00e4n asti on\nsekin mukava museaalinen s\u00e4ilytett\u00e4v\u00e4 \u00e4\u00e4nimaailma ajasta, jolloin kaikki ei\nollut kaupan.<\/p>\n\n\n","protected":false},"excerpt":{"rendered":"<p>Kauppojen aukioloa laajennettiin suuresti vuoden 2009 lopulla. Valtioneuvosto antoi lupaamansa selonteon p\u00e4\u00e4t\u00f6ksen vaikutuksista ja sit\u00e4 on nyt k\u00e4sitelty eduskunnassa. Minua jaksaa ihmetytt\u00e4\u00e4 monen ymp\u00e4rist\u00f6\u00e4 ajattelevan vastuunkantajan into t\u00e4h\u00e4n kaupan \u201dvapauteen\u201d.<br \/>\nViimeksi runsaa&hellip;<\/p>\n","protected":false},"author":524,"featured_media":0,"comment_status":"open","ping_status":"open","sticky":false,"template":"","format":"standard","meta":{"_acf_changed":false,"asauth_required_access_level":0,"asauth_cansharepaid":"","om_header_attributes":[],"footnotes":"","om_featured_image_focal_point":[],"om_primary_tag":0,"om_contributors":[],"om_co_authors":[],"beyondwords_generate_audio":"","beyondwords_project_id":"","beyondwords_content_id":"","beyondwords_preview_token":"","beyondwords_player_content":"","beyondwords_player_style":"","beyondwords_language_code":"","beyondwords_language_id":"","beyondwords_title_voice_id":"","beyondwords_body_voice_id":"","beyondwords_summary_voice_id":"","beyondwords_error_message":"","beyondwords_disabled":"","beyondwords_delete_content":"","beyondwords_podcast_id":"","beyondwords_hash":"","publish_post_to_speechkit":"","speechkit_hash":"","speechkit_generate_audio":"","speechkit_project_id":"","speechkit_podcast_id":"","speechkit_error_message":"","speechkit_disabled":"","speechkit_access_key":"","speechkit_error":"","speechkit_info":"","speechkit_response":"","speechkit_retries":"","speechkit_status":"","speechkit_updated_at":"","_speechkit_link":"","_speechkit_text":""},"categories":[1],"tags":[143,105,137,139,141,142,138,140],"class_list":["post-39","post","type-post","status-publish","format-standard","hentry","category-rajalla","tag-erikoiskaupat","tag-ilmastonmuutos","tag-kaupan-aukiolo","tag-liikeaikalaki","tag-pyha","tag-sunnuntai","tag-valtioneuvosto","tag-ymparisto"],"om_views":null,"acf":{"tuuma_off":false,"tuuma_kysymys":"","tuuma_vastaus":""},"asauth":{"required_access_level":1,"share_token":"","is_paid":false},"yoast_head":"<!-- This site is optimized with the Yoast SEO plugin v26.4 - https:\/\/yoast.com\/wordpress\/plugins\/seo\/ -->\n<title>Vapautta jouluun, p\u00e4\u00e4si\u00e4iseen ja vappuun! - Rajalla<\/title>\n<meta name=\"robots\" content=\"index, follow, max-snippet:-1, max-image-preview:large, max-video-preview:-1\" \/>\n<link rel=\"canonical\" href=\"https:\/\/suomenkuvalehti.fi\/rajalla\/2013\/04\/09\/vapautta-jouluun-paasiaiseen-ja-vappuun\/\" \/>\n<meta property=\"og:locale\" content=\"fi_FI\" \/>\n<meta property=\"og:type\" content=\"article\" \/>\n<meta property=\"og:title\" content=\"Vapautta jouluun, p\u00e4\u00e4si\u00e4iseen ja vappuun! - Rajalla\" \/>\n<meta property=\"og:description\" content=\"Kauppojen aukioloa laajennettiin suuresti vuoden 2009 lopulla. Valtioneuvosto antoi lupaamansa selonteon p\u00e4\u00e4t\u00f6ksen vaikutuksista ja sit\u00e4 on nyt k\u00e4sitelty eduskunnassa. Minua jaksaa ihmetytt\u00e4\u00e4 monen ymp\u00e4rist\u00f6\u00e4 ajattelevan vastuunkantajan into t\u00e4h\u00e4n kaupan \u201dvapauteen\u201d. Viimeksi runsaa&hellip;\" \/>\n<meta property=\"og:url\" content=\"https:\/\/suomenkuvalehti.fi\/rajalla\/2013\/04\/09\/vapautta-jouluun-paasiaiseen-ja-vappuun\/\" \/>\n<meta property=\"og:site_name\" content=\"Rajalla\" \/>\n<meta property=\"article:published_time\" content=\"2013-04-09T02:15:00+00:00\" \/>\n<meta name=\"author\" content=\"Ilkka Sipil\u00e4inen\" \/>\n<meta name=\"twitter:card\" content=\"summary_large_image\" \/>\n<meta name=\"twitter:label1\" content=\"Written by\" \/>\n\t<meta name=\"twitter:data1\" content=\"Ilkka Sipil\u00e4inen\" \/>\n\t<meta name=\"twitter:label2\" content=\"Est. reading time\" \/>\n\t<meta name=\"twitter:data2\" content=\"2 minuuttia\" \/>\n<script type=\"application\/ld+json\" class=\"yoast-schema-graph\">{\"@context\":\"https:\/\/schema.org\",\"@graph\":[{\"@type\":\"WebPage\",\"@id\":\"https:\/\/suomenkuvalehti.fi\/rajalla\/2013\/04\/09\/vapautta-jouluun-paasiaiseen-ja-vappuun\/\",\"url\":\"https:\/\/suomenkuvalehti.fi\/rajalla\/2013\/04\/09\/vapautta-jouluun-paasiaiseen-ja-vappuun\/\",\"name\":\"Vapautta jouluun, p\u00e4\u00e4si\u00e4iseen ja vappuun! - Rajalla\",\"isPartOf\":{\"@id\":\"https:\/\/suomenkuvalehti.fi\/rajalla\/#website\"},\"datePublished\":\"2013-04-09T02:15:00+00:00\",\"author\":{\"@id\":\"https:\/\/suomenkuvalehti.fi\/rajalla\/#\/schema\/person\/66a1cd242058625430021609b631705b\"},\"breadcrumb\":{\"@id\":\"https:\/\/suomenkuvalehti.fi\/rajalla\/2013\/04\/09\/vapautta-jouluun-paasiaiseen-ja-vappuun\/#breadcrumb\"},\"inLanguage\":\"fi\",\"potentialAction\":[{\"@type\":\"ReadAction\",\"target\":[\"https:\/\/suomenkuvalehti.fi\/rajalla\/2013\/04\/09\/vapautta-jouluun-paasiaiseen-ja-vappuun\/\"]}]},{\"@type\":\"BreadcrumbList\",\"@id\":\"https:\/\/suomenkuvalehti.fi\/rajalla\/2013\/04\/09\/vapautta-jouluun-paasiaiseen-ja-vappuun\/#breadcrumb\",\"itemListElement\":[{\"@type\":\"ListItem\",\"position\":1,\"name\":\"Home\",\"item\":\"https:\/\/suomenkuvalehti.fi\/rajalla\/\"},{\"@type\":\"ListItem\",\"position\":2,\"name\":\"Vapautta jouluun, p\u00e4\u00e4si\u00e4iseen ja vappuun!\"}]},{\"@type\":\"WebSite\",\"@id\":\"https:\/\/suomenkuvalehti.fi\/rajalla\/#website\",\"url\":\"https:\/\/suomenkuvalehti.fi\/rajalla\/\",\"name\":\"Rajalla\",\"description\":\"Kirkon asiantuntijajoukko bloggaa yhteiskunnan ja kirkon rajapinnoilta.\",\"potentialAction\":[{\"@type\":\"SearchAction\",\"target\":{\"@type\":\"EntryPoint\",\"urlTemplate\":\"https:\/\/suomenkuvalehti.fi\/haku\/?q={search_term_string}\"},\"query-input\":{\"@type\":\"PropertyValueSpecification\",\"valueRequired\":true,\"valueName\":\"search_term_string\"}}],\"inLanguage\":\"fi\"},{\"@type\":\"Person\",\"@id\":\"https:\/\/suomenkuvalehti.fi\/rajalla\/#\/schema\/person\/66a1cd242058625430021609b631705b\",\"name\":\"Ilkka Sipil\u00e4inen\",\"description\":\"Kirjoittaja on kirkollinen yhteiskunnan ja kest\u00e4v\u00e4n kehityksen tuntija. Kirkkohallituksessa johtavana asiantuntijana ty\u00f6skentelev\u00e4 rovasti bloggaa yhteiskunnasta, kest\u00e4v\u00e4st\u00e4 kehityksest\u00e4 ja luomakunnan ihmeellisyydest\u00e4. Twitter: IlkkaSip\"}]}<\/script>\n<!-- \/ Yoast SEO plugin. -->","yoast_head_json":{"title":"Vapautta jouluun, p\u00e4\u00e4si\u00e4iseen ja vappuun! - Rajalla","robots":{"index":"index","follow":"follow","max-snippet":"max-snippet:-1","max-image-preview":"max-image-preview:large","max-video-preview":"max-video-preview:-1"},"canonical":"https:\/\/suomenkuvalehti.fi\/rajalla\/2013\/04\/09\/vapautta-jouluun-paasiaiseen-ja-vappuun\/","og_locale":"fi_FI","og_type":"article","og_title":"Vapautta jouluun, p\u00e4\u00e4si\u00e4iseen ja vappuun! - Rajalla","og_description":"Kauppojen aukioloa laajennettiin suuresti vuoden 2009 lopulla. Valtioneuvosto antoi lupaamansa selonteon p\u00e4\u00e4t\u00f6ksen vaikutuksista ja sit\u00e4 on nyt k\u00e4sitelty eduskunnassa. Minua jaksaa ihmetytt\u00e4\u00e4 monen ymp\u00e4rist\u00f6\u00e4 ajattelevan vastuunkantajan into t\u00e4h\u00e4n kaupan \u201dvapauteen\u201d. Viimeksi runsaa&hellip;","og_url":"https:\/\/suomenkuvalehti.fi\/rajalla\/2013\/04\/09\/vapautta-jouluun-paasiaiseen-ja-vappuun\/","og_site_name":"Rajalla","article_published_time":"2013-04-09T02:15:00+00:00","author":"Ilkka Sipil\u00e4inen","twitter_card":"summary_large_image","twitter_misc":{"Written by":"Ilkka Sipil\u00e4inen","Est. reading time":"2 minuuttia"},"schema":{"@context":"https:\/\/schema.org","@graph":[{"@type":"WebPage","@id":"https:\/\/suomenkuvalehti.fi\/rajalla\/2013\/04\/09\/vapautta-jouluun-paasiaiseen-ja-vappuun\/","url":"https:\/\/suomenkuvalehti.fi\/rajalla\/2013\/04\/09\/vapautta-jouluun-paasiaiseen-ja-vappuun\/","name":"Vapautta jouluun, p\u00e4\u00e4si\u00e4iseen ja vappuun! - Rajalla","isPartOf":{"@id":"https:\/\/suomenkuvalehti.fi\/rajalla\/#website"},"datePublished":"2013-04-09T02:15:00+00:00","author":{"@id":"https:\/\/suomenkuvalehti.fi\/rajalla\/#\/schema\/person\/66a1cd242058625430021609b631705b"},"breadcrumb":{"@id":"https:\/\/suomenkuvalehti.fi\/rajalla\/2013\/04\/09\/vapautta-jouluun-paasiaiseen-ja-vappuun\/#breadcrumb"},"inLanguage":"fi","potentialAction":[{"@type":"ReadAction","target":["https:\/\/suomenkuvalehti.fi\/rajalla\/2013\/04\/09\/vapautta-jouluun-paasiaiseen-ja-vappuun\/"]}]},{"@type":"BreadcrumbList","@id":"https:\/\/suomenkuvalehti.fi\/rajalla\/2013\/04\/09\/vapautta-jouluun-paasiaiseen-ja-vappuun\/#breadcrumb","itemListElement":[{"@type":"ListItem","position":1,"name":"Home","item":"https:\/\/suomenkuvalehti.fi\/rajalla\/"},{"@type":"ListItem","position":2,"name":"Vapautta jouluun, p\u00e4\u00e4si\u00e4iseen ja vappuun!"}]},{"@type":"WebSite","@id":"https:\/\/suomenkuvalehti.fi\/rajalla\/#website","url":"https:\/\/suomenkuvalehti.fi\/rajalla\/","name":"Rajalla","description":"Kirkon asiantuntijajoukko bloggaa yhteiskunnan ja kirkon rajapinnoilta.","potentialAction":[{"@type":"SearchAction","target":{"@type":"EntryPoint","urlTemplate":"https:\/\/suomenkuvalehti.fi\/haku\/?q={search_term_string}"},"query-input":{"@type":"PropertyValueSpecification","valueRequired":true,"valueName":"search_term_string"}}],"inLanguage":"fi"},{"@type":"Person","@id":"https:\/\/suomenkuvalehti.fi\/rajalla\/#\/schema\/person\/66a1cd242058625430021609b631705b","name":"Ilkka Sipil\u00e4inen","description":"Kirjoittaja on kirkollinen yhteiskunnan ja kest\u00e4v\u00e4n kehityksen tuntija. Kirkkohallituksessa johtavana asiantuntijana ty\u00f6skentelev\u00e4 rovasti bloggaa yhteiskunnasta, kest\u00e4v\u00e4st\u00e4 kehityksest\u00e4 ja luomakunnan ihmeellisyydest\u00e4. Twitter: IlkkaSip"}]}},"_links":{"self":[{"href":"https:\/\/suomenkuvalehti.fi\/rajalla\/wp-json\/wp\/v2\/posts\/39","targetHints":{"allow":["GET"]}}],"collection":[{"href":"https:\/\/suomenkuvalehti.fi\/rajalla\/wp-json\/wp\/v2\/posts"}],"about":[{"href":"https:\/\/suomenkuvalehti.fi\/rajalla\/wp-json\/wp\/v2\/types\/post"}],"author":[{"embeddable":true,"href":"https:\/\/suomenkuvalehti.fi\/rajalla\/wp-json\/wp\/v2\/users\/524"}],"replies":[{"embeddable":true,"href":"https:\/\/suomenkuvalehti.fi\/rajalla\/wp-json\/wp\/v2\/comments?post=39"}],"version-history":[{"count":0,"href":"https:\/\/suomenkuvalehti.fi\/rajalla\/wp-json\/wp\/v2\/posts\/39\/revisions"}],"wp:attachment":[{"href":"https:\/\/suomenkuvalehti.fi\/rajalla\/wp-json\/wp\/v2\/media?parent=39"}],"wp:term":[{"taxonomy":"category","embeddable":true,"href":"https:\/\/suomenkuvalehti.fi\/rajalla\/wp-json\/wp\/v2\/categories?post=39"},{"taxonomy":"post_tag","embeddable":true,"href":"https:\/\/suomenkuvalehti.fi\/rajalla\/wp-json\/wp\/v2\/tags?post=39"}],"curies":[{"name":"wp","href":"https:\/\/api.w.org\/{rel}","templated":true}]}}