{"id":366,"date":"2015-01-07T16:43:42","date_gmt":"2015-01-07T14:43:42","guid":{"rendered":"https:\/\/suomenkuvalehti.fi\/rajalla\/?p=366"},"modified":"2015-01-07T16:43:42","modified_gmt":"2015-01-07T14:43:42","slug":"uskonnot-kuuluvat-politiikkaan","status":"publish","type":"post","link":"https:\/\/suomenkuvalehti.fi\/rajalla\/2015\/01\/07\/uskonnot-kuuluvat-politiikkaan\/","title":{"rendered":"Uskonnot kuuluvat politiikkaan!"},"content":{"rendered":"\n<p>Lainauksia Paavalin kirjeist\u00e4 ja tuomiop\u00e4iv\u00e4n paatosta. Sellainen lienee useimpien k\u00e4sitys kristittyjen panoksesta poliittiseen keskusteluun.<\/p>\n\n\n\n<p>Valitettavasti mielikuva ei ole aina kovin kaukana todellisuudesta. Liian usein teologiset argumentit kapeutuvat irrallisiksi Raamatun lauseiksi ja kristillinen etiikka j\u00e4hmettyy sen puolustamiseksi, miten asiat ovat ennenkin olleet. Erikoistumisalueena viel\u00e4p\u00e4 <a title=\"Rajalla\" href=\"https:\/\/suomenkuvalehti.fi\/rajalla\/2014\/08\/12\/miten-seksista-tuli-kirkon-osaamisaluetta\/\" target=\"_blank\">perhe- ja seksuaalietiikka<\/a>.<\/p>\n\n\n\n<p>Vastareaktiona Raamatun lauseiden viskomiselle ja kasuistisille moraaliopetuksille on kirkollisessa valtavirrassa havaittavissa syv\u00e4\u00e4n juurtunut nihkeys sit\u00e4 ajatusta kohtaan, ett\u00e4 kristityill\u00e4 voisi olla jotain erityist\u00e4 annettavaa oman aikamme poliittisiin debatteihin.<\/p>\n\n\n\n<p>Asetelma on omasta mielest\u00e4ni varsin lannistava: yht\u00e4\u00e4ll\u00e4 heitell\u00e4\u00e4n yksitt\u00e4isi\u00e4 sitaatteja Raamatusta vailla syvemp\u00e4\u00e4 visiota, toisaalla samastetaan yleinen mielipide naiivisti kristilliseksi.<\/p>\n\n\n\n<p>Voisi kuitenkin odottaa, ett\u00e4 kristillinen usko \u2013 jos mik\u00e4\u00e4n \u2013 avaisi yll\u00e4tt\u00e4vi\u00e4 ja radikaaleja n\u00e4k\u00f6kulmia aikalaiskeskustelussa. Ja laajalla skaalalla: kristillisell\u00e4 ajattelulla olisi paljon annettavaa esimerkiksi talouspoliittisiin, ymp\u00e4rist\u00f6poliittisiin ja sosiaalieettisiin kysymyksiin.<\/p>\n\n\n\n<p>Jotta tulevaisuus olisi toisenlainen, on heitett\u00e4v\u00e4 historian romukoppaan kaksi myytti\u00e4.<\/p>\n\n\n\n<p>Ensinn\u00e4kin on hyl\u00e4tt\u00e4v\u00e4 virheellisen\u00e4 ajatus, ett\u00e4 kristillinen usko ei toisi mit\u00e4\u00e4n erityisi\u00e4 n\u00e4k\u00f6kulmia eettisiin kysymyksiin. Uuden testamentin Jeesus kun kumoaa nurin monet peri-inhimilliset ajattelutavat siin\u00e4 kuin rahanvaihtajien p\u00f6yd\u00e4t ja kyyhkysenmyyjien jakkarat temppeliss\u00e4: \u201dTeille on opetettu &#8212; mutta min\u00e4 sanon teille &#8212;\u201d.<\/p>\n\n\n\n<p>On aika lakata pietismin pelossa toistamasta lausetta: \u201dLuterilainen j\u00e4rki on sama kuin luonnollinen j\u00e4rki\u201d. Niin saattoi v\u00e4itt\u00e4\u00e4 korkeintaan silloin, kun kaikki olivat enemm\u00e4n tai v\u00e4hemm\u00e4n luterilaisia. V\u00e4itteen historiallinen konteksti on menneen maailman yhten\u00e4iskulttuuri. Monien katsomusten Suomessa lause paljastuu ontoksi ja ylimieliseksi.<\/p>\n\n\n\n<p>Toiseksi on arvioitava uudelleen luterilaisen regimenttiopin perint\u00f6\u00e4. Tuskinpa Lutherkaan ajatteli, ett\u00e4 kirkon tulisi keskitty\u00e4 hengellisiin asioihin, vaikka yhteiskunnassa vallitsisi v\u00e4\u00e4ryys. Raamatun ja ajankohtaisen ekumeenisen keskustelun valossa on viimeist\u00e4\u00e4n selv\u00e4\u00e4, ett\u00e4 evankeliumilla on poliittisia ulottuvuuksia. El\u00e4mme maailmassa, jossa asiat kietoutuvat monimutkaisesti toinen toisiinsa ja jossa lokeroinnit paljastuvat ongelmallisiksi. Siksi tyhj\u00e4ksi puheeksi paljastuu ajatus, ett\u00e4 \u201dkirkon tulee keskitty\u00e4 hengellisiin asioihin\u201d.<\/p>\n\n\n\n<p>Jos kirkko on kirkko, sen julistama evankeliumi koskee kokonaisvaltaisesti inhimillist\u00e4 todellisuutta ja toimii my\u00f6s kriittisen\u00e4 muistutuksena vallanpit\u00e4jille k\u00f6yhien ja marginalisoitujen oikeuksista.<\/p>\n\n\n\n<p>Kristillisen uskon tulkinnoilla on siksi oltava n\u00e4kyvyytt\u00e4 aikalaiskeskustelussa.<\/p>\n\n\n\n<p>Samalla tulee kuitenkin my\u00f6nt\u00e4\u00e4, ett\u00e4 kristinusko ei ole ainut el\u00e4m\u00e4\u00e4 suurempi kertomus, joka inspiroi ihmisi\u00e4 rakentamaan parempaa maailmaa.&nbsp; My\u00f6s muilla uskonnoilla voi olla monenlaista annettavaa suomalaiseen arvokeskusteluun. N\u00e4in v\u00e4it\u00e4n kristittyn\u00e4, vaikka samaan aikaan korostan uskontojen olevan radikaalistikin erilaisia ja uskon Jeesuksen Kristuksen olevan avain todellisuuden perimm\u00e4iseen merkitykseen.<\/p>\n\n\n\n<p>Maailman eri uskontoperinteet (kuten my\u00f6s uskonnoton humanismi) voivat omista l\u00e4ht\u00f6kohdistaan perustella yhdess\u00e4 el\u00e4misen ehtoja. Mutta samankaltaiseen lopputulokseen p\u00e4\u00e4dyt\u00e4\u00e4n kuitenkin varsin erilaisia reittej\u00e4.<\/p>\n\n\n\n<p>Osallistuin viisi vuotta sitten Melbournessa j\u00e4rjestettyyn <a title=\"Parliament of Religions\" href=\"http:\/\/www.parliamentofreligions.org\/index.cfm\" target=\"_blank\">Maailman uskontojen parlamenttiin<\/a>, jossa teemana oli ilmastonmuutoksen torjuminen. Seurasin sivusta, kun hindulaiset gurut ja hengelliset opettajat kokoontuivat antamaan <a title=\"Hindu Declaration on Climate Change\" href=\"http:\/\/www.hinduismtoday.com\/pdf_downloads\/hindu-climate-change-declaration.pdf\" target=\"_blank\">hindulaisen julkilausuman ilmastonmuutoksesta<\/a>. Julkilausuma pohjasi hindulaisiin filosofisiin periaatteisiin. Kristittyn\u00e4 pohdin, ett\u00e4 itse perustelisin ymp\u00e4rist\u00f6nsuojelun toisin \u2013 Raamatun luomiskertomuksesta liikkeelle l\u00e4htien. Silti eettinen loppup\u00e4\u00e4telm\u00e4 hinduilla on samankaltainen kuin omani.<\/p>\n\n\n\n<p>Eri uskontojen mahdollisuudesta puhaltaa yhteen hiileen vakuutuin my\u00f6s tutustuessani Luterilaisen Maailmanliiton julkaisuun <a title=\"A Common Word\" href=\"http:\/\/www.lutheranworld.org\/sites\/default\/files\/DTS-Studies-201201-A_Common_Word_sm_0.pdf\" target=\"_blank\"><em>A Common Word: Buddhists and Christian Engage Structural Greed<\/em><\/a> (2012). Kirjaseen on koottu kristittyjen sek\u00e4 buddhalaisten puheenvuoroja globaalista kapitalismista ja rakenteellisesta ahneudesta. Siihen sis\u00e4ltyy my\u00f6s yhteinen lausunto, jossa kaksi pohjimmaltaan hyvin erilaista uskonnollista argumentaatiota punoutuu tukemaan yht\u00e4l\u00e4ist\u00e4 eettist\u00e4 kantaa.<\/p>\n\n\n\n<p>Monikulttuurisessa yhteiskunnassa tuleekin ottaa vakavasti, ett\u00e4 vaikkapa sosiaalista oikeudenmukaisuutta ja ymp\u00e4rist\u00f6nsuojelua voidaan edist\u00e4\u00e4 erilaisista maailmankuvista liikkeelle l\u00e4htien. Tarvitsemme enemm\u00e4n uskontojen v\u00e4list\u00e4 yhteisty\u00f6t\u00e4 paremman maailman rakentamiseksi. <a title=\"Rajalla\" href=\"https:\/\/suomenkuvalehti.fi\/rajalla\/2014\/05\/05\/uskontojen-tulevaisuudesta-eli-terveisia-israelista\/?shared=203-70b0b64d-999\" target=\"_blank\">Uskontojen maailmassa on monia rohkaisevia esimerkkej\u00e4 kehityksest\u00e4 kohti sosiaalieettisesti merkityksellisi\u00e4 tulkintoja<\/a>.<\/p>\n\n\n\n<p>Yhteiskunnallisten toimijoiden n\u00e4k\u00f6kulmasta ajanmerkit tarkoittavat, ett\u00e4 uskontojen merkitys eettisen\u00e4 resurssina pit\u00e4\u00e4 tunnustaa: niist\u00e4 on lupa ammentaa inspiraatiota ja yhteiseen keskusteluun saa tuoda my\u00f6s uskonnollisia argumentteja. Jos uskonnollisiin perusteluihin suhtaudutaan nihke\u00e4sti tai jopa torjuvasti, menetet\u00e4\u00e4n merkitt\u00e4v\u00e4 m\u00e4\u00e4r\u00e4 moraalista p\u00e4\u00e4omaa.<\/p>\n\n\n\n<p>Yhteinen poliittinen keskustelu edellytt\u00e4\u00e4 toki riitt\u00e4v\u00e4\u00e4 kosketuspintaa eri tavoin uskovien ja argumentoivien v\u00e4lill\u00e4. On etsitt\u00e4v\u00e4 yhteist\u00e4 kielt\u00e4 ja opittava jopa arvioimaan omaa perinnett\u00e4 kriittisesti vuoropuhelussa. T\u00e4m\u00e4 kaikki on haastavaa, mutta sit\u00e4h\u00e4n yhteiskunnallinen el\u00e4m\u00e4 aina on.<\/p>\n\n\n","protected":false},"excerpt":{"rendered":"<p>Lainauksia Paavalin kirjeist\u00e4 ja tuomiop\u00e4iv\u00e4n paatosta. Sellainen lienee useimpien k\u00e4sitys kristittyjen panoksesta poliittiseen keskusteluun. Valitettavasti mielikuva ei ole aina kovin kaukana todellisuudesta. Liian usein teologiset argumentit kapeutuvat irrallisiksi Raamatun lauseiksi ja<br \/>\nkri&hellip;<\/p>\n","protected":false},"author":1127,"featured_media":0,"comment_status":"open","ping_status":"closed","sticky":false,"template":"","format":"standard","meta":{"_acf_changed":false,"asauth_required_access_level":0,"asauth_cansharepaid":"true","om_header_attributes":[],"footnotes":"","om_featured_image_focal_point":[],"om_primary_tag":0,"om_contributors":[],"om_co_authors":[],"beyondwords_generate_audio":"","beyondwords_project_id":"","beyondwords_content_id":"","beyondwords_preview_token":"","beyondwords_player_content":"","beyondwords_player_style":"","beyondwords_language_code":"","beyondwords_language_id":"","beyondwords_title_voice_id":"","beyondwords_body_voice_id":"","beyondwords_summary_voice_id":"","beyondwords_error_message":"","beyondwords_disabled":"","beyondwords_delete_content":"","beyondwords_podcast_id":"","beyondwords_hash":"","publish_post_to_speechkit":"","speechkit_hash":"","speechkit_generate_audio":"","speechkit_project_id":"","speechkit_podcast_id":"","speechkit_error_message":"","speechkit_disabled":"","speechkit_access_key":"","speechkit_error":"","speechkit_info":"","speechkit_response":"","speechkit_retries":"","speechkit_status":"","speechkit_updated_at":"","_speechkit_link":"","_speechkit_text":""},"categories":[1],"tags":[],"class_list":["post-366","post","type-post","status-publish","format-standard","hentry","category-rajalla"],"om_views":null,"acf":{"tuuma_off":false,"tuuma_kysymys":"","tuuma_vastaus":""},"asauth":{"required_access_level":1,"share_token":"","is_paid":false},"yoast_head":"<!-- This site is optimized with the Yoast SEO plugin v26.4 - https:\/\/yoast.com\/wordpress\/plugins\/seo\/ -->\n<title>Uskonnot kuuluvat politiikkaan! - Rajalla<\/title>\n<meta name=\"description\" content=\"Uskontoa ei Suomessa haluta sekoittaa politiikkaan. Olisiko jo aika tunnustaa my\u00f6nteinen panos, jonka uskonnot voivat tuoda yhteiskunnalliseen keskusteluun?\" \/>\n<meta name=\"robots\" content=\"index, follow, max-snippet:-1, max-image-preview:large, max-video-preview:-1\" \/>\n<link rel=\"canonical\" href=\"https:\/\/suomenkuvalehti.fi\/rajalla\/2015\/01\/07\/uskonnot-kuuluvat-politiikkaan\/\" \/>\n<meta property=\"og:locale\" content=\"fi_FI\" \/>\n<meta property=\"og:type\" content=\"article\" \/>\n<meta property=\"og:title\" content=\"Uskonnot kuuluvat politiikkaan! - Rajalla\" \/>\n<meta property=\"og:description\" content=\"Uskontoa ei Suomessa haluta sekoittaa politiikkaan. Olisiko jo aika tunnustaa my\u00f6nteinen panos, jonka uskonnot voivat tuoda yhteiskunnalliseen keskusteluun?\" \/>\n<meta property=\"og:url\" content=\"https:\/\/suomenkuvalehti.fi\/rajalla\/2015\/01\/07\/uskonnot-kuuluvat-politiikkaan\/\" \/>\n<meta property=\"og:site_name\" content=\"Rajalla\" \/>\n<meta property=\"article:author\" content=\"https:\/\/www.facebook.com\/profile.php?id=100014671998903\" \/>\n<meta property=\"article:published_time\" content=\"2015-01-07T14:43:42+00:00\" \/>\n<meta name=\"author\" content=\"Jyri Komulainen\" \/>\n<meta name=\"twitter:card\" content=\"summary_large_image\" \/>\n<meta name=\"twitter:creator\" content=\"@https:\/\/twitter.com\/JyriKomulainen\" \/>\n<meta name=\"twitter:label1\" content=\"Written by\" \/>\n\t<meta name=\"twitter:data1\" content=\"Jyri Komulainen\" \/>\n\t<meta name=\"twitter:label2\" content=\"Est. reading time\" \/>\n\t<meta name=\"twitter:data2\" content=\"3 minuuttia\" \/>\n<script type=\"application\/ld+json\" class=\"yoast-schema-graph\">{\"@context\":\"https:\/\/schema.org\",\"@graph\":[{\"@type\":\"WebPage\",\"@id\":\"https:\/\/suomenkuvalehti.fi\/rajalla\/2015\/01\/07\/uskonnot-kuuluvat-politiikkaan\/\",\"url\":\"https:\/\/suomenkuvalehti.fi\/rajalla\/2015\/01\/07\/uskonnot-kuuluvat-politiikkaan\/\",\"name\":\"Uskonnot kuuluvat politiikkaan! - Rajalla\",\"isPartOf\":{\"@id\":\"https:\/\/suomenkuvalehti.fi\/rajalla\/#website\"},\"datePublished\":\"2015-01-07T14:43:42+00:00\",\"author\":{\"@id\":\"https:\/\/suomenkuvalehti.fi\/rajalla\/#\/schema\/person\/19b9198b3d4b1989cd0611231f6d4df4\"},\"description\":\"Uskontoa ei Suomessa haluta sekoittaa politiikkaan. Olisiko jo aika tunnustaa my\u00f6nteinen panos, jonka uskonnot voivat tuoda yhteiskunnalliseen keskusteluun?\",\"breadcrumb\":{\"@id\":\"https:\/\/suomenkuvalehti.fi\/rajalla\/2015\/01\/07\/uskonnot-kuuluvat-politiikkaan\/#breadcrumb\"},\"inLanguage\":\"fi\",\"potentialAction\":[{\"@type\":\"ReadAction\",\"target\":[\"https:\/\/suomenkuvalehti.fi\/rajalla\/2015\/01\/07\/uskonnot-kuuluvat-politiikkaan\/\"]}]},{\"@type\":\"BreadcrumbList\",\"@id\":\"https:\/\/suomenkuvalehti.fi\/rajalla\/2015\/01\/07\/uskonnot-kuuluvat-politiikkaan\/#breadcrumb\",\"itemListElement\":[{\"@type\":\"ListItem\",\"position\":1,\"name\":\"Home\",\"item\":\"https:\/\/suomenkuvalehti.fi\/rajalla\/\"},{\"@type\":\"ListItem\",\"position\":2,\"name\":\"Uskonnot kuuluvat politiikkaan!\"}]},{\"@type\":\"WebSite\",\"@id\":\"https:\/\/suomenkuvalehti.fi\/rajalla\/#website\",\"url\":\"https:\/\/suomenkuvalehti.fi\/rajalla\/\",\"name\":\"Rajalla\",\"description\":\"Kirkon asiantuntijajoukko bloggaa yhteiskunnan ja kirkon rajapinnoilta.\",\"potentialAction\":[{\"@type\":\"SearchAction\",\"target\":{\"@type\":\"EntryPoint\",\"urlTemplate\":\"https:\/\/suomenkuvalehti.fi\/haku\/?q={search_term_string}\"},\"query-input\":{\"@type\":\"PropertyValueSpecification\",\"valueRequired\":true,\"valueName\":\"search_term_string\"}}],\"inLanguage\":\"fi\"},{\"@type\":\"Person\",\"@id\":\"https:\/\/suomenkuvalehti.fi\/rajalla\/#\/schema\/person\/19b9198b3d4b1989cd0611231f6d4df4\",\"name\":\"Jyri Komulainen\",\"description\":\"Kirjoittaja on dosentti ja Suomen evankelis-luterilaisen kirkon piispainkokouksen p\u00e4\u00e4sihteeri, joka on perehtynyt kristilliseen dogmatiikkaan ja Aasian uskontoihin.\",\"sameAs\":[\"https:\/\/www.facebook.com\/profile.php?id=100014671998903\",\"https:\/\/x.com\/https:\/\/twitter.com\/JyriKomulainen\"]}]}<\/script>\n<!-- \/ Yoast SEO plugin. -->","yoast_head_json":{"title":"Uskonnot kuuluvat politiikkaan! - Rajalla","description":"Uskontoa ei Suomessa haluta sekoittaa politiikkaan. Olisiko jo aika tunnustaa my\u00f6nteinen panos, jonka uskonnot voivat tuoda yhteiskunnalliseen keskusteluun?","robots":{"index":"index","follow":"follow","max-snippet":"max-snippet:-1","max-image-preview":"max-image-preview:large","max-video-preview":"max-video-preview:-1"},"canonical":"https:\/\/suomenkuvalehti.fi\/rajalla\/2015\/01\/07\/uskonnot-kuuluvat-politiikkaan\/","og_locale":"fi_FI","og_type":"article","og_title":"Uskonnot kuuluvat politiikkaan! - Rajalla","og_description":"Uskontoa ei Suomessa haluta sekoittaa politiikkaan. Olisiko jo aika tunnustaa my\u00f6nteinen panos, jonka uskonnot voivat tuoda yhteiskunnalliseen keskusteluun?","og_url":"https:\/\/suomenkuvalehti.fi\/rajalla\/2015\/01\/07\/uskonnot-kuuluvat-politiikkaan\/","og_site_name":"Rajalla","article_author":"https:\/\/www.facebook.com\/profile.php?id=100014671998903","article_published_time":"2015-01-07T14:43:42+00:00","author":"Jyri Komulainen","twitter_card":"summary_large_image","twitter_creator":"@https:\/\/twitter.com\/JyriKomulainen","twitter_misc":{"Written by":"Jyri Komulainen","Est. reading time":"3 minuuttia"},"schema":{"@context":"https:\/\/schema.org","@graph":[{"@type":"WebPage","@id":"https:\/\/suomenkuvalehti.fi\/rajalla\/2015\/01\/07\/uskonnot-kuuluvat-politiikkaan\/","url":"https:\/\/suomenkuvalehti.fi\/rajalla\/2015\/01\/07\/uskonnot-kuuluvat-politiikkaan\/","name":"Uskonnot kuuluvat politiikkaan! - Rajalla","isPartOf":{"@id":"https:\/\/suomenkuvalehti.fi\/rajalla\/#website"},"datePublished":"2015-01-07T14:43:42+00:00","author":{"@id":"https:\/\/suomenkuvalehti.fi\/rajalla\/#\/schema\/person\/19b9198b3d4b1989cd0611231f6d4df4"},"description":"Uskontoa ei Suomessa haluta sekoittaa politiikkaan. Olisiko jo aika tunnustaa my\u00f6nteinen panos, jonka uskonnot voivat tuoda yhteiskunnalliseen keskusteluun?","breadcrumb":{"@id":"https:\/\/suomenkuvalehti.fi\/rajalla\/2015\/01\/07\/uskonnot-kuuluvat-politiikkaan\/#breadcrumb"},"inLanguage":"fi","potentialAction":[{"@type":"ReadAction","target":["https:\/\/suomenkuvalehti.fi\/rajalla\/2015\/01\/07\/uskonnot-kuuluvat-politiikkaan\/"]}]},{"@type":"BreadcrumbList","@id":"https:\/\/suomenkuvalehti.fi\/rajalla\/2015\/01\/07\/uskonnot-kuuluvat-politiikkaan\/#breadcrumb","itemListElement":[{"@type":"ListItem","position":1,"name":"Home","item":"https:\/\/suomenkuvalehti.fi\/rajalla\/"},{"@type":"ListItem","position":2,"name":"Uskonnot kuuluvat politiikkaan!"}]},{"@type":"WebSite","@id":"https:\/\/suomenkuvalehti.fi\/rajalla\/#website","url":"https:\/\/suomenkuvalehti.fi\/rajalla\/","name":"Rajalla","description":"Kirkon asiantuntijajoukko bloggaa yhteiskunnan ja kirkon rajapinnoilta.","potentialAction":[{"@type":"SearchAction","target":{"@type":"EntryPoint","urlTemplate":"https:\/\/suomenkuvalehti.fi\/haku\/?q={search_term_string}"},"query-input":{"@type":"PropertyValueSpecification","valueRequired":true,"valueName":"search_term_string"}}],"inLanguage":"fi"},{"@type":"Person","@id":"https:\/\/suomenkuvalehti.fi\/rajalla\/#\/schema\/person\/19b9198b3d4b1989cd0611231f6d4df4","name":"Jyri Komulainen","description":"Kirjoittaja on dosentti ja Suomen evankelis-luterilaisen kirkon piispainkokouksen p\u00e4\u00e4sihteeri, joka on perehtynyt kristilliseen dogmatiikkaan ja Aasian uskontoihin.","sameAs":["https:\/\/www.facebook.com\/profile.php?id=100014671998903","https:\/\/x.com\/https:\/\/twitter.com\/JyriKomulainen"]}]}},"_links":{"self":[{"href":"https:\/\/suomenkuvalehti.fi\/rajalla\/wp-json\/wp\/v2\/posts\/366","targetHints":{"allow":["GET"]}}],"collection":[{"href":"https:\/\/suomenkuvalehti.fi\/rajalla\/wp-json\/wp\/v2\/posts"}],"about":[{"href":"https:\/\/suomenkuvalehti.fi\/rajalla\/wp-json\/wp\/v2\/types\/post"}],"author":[{"embeddable":true,"href":"https:\/\/suomenkuvalehti.fi\/rajalla\/wp-json\/wp\/v2\/users\/1127"}],"replies":[{"embeddable":true,"href":"https:\/\/suomenkuvalehti.fi\/rajalla\/wp-json\/wp\/v2\/comments?post=366"}],"version-history":[{"count":6,"href":"https:\/\/suomenkuvalehti.fi\/rajalla\/wp-json\/wp\/v2\/posts\/366\/revisions"}],"predecessor-version":[{"id":372,"href":"https:\/\/suomenkuvalehti.fi\/rajalla\/wp-json\/wp\/v2\/posts\/366\/revisions\/372"}],"wp:attachment":[{"href":"https:\/\/suomenkuvalehti.fi\/rajalla\/wp-json\/wp\/v2\/media?parent=366"}],"wp:term":[{"taxonomy":"category","embeddable":true,"href":"https:\/\/suomenkuvalehti.fi\/rajalla\/wp-json\/wp\/v2\/categories?post=366"},{"taxonomy":"post_tag","embeddable":true,"href":"https:\/\/suomenkuvalehti.fi\/rajalla\/wp-json\/wp\/v2\/tags?post=366"}],"curies":[{"name":"wp","href":"https:\/\/api.w.org\/{rel}","templated":true}]}}