{"id":186,"date":"2014-04-08T13:40:29","date_gmt":"2014-04-08T10:40:29","guid":{"rendered":"https:\/\/suomenkuvalehti.fi\/rajalla\/?p=186"},"modified":"2014-04-08T13:40:29","modified_gmt":"2014-04-08T10:40:29","slug":"sotien-jaljet-nakyvat-perheneuvonnassa","status":"publish","type":"post","link":"https:\/\/suomenkuvalehti.fi\/rajalla\/2014\/04\/08\/sotien-jaljet-nakyvat-perheneuvonnassa\/","title":{"rendered":"Sotien j\u00e4ljet n\u00e4kyv\u00e4t perheneuvonnassa"},"content":{"rendered":"<figure class=\"aligncenter size-medium wp-block-image\">\n  <div class=\"wp-block-image__inner-container\">\n    <a href=\"https:\/\/suomenkuvalehti.fi\/rajalla\/wp-content\/uploads\/sites\/31\/2014\/04\/sota.jpg\"><img loading=\"lazy\" decoding=\"async\" src=\"https:\/\/suomenkuvalehti.fi\/rajalla\/wp-content\/uploads\/sites\/31\/2014\/04\/sota-210x300.jpg\" alt=\"sota\" class=\"wp-image-187\" width=\"449\" height=\"640\" style=\"--aspect-ratio: 0.7\" srcset=\"https:\/\/suomenkuvalehti.fi\/rajalla\/wp-content\/uploads\/sites\/31\/2014\/04\/sota-210x300.jpg 210w, https:\/\/suomenkuvalehti.fi\/rajalla\/wp-content\/uploads\/sites\/31\/2014\/04\/sota-300x427.jpg 300w, https:\/\/suomenkuvalehti.fi\/rajalla\/wp-content\/uploads\/sites\/31\/2014\/04\/sota.jpg 449w\" sizes=\"auto, (max-width: 449px) 100vw, 449px\" \/><\/a>    <figcaption class=\"wp-block-image__figcaption\">\n            <span class='wp-block-image__copyright'>&copy; creative commons<\/span>    <\/figcaption>\n      <\/div>\n<\/figure>\n\n\n<p>Suomen sota-aika haavoitti erityisesti lapsia. Puute, pelko, ahdistus, v\u00e4kivalta, isien poissaolo sek\u00e4 \u00e4itien huoli ja h\u00e4t\u00e4 vaikuttivat lasten mieliin. Monet lapset j\u00e4iv\u00e4t vaille hellyytt\u00e4, leikki\u00e4 ja syli\u00e4 \u2013 olosuhteiden pakosta. Lapset siirtyiv\u00e4t nopeasti aikuisen rooliin, kantamaan vastuuta ja tekem\u00e4\u00e4n ty\u00f6t\u00e4 aikuisten rinnalla. Omille tunteille ja tarpeille ei j\u00e4\u00e4nyt tilaa. Ei aikuisilla eik\u00e4 lapsilla.<\/p>\n\n\n\n<p>Perheneuvonta syntyi sotavuonna 1944, reaktiona sodan aiheuttamaan h\u00e4t\u00e4\u00e4n ja ahdistukseen, tuskaan, kipuun ja suruun. Se syntyi pit\u00e4m\u00e4\u00e4n huolta rikkoutuneista ihmisist\u00e4 ja perheist\u00e4 sek\u00e4 luomaan uskoa ja toivoa tulevaisuuteen. T\u00e4t\u00e4 kirkon perheneuvonta tekee t\u00e4n\u00e4kin p\u00e4iv\u00e4n\u00e4. Ty\u00f6lle on edelleen suuri kysynt\u00e4 \u2013 vuosittain asiakkaita on yli 16 500. Rintamat vain ovat vaihtuneet toisiksi. Kirkon perheneuvontaty\u00f6n aloittamisesta tulee t\u00e4n\u00e4 vuonna kuluneeksi seitsem\u00e4nkymment\u00e4 vuotta.<\/p>\n\n\n\n<p>Sodassa n\u00e4htiin suomalaisuuden syvin olemus taistelevana, sinnikk\u00e4\u00e4n\u00e4 ja p\u00e4rj\u00e4\u00e4v\u00e4n\u00e4 kansana. \u00c4\u00e4rimm\u00e4isten vaikeuksien ja ulkoisen uhan hetkell\u00e4 koottiin voimat, puhallettiin yhteen hiileen eik\u00e4 velje\u00e4 j\u00e4tetty. T\u00e4m\u00e4 asenne auttoi selviytym\u00e4\u00e4n ja loi pohjaa j\u00e4lleenrakennukselle. J\u00e4lleenrakennus ja kova ty\u00f6 tarjosivat my\u00f6s mahdollisuuden pahan olon purkamiselle.<\/p>\n\n\n\n<p>Olemmeko kansakuntana j\u00e4lleen tilanteessa, miss\u00e4 tulisi kaivaa esiin kuuluisa \u201dtalvisodan henki\u201d \u2013 puhaltaa entist\u00e4 enemm\u00e4n yhteen hiileen yhteiseksi hyv\u00e4ksi? Luopua omasta, jotta joku jolla on paljon v\u00e4hemm\u00e4n, saisi hieman enemm\u00e4n. Yleisell\u00e4 asenneilmastolla on merkityst\u00e4. Tunne oikeudenmukaisuudesta ja tasa-arvosta vahvistaa yhteishenke\u00e4 ja ihmisten hyvinvointia, kun taas kokemus ep\u00e4oikeudenmukaisuudesta ja eriarvoisuudesta rapauttaa sit\u00e4.<\/p>\n\n\n\n<p>El\u00e4\u00e4k\u00f6 meiss\u00e4 edelleen vahvana p\u00e4rj\u00e4\u00e4misen ja yksin selviytymisen pakko? &nbsp;Liian moni lapsi j\u00e4\u00e4 t\u00e4n\u00e4kin p\u00e4iv\u00e4n\u00e4 liian aikaisin oman itsens\u00e4 varaan. Varhaista itsen\u00e4istymist\u00e4 arvostetaan, vaikka tied\u00e4mme, ett\u00e4 lapsi on pitk\u00e4\u00e4n lapsi ja monella tavalla riippuvainen vanhemmistaan. Leikki j\u00e4\u00e4 yh\u00e4 aikaisemmin pois lastemme el\u00e4m\u00e4st\u00e4.<\/p>\n\n\n\n<p>Sotakokemuksista vaiettiin. Rintamalta palanneet miehet ja nuoret pojat eiv\u00e4t n\u00e4kem\u00e4st\u00e4\u00e4n, kuulemastaan ja tuntemastaan puhuneet. Taistelut jatkuivat henkisell\u00e4 tasolla, rauha ei aina ylt\u00e4nyt mieleen saakka. Ahdistavat kokemukset ja niist\u00e4 kumpuavat tunteet purkautuivat toiminnan kautta. Alkoholin kulutus lis\u00e4\u00e4ntyi. Perhev\u00e4kivaltaluvut kohosivat. Se, mik\u00e4 ei tule kenenk\u00e4\u00e4n kanssa jaetuksi, tulee jonkun kannettavaksi. Puhumattomuus siirtyi seuraaviin sukupolviin.<\/p>\n\n\n\n<p>Sotien seurausta tai ei, yleisin syy hakeutua kirkon perheneuvontaan on edelleen parisuhteen vuorovaikutusongelmat ja kommunikaatiovaikeudet. Mutta jokin on muuttunut. Miehet hakevat t\u00e4n\u00e4 p\u00e4iv\u00e4n\u00e4 apua \u2013 kirkon perheneuvonnan asiakkaista 42 prosenttia on miehi\u00e4.&nbsp; Puhumattomuuden muuri on murtumassa.<\/p>\n\n\n","protected":false},"excerpt":{"rendered":"<p>Suomen sota-aika haavoitti erityisesti lapsia. Puute, pelko, ahdistus, v\u00e4kivalta, isien poissaolo sek\u00e4 \u00e4itien huoli ja h\u00e4t\u00e4 vaikuttivat lasten mieliin. Monet lapset j\u00e4iv\u00e4t vaille hellyytt\u00e4, leikki\u00e4 ja syli\u00e4 \u2013 olosuhteiden pakosta. Lapset siirtyiv\u00e4t nopeasti aikuisen rooliin,<br \/>\nkantamaan va&hellip;<\/p>\n","protected":false},"author":1126,"featured_media":0,"comment_status":"open","ping_status":"closed","sticky":false,"template":"","format":"standard","meta":{"_acf_changed":false,"asauth_required_access_level":0,"asauth_cansharepaid":"","om_header_attributes":[],"footnotes":"","om_featured_image_focal_point":[],"om_primary_tag":0,"om_contributors":[],"om_co_authors":[],"beyondwords_generate_audio":"","beyondwords_project_id":"","beyondwords_content_id":"","beyondwords_preview_token":"","beyondwords_player_content":"","beyondwords_player_style":"","beyondwords_language_code":"","beyondwords_language_id":"","beyondwords_title_voice_id":"","beyondwords_body_voice_id":"","beyondwords_summary_voice_id":"","beyondwords_error_message":"","beyondwords_disabled":"","beyondwords_delete_content":"","beyondwords_podcast_id":"","beyondwords_hash":"","publish_post_to_speechkit":"","speechkit_hash":"","speechkit_generate_audio":"","speechkit_project_id":"","speechkit_podcast_id":"","speechkit_error_message":"","speechkit_disabled":"","speechkit_access_key":"","speechkit_error":"","speechkit_info":"","speechkit_response":"","speechkit_retries":"","speechkit_status":"","speechkit_updated_at":"","_speechkit_link":"","_speechkit_text":""},"categories":[1],"tags":[188,15,131],"class_list":["post-186","post","type-post","status-publish","format-standard","hentry","category-rajalla","tag-perheneuvonta","tag-sota","tag-sotatrauma"],"om_views":null,"acf":{"tuuma_off":false,"tuuma_kysymys":"","tuuma_vastaus":""},"asauth":{"required_access_level":1,"share_token":"","is_paid":false},"yoast_head":"<!-- This site is optimized with the Yoast SEO plugin v26.4 - https:\/\/yoast.com\/wordpress\/plugins\/seo\/ -->\n<title>Sotien j\u00e4ljet n\u00e4kyv\u00e4t perheneuvonnassa - Rajalla<\/title>\n<meta name=\"description\" content=\"Se, mik\u00e4 ei tule kenenk\u00e4\u00e4n kanssa jaetuksi, tulee jonkun kannettavaksi.\" \/>\n<meta name=\"robots\" content=\"index, follow, max-snippet:-1, max-image-preview:large, max-video-preview:-1\" \/>\n<link rel=\"canonical\" href=\"https:\/\/suomenkuvalehti.fi\/rajalla\/2014\/04\/08\/sotien-jaljet-nakyvat-perheneuvonnassa\/\" \/>\n<meta property=\"og:locale\" content=\"fi_FI\" \/>\n<meta property=\"og:type\" content=\"article\" \/>\n<meta property=\"og:title\" content=\"Sotien j\u00e4ljet n\u00e4kyv\u00e4t perheneuvonnassa - Rajalla\" \/>\n<meta property=\"og:description\" content=\"Se, mik\u00e4 ei tule kenenk\u00e4\u00e4n kanssa jaetuksi, tulee jonkun kannettavaksi.\" \/>\n<meta property=\"og:url\" content=\"https:\/\/suomenkuvalehti.fi\/rajalla\/2014\/04\/08\/sotien-jaljet-nakyvat-perheneuvonnassa\/\" \/>\n<meta property=\"og:site_name\" content=\"Rajalla\" \/>\n<meta property=\"article:published_time\" content=\"2014-04-08T10:40:29+00:00\" \/>\n<meta property=\"og:image\" content=\"https:\/\/suomenkuvalehti.fi\/rajalla\/wp-content\/uploads\/sites\/31\/2014\/04\/sota-210x300.jpg\" \/>\n<meta name=\"author\" content=\"P\u00e4ivi K\u00e4hk\u00f6nen\" \/>\n<meta name=\"twitter:card\" content=\"summary_large_image\" \/>\n<meta name=\"twitter:label1\" content=\"Written by\" \/>\n\t<meta name=\"twitter:data1\" content=\"P\u00e4ivi K\u00e4hk\u00f6nen\" \/>\n\t<meta name=\"twitter:label2\" content=\"Est. reading time\" \/>\n\t<meta name=\"twitter:data2\" content=\"2 minuuttia\" \/>\n<script type=\"application\/ld+json\" class=\"yoast-schema-graph\">{\"@context\":\"https:\/\/schema.org\",\"@graph\":[{\"@type\":\"WebPage\",\"@id\":\"https:\/\/suomenkuvalehti.fi\/rajalla\/2014\/04\/08\/sotien-jaljet-nakyvat-perheneuvonnassa\/\",\"url\":\"https:\/\/suomenkuvalehti.fi\/rajalla\/2014\/04\/08\/sotien-jaljet-nakyvat-perheneuvonnassa\/\",\"name\":\"Sotien j\u00e4ljet n\u00e4kyv\u00e4t perheneuvonnassa - Rajalla\",\"isPartOf\":{\"@id\":\"https:\/\/suomenkuvalehti.fi\/rajalla\/#website\"},\"primaryImageOfPage\":{\"@id\":\"https:\/\/suomenkuvalehti.fi\/rajalla\/2014\/04\/08\/sotien-jaljet-nakyvat-perheneuvonnassa\/#primaryimage\"},\"image\":{\"@id\":\"https:\/\/suomenkuvalehti.fi\/rajalla\/2014\/04\/08\/sotien-jaljet-nakyvat-perheneuvonnassa\/#primaryimage\"},\"thumbnailUrl\":\"https:\/\/suomenkuvalehti.fi\/rajalla\/wp-content\/uploads\/sites\/31\/2014\/04\/sota-210x300.jpg\",\"datePublished\":\"2014-04-08T10:40:29+00:00\",\"author\":{\"@id\":\"https:\/\/suomenkuvalehti.fi\/rajalla\/#\/schema\/person\/b54759e25d3886efe20ca5487f807423\"},\"description\":\"Se, mik\u00e4 ei tule kenenk\u00e4\u00e4n kanssa jaetuksi, tulee jonkun kannettavaksi.\",\"breadcrumb\":{\"@id\":\"https:\/\/suomenkuvalehti.fi\/rajalla\/2014\/04\/08\/sotien-jaljet-nakyvat-perheneuvonnassa\/#breadcrumb\"},\"inLanguage\":\"fi\",\"potentialAction\":[{\"@type\":\"ReadAction\",\"target\":[\"https:\/\/suomenkuvalehti.fi\/rajalla\/2014\/04\/08\/sotien-jaljet-nakyvat-perheneuvonnassa\/\"]}]},{\"@type\":\"ImageObject\",\"inLanguage\":\"fi\",\"@id\":\"https:\/\/suomenkuvalehti.fi\/rajalla\/2014\/04\/08\/sotien-jaljet-nakyvat-perheneuvonnassa\/#primaryimage\",\"url\":\"https:\/\/suomenkuvalehti.fi\/rajalla\/wp-content\/uploads\/sites\/31\/2014\/04\/sota.jpg\",\"contentUrl\":\"https:\/\/suomenkuvalehti.fi\/rajalla\/wp-content\/uploads\/sites\/31\/2014\/04\/sota.jpg\",\"width\":449,\"height\":640},{\"@type\":\"BreadcrumbList\",\"@id\":\"https:\/\/suomenkuvalehti.fi\/rajalla\/2014\/04\/08\/sotien-jaljet-nakyvat-perheneuvonnassa\/#breadcrumb\",\"itemListElement\":[{\"@type\":\"ListItem\",\"position\":1,\"name\":\"Home\",\"item\":\"https:\/\/suomenkuvalehti.fi\/rajalla\/\"},{\"@type\":\"ListItem\",\"position\":2,\"name\":\"Sotien j\u00e4ljet n\u00e4kyv\u00e4t perheneuvonnassa\"}]},{\"@type\":\"WebSite\",\"@id\":\"https:\/\/suomenkuvalehti.fi\/rajalla\/#website\",\"url\":\"https:\/\/suomenkuvalehti.fi\/rajalla\/\",\"name\":\"Rajalla\",\"description\":\"Kirkon asiantuntijajoukko bloggaa yhteiskunnan ja kirkon rajapinnoilta.\",\"potentialAction\":[{\"@type\":\"SearchAction\",\"target\":{\"@type\":\"EntryPoint\",\"urlTemplate\":\"https:\/\/suomenkuvalehti.fi\/haku\/?q={search_term_string}\"},\"query-input\":{\"@type\":\"PropertyValueSpecification\",\"valueRequired\":true,\"valueName\":\"search_term_string\"}}],\"inLanguage\":\"fi\"},{\"@type\":\"Person\",\"@id\":\"https:\/\/suomenkuvalehti.fi\/rajalla\/#\/schema\/person\/b54759e25d3886efe20ca5487f807423\",\"name\":\"P\u00e4ivi K\u00e4hk\u00f6nen\",\"description\":\"Kirjoittaja on kasvatus ja perheasiat -yksik\u00f6n johtaja Kirkkohallituksessa.\"}]}<\/script>\n<!-- \/ Yoast SEO plugin. -->","yoast_head_json":{"title":"Sotien j\u00e4ljet n\u00e4kyv\u00e4t perheneuvonnassa - Rajalla","description":"Se, mik\u00e4 ei tule kenenk\u00e4\u00e4n kanssa jaetuksi, tulee jonkun kannettavaksi.","robots":{"index":"index","follow":"follow","max-snippet":"max-snippet:-1","max-image-preview":"max-image-preview:large","max-video-preview":"max-video-preview:-1"},"canonical":"https:\/\/suomenkuvalehti.fi\/rajalla\/2014\/04\/08\/sotien-jaljet-nakyvat-perheneuvonnassa\/","og_locale":"fi_FI","og_type":"article","og_title":"Sotien j\u00e4ljet n\u00e4kyv\u00e4t perheneuvonnassa - Rajalla","og_description":"Se, mik\u00e4 ei tule kenenk\u00e4\u00e4n kanssa jaetuksi, tulee jonkun kannettavaksi.","og_url":"https:\/\/suomenkuvalehti.fi\/rajalla\/2014\/04\/08\/sotien-jaljet-nakyvat-perheneuvonnassa\/","og_site_name":"Rajalla","article_published_time":"2014-04-08T10:40:29+00:00","og_image":[{"url":"https:\/\/suomenkuvalehti.fi\/rajalla\/wp-content\/uploads\/sites\/31\/2014\/04\/sota-210x300.jpg","type":"","width":"","height":""}],"author":"P\u00e4ivi K\u00e4hk\u00f6nen","twitter_card":"summary_large_image","twitter_misc":{"Written by":"P\u00e4ivi K\u00e4hk\u00f6nen","Est. reading time":"2 minuuttia"},"schema":{"@context":"https:\/\/schema.org","@graph":[{"@type":"WebPage","@id":"https:\/\/suomenkuvalehti.fi\/rajalla\/2014\/04\/08\/sotien-jaljet-nakyvat-perheneuvonnassa\/","url":"https:\/\/suomenkuvalehti.fi\/rajalla\/2014\/04\/08\/sotien-jaljet-nakyvat-perheneuvonnassa\/","name":"Sotien j\u00e4ljet n\u00e4kyv\u00e4t perheneuvonnassa - Rajalla","isPartOf":{"@id":"https:\/\/suomenkuvalehti.fi\/rajalla\/#website"},"primaryImageOfPage":{"@id":"https:\/\/suomenkuvalehti.fi\/rajalla\/2014\/04\/08\/sotien-jaljet-nakyvat-perheneuvonnassa\/#primaryimage"},"image":{"@id":"https:\/\/suomenkuvalehti.fi\/rajalla\/2014\/04\/08\/sotien-jaljet-nakyvat-perheneuvonnassa\/#primaryimage"},"thumbnailUrl":"https:\/\/suomenkuvalehti.fi\/rajalla\/wp-content\/uploads\/sites\/31\/2014\/04\/sota-210x300.jpg","datePublished":"2014-04-08T10:40:29+00:00","author":{"@id":"https:\/\/suomenkuvalehti.fi\/rajalla\/#\/schema\/person\/b54759e25d3886efe20ca5487f807423"},"description":"Se, mik\u00e4 ei tule kenenk\u00e4\u00e4n kanssa jaetuksi, tulee jonkun kannettavaksi.","breadcrumb":{"@id":"https:\/\/suomenkuvalehti.fi\/rajalla\/2014\/04\/08\/sotien-jaljet-nakyvat-perheneuvonnassa\/#breadcrumb"},"inLanguage":"fi","potentialAction":[{"@type":"ReadAction","target":["https:\/\/suomenkuvalehti.fi\/rajalla\/2014\/04\/08\/sotien-jaljet-nakyvat-perheneuvonnassa\/"]}]},{"@type":"ImageObject","inLanguage":"fi","@id":"https:\/\/suomenkuvalehti.fi\/rajalla\/2014\/04\/08\/sotien-jaljet-nakyvat-perheneuvonnassa\/#primaryimage","url":"https:\/\/suomenkuvalehti.fi\/rajalla\/wp-content\/uploads\/sites\/31\/2014\/04\/sota.jpg","contentUrl":"https:\/\/suomenkuvalehti.fi\/rajalla\/wp-content\/uploads\/sites\/31\/2014\/04\/sota.jpg","width":449,"height":640},{"@type":"BreadcrumbList","@id":"https:\/\/suomenkuvalehti.fi\/rajalla\/2014\/04\/08\/sotien-jaljet-nakyvat-perheneuvonnassa\/#breadcrumb","itemListElement":[{"@type":"ListItem","position":1,"name":"Home","item":"https:\/\/suomenkuvalehti.fi\/rajalla\/"},{"@type":"ListItem","position":2,"name":"Sotien j\u00e4ljet n\u00e4kyv\u00e4t perheneuvonnassa"}]},{"@type":"WebSite","@id":"https:\/\/suomenkuvalehti.fi\/rajalla\/#website","url":"https:\/\/suomenkuvalehti.fi\/rajalla\/","name":"Rajalla","description":"Kirkon asiantuntijajoukko bloggaa yhteiskunnan ja kirkon rajapinnoilta.","potentialAction":[{"@type":"SearchAction","target":{"@type":"EntryPoint","urlTemplate":"https:\/\/suomenkuvalehti.fi\/haku\/?q={search_term_string}"},"query-input":{"@type":"PropertyValueSpecification","valueRequired":true,"valueName":"search_term_string"}}],"inLanguage":"fi"},{"@type":"Person","@id":"https:\/\/suomenkuvalehti.fi\/rajalla\/#\/schema\/person\/b54759e25d3886efe20ca5487f807423","name":"P\u00e4ivi K\u00e4hk\u00f6nen","description":"Kirjoittaja on kasvatus ja perheasiat -yksik\u00f6n johtaja Kirkkohallituksessa."}]}},"_links":{"self":[{"href":"https:\/\/suomenkuvalehti.fi\/rajalla\/wp-json\/wp\/v2\/posts\/186","targetHints":{"allow":["GET"]}}],"collection":[{"href":"https:\/\/suomenkuvalehti.fi\/rajalla\/wp-json\/wp\/v2\/posts"}],"about":[{"href":"https:\/\/suomenkuvalehti.fi\/rajalla\/wp-json\/wp\/v2\/types\/post"}],"author":[{"embeddable":true,"href":"https:\/\/suomenkuvalehti.fi\/rajalla\/wp-json\/wp\/v2\/users\/1126"}],"replies":[{"embeddable":true,"href":"https:\/\/suomenkuvalehti.fi\/rajalla\/wp-json\/wp\/v2\/comments?post=186"}],"version-history":[{"count":1,"href":"https:\/\/suomenkuvalehti.fi\/rajalla\/wp-json\/wp\/v2\/posts\/186\/revisions"}],"predecessor-version":[{"id":188,"href":"https:\/\/suomenkuvalehti.fi\/rajalla\/wp-json\/wp\/v2\/posts\/186\/revisions\/188"}],"wp:attachment":[{"href":"https:\/\/suomenkuvalehti.fi\/rajalla\/wp-json\/wp\/v2\/media?parent=186"}],"wp:term":[{"taxonomy":"category","embeddable":true,"href":"https:\/\/suomenkuvalehti.fi\/rajalla\/wp-json\/wp\/v2\/categories?post=186"},{"taxonomy":"post_tag","embeddable":true,"href":"https:\/\/suomenkuvalehti.fi\/rajalla\/wp-json\/wp\/v2\/tags?post=186"}],"curies":[{"name":"wp","href":"https:\/\/api.w.org\/{rel}","templated":true}]}}