{"id":1834,"date":"2018-03-21T08:18:07","date_gmt":"2018-03-21T06:18:07","guid":{"rendered":"https:\/\/suomenkuvalehti.fi\/rajalla\/?p=1834"},"modified":"2018-03-21T11:31:15","modified_gmt":"2018-03-21T09:31:15","slug":"uskonnolliset-aariliikkeet-kylvavat-pelkoa","status":"publish","type":"post","link":"https:\/\/suomenkuvalehti.fi\/rajalla\/2018\/03\/21\/uskonnolliset-aariliikkeet-kylvavat-pelkoa\/","title":{"rendered":"Uskonnolliset \u00e4\u00e4riliikkeet kylv\u00e4v\u00e4t pelkoa"},"content":{"rendered":"\n<p><span style=\"line-height: 107%; font-family: 'Times New Roman',serif; font-size: 12pt;\"><span style=\"color: #000000;\">Uskonnollistan \u00e4\u00e4riliikkeiden nousu uhkaa etnisi\u00e4 ja uskonnollisia v\u00e4hemmist\u00f6j\u00e4 eri puolilla maailmaa. Monille uskonnollisen ekstremismin synonyymi on poliittinen islamismi, mutta se on vain yksi osa laajempaa, monia uskontoja koskevaa ilmi\u00f6t\u00e4. Erityisen vaarallinen yht\u00e4l\u00f6 v\u00e4hemmist\u00f6jen kannalta on uskonnollisen \u00e4\u00e4riliikehdinn\u00e4n ja nationalismin liitto.<\/span><\/span><\/p>\n\n\n\n<p><span style=\"line-height: 107%; font-family: 'Times New Roman',serif; font-size: 12pt;\"><span style=\"color: #000000;\"><a href=\"https:\/\/www.hs.fi\/paivanlehti\/11032018\/art-2000005597172.html\">Helsingin sanomat<\/a> (11.3.2018) <\/span><\/span><span style=\"line-height: 107%; font-family: 'Times New Roman',serif; font-size: 12pt;\"><span style=\"color: #000000;\">kertoi Intiassa viime vuosina voimakkaasti nousseesta radikaalista hindunationalismista. Hindunationalismin nousu voimistui vuoden 2014 parlamenttivaaleissa. <\/span><\/span><\/p>\n\n\n\n<p><span style=\"line-height: 107%; font-family: 'Times New Roman',serif; font-size: 12pt;\"><span style=\"color: #000000;\">Vaalien voittaja, p\u00e4\u00e4ministeriksi noussut Narendra Modi lupasi vaalien alla monen muuan asian lis\u00e4ksi, ett\u00e4 Intian hindujen ei kuulu en\u00e4\u00e4 n\u00f6yrty\u00e4 mink\u00e4\u00e4n muun uskonnon edess\u00e4. T\u00e4m\u00e4 on merkinnyt vaikeita vuosia sek\u00e4 Intian kristityille ett\u00e4 muslimeille. <\/span><\/span><\/p>\n\n\n\n<p><span style=\"line-height: 107%; font-family: 'Times New Roman',serif; font-size: 12pt;\"><span style=\"color: #000000;\">On sanottu, ett\u00e4 viime vuosi oli Intian kristityille hankalin kautta historian. Vaikka kristinusko on Intiassa v\u00e4hemmist\u00f6uskonto, sen historia on pitk\u00e4. Legendan mukaan se olisi tullut apostoli Tuomaan mukana Intiaan jo ensimm\u00e4isell\u00e4 vuosisadalla. <\/span><\/span><\/p>\n\n\n\n<p><span style=\"line-height: 107%; font-family: 'Times New Roman',serif; font-size: 12pt;\"><span style=\"color: #000000;\">Joka tapauksessa kristillinen kirkko on perustettu Etel\u00e4-Intiaan viimeist\u00e4\u00e4n kolmannella vuosisadalla. Monelle tulee yll\u00e4tyksen\u00e4 my\u00f6s se tieto, ett\u00e4 Intiassa on lukum\u00e4\u00e4r\u00e4isesti enemm\u00e4n luterilaisia kuin Suomessa.<\/span><\/span><\/p>\n\n\n\n<p><span style=\"line-height: 107%; font-family: 'Times New Roman',serif; font-size: 12pt;\"><span style=\"color: #000000;\">Intian nykyinen valtapuolue BJP (Bharatiya Janata Party) edustaa poliittista hindunationalismia. Se on levitt\u00e4nyt hinduideologiaa median ja oppikirjojen v\u00e4lityksell\u00e4. <\/span><\/span><\/p>\n\n\n\n<p><span style=\"line-height: 107%; font-family: 'Times New Roman',serif; font-size: 12pt;\"><span style=\"color: #000000;\">HS:n haastattelema katolinen pappi, is\u00e4 Anthony Francis, toteaa, ett\u00e4 Intiassa on periaatteessa uskonnonvapaus, mutta ei k\u00e4yt\u00e4nn\u00f6ss\u00e4. Is\u00e4 Francisin kirkko poltettiin muutama vuosi sitten. Kirkon polttajaa ei koskaan saatu kiinni, sill\u00e4 poliisi tutkii t\u00e4m\u00e4n kaltaisia asioita laiskasti. <\/span><\/span><\/p>\n\n\n\n<p><span style=\"line-height: 107%; font-family: 'Times New Roman',serif; font-size: 12pt;\"><span style=\"color: #000000;\">Toinen esimerkki tulee <a href=\"https:\/\/www.amnesty.org\/en\/latest\/news\/2017\/06\/myanmar-ethnic-minorities-face-violations-in-northern-conflict\/\">Myanmarista<\/a>, miss\u00e4 radikalisoituneet buddhalaiset vainoavat etnist\u00e4 ja uskonnollista v\u00e4hemmist\u00f6\u00e4, rohingyoja, jotka ovat uskonnoltaan muslimeja. My\u00f6s v\u00e4hemmist\u00f6n\u00e4 el\u00e4v\u00e4t kristityt ovat joutuneet Myanmarissa v\u00e4kivaltaisten vainojen kohteeksi. <\/span><\/span><\/p>\n\n\n\n<p><span style=\"line-height: 107%; font-family: 'Times New Roman',serif; font-size: 12pt;\"><span style=\"color: #000000;\">Myanmarissa buddhalaisten ja muslimien v\u00e4liset kire\u00e4t suhteet ovat k\u00e4rjistyneet <a href=\"https:\/\/yle.fi\/uutiset\/3-9827765\">etnisiksi puhdistuksiksi<\/a><\/span><\/span><span style=\"line-height: 107%; font-family: 'Times New Roman',serif; font-size: 12pt;\"><span style=\"color: #000000;\">, joiden seurauksena <a href=\"https:\/\/yle.fi\/aihe\/artikkeli\/2017\/09\/25\/myanmarin-vainotut-muslimit-sukupolvien-ajan-kyteneet-ongelmat-karjistyivat\">rohingyat on suljettu<\/a> pakolaisleireihin ja aidattuihin kyliin.&nbsp;<\/span><\/span><\/p>\n\n\n\n<p><span style=\"line-height: 107%; font-family: 'Times New Roman',serif; font-size: 12pt;\"><span style=\"color: #000000;\">Onko sitten kristinuskolla puhtaat jauhot pussissa? My\u00f6s <a href=\"https:\/\/fi.wikipedia.org\/wiki\/Ristiretket\">kristinuskolla on pime\u00e4 historiansa<\/a> uskonsotineen ja ristiretkineen<\/span><\/span><span style=\"line-height: 107%; font-family: 'Times New Roman',serif; font-size: 12pt;\"><span style=\"color: #000000;\">. Mit\u00e4\u00e4n niiden kaltaista v\u00e4kivaltaista kristinuskon muotoa ei t\u00e4ll\u00e4 hetkell\u00e4 ole n\u00e4k\u00f6piiriss\u00e4. <\/span><\/span><\/p>\n\n\n\n<p><span style=\"line-height: 107%; font-family: 'Times New Roman',serif; font-size: 12pt;\"><span style=\"color: #000000;\">\u00c4\u00e4rimm\u00e4isyysajatteluun taipuvainen fundamentalismi ei ole kuitenkaan vieras my\u00f6sk\u00e4\u00e4n globaalille kristinuskolle. T\u00e4m\u00e4 n\u00e4kyy esimerkiksi Afrikassa, miss\u00e4 rahankeruuseen keskittyv\u00e4t \u00e4\u00e4rikarismaattiset saarnaajat lis\u00e4\u00e4v\u00e4t vaikutusvaltaansa k\u00f6yh\u00e4n kansan kustannuksella ja kalastavat j\u00e4seni\u00e4 perinteisilt\u00e4 kirkoilta. Silti t\u00e4m\u00e4k\u00e4\u00e4n ei ole verrattavissa Intian ja Myanmarin kaltaiseen v\u00e4hemmist\u00f6jen ahtaalle ajamiseen.<\/span><\/span><\/p>\n\n\n\n<p><span style=\"line-height: 107%; font-family: 'Times New Roman',serif; font-size: 12pt;\"><span style=\"color: #000000;\">Uskonnolliset \u00e4\u00e4riliikkeet yhdistettyn\u00e4 nationalismiin aiheuttaa levottomuutta ja k\u00e4rsimyst\u00e4 eri puolilla maailmaa. Mik\u00e4\u00e4n uskonto ei ole \u2013 ainakaan historian katsannossa \u2013 vapaa syyllisyydest\u00e4.<\/span><\/span><\/p>\n\n\n\n<p><span style=\"line-height: 107%; font-family: 'Times New Roman',serif; font-size: 12pt;\"><span style=\"color: #000000;\">Is\u00e4 Anthony Intiasta pist\u00e4\u00e4 ilmi\u00f6n mittasuhteisiin toteamalla, ett\u00e4 enemmist\u00f6 intialaisista on maltillisia ihmisi\u00e4. Intiassa kristittyj\u00e4 vastaan hy\u00f6kk\u00e4\u00e4v\u00e4t ovat pieni\u00e4 \u00e4\u00e4riryhmi\u00e4. N\u00e4m\u00e4 pienet ryhm\u00e4t ymp\u00e4ri maailmaa k\u00e4ytt\u00e4v\u00e4t valtaa kylv\u00e4m\u00e4ll\u00e4 pelkoa ja turvattomuutta ymp\u00e4rilleen.<\/span><\/span><\/p>\n\n\n\n<p>Seuraa kirjoittajaa <a href=\"https:\/\/www.facebook.com\/Jukka-Keskitalo-209813015825075\/\">Facebookissa<\/a> ja <a href=\"https:\/\/twitter.com\/JukkaKeskitalo\">Twitteriss\u00e4<\/a><\/p>\n\n\n","protected":false},"excerpt":{"rendered":"<p>Uskonnollistan \u00e4\u00e4riliikkeiden nousu uhkaa etnisi\u00e4 ja uskonnollisia v\u00e4hemmist\u00f6j\u00e4 eri puolilla maailmaa. Monille uskonnollisen ekstremismin synonyymi on poliittinen islamismi, mutta se on vain yksi osa laajempaa, monia uskontoja koskevaa ilmi\u00f6t\u00e4. Erityisen vaarallinen yht\u00e4l\u00f6<br \/>\nv\u00e4hemmist&hellip;<\/p>\n","protected":false},"author":166,"featured_media":0,"comment_status":"open","ping_status":"closed","sticky":false,"template":"","format":"standard","meta":{"_acf_changed":false,"asauth_required_access_level":0,"asauth_cansharepaid":"true","om_header_attributes":[],"footnotes":"","om_featured_image_focal_point":[],"om_primary_tag":0,"om_contributors":[],"om_co_authors":[],"beyondwords_generate_audio":"","beyondwords_project_id":"","beyondwords_content_id":"","beyondwords_preview_token":"","beyondwords_player_content":"","beyondwords_player_style":"","beyondwords_language_code":"","beyondwords_language_id":"","beyondwords_title_voice_id":"","beyondwords_body_voice_id":"","beyondwords_summary_voice_id":"","beyondwords_error_message":"","beyondwords_disabled":"","beyondwords_delete_content":"","beyondwords_podcast_id":"","beyondwords_hash":"","publish_post_to_speechkit":"","speechkit_hash":"","speechkit_generate_audio":"","speechkit_project_id":"","speechkit_podcast_id":"","speechkit_error_message":"","speechkit_disabled":"","speechkit_access_key":"","speechkit_error":"","speechkit_info":"","speechkit_response":"","speechkit_retries":"","speechkit_status":"","speechkit_updated_at":"","_speechkit_link":"","_speechkit_text":""},"categories":[1],"tags":[726,730,724,729,728,727,555,725,731],"class_list":["post-1834","post","type-post","status-publish","format-standard","hentry","category-rajalla","tag-budhhalaiset","tag-ekstremismi","tag-etniset-vainot","tag-fundamentalismi","tag-kristityt","tag-muslimit","tag-nationalismi","tag-rohinyot","tag-vahemmistot"],"om_views":null,"acf":{"tuuma_off":false,"tuuma_kysymys":"","tuuma_vastaus":""},"asauth":{"required_access_level":1,"share_token":"","is_paid":false},"yoast_head":"<!-- This site is optimized with the Yoast SEO plugin v26.4 - https:\/\/yoast.com\/wordpress\/plugins\/seo\/ -->\n<title>Uskonnolliset \u00e4\u00e4riliikkeet kylv\u00e4v\u00e4t pelkoa - Rajalla<\/title>\n<meta name=\"robots\" content=\"index, follow, max-snippet:-1, max-image-preview:large, max-video-preview:-1\" \/>\n<link rel=\"canonical\" href=\"https:\/\/suomenkuvalehti.fi\/rajalla\/2018\/03\/21\/uskonnolliset-aariliikkeet-kylvavat-pelkoa\/\" \/>\n<meta property=\"og:locale\" content=\"fi_FI\" \/>\n<meta property=\"og:type\" content=\"article\" \/>\n<meta property=\"og:title\" content=\"Uskonnolliset \u00e4\u00e4riliikkeet kylv\u00e4v\u00e4t pelkoa - Rajalla\" \/>\n<meta property=\"og:description\" content=\"Uskonnollistan \u00e4\u00e4riliikkeiden nousu uhkaa etnisi\u00e4 ja uskonnollisia v\u00e4hemmist\u00f6j\u00e4 eri puolilla maailmaa. Monille uskonnollisen ekstremismin synonyymi on poliittinen islamismi, mutta se on vain yksi osa laajempaa, monia uskontoja koskevaa ilmi\u00f6t\u00e4. Erityisen vaarallinen yht\u00e4l\u00f6 v\u00e4hemmist&hellip;\" \/>\n<meta property=\"og:url\" content=\"https:\/\/suomenkuvalehti.fi\/rajalla\/2018\/03\/21\/uskonnolliset-aariliikkeet-kylvavat-pelkoa\/\" \/>\n<meta property=\"og:site_name\" content=\"Rajalla\" \/>\n<meta property=\"article:published_time\" content=\"2018-03-21T06:18:07+00:00\" \/>\n<meta property=\"article:modified_time\" content=\"2018-03-21T09:31:15+00:00\" \/>\n<meta name=\"author\" content=\"Jukka Keskitalo\" \/>\n<meta name=\"twitter:card\" content=\"summary_large_image\" \/>\n<meta name=\"twitter:label1\" content=\"Written by\" \/>\n\t<meta name=\"twitter:data1\" content=\"Jukka Keskitalo\" \/>\n\t<meta name=\"twitter:label2\" content=\"Est. reading time\" \/>\n\t<meta name=\"twitter:data2\" content=\"2 minuuttia\" \/>\n<script type=\"application\/ld+json\" class=\"yoast-schema-graph\">{\"@context\":\"https:\/\/schema.org\",\"@graph\":[{\"@type\":\"WebPage\",\"@id\":\"https:\/\/suomenkuvalehti.fi\/rajalla\/2018\/03\/21\/uskonnolliset-aariliikkeet-kylvavat-pelkoa\/\",\"url\":\"https:\/\/suomenkuvalehti.fi\/rajalla\/2018\/03\/21\/uskonnolliset-aariliikkeet-kylvavat-pelkoa\/\",\"name\":\"Uskonnolliset \u00e4\u00e4riliikkeet kylv\u00e4v\u00e4t pelkoa - Rajalla\",\"isPartOf\":{\"@id\":\"https:\/\/suomenkuvalehti.fi\/rajalla\/#website\"},\"datePublished\":\"2018-03-21T06:18:07+00:00\",\"dateModified\":\"2018-03-21T09:31:15+00:00\",\"author\":{\"@id\":\"https:\/\/suomenkuvalehti.fi\/rajalla\/#\/schema\/person\/84e00bb9a3503575cc1a74a138b6aff0\"},\"breadcrumb\":{\"@id\":\"https:\/\/suomenkuvalehti.fi\/rajalla\/2018\/03\/21\/uskonnolliset-aariliikkeet-kylvavat-pelkoa\/#breadcrumb\"},\"inLanguage\":\"fi\",\"potentialAction\":[{\"@type\":\"ReadAction\",\"target\":[\"https:\/\/suomenkuvalehti.fi\/rajalla\/2018\/03\/21\/uskonnolliset-aariliikkeet-kylvavat-pelkoa\/\"]}]},{\"@type\":\"BreadcrumbList\",\"@id\":\"https:\/\/suomenkuvalehti.fi\/rajalla\/2018\/03\/21\/uskonnolliset-aariliikkeet-kylvavat-pelkoa\/#breadcrumb\",\"itemListElement\":[{\"@type\":\"ListItem\",\"position\":1,\"name\":\"Home\",\"item\":\"https:\/\/suomenkuvalehti.fi\/rajalla\/\"},{\"@type\":\"ListItem\",\"position\":2,\"name\":\"Uskonnolliset \u00e4\u00e4riliikkeet kylv\u00e4v\u00e4t pelkoa\"}]},{\"@type\":\"WebSite\",\"@id\":\"https:\/\/suomenkuvalehti.fi\/rajalla\/#website\",\"url\":\"https:\/\/suomenkuvalehti.fi\/rajalla\/\",\"name\":\"Rajalla\",\"description\":\"Kirkon asiantuntijajoukko bloggaa yhteiskunnan ja kirkon rajapinnoilta.\",\"potentialAction\":[{\"@type\":\"SearchAction\",\"target\":{\"@type\":\"EntryPoint\",\"urlTemplate\":\"https:\/\/suomenkuvalehti.fi\/haku\/?q={search_term_string}\"},\"query-input\":{\"@type\":\"PropertyValueSpecification\",\"valueRequired\":true,\"valueName\":\"search_term_string\"}}],\"inLanguage\":\"fi\"},{\"@type\":\"Person\",\"@id\":\"https:\/\/suomenkuvalehti.fi\/rajalla\/#\/schema\/person\/84e00bb9a3503575cc1a74a138b6aff0\",\"name\":\"Jukka Keskitalo\",\"description\":\"Kirjoittaja on kansliap\u00e4\u00e4llikk\u00f6, joka pohtii uskontoa ja kirkkoa julkisessa tilassa.\"}]}<\/script>\n<!-- \/ Yoast SEO plugin. -->","yoast_head_json":{"title":"Uskonnolliset \u00e4\u00e4riliikkeet kylv\u00e4v\u00e4t pelkoa - Rajalla","robots":{"index":"index","follow":"follow","max-snippet":"max-snippet:-1","max-image-preview":"max-image-preview:large","max-video-preview":"max-video-preview:-1"},"canonical":"https:\/\/suomenkuvalehti.fi\/rajalla\/2018\/03\/21\/uskonnolliset-aariliikkeet-kylvavat-pelkoa\/","og_locale":"fi_FI","og_type":"article","og_title":"Uskonnolliset \u00e4\u00e4riliikkeet kylv\u00e4v\u00e4t pelkoa - Rajalla","og_description":"Uskonnollistan \u00e4\u00e4riliikkeiden nousu uhkaa etnisi\u00e4 ja uskonnollisia v\u00e4hemmist\u00f6j\u00e4 eri puolilla maailmaa. Monille uskonnollisen ekstremismin synonyymi on poliittinen islamismi, mutta se on vain yksi osa laajempaa, monia uskontoja koskevaa ilmi\u00f6t\u00e4. Erityisen vaarallinen yht\u00e4l\u00f6 v\u00e4hemmist&hellip;","og_url":"https:\/\/suomenkuvalehti.fi\/rajalla\/2018\/03\/21\/uskonnolliset-aariliikkeet-kylvavat-pelkoa\/","og_site_name":"Rajalla","article_published_time":"2018-03-21T06:18:07+00:00","article_modified_time":"2018-03-21T09:31:15+00:00","author":"Jukka Keskitalo","twitter_card":"summary_large_image","twitter_misc":{"Written by":"Jukka Keskitalo","Est. reading time":"2 minuuttia"},"schema":{"@context":"https:\/\/schema.org","@graph":[{"@type":"WebPage","@id":"https:\/\/suomenkuvalehti.fi\/rajalla\/2018\/03\/21\/uskonnolliset-aariliikkeet-kylvavat-pelkoa\/","url":"https:\/\/suomenkuvalehti.fi\/rajalla\/2018\/03\/21\/uskonnolliset-aariliikkeet-kylvavat-pelkoa\/","name":"Uskonnolliset \u00e4\u00e4riliikkeet kylv\u00e4v\u00e4t pelkoa - Rajalla","isPartOf":{"@id":"https:\/\/suomenkuvalehti.fi\/rajalla\/#website"},"datePublished":"2018-03-21T06:18:07+00:00","dateModified":"2018-03-21T09:31:15+00:00","author":{"@id":"https:\/\/suomenkuvalehti.fi\/rajalla\/#\/schema\/person\/84e00bb9a3503575cc1a74a138b6aff0"},"breadcrumb":{"@id":"https:\/\/suomenkuvalehti.fi\/rajalla\/2018\/03\/21\/uskonnolliset-aariliikkeet-kylvavat-pelkoa\/#breadcrumb"},"inLanguage":"fi","potentialAction":[{"@type":"ReadAction","target":["https:\/\/suomenkuvalehti.fi\/rajalla\/2018\/03\/21\/uskonnolliset-aariliikkeet-kylvavat-pelkoa\/"]}]},{"@type":"BreadcrumbList","@id":"https:\/\/suomenkuvalehti.fi\/rajalla\/2018\/03\/21\/uskonnolliset-aariliikkeet-kylvavat-pelkoa\/#breadcrumb","itemListElement":[{"@type":"ListItem","position":1,"name":"Home","item":"https:\/\/suomenkuvalehti.fi\/rajalla\/"},{"@type":"ListItem","position":2,"name":"Uskonnolliset \u00e4\u00e4riliikkeet kylv\u00e4v\u00e4t pelkoa"}]},{"@type":"WebSite","@id":"https:\/\/suomenkuvalehti.fi\/rajalla\/#website","url":"https:\/\/suomenkuvalehti.fi\/rajalla\/","name":"Rajalla","description":"Kirkon asiantuntijajoukko bloggaa yhteiskunnan ja kirkon rajapinnoilta.","potentialAction":[{"@type":"SearchAction","target":{"@type":"EntryPoint","urlTemplate":"https:\/\/suomenkuvalehti.fi\/haku\/?q={search_term_string}"},"query-input":{"@type":"PropertyValueSpecification","valueRequired":true,"valueName":"search_term_string"}}],"inLanguage":"fi"},{"@type":"Person","@id":"https:\/\/suomenkuvalehti.fi\/rajalla\/#\/schema\/person\/84e00bb9a3503575cc1a74a138b6aff0","name":"Jukka Keskitalo","description":"Kirjoittaja on kansliap\u00e4\u00e4llikk\u00f6, joka pohtii uskontoa ja kirkkoa julkisessa tilassa."}]}},"_links":{"self":[{"href":"https:\/\/suomenkuvalehti.fi\/rajalla\/wp-json\/wp\/v2\/posts\/1834","targetHints":{"allow":["GET"]}}],"collection":[{"href":"https:\/\/suomenkuvalehti.fi\/rajalla\/wp-json\/wp\/v2\/posts"}],"about":[{"href":"https:\/\/suomenkuvalehti.fi\/rajalla\/wp-json\/wp\/v2\/types\/post"}],"author":[{"embeddable":true,"href":"https:\/\/suomenkuvalehti.fi\/rajalla\/wp-json\/wp\/v2\/users\/166"}],"replies":[{"embeddable":true,"href":"https:\/\/suomenkuvalehti.fi\/rajalla\/wp-json\/wp\/v2\/comments?post=1834"}],"version-history":[{"count":3,"href":"https:\/\/suomenkuvalehti.fi\/rajalla\/wp-json\/wp\/v2\/posts\/1834\/revisions"}],"predecessor-version":[{"id":1837,"href":"https:\/\/suomenkuvalehti.fi\/rajalla\/wp-json\/wp\/v2\/posts\/1834\/revisions\/1837"}],"wp:attachment":[{"href":"https:\/\/suomenkuvalehti.fi\/rajalla\/wp-json\/wp\/v2\/media?parent=1834"}],"wp:term":[{"taxonomy":"category","embeddable":true,"href":"https:\/\/suomenkuvalehti.fi\/rajalla\/wp-json\/wp\/v2\/categories?post=1834"},{"taxonomy":"post_tag","embeddable":true,"href":"https:\/\/suomenkuvalehti.fi\/rajalla\/wp-json\/wp\/v2\/tags?post=1834"}],"curies":[{"name":"wp","href":"https:\/\/api.w.org\/{rel}","templated":true}]}}