{"id":1822,"date":"2018-02-27T06:07:07","date_gmt":"2018-02-27T04:07:07","guid":{"rendered":"https:\/\/suomenkuvalehti.fi\/rajalla\/?p=1822"},"modified":"2018-02-26T16:17:53","modified_gmt":"2018-02-26T14:17:53","slug":"hauraiden-kirkko","status":"publish","type":"post","link":"https:\/\/suomenkuvalehti.fi\/rajalla\/2018\/02\/27\/hauraiden-kirkko\/","title":{"rendered":"Hauraiden kirkko"},"content":{"rendered":"\n<p>Kenen kirkko Suomen evankelisluterilainen kirkko on? Kirkon verkkosivujen mukaan se on ekopaastoajien, naispappien, Yhteisvastuuker\u00e4yksen, tasa-arvon ja sis\u00e4llissodan muistelijoiden kirkko \u2013 ja ainakin torstaina my\u00f6s arkkipiispan kirkko. Tunnistatko, miss\u00e4 sinun paikkasi on t\u00e4ss\u00e4 kirkossa? Edell\u00e4 olevan listan pohjalta voisi jatkaa pohdintaa.<\/p>\n\n\n\n<p>Kirkossa elet\u00e4\u00e4n eri kalenterin mukaan kuin ymp\u00e4r\u00f6iv\u00e4ss\u00e4 yhteiskunnassa. Kirkossa k\u00e4ytet\u00e4\u00e4n <a href=\"http:\/\/notes.evl.fi\/Evkirja.nsf\/kaleFI?OpenView&amp;Start=1&amp;Count=20\">kirkkovuosikalenteria<\/a>, nyt on p\u00e4\u00e4si\u00e4ist\u00e4 edelt\u00e4v\u00e4 paastonaika. Sen t\u00e4hden nyt puhutaan ekopaastosta.<\/p>\n\n\n\n<p>Kirkko on sukupuolittunut, edelleen puhumme <a href=\"https:\/\/evl.fi\/uutishuone\/pinnalla-nyt\/naiset-pappeina-30-vuotta\">naispapeista<\/a>, joita kirkossamme on ollut \u2013 jo tai vasta \u2013 30 vuotta. \u2013 Ja tietenkin kirkossa puhutaan sukupuolista muissakin suhteissa.<\/p>\n\n\n\n<p>Kirkossa koetaan vastuuta niist\u00e4 ihmist\u00e4, joilla on v\u00e4hemm\u00e4n. Vahva merkki t\u00e4st\u00e4 on vuosittain toistuva <a href=\"https:\/\/www.yhteisvastuu.fi\/\">Yhteisvastuuker\u00e4ys<\/a>, jolla ker\u00e4t\u00e4\u00e4n varoja sek\u00e4 kotimaiseen ett\u00e4 ulkomaiseen kohteeseen.<\/p>\n\n\n\n<p>Samanaikaisesti kirkossa halutaan vaikuttaa yhteiskunnan rakenteisiin ja politiikkaan. \u201dPerusturvan korottaminen vaatii poliittisia p\u00e4\u00e4t\u00f6ksi\u00e4. Siten my\u00f6s n\u00e4lk\u00e4 on viime k\u00e4dess\u00e4 poliittinen valinta. Siksi sanomamme on: n\u00e4lk\u00e4\u00e4 ei tule n\u00e4hd\u00e4, mutta n\u00e4lk\u00e4 tulee n\u00e4hd\u00e4!\u201d N\u00e4in vedotaan maa- ja mets\u00e4talousministeri Jari Lep\u00e4lle j\u00e4tetyss\u00e4 Yhteisvastuuker\u00e4yksen <a href=\"https:\/\/evl.fi\/documents\/1327140\/34261577\/nalka-kannanotto.pdf\">N\u00e4lk\u00e4-ty\u00f6ryhm\u00e4n<\/a> kannanotossa.<\/p>\n\n\n\n<p>Kirkossa painiskellaan tasa-arvon kanssa. Perusteina kirkon uudelle <a href=\"https:\/\/evl.fi\/uutishuone\/tiedotteet\/-\/items\/item\/18203\/Kirkko+jakaa+ensimmaisen+tasa-arvopalkintonsa+toukokuussa\">tasa-arvopalkinnolle<\/a> ovat sukupuolten v\u00e4lisen tasa-arvon lis\u00e4\u00e4minen, eettisten arvojen vahvistaminen ihmisten ja ihmisryhmien tasa-arvoisessa kohtelussa sek\u00e4 inhimillisyytt\u00e4 ja ihmisen arvoa edist\u00e4v\u00e4, pitk\u00e4j\u00e4nteinen ty\u00f6 tai uusi innovaatio tasa-arvokysymyksiss\u00e4. Palkinnolla halutaan tukea erityisesti heit\u00e4, jotka eniten k\u00e4rsiv\u00e4t ep\u00e4tasa-arvosta ja sen seurauksista.<\/p>\n\n\n\n<p>\u2013 On mielenkiintoista n\u00e4hd\u00e4, keit\u00e4 ovat n\u00e4m\u00e4 ihmiset, jotka \u201deniten k\u00e4rsiv\u00e4t ep\u00e4tasa-arvosta ja sen seurauksista\u201d. Minulle n\u00e4ytt\u00e4ytyy t\u00e4ss\u00e4 melkoinen joukko ihmisi\u00e4. Monet vammaiset ihmiset, joiden el\u00e4misen edellytykset ovat viime vuosina heikentyneet siit\u00e4 huolimatta, ett\u00e4 maamme on ratifioinut ja siten sitoutunut YK:n sopimukseen vammaisten ihmisten oikeuksista. \u2013 Ik\u00e4\u00e4n kuin vammaisia ihmisi\u00e4 koskisivat erilaiset ihmisoikeudet kuin muita ihmisi\u00e4. \u2013 Vanhukset, joiden el\u00e4m\u00e4 on yksin\u00e4ist\u00e4, jotka tarvitsisivat monenlaista apua selviyty\u00e4kseen jokap\u00e4iv\u00e4isist\u00e4 askareista, jotka tarvitsisivat l\u00e4helleen ihmisi\u00e4! Maahamme pakolaisina tulleet ihmiset, joita kotimaassa vainotaan ja joiden kotimaassa soditaan. Heill\u00e4 on samanlainen oikeus saada el\u00e4\u00e4 turvassa kuin jokaisella meid\u00e4n maassamme syntyneell\u00e4 ihmisell\u00e4. Ty\u00f6tt\u00f6m\u00e4t, jotka maksavat siit\u00e4, ett\u00e4 muut saavat yhteisest\u00e4 leiv\u00e4st\u00e4 isomman osan.<\/p>\n\n\n\n<p>Viime vuonna juhlistimme Suomen itsen\u00e4isyyden 100 vuotta. T\u00e4n\u00e4 vuonna muistelemme sit\u00e4, kuinka kivuliaasti itsen\u00e4isen Suomen el\u00e4m\u00e4 alkoi. Muistissamme on <a href=\"http:\/\/www.arkkipiispa.fi\/sadan-vuoden-muisti\/\">yhteisen historiamme j\u00e4ljet<\/a>. Sodalla, v\u00e4kivallalla ja n\u00e4l\u00e4ll\u00e4 on pitk\u00e4 muisti. Sit\u00e4 ei saa unohtaa eik\u00e4 v\u00e4heksy\u00e4.<\/p>\n\n\n\n<p>Kenen kirkko on t\u00e4m\u00e4 Evankelisluterilainen kirkko Suomessa vuonna 2018? P\u00e4\u00e4tt\u00e4jien, piispojen, pappien, vahvojen vai hauraiden ihmisten kirkko?<\/p>\n\n\n","protected":false},"excerpt":{"rendered":"<p>Kenen kirkko Suomen evankelisluterilainen kirkko on? Kirkon verkkosivujen mukaan se on ekopaastoajien, naispappien, Yhteisvastuuker\u00e4yksen, tasa-arvon ja sis\u00e4llissodan muistelijoiden kirkko \u2013 ja ainakin torstaina my\u00f6s arkkipiispan kirkko. Tunnistatko, miss\u00e4 sinun paikkasi on t\u00e4ss\u00e4 kirkossa? Edell\u00e4 olevan<br \/>\nlistan p&hellip;<\/p>\n","protected":false},"author":167,"featured_media":0,"comment_status":"open","ping_status":"closed","sticky":false,"template":"","format":"standard","meta":{"_acf_changed":false,"asauth_required_access_level":0,"asauth_cansharepaid":"true","om_header_attributes":[],"footnotes":"","om_featured_image_focal_point":[],"om_primary_tag":0,"om_contributors":[],"om_co_authors":[],"beyondwords_generate_audio":"","beyondwords_project_id":"","beyondwords_content_id":"","beyondwords_preview_token":"","beyondwords_player_content":"","beyondwords_player_style":"","beyondwords_language_code":"","beyondwords_language_id":"","beyondwords_title_voice_id":"","beyondwords_body_voice_id":"","beyondwords_summary_voice_id":"","beyondwords_error_message":"","beyondwords_disabled":"","beyondwords_delete_content":"","beyondwords_podcast_id":"","beyondwords_hash":"","publish_post_to_speechkit":"","speechkit_hash":"","speechkit_generate_audio":"","speechkit_project_id":"","speechkit_podcast_id":"","speechkit_error_message":"","speechkit_disabled":"","speechkit_access_key":"","speechkit_error":"","speechkit_info":"","speechkit_response":"","speechkit_retries":"","speechkit_status":"","speechkit_updated_at":"","_speechkit_link":"","_speechkit_text":""},"categories":[1],"tags":[],"class_list":["post-1822","post","type-post","status-publish","format-standard","hentry","category-rajalla"],"om_views":null,"acf":{"tuuma_off":false,"tuuma_kysymys":"","tuuma_vastaus":""},"asauth":{"required_access_level":1,"share_token":"","is_paid":false},"yoast_head":"<!-- This site is optimized with the Yoast SEO plugin v26.4 - https:\/\/yoast.com\/wordpress\/plugins\/seo\/ -->\n<title>Hauraiden kirkko - Rajalla<\/title>\n<meta name=\"robots\" content=\"index, follow, max-snippet:-1, max-image-preview:large, max-video-preview:-1\" \/>\n<link rel=\"canonical\" href=\"https:\/\/suomenkuvalehti.fi\/rajalla\/2018\/02\/27\/hauraiden-kirkko\/\" \/>\n<meta property=\"og:locale\" content=\"fi_FI\" \/>\n<meta property=\"og:type\" content=\"article\" \/>\n<meta property=\"og:title\" content=\"Hauraiden kirkko - Rajalla\" \/>\n<meta property=\"og:description\" content=\"Kenen kirkko Suomen evankelisluterilainen kirkko on? Kirkon verkkosivujen mukaan se on ekopaastoajien, naispappien, Yhteisvastuuker\u00e4yksen, tasa-arvon ja sis\u00e4llissodan muistelijoiden kirkko \u2013 ja ainakin torstaina my\u00f6s arkkipiispan kirkko. Tunnistatko, miss\u00e4 sinun paikkasi on t\u00e4ss\u00e4 kirkossa? Edell\u00e4 olevan listan p&hellip;\" \/>\n<meta property=\"og:url\" content=\"https:\/\/suomenkuvalehti.fi\/rajalla\/2018\/02\/27\/hauraiden-kirkko\/\" \/>\n<meta property=\"og:site_name\" content=\"Rajalla\" \/>\n<meta property=\"article:published_time\" content=\"2018-02-27T04:07:07+00:00\" \/>\n<meta name=\"author\" content=\"Riitta Kuusi\" \/>\n<meta name=\"twitter:card\" content=\"summary_large_image\" \/>\n<meta name=\"twitter:label1\" content=\"Written by\" \/>\n\t<meta name=\"twitter:data1\" content=\"Riitta Kuusi\" \/>\n\t<meta name=\"twitter:label2\" content=\"Est. reading time\" \/>\n\t<meta name=\"twitter:data2\" content=\"2 minuuttia\" \/>\n<script type=\"application\/ld+json\" class=\"yoast-schema-graph\">{\"@context\":\"https:\/\/schema.org\",\"@graph\":[{\"@type\":\"WebPage\",\"@id\":\"https:\/\/suomenkuvalehti.fi\/rajalla\/2018\/02\/27\/hauraiden-kirkko\/\",\"url\":\"https:\/\/suomenkuvalehti.fi\/rajalla\/2018\/02\/27\/hauraiden-kirkko\/\",\"name\":\"Hauraiden kirkko - Rajalla\",\"isPartOf\":{\"@id\":\"https:\/\/suomenkuvalehti.fi\/rajalla\/#website\"},\"datePublished\":\"2018-02-27T04:07:07+00:00\",\"author\":{\"@id\":\"https:\/\/suomenkuvalehti.fi\/rajalla\/#\/schema\/person\/4beff3099a7ed2d52199af05eda5b27f\"},\"breadcrumb\":{\"@id\":\"https:\/\/suomenkuvalehti.fi\/rajalla\/2018\/02\/27\/hauraiden-kirkko\/#breadcrumb\"},\"inLanguage\":\"fi\",\"potentialAction\":[{\"@type\":\"ReadAction\",\"target\":[\"https:\/\/suomenkuvalehti.fi\/rajalla\/2018\/02\/27\/hauraiden-kirkko\/\"]}]},{\"@type\":\"BreadcrumbList\",\"@id\":\"https:\/\/suomenkuvalehti.fi\/rajalla\/2018\/02\/27\/hauraiden-kirkko\/#breadcrumb\",\"itemListElement\":[{\"@type\":\"ListItem\",\"position\":1,\"name\":\"Home\",\"item\":\"https:\/\/suomenkuvalehti.fi\/rajalla\/\"},{\"@type\":\"ListItem\",\"position\":2,\"name\":\"Hauraiden kirkko\"}]},{\"@type\":\"WebSite\",\"@id\":\"https:\/\/suomenkuvalehti.fi\/rajalla\/#website\",\"url\":\"https:\/\/suomenkuvalehti.fi\/rajalla\/\",\"name\":\"Rajalla\",\"description\":\"Kirkon asiantuntijajoukko bloggaa yhteiskunnan ja kirkon rajapinnoilta.\",\"potentialAction\":[{\"@type\":\"SearchAction\",\"target\":{\"@type\":\"EntryPoint\",\"urlTemplate\":\"https:\/\/suomenkuvalehti.fi\/haku\/?q={search_term_string}\"},\"query-input\":{\"@type\":\"PropertyValueSpecification\",\"valueRequired\":true,\"valueName\":\"search_term_string\"}}],\"inLanguage\":\"fi\"},{\"@type\":\"Person\",\"@id\":\"https:\/\/suomenkuvalehti.fi\/rajalla\/#\/schema\/person\/4beff3099a7ed2d52199af05eda5b27f\",\"name\":\"Riitta Kuusi\",\"description\":\"Olen nelj\u00e4n - tai seitsem\u00e4n - lapsen mummi. Ihmisten moninaisuus kiinnostaa minua. Teen t\u00f6it\u00e4 ihmisten osallisuuden lis\u00e4\u00e4miseksi kirkossa. Tarvittaessa nousen barrikadeille, jos ihminen tai luonto ovat vaarassa.\"}]}<\/script>\n<!-- \/ Yoast SEO plugin. -->","yoast_head_json":{"title":"Hauraiden kirkko - Rajalla","robots":{"index":"index","follow":"follow","max-snippet":"max-snippet:-1","max-image-preview":"max-image-preview:large","max-video-preview":"max-video-preview:-1"},"canonical":"https:\/\/suomenkuvalehti.fi\/rajalla\/2018\/02\/27\/hauraiden-kirkko\/","og_locale":"fi_FI","og_type":"article","og_title":"Hauraiden kirkko - Rajalla","og_description":"Kenen kirkko Suomen evankelisluterilainen kirkko on? Kirkon verkkosivujen mukaan se on ekopaastoajien, naispappien, Yhteisvastuuker\u00e4yksen, tasa-arvon ja sis\u00e4llissodan muistelijoiden kirkko \u2013 ja ainakin torstaina my\u00f6s arkkipiispan kirkko. Tunnistatko, miss\u00e4 sinun paikkasi on t\u00e4ss\u00e4 kirkossa? Edell\u00e4 olevan listan p&hellip;","og_url":"https:\/\/suomenkuvalehti.fi\/rajalla\/2018\/02\/27\/hauraiden-kirkko\/","og_site_name":"Rajalla","article_published_time":"2018-02-27T04:07:07+00:00","author":"Riitta Kuusi","twitter_card":"summary_large_image","twitter_misc":{"Written by":"Riitta Kuusi","Est. reading time":"2 minuuttia"},"schema":{"@context":"https:\/\/schema.org","@graph":[{"@type":"WebPage","@id":"https:\/\/suomenkuvalehti.fi\/rajalla\/2018\/02\/27\/hauraiden-kirkko\/","url":"https:\/\/suomenkuvalehti.fi\/rajalla\/2018\/02\/27\/hauraiden-kirkko\/","name":"Hauraiden kirkko - Rajalla","isPartOf":{"@id":"https:\/\/suomenkuvalehti.fi\/rajalla\/#website"},"datePublished":"2018-02-27T04:07:07+00:00","author":{"@id":"https:\/\/suomenkuvalehti.fi\/rajalla\/#\/schema\/person\/4beff3099a7ed2d52199af05eda5b27f"},"breadcrumb":{"@id":"https:\/\/suomenkuvalehti.fi\/rajalla\/2018\/02\/27\/hauraiden-kirkko\/#breadcrumb"},"inLanguage":"fi","potentialAction":[{"@type":"ReadAction","target":["https:\/\/suomenkuvalehti.fi\/rajalla\/2018\/02\/27\/hauraiden-kirkko\/"]}]},{"@type":"BreadcrumbList","@id":"https:\/\/suomenkuvalehti.fi\/rajalla\/2018\/02\/27\/hauraiden-kirkko\/#breadcrumb","itemListElement":[{"@type":"ListItem","position":1,"name":"Home","item":"https:\/\/suomenkuvalehti.fi\/rajalla\/"},{"@type":"ListItem","position":2,"name":"Hauraiden kirkko"}]},{"@type":"WebSite","@id":"https:\/\/suomenkuvalehti.fi\/rajalla\/#website","url":"https:\/\/suomenkuvalehti.fi\/rajalla\/","name":"Rajalla","description":"Kirkon asiantuntijajoukko bloggaa yhteiskunnan ja kirkon rajapinnoilta.","potentialAction":[{"@type":"SearchAction","target":{"@type":"EntryPoint","urlTemplate":"https:\/\/suomenkuvalehti.fi\/haku\/?q={search_term_string}"},"query-input":{"@type":"PropertyValueSpecification","valueRequired":true,"valueName":"search_term_string"}}],"inLanguage":"fi"},{"@type":"Person","@id":"https:\/\/suomenkuvalehti.fi\/rajalla\/#\/schema\/person\/4beff3099a7ed2d52199af05eda5b27f","name":"Riitta Kuusi","description":"Olen nelj\u00e4n - tai seitsem\u00e4n - lapsen mummi. Ihmisten moninaisuus kiinnostaa minua. Teen t\u00f6it\u00e4 ihmisten osallisuuden lis\u00e4\u00e4miseksi kirkossa. Tarvittaessa nousen barrikadeille, jos ihminen tai luonto ovat vaarassa."}]}},"_links":{"self":[{"href":"https:\/\/suomenkuvalehti.fi\/rajalla\/wp-json\/wp\/v2\/posts\/1822","targetHints":{"allow":["GET"]}}],"collection":[{"href":"https:\/\/suomenkuvalehti.fi\/rajalla\/wp-json\/wp\/v2\/posts"}],"about":[{"href":"https:\/\/suomenkuvalehti.fi\/rajalla\/wp-json\/wp\/v2\/types\/post"}],"author":[{"embeddable":true,"href":"https:\/\/suomenkuvalehti.fi\/rajalla\/wp-json\/wp\/v2\/users\/167"}],"replies":[{"embeddable":true,"href":"https:\/\/suomenkuvalehti.fi\/rajalla\/wp-json\/wp\/v2\/comments?post=1822"}],"version-history":[{"count":7,"href":"https:\/\/suomenkuvalehti.fi\/rajalla\/wp-json\/wp\/v2\/posts\/1822\/revisions"}],"predecessor-version":[{"id":1829,"href":"https:\/\/suomenkuvalehti.fi\/rajalla\/wp-json\/wp\/v2\/posts\/1822\/revisions\/1829"}],"wp:attachment":[{"href":"https:\/\/suomenkuvalehti.fi\/rajalla\/wp-json\/wp\/v2\/media?parent=1822"}],"wp:term":[{"taxonomy":"category","embeddable":true,"href":"https:\/\/suomenkuvalehti.fi\/rajalla\/wp-json\/wp\/v2\/categories?post=1822"},{"taxonomy":"post_tag","embeddable":true,"href":"https:\/\/suomenkuvalehti.fi\/rajalla\/wp-json\/wp\/v2\/tags?post=1822"}],"curies":[{"name":"wp","href":"https:\/\/api.w.org\/{rel}","templated":true}]}}