{"id":1650,"date":"2017-11-29T15:50:48","date_gmt":"2017-11-29T13:50:48","guid":{"rendered":"https:\/\/suomenkuvalehti.fi\/rajalla\/?p=1650"},"modified":"2017-11-29T18:09:43","modified_gmt":"2017-11-29T16:09:43","slug":"miksi-paavi-franciscus-vaikeni-rohingya-muslimeista","status":"publish","type":"post","link":"https:\/\/suomenkuvalehti.fi\/rajalla\/2017\/11\/29\/miksi-paavi-franciscus-vaikeni-rohingya-muslimeista\/","title":{"rendered":"Miksi paavi Franciscus vaikeni rohingya-muslimeista?"},"content":{"rendered":"\n<p>Joskus uutiseksi nousee sana, jota ei sanottu. N\u00e4in on tapahtunut meneill\u00e4\u00e4n olevan Paavi Franciscuksen Myanmarin vierailun yhteydess\u00e4. Pitkin syksy\u00e4 uutiset ovat kertoneet maan etniseen ja uskonnolliseen v\u00e4hemmist\u00f6\u00f6n kuuluviin <a href=\"https:\/\/en.wikipedia.org\/wiki\/Rohingya_people\">rohingyoihin<\/a> kohdistuvista julmista vainoista.<\/p>\n\n\n\n<p>Sadat tuhannet rohinyat ovat joutuneet j\u00e4tt\u00e4m\u00e4\u00e4n kotinsa ja p\u00e4\u00e4tyneet v\u00e4liaikaisille pakolaisleireille. Heit\u00e4 paavi Franciscus ei tapaamisessa Myanmarin johtaja Aung San Suu Kyinin kanssa maininnut ja se on ollut <a href=\"https:\/\/www.hs.fi\/ulkomaat\/art-2000005467344.html\">uutinen<\/a>.<\/p>\n\n\n\n<p>Kysymys on etnisest\u00e4 vainosta, mutta siihen kytkeytyy my\u00f6s kysymys uskonnonvapaudesta. Valta osa myanmarilaisista on buddhalaisia. Rohingyat ovat uskonnoltaan muslimeja. Eiv\u00e4tk\u00e4 he oli ainoa vainottu ryhm\u00e4 Myanmarissa. Amnesty International kertoo <a href=\"https:\/\/www.amnesty.org\/en\/latest\/news\/2017\/06\/myanmar-ethnic-minorities-face-violations-in-northern-conflict\/\">etnisist\u00e4 vainoista <\/a>my\u00f6s <a href=\"https:\/\/en.wikipedia.org\/wiki\/Kachin_State\">Kachinissa<\/a>, miss\u00e4 p\u00e4\u00e4osa v\u00e4est\u00f6st\u00e4 on kristittyj\u00e4.<\/p>\n\n\n\n<p>Vaikka Myanmarissa onkin otettu pieni\u00e4 askelia kohti demokratiaa, maan uskonnonvapaustilanne ei ole kohentunut, vaan on heikko erityisesti <a href=\"https:\/\/www.ncronline.org\/blogs\/faith-and-justice\/burma-s-religious-freedom-crisis\">muslimien ja kristittyjen osalta<\/a>.&nbsp; Voisi kuvitella, ett\u00e4 juuri paavi nostaisi t\u00e4m\u00e4n voimakkaasti esiin vieraillessaan maassa. Monet ovatkin olleet pettyneit\u00e4 siihen, ett\u00e4 paavi ei ole selke\u00e4sti puhunut vainoista rohingyat nimelt\u00e4 mainiten. H\u00e4nt\u00e4 on arvosteltu siit\u00e4, ett\u00e4 h\u00e4n ei pist\u00e4 arvovaltaansa peliin heid\u00e4n puolestaan.<\/p>\n\n\n\n<p>Kirkot ovat koko olemassa olonsa ajan olleet yhteiskunnallisia vaikuttajia. Kristillisen sanoman ytimess\u00e4 on heikoimpien auttaminen, my\u00f6s heid\u00e4n puolestaan puhumalla. Silloinkin, kun se her\u00e4tt\u00e4\u00e4 kritiikki\u00e4.<\/p>\n\n\n\n<p>Vaikuttamistoiminta on herkk\u00e4\u00e4 tasapainoilua ja sit\u00e4 tehd\u00e4\u00e4n monin keinoin. Ei ole ep\u00e4ilyst\u00e4k\u00e4\u00e4n, etteik\u00f6 paavi vierailullaan Myanmariin halua kiinnitt\u00e4\u00e4 huomiota etnisiin vainoihin maassa. H\u00e4nen keinonsa ovat hyvin toisenlaisia kuin vaikkapa <a href=\"http:\/\/www.aljazeera.com\/news\/2017\/09\/trump-urges-strong-swift-action-rohingya-170921013304717.html\">USA:n presidentin suorasanaiset vaatimukset.<\/a><\/p>\n\n\n\n<p>Paavin varovaisuuden taustalla saattaa olla arvio siit\u00e4, ett\u00e4 etnisten ja uskonnollisten v\u00e4hemmist\u00f6jen mainitseminen ja heid\u00e4n puolustamisensa voimakkain sanoin saattaisi k\u00e4\u00e4nty\u00e4 heit\u00e4 vastaan, aiheuttaa esimerkiksi mielenosoituksia ja lis\u00e4\u00e4 v\u00e4kivaltaa. T\u00e4rke\u00e4mp\u00e4\u00e4 on siis se, ett\u00e4 vainottujen asema paranee kuin se, ett\u00e4 vainottujen puolesta puhujasta kirjoitetaan r\u00e4v\u00e4k\u00f6it\u00e4 otsikoita.<\/p>\n\n\n\n<p>Paavi Franciscus tunnetaan symbolisten tekojen kirkonjohtajana. Perinteisiss\u00e4 kiirastorstain <a href=\"https:\/\/yle.fi\/uutiset\/3-8768785\">jalkojenpesuseremonioissa<\/a> h\u00e4n on nostanut esiin erilaisia marginaalissa olevia ihmisi\u00e4, esimerkiksi pakolaisia ja nuorisovankeja pesem\u00e4ll\u00e4 heid\u00e4n jalkansa pappien jalkojen sijaan.<\/p>\n\n\n\n<p>H\u00e4n on vaikuttajana profiloitunut enemm\u00e4n tekem\u00e4ll\u00e4 toisin kuin julkilausumilla tai voimakkaasti kantaa ottavilla puheilla. Jo se, ett\u00e4 h\u00e4n vierailee Myanmarissa, nostaa maan poliittisen ja uskonnollisen tilanteen \u201dtikun nokkaan\u201d, medioiden tarkasteltavaksi ja sen my\u00f6t\u00e4 miljoonien ihmisten tietoisuuteen.<\/p>\n\n\n\n<p>Paavi Franciscuksen Myanmarin strategia tarkoituksena on luoda painetta maan johtoa kohtaan. T\u00e4m\u00e4 voi olla juuri se oikea toimintatapa tilanteessa, jossa maan johdossa on Nobelin rauhanpalkinnolla palkittu demokratialiikkeen keulakuva <a href=\"https:\/\/yle.fi\/uutiset\/3-9833411\">Suu Kyi<\/a>.<\/p>\n\n\n\n<p>Viime k\u00e4dess\u00e4 kuitenkin tulokset ratkaisevat diplomatiassakin. T\u00e4m\u00e4 ei kuitenkaan tarkoita, ett\u00e4 taktinen vaikeneminen toimisi aina ja kaikkialla. Raamatun Saarnaajan kirjassakin sanotaan: On \u201daika olla vaiti ja aika puhua\u201d.<\/p>\n\n\n\n<p><span style=\"line-height: 107%; font-family: 'Times New Roman',serif; font-size: 12pt;\"><span style=\"color: #000000;\">Seuraa kirjoittajaa <\/span><a href=\"https:\/\/www.facebook.com\/Jukka-Keskitalo-209813015825075\/\">Facebookissa<\/a><span style=\"color: #000000;\"> ja <\/span><a href=\"https:\/\/twitter.com\/JukkaKeskitalo\">Twitteriss\u00e4<\/a><span style=\"color: #000000;\">.<\/span><\/span><\/p>\n\n\n\n<p>&nbsp;<\/p>\n\n\n","protected":false},"excerpt":{"rendered":"<p>Joskus uutiseksi nousee sana, jota ei sanottu. N\u00e4in on tapahtunut meneill\u00e4\u00e4n olevan Paavi Franciscuksen Myanmarin vierailun yhteydess\u00e4. Pitkin syksy\u00e4 uutiset ovat kertoneet maan etniseen ja uskonnolliseen v\u00e4hemmist\u00f6\u00f6n kuuluviin rohingyoihin kohdistuvista julmista<br \/>\nvainois&hellip;<\/p>\n","protected":false},"author":166,"featured_media":0,"comment_status":"open","ping_status":"closed","sticky":false,"template":"","format":"standard","meta":{"_acf_changed":false,"asauth_required_access_level":0,"asauth_cansharepaid":"true","om_header_attributes":[],"footnotes":"","om_featured_image_focal_point":[],"om_primary_tag":0,"om_contributors":[],"om_co_authors":[],"beyondwords_generate_audio":"","beyondwords_project_id":"","beyondwords_content_id":"","beyondwords_preview_token":"","beyondwords_player_content":"","beyondwords_player_style":"","beyondwords_language_code":"","beyondwords_language_id":"","beyondwords_title_voice_id":"","beyondwords_body_voice_id":"","beyondwords_summary_voice_id":"","beyondwords_error_message":"","beyondwords_disabled":"","beyondwords_delete_content":"","beyondwords_podcast_id":"","beyondwords_hash":"","publish_post_to_speechkit":"","speechkit_hash":"","speechkit_generate_audio":"","speechkit_project_id":"","speechkit_podcast_id":"","speechkit_error_message":"","speechkit_disabled":"","speechkit_access_key":"","speechkit_error":"","speechkit_info":"","speechkit_response":"","speechkit_retries":"","speechkit_status":"","speechkit_updated_at":"","_speechkit_link":"","_speechkit_text":""},"categories":[1],"tags":[661,663,662,660,289,659,405],"class_list":["post-1650","post","type-post","status-publish","format-standard","hentry","category-rajalla","tag-burma","tag-kristitty","tag-muslimi","tag-myanmar","tag-paavi-franciscus","tag-rohingya","tag-vahemmisto"],"om_views":null,"acf":{"tuuma_off":false,"tuuma_kysymys":"","tuuma_vastaus":""},"asauth":{"required_access_level":1,"share_token":"","is_paid":false},"yoast_head":"<!-- This site is optimized with the Yoast SEO plugin v26.4 - https:\/\/yoast.com\/wordpress\/plugins\/seo\/ -->\n<title>Miksi paavi Franciscus vaikeni rohingya-muslimeista? - Rajalla<\/title>\n<meta name=\"robots\" content=\"index, follow, max-snippet:-1, max-image-preview:large, max-video-preview:-1\" \/>\n<link rel=\"canonical\" href=\"https:\/\/suomenkuvalehti.fi\/rajalla\/2017\/11\/29\/miksi-paavi-franciscus-vaikeni-rohingya-muslimeista\/\" \/>\n<meta property=\"og:locale\" content=\"fi_FI\" \/>\n<meta property=\"og:type\" content=\"article\" \/>\n<meta property=\"og:title\" content=\"Miksi paavi Franciscus vaikeni rohingya-muslimeista? - Rajalla\" \/>\n<meta property=\"og:description\" content=\"Joskus uutiseksi nousee sana, jota ei sanottu. N\u00e4in on tapahtunut meneill\u00e4\u00e4n olevan Paavi Franciscuksen Myanmarin vierailun yhteydess\u00e4. Pitkin syksy\u00e4 uutiset ovat kertoneet maan etniseen ja uskonnolliseen v\u00e4hemmist\u00f6\u00f6n kuuluviin rohingyoihin kohdistuvista julmista vainois&hellip;\" \/>\n<meta property=\"og:url\" content=\"https:\/\/suomenkuvalehti.fi\/rajalla\/2017\/11\/29\/miksi-paavi-franciscus-vaikeni-rohingya-muslimeista\/\" \/>\n<meta property=\"og:site_name\" content=\"Rajalla\" \/>\n<meta property=\"article:published_time\" content=\"2017-11-29T13:50:48+00:00\" \/>\n<meta property=\"article:modified_time\" content=\"2017-11-29T16:09:43+00:00\" \/>\n<meta name=\"author\" content=\"Jukka Keskitalo\" \/>\n<meta name=\"twitter:card\" content=\"summary_large_image\" \/>\n<meta name=\"twitter:label1\" content=\"Written by\" \/>\n\t<meta name=\"twitter:data1\" content=\"Jukka Keskitalo\" \/>\n\t<meta name=\"twitter:label2\" content=\"Est. reading time\" \/>\n\t<meta name=\"twitter:data2\" content=\"2 minuuttia\" \/>\n<script type=\"application\/ld+json\" class=\"yoast-schema-graph\">{\"@context\":\"https:\/\/schema.org\",\"@graph\":[{\"@type\":\"WebPage\",\"@id\":\"https:\/\/suomenkuvalehti.fi\/rajalla\/2017\/11\/29\/miksi-paavi-franciscus-vaikeni-rohingya-muslimeista\/\",\"url\":\"https:\/\/suomenkuvalehti.fi\/rajalla\/2017\/11\/29\/miksi-paavi-franciscus-vaikeni-rohingya-muslimeista\/\",\"name\":\"Miksi paavi Franciscus vaikeni rohingya-muslimeista? - Rajalla\",\"isPartOf\":{\"@id\":\"https:\/\/suomenkuvalehti.fi\/rajalla\/#website\"},\"datePublished\":\"2017-11-29T13:50:48+00:00\",\"dateModified\":\"2017-11-29T16:09:43+00:00\",\"author\":{\"@id\":\"https:\/\/suomenkuvalehti.fi\/rajalla\/#\/schema\/person\/84e00bb9a3503575cc1a74a138b6aff0\"},\"breadcrumb\":{\"@id\":\"https:\/\/suomenkuvalehti.fi\/rajalla\/2017\/11\/29\/miksi-paavi-franciscus-vaikeni-rohingya-muslimeista\/#breadcrumb\"},\"inLanguage\":\"fi\",\"potentialAction\":[{\"@type\":\"ReadAction\",\"target\":[\"https:\/\/suomenkuvalehti.fi\/rajalla\/2017\/11\/29\/miksi-paavi-franciscus-vaikeni-rohingya-muslimeista\/\"]}]},{\"@type\":\"BreadcrumbList\",\"@id\":\"https:\/\/suomenkuvalehti.fi\/rajalla\/2017\/11\/29\/miksi-paavi-franciscus-vaikeni-rohingya-muslimeista\/#breadcrumb\",\"itemListElement\":[{\"@type\":\"ListItem\",\"position\":1,\"name\":\"Home\",\"item\":\"https:\/\/suomenkuvalehti.fi\/rajalla\/\"},{\"@type\":\"ListItem\",\"position\":2,\"name\":\"Miksi paavi Franciscus vaikeni rohingya-muslimeista?\"}]},{\"@type\":\"WebSite\",\"@id\":\"https:\/\/suomenkuvalehti.fi\/rajalla\/#website\",\"url\":\"https:\/\/suomenkuvalehti.fi\/rajalla\/\",\"name\":\"Rajalla\",\"description\":\"Kirkon asiantuntijajoukko bloggaa yhteiskunnan ja kirkon rajapinnoilta.\",\"potentialAction\":[{\"@type\":\"SearchAction\",\"target\":{\"@type\":\"EntryPoint\",\"urlTemplate\":\"https:\/\/suomenkuvalehti.fi\/haku\/?q={search_term_string}\"},\"query-input\":{\"@type\":\"PropertyValueSpecification\",\"valueRequired\":true,\"valueName\":\"search_term_string\"}}],\"inLanguage\":\"fi\"},{\"@type\":\"Person\",\"@id\":\"https:\/\/suomenkuvalehti.fi\/rajalla\/#\/schema\/person\/84e00bb9a3503575cc1a74a138b6aff0\",\"name\":\"Jukka Keskitalo\",\"description\":\"Kirjoittaja on kansliap\u00e4\u00e4llikk\u00f6, joka pohtii uskontoa ja kirkkoa julkisessa tilassa.\"}]}<\/script>\n<!-- \/ Yoast SEO plugin. -->","yoast_head_json":{"title":"Miksi paavi Franciscus vaikeni rohingya-muslimeista? - Rajalla","robots":{"index":"index","follow":"follow","max-snippet":"max-snippet:-1","max-image-preview":"max-image-preview:large","max-video-preview":"max-video-preview:-1"},"canonical":"https:\/\/suomenkuvalehti.fi\/rajalla\/2017\/11\/29\/miksi-paavi-franciscus-vaikeni-rohingya-muslimeista\/","og_locale":"fi_FI","og_type":"article","og_title":"Miksi paavi Franciscus vaikeni rohingya-muslimeista? - Rajalla","og_description":"Joskus uutiseksi nousee sana, jota ei sanottu. N\u00e4in on tapahtunut meneill\u00e4\u00e4n olevan Paavi Franciscuksen Myanmarin vierailun yhteydess\u00e4. Pitkin syksy\u00e4 uutiset ovat kertoneet maan etniseen ja uskonnolliseen v\u00e4hemmist\u00f6\u00f6n kuuluviin rohingyoihin kohdistuvista julmista vainois&hellip;","og_url":"https:\/\/suomenkuvalehti.fi\/rajalla\/2017\/11\/29\/miksi-paavi-franciscus-vaikeni-rohingya-muslimeista\/","og_site_name":"Rajalla","article_published_time":"2017-11-29T13:50:48+00:00","article_modified_time":"2017-11-29T16:09:43+00:00","author":"Jukka Keskitalo","twitter_card":"summary_large_image","twitter_misc":{"Written by":"Jukka Keskitalo","Est. reading time":"2 minuuttia"},"schema":{"@context":"https:\/\/schema.org","@graph":[{"@type":"WebPage","@id":"https:\/\/suomenkuvalehti.fi\/rajalla\/2017\/11\/29\/miksi-paavi-franciscus-vaikeni-rohingya-muslimeista\/","url":"https:\/\/suomenkuvalehti.fi\/rajalla\/2017\/11\/29\/miksi-paavi-franciscus-vaikeni-rohingya-muslimeista\/","name":"Miksi paavi Franciscus vaikeni rohingya-muslimeista? - Rajalla","isPartOf":{"@id":"https:\/\/suomenkuvalehti.fi\/rajalla\/#website"},"datePublished":"2017-11-29T13:50:48+00:00","dateModified":"2017-11-29T16:09:43+00:00","author":{"@id":"https:\/\/suomenkuvalehti.fi\/rajalla\/#\/schema\/person\/84e00bb9a3503575cc1a74a138b6aff0"},"breadcrumb":{"@id":"https:\/\/suomenkuvalehti.fi\/rajalla\/2017\/11\/29\/miksi-paavi-franciscus-vaikeni-rohingya-muslimeista\/#breadcrumb"},"inLanguage":"fi","potentialAction":[{"@type":"ReadAction","target":["https:\/\/suomenkuvalehti.fi\/rajalla\/2017\/11\/29\/miksi-paavi-franciscus-vaikeni-rohingya-muslimeista\/"]}]},{"@type":"BreadcrumbList","@id":"https:\/\/suomenkuvalehti.fi\/rajalla\/2017\/11\/29\/miksi-paavi-franciscus-vaikeni-rohingya-muslimeista\/#breadcrumb","itemListElement":[{"@type":"ListItem","position":1,"name":"Home","item":"https:\/\/suomenkuvalehti.fi\/rajalla\/"},{"@type":"ListItem","position":2,"name":"Miksi paavi Franciscus vaikeni rohingya-muslimeista?"}]},{"@type":"WebSite","@id":"https:\/\/suomenkuvalehti.fi\/rajalla\/#website","url":"https:\/\/suomenkuvalehti.fi\/rajalla\/","name":"Rajalla","description":"Kirkon asiantuntijajoukko bloggaa yhteiskunnan ja kirkon rajapinnoilta.","potentialAction":[{"@type":"SearchAction","target":{"@type":"EntryPoint","urlTemplate":"https:\/\/suomenkuvalehti.fi\/haku\/?q={search_term_string}"},"query-input":{"@type":"PropertyValueSpecification","valueRequired":true,"valueName":"search_term_string"}}],"inLanguage":"fi"},{"@type":"Person","@id":"https:\/\/suomenkuvalehti.fi\/rajalla\/#\/schema\/person\/84e00bb9a3503575cc1a74a138b6aff0","name":"Jukka Keskitalo","description":"Kirjoittaja on kansliap\u00e4\u00e4llikk\u00f6, joka pohtii uskontoa ja kirkkoa julkisessa tilassa."}]}},"_links":{"self":[{"href":"https:\/\/suomenkuvalehti.fi\/rajalla\/wp-json\/wp\/v2\/posts\/1650","targetHints":{"allow":["GET"]}}],"collection":[{"href":"https:\/\/suomenkuvalehti.fi\/rajalla\/wp-json\/wp\/v2\/posts"}],"about":[{"href":"https:\/\/suomenkuvalehti.fi\/rajalla\/wp-json\/wp\/v2\/types\/post"}],"author":[{"embeddable":true,"href":"https:\/\/suomenkuvalehti.fi\/rajalla\/wp-json\/wp\/v2\/users\/166"}],"replies":[{"embeddable":true,"href":"https:\/\/suomenkuvalehti.fi\/rajalla\/wp-json\/wp\/v2\/comments?post=1650"}],"version-history":[{"count":2,"href":"https:\/\/suomenkuvalehti.fi\/rajalla\/wp-json\/wp\/v2\/posts\/1650\/revisions"}],"predecessor-version":[{"id":1652,"href":"https:\/\/suomenkuvalehti.fi\/rajalla\/wp-json\/wp\/v2\/posts\/1650\/revisions\/1652"}],"wp:attachment":[{"href":"https:\/\/suomenkuvalehti.fi\/rajalla\/wp-json\/wp\/v2\/media?parent=1650"}],"wp:term":[{"taxonomy":"category","embeddable":true,"href":"https:\/\/suomenkuvalehti.fi\/rajalla\/wp-json\/wp\/v2\/categories?post=1650"},{"taxonomy":"post_tag","embeddable":true,"href":"https:\/\/suomenkuvalehti.fi\/rajalla\/wp-json\/wp\/v2\/tags?post=1650"}],"curies":[{"name":"wp","href":"https:\/\/api.w.org\/{rel}","templated":true}]}}