{"id":1287,"date":"2017-01-27T10:37:11","date_gmt":"2017-01-27T08:37:11","guid":{"rendered":"https:\/\/suomenkuvalehti.fi\/rajalla\/?p=1287"},"modified":"2026-01-20T15:29:27","modified_gmt":"2026-01-20T13:29:27","slug":"milla-viha-voitetaan","status":"publish","type":"post","link":"https:\/\/suomenkuvalehti.fi\/rajalla\/2017\/01\/27\/milla-viha-voitetaan\/","title":{"rendered":"Mill\u00e4 viha voitetaan?"},"content":{"rendered":"\n<p><span style=\"font-weight: 400;\"><span class=\"capitalized\">Juuri <\/span>nyt on vaikeaa olla optimisti. Amerikkalainen yst\u00e4v\u00e4ni kuvasi tuntemuksiaan Facebookissa ahdistukseksi ja suruksi, ja sai osakseen my\u00f6t\u00e4tuntoa ja vastakaikua eri puolilta maailmaa. L\u00e4ntisess\u00e4 maailmassa monilla tuntuu nyt vallitsevan ik\u00e4v\u00e4 tunne siit\u00e4, ett\u00e4 paljon kaunista ja t\u00e4rke\u00e4\u00e4 on uhattuna, ehk\u00e4 jopa katoamassa, ja se mit\u00e4 l\u00e4hitulevaisuus tuo tullessaan on arvaamatonta ja tuskin mit\u00e4\u00e4n parempaa. T\u00e4h\u00e4n saakka kehitys on omana elinaikanamme vienyt meit\u00e4 yleens\u00e4 vain eteenp\u00e4in: vapaampaan, huolettomampaan ja turvallisempaan maailmaan, mutta nyt kaikki t\u00e4m\u00e4 tuntuu olevan uhattuna. Tilanne on uusi, eik\u00e4 kukaan oikein tied\u00e4 miten siihen pit\u00e4isi suhtautua. <\/span><\/p>\n\n\n\n<p><span style=\"font-weight: 400;\">Tulevaisuuden taakka tuntuu monella tavalla raskaalta. Maailma oli toki jo ennest\u00e4\u00e4n pahassa solmussa, mutta nyt niit\u00e4 solmuja on tullut paljon lis\u00e4\u00e4. Ei en\u00e4\u00e4 riit\u00e4, ett\u00e4 keskitymme vain ilmastonmuutoksen voittamiseen \u2013 joka sekin usein tuntuu haasteena kohtuuttomalta \u2013 vaan meid\u00e4n tulee samalla kiireisesti l\u00f6yt\u00e4\u00e4 jokin tapa el\u00e4\u00e4 sovussa kesken\u00e4mme: niin omissa maissamme, kuin eri maiden ja kulttuurien v\u00e4lill\u00e4. Tunnelmat ovat nyt huonot ja historia osoittaa, ett\u00e4 ihmiskunta kykenee my\u00f6s kauheuksiin ja j\u00e4rjett\u00f6myyksiin.<\/span><\/p>\n\n\n\n<p><span style=\"font-weight: 400;\">Kuten monet muutkin, olen yritt\u00e4nyt ymm\u00e4rt\u00e4\u00e4, mist\u00e4 t\u00e4ss\u00e4 oikein on kyse: miksi positiivisuus ja optimismi on nopeasti kadonnut ja niiden tilalle on noussut viha, ep\u00e4luulo ja impulsiivisuus? Olen yritt\u00e4nyt, mutta en ole l\u00f6yt\u00e4nyt kuin langanp\u00e4it\u00e4, mutta niit\u00e4 sit\u00e4kin enemm\u00e4n: vuodesta 2008 jatkunut talouskriisi, teknologian kehitys ja ty\u00f6paikkoja uhkaava katoaminen, siirtolaisuus ja pakolaisuus, terrorismin pelko, tuloerojen jatkuva voimakas kasvu, politiikan uudistumiskyvytt\u00f6myys, talouden omalakisuus, politiikan ja hallinnon et\u00e4\u00e4ntyminen kansalaisista, maailman monimutkaistuminen, sosiaalisen median synnytt\u00e4m\u00e4t viestinn\u00e4lliset kuplat, yhteiskuntien polarisaatio. <\/span><\/p>\n\n\n\n<p><span style=\"font-weight: 400;\">Jokaista n\u00e4ist\u00e4 syist\u00e4 voisi analysoida erillisen\u00e4, ja jokaiseen voisi l\u00e4hte\u00e4 etsim\u00e4\u00e4n irrallista ratkaisua, mutta se on loputon suo ja jotain pit\u00e4isi voida tehd\u00e4 jo nyt. <\/span><\/p>\n\n\n\n<p><span style=\"font-weight: 400;\">Yhdell\u00e4 tavalla maailma n\u00e4ytt\u00e4\u00e4 kuitenkin muuttuneen selke\u00e4mm\u00e4ksi: kun vihaa puhkuva retoriikka julistaa maailmankuvaansa, jonka ytimess\u00e4 on vahvemman oikeus, itsekkyys, omaisuuden ja kunnian kartuttaminen, my\u00f6s sen vastakohta alkaa erottua kirkkaammin. Siin\u00e4 tavoitteena on oikeudenmukaisuus, asenteena kohtuus, my\u00f6t\u00e4tunto \u2013 ja rakkaus.<\/span><\/p>\n\n\n\n<p>Jos haluamme katkaista vihan kierteen, meid\u00e4n on entist\u00e4 voimakkaammin sitouduttava sen vastavoimaan. Siis osoitettava, ett\u00e4 pid\u00e4mme jokaista ihmist\u00e4 arvokkaana riippumatta h\u00e4nen synnyinper\u00e4st\u00e4\u00e4n tai menestyksest\u00e4\u00e4n, siedett\u00e4v\u00e4 my\u00f6s heikkoutta, ja tunnustaa yht\u00e4l\u00e4iset ihmisoikeudet kaikilla &#8211; jopa niill\u00e4kin, jotka syntyv\u00e4t vasta joskus tulevaisuudessa. Jos asenteenamme ei ole viha, vaan rakkaus, kannamme huolta my\u00f6s niist\u00e4 jotka k\u00e4rsiv\u00e4t: sek\u00e4 niist\u00e4 jotka ovat juuri nyt ahtaalla, ett\u00e4 my\u00f6s niist\u00e4 joihin valintojemme seuraukset kohdistuvat vasta joskus tulevaisuudessa.<\/p>\n\n\n\n<p>Rakkaus on tietenkin my\u00f6s aivan kristinuskon ytimess\u00e4, se on kaikkien kristillisten arvojen pohja. Yhteiskuntamme \u2013&nbsp;niin sekulaarina kuin niit\u00e4 helposti pid\u00e4mme \u2013&nbsp;ovat ideaaleiltaan pohjimmiltaan rakentuneet n\u00e4ille kristillisille arvoille, vaikka voi vaatiakin v\u00e4h\u00e4n vaivaa kyet\u00e4 se havaitsemaan. Nyt k\u00e4ynniss\u00e4 oleva hy\u00f6kk\u00e4ys l\u00e4nsimaisten yhteiskuntien t\u00e4rkeimpi\u00e4 periaatteita kohtaan on hy\u00f6kk\u00e4ys etenkin t\u00e4t\u00e4 niiden pohjimmiltaan kristillist\u00e4 arvopohjaa kohtaan, ja yh\u00e4 useammin t\u00e4m\u00e4 hy\u00f6kk\u00e4yksen kohde ei en\u00e4\u00e4 ole k\u00e4tketty, vaan <a href=\"http:\/\/www.huffingtonpost.co.uk\/entry\/nigel-farages-criticism-of-archbishop-of-canterbury-justin-welby-has-not-gone-down-well_uk_58611099e4b00768ddcf14cc\" target=\"_blank\">aivan suorasanainen<\/a>. Stanfordin yliopiston maineikkaan, mutta edesmenneen filosofian professorin Ren\u00e9 Girardin mukaan Natsi-Saksan hengellinen tavoite oli karsia yhteiskunnasta pois kristillinen v\u00e4kivallan ja rakenteiden uhreihin kohdistuva my\u00f6t\u00e4tunto. Mit\u00e4 muuta kuin samaa ideologiaa edustavat ajatukset, joissa esitet\u00e4\u00e4n <a href=\"http:\/\/www.hs.fi\/politiikka\/art-2000005059913.html\" target=\"_blank\">V\u00e4limereen hukkuvien pakolaisten auttamisesta rankaisemista<\/a>?<\/p>\n\n\n\n<p><span style=\"font-weight: 400;\">Yhteiskunnallinen muutos vaatii toki paljon muutakin kuin vain oikeaa asennetta, ja tuntuu kielt\u00e4m\u00e4tt\u00e4 hieman naiivilta tuoda keskusteluun n\u00e4in yksinkertainen ajatus kun ne yhteiskuntien solmut ovat oikeasti vaikeita avata. Mutta kun viha on noussut politiikan vahvimmaksi k\u00e4ytt\u00f6voimaksi, on sen voittamiseksi olemassa vain yksi sit\u00e4 vahvempi vastavoima. Vihan peli on puhallettava poikki ja tarjottava parempaa tilalle. K\u00e4ynniss\u00e4 ei ole keskustelu keinoista, vaan maailmankuvien kamppailu.<\/span><\/p>\n\n\n\n<p><span style=\"font-weight: 400;\">Kasvavan vihan, kateuden ja itsekkyyden synkent\u00e4m\u00e4 maailma tarvitsee nyt niit\u00e4, jotka tuovat siihen valoa. Vaikka se houkutteleekin, vihaan ei voi vastata vihalla, vaan kierre on katkaistava ennen kuin se kiihtyy katastrofiksi. Viha voidaan voittaa vain tekem\u00e4ll\u00e4 sen vastavoima entist\u00e4 m\u00e4\u00e4r\u00e4tietoisemmin n\u00e4kyv\u00e4ksi. &nbsp;Useimmille ei liene vaikea valita kumman voiman&nbsp;ohjaamassa yhteiskunnassa mieluiten haluaisivat el\u00e4\u00e4: vihan vai sittenkin rakkauden?<\/span><\/p>\n","protected":false},"excerpt":{"rendered":"<p>Juuri nyt on vaikeaa olla optimisti. Amerikkalainen yst\u00e4v\u00e4ni kuvasi tuntemuksiaan Facebookissa ahdistukseksi ja suruksi, ja sai osakseen my\u00f6t\u00e4tuntoa ja vastakaikua eri puolilta maailmaa. L\u00e4ntisess\u00e4 maailmassa monilla tuntuu nyt vallitsevan ik\u00e4v\u00e4 tunne siit\u00e4, ett\u00e4 paljon kaunista ja t\u00e4rke\u00e4\u00e4 on<br \/>\nuhattuna, eh&hellip;<\/p>\n","protected":false},"author":23780,"featured_media":0,"comment_status":"open","ping_status":"closed","sticky":false,"template":"","format":"standard","meta":{"_acf_changed":false,"asauth_required_access_level":0,"asauth_cansharepaid":"true","om_header_attributes":[],"footnotes":"","om_featured_image_focal_point":[],"om_primary_tag":0,"om_contributors":[],"om_co_authors":[],"beyondwords_generate_audio":"","beyondwords_project_id":"","beyondwords_content_id":"","beyondwords_preview_token":"","beyondwords_player_content":"","beyondwords_player_style":"","beyondwords_language_code":"","beyondwords_language_id":"","beyondwords_title_voice_id":"","beyondwords_body_voice_id":"","beyondwords_summary_voice_id":"","beyondwords_error_message":"","beyondwords_disabled":"","beyondwords_delete_content":"","beyondwords_podcast_id":"","beyondwords_hash":"","publish_post_to_speechkit":"","speechkit_hash":"","speechkit_generate_audio":"","speechkit_project_id":"","speechkit_podcast_id":"","speechkit_error_message":"","speechkit_disabled":"","speechkit_access_key":"","speechkit_error":"","speechkit_info":"","speechkit_response":"","speechkit_retries":"","speechkit_status":"","speechkit_updated_at":"","_speechkit_link":"","_speechkit_text":""},"categories":[1],"tags":[],"class_list":["post-1287","post","type-post","status-publish","format-standard","hentry","category-rajalla"],"om_views":null,"acf":{"tuuma_off":false,"tuuma_kysymys":"","tuuma_vastaus":""},"asauth":{"required_access_level":1,"share_token":"","is_paid":false},"yoast_head":"<!-- This site is optimized with the Yoast SEO plugin v26.4 - https:\/\/yoast.com\/wordpress\/plugins\/seo\/ -->\n<title>Mill\u00e4 viha voitetaan? - Rajalla<\/title>\n<meta name=\"robots\" content=\"index, follow, max-snippet:-1, max-image-preview:large, max-video-preview:-1\" \/>\n<link rel=\"canonical\" href=\"https:\/\/suomenkuvalehti.fi\/rajalla\/2017\/01\/27\/milla-viha-voitetaan\/\" \/>\n<meta property=\"og:locale\" content=\"fi_FI\" \/>\n<meta property=\"og:type\" content=\"article\" \/>\n<meta property=\"og:title\" content=\"Mill\u00e4 viha voitetaan? - Rajalla\" \/>\n<meta property=\"og:description\" content=\"Juuri nyt on vaikeaa olla optimisti. Amerikkalainen yst\u00e4v\u00e4ni kuvasi tuntemuksiaan Facebookissa ahdistukseksi ja suruksi, ja sai osakseen my\u00f6t\u00e4tuntoa ja vastakaikua eri puolilta maailmaa. L\u00e4ntisess\u00e4 maailmassa monilla tuntuu nyt vallitsevan ik\u00e4v\u00e4 tunne siit\u00e4, ett\u00e4 paljon kaunista ja t\u00e4rke\u00e4\u00e4 on uhattuna, eh&hellip;\" \/>\n<meta property=\"og:url\" content=\"https:\/\/suomenkuvalehti.fi\/rajalla\/2017\/01\/27\/milla-viha-voitetaan\/\" \/>\n<meta property=\"og:site_name\" content=\"Rajalla\" \/>\n<meta property=\"article:published_time\" content=\"2017-01-27T08:37:11+00:00\" \/>\n<meta property=\"article:modified_time\" content=\"2026-01-20T13:29:27+00:00\" \/>\n<meta property=\"og:image\" content=\"https:\/\/suomenkuvalehti.fi\/rajalla\/wp-content\/uploads\/sites\/31\/2016\/11\/lari_lahi_vaaleampi-1024x1024.jpg\" \/>\n\t<meta property=\"og:image:width\" content=\"1024\" \/>\n\t<meta property=\"og:image:height\" content=\"1024\" \/>\n\t<meta property=\"og:image:type\" content=\"image\/jpeg\" \/>\n<meta name=\"author\" content=\"Lari Lohikoski\" \/>\n<meta name=\"twitter:card\" content=\"summary_large_image\" \/>\n<meta name=\"twitter:creator\" content=\"@https:\/\/twitter.com\/laril\" \/>\n<meta name=\"twitter:label1\" content=\"Written by\" \/>\n\t<meta name=\"twitter:data1\" content=\"Lari Lohikoski\" \/>\n\t<meta name=\"twitter:label2\" content=\"Est. reading time\" \/>\n\t<meta name=\"twitter:data2\" content=\"4 minuuttia\" \/>\n<script type=\"application\/ld+json\" class=\"yoast-schema-graph\">{\"@context\":\"https:\/\/schema.org\",\"@graph\":[{\"@type\":\"WebPage\",\"@id\":\"https:\/\/suomenkuvalehti.fi\/rajalla\/2017\/01\/27\/milla-viha-voitetaan\/\",\"url\":\"https:\/\/suomenkuvalehti.fi\/rajalla\/2017\/01\/27\/milla-viha-voitetaan\/\",\"name\":\"Mill\u00e4 viha voitetaan? - Rajalla\",\"isPartOf\":{\"@id\":\"https:\/\/suomenkuvalehti.fi\/rajalla\/#website\"},\"datePublished\":\"2017-01-27T08:37:11+00:00\",\"dateModified\":\"2026-01-20T13:29:27+00:00\",\"author\":{\"@id\":\"https:\/\/suomenkuvalehti.fi\/rajalla\/#\/schema\/person\/21b943cee2927bf5c068f383b085d2ff\"},\"breadcrumb\":{\"@id\":\"https:\/\/suomenkuvalehti.fi\/rajalla\/2017\/01\/27\/milla-viha-voitetaan\/#breadcrumb\"},\"inLanguage\":\"fi\",\"potentialAction\":[{\"@type\":\"ReadAction\",\"target\":[\"https:\/\/suomenkuvalehti.fi\/rajalla\/2017\/01\/27\/milla-viha-voitetaan\/\"]}]},{\"@type\":\"BreadcrumbList\",\"@id\":\"https:\/\/suomenkuvalehti.fi\/rajalla\/2017\/01\/27\/milla-viha-voitetaan\/#breadcrumb\",\"itemListElement\":[{\"@type\":\"ListItem\",\"position\":1,\"name\":\"Home\",\"item\":\"https:\/\/suomenkuvalehti.fi\/rajalla\/\"},{\"@type\":\"ListItem\",\"position\":2,\"name\":\"Mill\u00e4 viha voitetaan?\"}]},{\"@type\":\"WebSite\",\"@id\":\"https:\/\/suomenkuvalehti.fi\/rajalla\/#website\",\"url\":\"https:\/\/suomenkuvalehti.fi\/rajalla\/\",\"name\":\"Rajalla\",\"description\":\"Kirkon asiantuntijajoukko bloggaa yhteiskunnan ja kirkon rajapinnoilta.\",\"potentialAction\":[{\"@type\":\"SearchAction\",\"target\":{\"@type\":\"EntryPoint\",\"urlTemplate\":\"https:\/\/suomenkuvalehti.fi\/haku\/?q={search_term_string}\"},\"query-input\":{\"@type\":\"PropertyValueSpecification\",\"valueRequired\":true,\"valueName\":\"search_term_string\"}}],\"inLanguage\":\"fi\"},{\"@type\":\"Person\",\"@id\":\"https:\/\/suomenkuvalehti.fi\/rajalla\/#\/schema\/person\/21b943cee2927bf5c068f383b085d2ff\",\"name\":\"Lari Lohikoski\",\"description\":\"Kirjoittaja on verkkoviestint\u00e4p\u00e4\u00e4llikk\u00f6 Kirkon tiedotuskeskuksessa, joka aiemman ty\u00f6uransa on ty\u00f6skennellyt digitaalisten innovaatioiden parissa, mutta ehti ennen digiuraansa opiskella my\u00f6s teologiksi.\",\"sameAs\":[\"https:\/\/x.com\/https:\/\/twitter.com\/laril\"]}]}<\/script>\n<!-- \/ Yoast SEO plugin. -->","yoast_head_json":{"title":"Mill\u00e4 viha voitetaan? - Rajalla","robots":{"index":"index","follow":"follow","max-snippet":"max-snippet:-1","max-image-preview":"max-image-preview:large","max-video-preview":"max-video-preview:-1"},"canonical":"https:\/\/suomenkuvalehti.fi\/rajalla\/2017\/01\/27\/milla-viha-voitetaan\/","og_locale":"fi_FI","og_type":"article","og_title":"Mill\u00e4 viha voitetaan? - Rajalla","og_description":"Juuri nyt on vaikeaa olla optimisti. Amerikkalainen yst\u00e4v\u00e4ni kuvasi tuntemuksiaan Facebookissa ahdistukseksi ja suruksi, ja sai osakseen my\u00f6t\u00e4tuntoa ja vastakaikua eri puolilta maailmaa. L\u00e4ntisess\u00e4 maailmassa monilla tuntuu nyt vallitsevan ik\u00e4v\u00e4 tunne siit\u00e4, ett\u00e4 paljon kaunista ja t\u00e4rke\u00e4\u00e4 on uhattuna, eh&hellip;","og_url":"https:\/\/suomenkuvalehti.fi\/rajalla\/2017\/01\/27\/milla-viha-voitetaan\/","og_site_name":"Rajalla","article_published_time":"2017-01-27T08:37:11+00:00","article_modified_time":"2026-01-20T13:29:27+00:00","og_image":[{"width":1024,"height":1024,"url":"https:\/\/suomenkuvalehti.fi\/rajalla\/wp-content\/uploads\/sites\/31\/2016\/11\/lari_lahi_vaaleampi-1024x1024.jpg","type":"image\/jpeg"}],"author":"Lari Lohikoski","twitter_card":"summary_large_image","twitter_creator":"@https:\/\/twitter.com\/laril","twitter_misc":{"Written by":"Lari Lohikoski","Est. reading time":"4 minuuttia"},"schema":{"@context":"https:\/\/schema.org","@graph":[{"@type":"WebPage","@id":"https:\/\/suomenkuvalehti.fi\/rajalla\/2017\/01\/27\/milla-viha-voitetaan\/","url":"https:\/\/suomenkuvalehti.fi\/rajalla\/2017\/01\/27\/milla-viha-voitetaan\/","name":"Mill\u00e4 viha voitetaan? - Rajalla","isPartOf":{"@id":"https:\/\/suomenkuvalehti.fi\/rajalla\/#website"},"datePublished":"2017-01-27T08:37:11+00:00","dateModified":"2026-01-20T13:29:27+00:00","author":{"@id":"https:\/\/suomenkuvalehti.fi\/rajalla\/#\/schema\/person\/21b943cee2927bf5c068f383b085d2ff"},"breadcrumb":{"@id":"https:\/\/suomenkuvalehti.fi\/rajalla\/2017\/01\/27\/milla-viha-voitetaan\/#breadcrumb"},"inLanguage":"fi","potentialAction":[{"@type":"ReadAction","target":["https:\/\/suomenkuvalehti.fi\/rajalla\/2017\/01\/27\/milla-viha-voitetaan\/"]}]},{"@type":"BreadcrumbList","@id":"https:\/\/suomenkuvalehti.fi\/rajalla\/2017\/01\/27\/milla-viha-voitetaan\/#breadcrumb","itemListElement":[{"@type":"ListItem","position":1,"name":"Home","item":"https:\/\/suomenkuvalehti.fi\/rajalla\/"},{"@type":"ListItem","position":2,"name":"Mill\u00e4 viha voitetaan?"}]},{"@type":"WebSite","@id":"https:\/\/suomenkuvalehti.fi\/rajalla\/#website","url":"https:\/\/suomenkuvalehti.fi\/rajalla\/","name":"Rajalla","description":"Kirkon asiantuntijajoukko bloggaa yhteiskunnan ja kirkon rajapinnoilta.","potentialAction":[{"@type":"SearchAction","target":{"@type":"EntryPoint","urlTemplate":"https:\/\/suomenkuvalehti.fi\/haku\/?q={search_term_string}"},"query-input":{"@type":"PropertyValueSpecification","valueRequired":true,"valueName":"search_term_string"}}],"inLanguage":"fi"},{"@type":"Person","@id":"https:\/\/suomenkuvalehti.fi\/rajalla\/#\/schema\/person\/21b943cee2927bf5c068f383b085d2ff","name":"Lari Lohikoski","description":"Kirjoittaja on verkkoviestint\u00e4p\u00e4\u00e4llikk\u00f6 Kirkon tiedotuskeskuksessa, joka aiemman ty\u00f6uransa on ty\u00f6skennellyt digitaalisten innovaatioiden parissa, mutta ehti ennen digiuraansa opiskella my\u00f6s teologiksi.","sameAs":["https:\/\/x.com\/https:\/\/twitter.com\/laril"]}]}},"_links":{"self":[{"href":"https:\/\/suomenkuvalehti.fi\/rajalla\/wp-json\/wp\/v2\/posts\/1287","targetHints":{"allow":["GET"]}}],"collection":[{"href":"https:\/\/suomenkuvalehti.fi\/rajalla\/wp-json\/wp\/v2\/posts"}],"about":[{"href":"https:\/\/suomenkuvalehti.fi\/rajalla\/wp-json\/wp\/v2\/types\/post"}],"author":[{"embeddable":true,"href":"https:\/\/suomenkuvalehti.fi\/rajalla\/wp-json\/wp\/v2\/users\/23780"}],"replies":[{"embeddable":true,"href":"https:\/\/suomenkuvalehti.fi\/rajalla\/wp-json\/wp\/v2\/comments?post=1287"}],"version-history":[{"count":17,"href":"https:\/\/suomenkuvalehti.fi\/rajalla\/wp-json\/wp\/v2\/posts\/1287\/revisions"}],"predecessor-version":[{"id":1943,"href":"https:\/\/suomenkuvalehti.fi\/rajalla\/wp-json\/wp\/v2\/posts\/1287\/revisions\/1943"}],"wp:attachment":[{"href":"https:\/\/suomenkuvalehti.fi\/rajalla\/wp-json\/wp\/v2\/media?parent=1287"}],"wp:term":[{"taxonomy":"category","embeddable":true,"href":"https:\/\/suomenkuvalehti.fi\/rajalla\/wp-json\/wp\/v2\/categories?post=1287"},{"taxonomy":"post_tag","embeddable":true,"href":"https:\/\/suomenkuvalehti.fi\/rajalla\/wp-json\/wp\/v2\/tags?post=1287"}],"curies":[{"name":"wp","href":"https:\/\/api.w.org\/{rel}","templated":true}]}}