{"id":1275,"date":"2017-01-24T17:09:20","date_gmt":"2017-01-24T15:09:20","guid":{"rendered":"https:\/\/suomenkuvalehti.fi\/rajalla\/?p=1275"},"modified":"2017-01-25T08:54:05","modified_gmt":"2017-01-25T06:54:05","slug":"hyva-huono-kirkko","status":"publish","type":"post","link":"https:\/\/suomenkuvalehti.fi\/rajalla\/2017\/01\/24\/hyva-huono-kirkko\/","title":{"rendered":"Hyv\u00e4 vai huono kirkko"},"content":{"rendered":"\n<p>Viime viikonloppuna vieraili 71 400 messuk\u00e4vij\u00e4\u00e4 Matka2017 \u2013 messuilla Helsingiss\u00e4. Tarjolla oli mahdollisuuksia ja unelmia niin kotimaan kuin ulkomaan matkailua ajatellen.  My\u00f6s kirkon turistity\u00f6ll\u00e4 oli osasto Matkamessuilla. Ehdoton suosikki osastollamme oli kirkkokahvit, joita tarjottiin 3400 messuk\u00e4vij\u00e4lle. <\/p>\n\n\n\n<p>Monelle oli yll\u00e4tys, ett\u00e4 t\u00e4m\u00e4 kirkon \u201dTukiverkko maailmalla\u201d on totta 37 maassa \u2013 ulkomailla asuvia ja matkustavia suomalaisia varten.  N\u00e4m\u00e4 ovat niit\u00e4 matalan kynnyksen paikkoja, jonne voi tulla ihan sellaisena kuin on.  Paikkoja, joissa suomalaisuus ja \u00e4idinkieli tunteiden ja rukouksen kielen\u00e4 korostuvat. Paikka, johon voi turvautua eri kriisien kohdatessa. Sill\u00e4 my\u00f6s lomamatkalla voi olla yll\u00e4tt\u00e4en keskell\u00e4 auto-onnettomuutta ja maata t\u00e4m\u00e4n j\u00e4lkeen yksin sairaalassa, vieraassa maassa. Mik\u00e4 helpotus on tuossa tilanteessa ett\u00e4 voi turvautua paikalliseen ulkosuomalaispappiin ja jutella tilanteesta.  Tai kuinka vaikuttavaa on laulaa yhdess\u00e4 muiden kanssa \u201dMaa on niin kaunis\u201d etel\u00e4n auringon alla. Esimerkkej\u00e4 el\u00e4m\u00e4n iloista ja suruista on paljon.<\/p>\n\n\n\n<p>Vaikka olimme Matkamessuilla kertomassa kirkon ulkosuomalaisty\u00f6st\u00e4, her\u00e4tti kirkon l\u00e4sn\u00e4olo messuilla monia tunteita. N\u00e4iden kymmenen vuoden aikana, kun olen toiminut p\u00e4ivyst\u00e4j\u00e4n\u00e4, olen kohdannut moninaisten asioiden vastustajia ja puolustajia: yhdell\u00e4 on vahva mielipide naispappeutta vastaan (edelleenkin 30 vuoden j\u00e4lkeen), toisella taas kannanotto kirkon roolista koskien homo-avioliittoja ja kolmannella vahva kokemus, ett\u00e4 kirkko \u201dhyys\u00e4\u00e4\u201d muita uskontoja ja maahanmuuttajia. My\u00f6s t\u00e4n\u00e4kin vuonna osa n\u00e4ist\u00e4 keskusteluista oli rakentavia, osalla oli taas k\u00e4yt\u00f6stavat \u201dj\u00e4\u00e4neet\u201d kotiin. Kirkko her\u00e4tt\u00e4\u00e4 tunteita ja n\u00e4in pit\u00e4\u00e4kin. <\/p>\n\n\n\n<p>Matkamessut olivat t\u00e4ynn\u00e4 my\u00f6s toisenlaisia kohtaamisia ja tarinoita.  \u201dKirkko tekee niin paljon hyv\u00e4\u00e4\u201d- oli monen toteamus. \u201dToivoisin, ett\u00e4 julkisuudessa kerrottaisiin enemm\u00e4n kaikesta siit\u00e4 hyv\u00e4st\u00e4, mit\u00e4 kirkollisveroja maksamalla olen tukemassa\u201d. Osa k\u00e4vij\u00f6ist\u00e4 sanoi yksinkertaisesti &#8221;Kiitos&#8221;. <\/p>\n\n\n\n<p>Vaikka sanotaankin, ett\u00e4 \u201dhuono uutinen on hyv\u00e4 uutinen\u201d, kirkolla olisi valtavasti hyvi\u00e4 uutisia ja tarinoita kerrottavanaan. T\u00e4ss\u00e4 maailman myllerryksess\u00e4, ei hyvien tarinoiden kuuleminen tekisi pahaa kenellek\u00e4\u00e4n. V\u00e4lill\u00e4 voi medialta unohtua, mit\u00e4 kaikkea kirkko tekee ihmisten arjessa esimerkiksi v\u00e4h\u00e4varaisten ja v\u00e4liinputoajien auttamiseksi.Haastan sinut kertomaan n\u00e4it\u00e4 pienten ihmisten suuria tarinoita, positiivisia kokemuksia l\u00e4himm\u00e4isenrakkaudesta ja kirkon ty\u00f6st\u00e4. Mik\u00e4 olisi tarinasi?<\/p>\n\n\n","protected":false},"excerpt":{"rendered":"<p>Viime viikonloppuna vieraili 71 400 messuk\u00e4vij\u00e4\u00e4 Matka2017 \u2013 messuilla Helsingiss\u00e4. Tarjolla oli mahdollisuuksia ja unelmia niin kotimaan kuin ulkomaan matkailua ajatellen. My\u00f6s kirkon turistity\u00f6ll\u00e4 oli osasto Matkamessuilla. Ehdoton suosikki osastollamme oli kirkkokahvit, joita tarjottiin 3400<br \/>\nmessuk\u00e4v&hellip;<\/p>\n","protected":false},"author":15728,"featured_media":0,"comment_status":"open","ping_status":"closed","sticky":false,"template":"","format":"standard","meta":{"_acf_changed":false,"asauth_required_access_level":0,"asauth_cansharepaid":"true","om_header_attributes":[],"footnotes":"","om_featured_image_focal_point":[],"om_primary_tag":0,"om_contributors":[],"om_co_authors":[],"beyondwords_generate_audio":"","beyondwords_project_id":"","beyondwords_content_id":"","beyondwords_preview_token":"","beyondwords_player_content":"","beyondwords_player_style":"","beyondwords_language_code":"","beyondwords_language_id":"","beyondwords_title_voice_id":"","beyondwords_body_voice_id":"","beyondwords_summary_voice_id":"","beyondwords_error_message":"","beyondwords_disabled":"","beyondwords_delete_content":"","beyondwords_podcast_id":"","beyondwords_hash":"","publish_post_to_speechkit":"","speechkit_hash":"","speechkit_generate_audio":"","speechkit_project_id":"","speechkit_podcast_id":"","speechkit_error_message":"","speechkit_disabled":"","speechkit_access_key":"","speechkit_error":"","speechkit_info":"","speechkit_response":"","speechkit_retries":"","speechkit_status":"","speechkit_updated_at":"","_speechkit_link":"","_speechkit_text":""},"categories":[1],"tags":[532,531,377,534,535,533],"class_list":["post-1275","post","type-post","status-publish","format-standard","hentry","category-rajalla","tag-huono-kirkko","tag-hyva-kirkko","tag-hyva-uutinen","tag-kirkon-turistityo","tag-kirkon-ulkosuomalaistyo","tag-matkamessut"],"om_views":null,"acf":{"tuuma_off":false,"tuuma_kysymys":"","tuuma_vastaus":""},"asauth":{"required_access_level":1,"share_token":"","is_paid":false},"yoast_head":"<!-- This site is optimized with the Yoast SEO plugin v26.4 - https:\/\/yoast.com\/wordpress\/plugins\/seo\/ -->\n<title>Hyv\u00e4 vai huono kirkko - Rajalla<\/title>\n<meta name=\"robots\" content=\"index, follow, max-snippet:-1, max-image-preview:large, max-video-preview:-1\" \/>\n<link rel=\"canonical\" href=\"https:\/\/suomenkuvalehti.fi\/rajalla\/2017\/01\/24\/hyva-huono-kirkko\/\" \/>\n<meta property=\"og:locale\" content=\"fi_FI\" \/>\n<meta property=\"og:type\" content=\"article\" \/>\n<meta property=\"og:title\" content=\"Hyv\u00e4 vai huono kirkko - Rajalla\" \/>\n<meta property=\"og:description\" content=\"Viime viikonloppuna vieraili 71 400 messuk\u00e4vij\u00e4\u00e4 Matka2017 \u2013 messuilla Helsingiss\u00e4. Tarjolla oli mahdollisuuksia ja unelmia niin kotimaan kuin ulkomaan matkailua ajatellen. My\u00f6s kirkon turistity\u00f6ll\u00e4 oli osasto Matkamessuilla. Ehdoton suosikki osastollamme oli kirkkokahvit, joita tarjottiin 3400 messuk\u00e4v&hellip;\" \/>\n<meta property=\"og:url\" content=\"https:\/\/suomenkuvalehti.fi\/rajalla\/2017\/01\/24\/hyva-huono-kirkko\/\" \/>\n<meta property=\"og:site_name\" content=\"Rajalla\" \/>\n<meta property=\"article:author\" content=\"https:\/\/www.facebook.com\/Ulkosuomalaiset\/\" \/>\n<meta property=\"article:published_time\" content=\"2017-01-24T15:09:20+00:00\" \/>\n<meta property=\"article:modified_time\" content=\"2017-01-25T06:54:05+00:00\" \/>\n<meta name=\"author\" content=\"Susanna Merikanto-Timonen\" \/>\n<meta name=\"twitter:card\" content=\"summary_large_image\" \/>\n<meta name=\"twitter:creator\" content=\"@https:\/\/twitter.com\/Susmer2014\" \/>\n<meta name=\"twitter:label1\" content=\"Written by\" \/>\n\t<meta name=\"twitter:data1\" content=\"Susanna Merikanto-Timonen\" \/>\n\t<meta name=\"twitter:label2\" content=\"Est. reading time\" \/>\n\t<meta name=\"twitter:data2\" content=\"2 minuuttia\" \/>\n<script type=\"application\/ld+json\" class=\"yoast-schema-graph\">{\"@context\":\"https:\/\/schema.org\",\"@graph\":[{\"@type\":\"WebPage\",\"@id\":\"https:\/\/suomenkuvalehti.fi\/rajalla\/2017\/01\/24\/hyva-huono-kirkko\/\",\"url\":\"https:\/\/suomenkuvalehti.fi\/rajalla\/2017\/01\/24\/hyva-huono-kirkko\/\",\"name\":\"Hyv\u00e4 vai huono kirkko - Rajalla\",\"isPartOf\":{\"@id\":\"https:\/\/suomenkuvalehti.fi\/rajalla\/#website\"},\"datePublished\":\"2017-01-24T15:09:20+00:00\",\"dateModified\":\"2017-01-25T06:54:05+00:00\",\"author\":{\"@id\":\"https:\/\/suomenkuvalehti.fi\/rajalla\/#\/schema\/person\/d4c446facd6c1f4ae23d72d77b674691\"},\"breadcrumb\":{\"@id\":\"https:\/\/suomenkuvalehti.fi\/rajalla\/2017\/01\/24\/hyva-huono-kirkko\/#breadcrumb\"},\"inLanguage\":\"fi\",\"potentialAction\":[{\"@type\":\"ReadAction\",\"target\":[\"https:\/\/suomenkuvalehti.fi\/rajalla\/2017\/01\/24\/hyva-huono-kirkko\/\"]}]},{\"@type\":\"BreadcrumbList\",\"@id\":\"https:\/\/suomenkuvalehti.fi\/rajalla\/2017\/01\/24\/hyva-huono-kirkko\/#breadcrumb\",\"itemListElement\":[{\"@type\":\"ListItem\",\"position\":1,\"name\":\"Home\",\"item\":\"https:\/\/suomenkuvalehti.fi\/rajalla\/\"},{\"@type\":\"ListItem\",\"position\":2,\"name\":\"Hyv\u00e4 vai huono kirkko\"}]},{\"@type\":\"WebSite\",\"@id\":\"https:\/\/suomenkuvalehti.fi\/rajalla\/#website\",\"url\":\"https:\/\/suomenkuvalehti.fi\/rajalla\/\",\"name\":\"Rajalla\",\"description\":\"Kirkon asiantuntijajoukko bloggaa yhteiskunnan ja kirkon rajapinnoilta.\",\"potentialAction\":[{\"@type\":\"SearchAction\",\"target\":{\"@type\":\"EntryPoint\",\"urlTemplate\":\"https:\/\/suomenkuvalehti.fi\/haku\/?q={search_term_string}\"},\"query-input\":{\"@type\":\"PropertyValueSpecification\",\"valueRequired\":true,\"valueName\":\"search_term_string\"}}],\"inLanguage\":\"fi\"},{\"@type\":\"Person\",\"@id\":\"https:\/\/suomenkuvalehti.fi\/rajalla\/#\/schema\/person\/d4c446facd6c1f4ae23d72d77b674691\",\"name\":\"Susanna Merikanto-Timonen\",\"description\":\"Olen kirkon ulkosuomalaisty\u00f6n koordinaattori, pastori sek\u00e4 viestinn\u00e4n ammattilainen. Bloggaan ulkosuomalaisuudesta, maastamuutosta ja suomalaisista paluumuuttajista. Kaikille niille, joita ulkosuomalaisuus koskettaa v\u00e4lillisesti tai suoraan. Ulkosuomalaisuuden kokemusta minulla on Belgiasta, Saksasta ja Yhdysvalloista.\",\"sameAs\":[\"https:\/\/evl.fi\/maailmalla\/ulkosuomalaiset\",\"https:\/\/www.facebook.com\/Ulkosuomalaiset\/\",\"https:\/\/x.com\/https:\/\/twitter.com\/Susmer2014\",\"https:\/\/www.youtube.com\/watch?v=VOoO05Al_X8&list=PLAj4rdeLjTkM0Erw6Qp8YIJ3BEIqORRij\"]}]}<\/script>\n<!-- \/ Yoast SEO plugin. -->","yoast_head_json":{"title":"Hyv\u00e4 vai huono kirkko - Rajalla","robots":{"index":"index","follow":"follow","max-snippet":"max-snippet:-1","max-image-preview":"max-image-preview:large","max-video-preview":"max-video-preview:-1"},"canonical":"https:\/\/suomenkuvalehti.fi\/rajalla\/2017\/01\/24\/hyva-huono-kirkko\/","og_locale":"fi_FI","og_type":"article","og_title":"Hyv\u00e4 vai huono kirkko - Rajalla","og_description":"Viime viikonloppuna vieraili 71 400 messuk\u00e4vij\u00e4\u00e4 Matka2017 \u2013 messuilla Helsingiss\u00e4. Tarjolla oli mahdollisuuksia ja unelmia niin kotimaan kuin ulkomaan matkailua ajatellen. My\u00f6s kirkon turistity\u00f6ll\u00e4 oli osasto Matkamessuilla. Ehdoton suosikki osastollamme oli kirkkokahvit, joita tarjottiin 3400 messuk\u00e4v&hellip;","og_url":"https:\/\/suomenkuvalehti.fi\/rajalla\/2017\/01\/24\/hyva-huono-kirkko\/","og_site_name":"Rajalla","article_author":"https:\/\/www.facebook.com\/Ulkosuomalaiset\/","article_published_time":"2017-01-24T15:09:20+00:00","article_modified_time":"2017-01-25T06:54:05+00:00","author":"Susanna Merikanto-Timonen","twitter_card":"summary_large_image","twitter_creator":"@https:\/\/twitter.com\/Susmer2014","twitter_misc":{"Written by":"Susanna Merikanto-Timonen","Est. reading time":"2 minuuttia"},"schema":{"@context":"https:\/\/schema.org","@graph":[{"@type":"WebPage","@id":"https:\/\/suomenkuvalehti.fi\/rajalla\/2017\/01\/24\/hyva-huono-kirkko\/","url":"https:\/\/suomenkuvalehti.fi\/rajalla\/2017\/01\/24\/hyva-huono-kirkko\/","name":"Hyv\u00e4 vai huono kirkko - Rajalla","isPartOf":{"@id":"https:\/\/suomenkuvalehti.fi\/rajalla\/#website"},"datePublished":"2017-01-24T15:09:20+00:00","dateModified":"2017-01-25T06:54:05+00:00","author":{"@id":"https:\/\/suomenkuvalehti.fi\/rajalla\/#\/schema\/person\/d4c446facd6c1f4ae23d72d77b674691"},"breadcrumb":{"@id":"https:\/\/suomenkuvalehti.fi\/rajalla\/2017\/01\/24\/hyva-huono-kirkko\/#breadcrumb"},"inLanguage":"fi","potentialAction":[{"@type":"ReadAction","target":["https:\/\/suomenkuvalehti.fi\/rajalla\/2017\/01\/24\/hyva-huono-kirkko\/"]}]},{"@type":"BreadcrumbList","@id":"https:\/\/suomenkuvalehti.fi\/rajalla\/2017\/01\/24\/hyva-huono-kirkko\/#breadcrumb","itemListElement":[{"@type":"ListItem","position":1,"name":"Home","item":"https:\/\/suomenkuvalehti.fi\/rajalla\/"},{"@type":"ListItem","position":2,"name":"Hyv\u00e4 vai huono kirkko"}]},{"@type":"WebSite","@id":"https:\/\/suomenkuvalehti.fi\/rajalla\/#website","url":"https:\/\/suomenkuvalehti.fi\/rajalla\/","name":"Rajalla","description":"Kirkon asiantuntijajoukko bloggaa yhteiskunnan ja kirkon rajapinnoilta.","potentialAction":[{"@type":"SearchAction","target":{"@type":"EntryPoint","urlTemplate":"https:\/\/suomenkuvalehti.fi\/haku\/?q={search_term_string}"},"query-input":{"@type":"PropertyValueSpecification","valueRequired":true,"valueName":"search_term_string"}}],"inLanguage":"fi"},{"@type":"Person","@id":"https:\/\/suomenkuvalehti.fi\/rajalla\/#\/schema\/person\/d4c446facd6c1f4ae23d72d77b674691","name":"Susanna Merikanto-Timonen","description":"Olen kirkon ulkosuomalaisty\u00f6n koordinaattori, pastori sek\u00e4 viestinn\u00e4n ammattilainen. Bloggaan ulkosuomalaisuudesta, maastamuutosta ja suomalaisista paluumuuttajista. Kaikille niille, joita ulkosuomalaisuus koskettaa v\u00e4lillisesti tai suoraan. Ulkosuomalaisuuden kokemusta minulla on Belgiasta, Saksasta ja Yhdysvalloista.","sameAs":["https:\/\/evl.fi\/maailmalla\/ulkosuomalaiset","https:\/\/www.facebook.com\/Ulkosuomalaiset\/","https:\/\/x.com\/https:\/\/twitter.com\/Susmer2014","https:\/\/www.youtube.com\/watch?v=VOoO05Al_X8&list=PLAj4rdeLjTkM0Erw6Qp8YIJ3BEIqORRij"]}]}},"_links":{"self":[{"href":"https:\/\/suomenkuvalehti.fi\/rajalla\/wp-json\/wp\/v2\/posts\/1275","targetHints":{"allow":["GET"]}}],"collection":[{"href":"https:\/\/suomenkuvalehti.fi\/rajalla\/wp-json\/wp\/v2\/posts"}],"about":[{"href":"https:\/\/suomenkuvalehti.fi\/rajalla\/wp-json\/wp\/v2\/types\/post"}],"author":[{"embeddable":true,"href":"https:\/\/suomenkuvalehti.fi\/rajalla\/wp-json\/wp\/v2\/users\/15728"}],"replies":[{"embeddable":true,"href":"https:\/\/suomenkuvalehti.fi\/rajalla\/wp-json\/wp\/v2\/comments?post=1275"}],"version-history":[{"count":6,"href":"https:\/\/suomenkuvalehti.fi\/rajalla\/wp-json\/wp\/v2\/posts\/1275\/revisions"}],"predecessor-version":[{"id":1283,"href":"https:\/\/suomenkuvalehti.fi\/rajalla\/wp-json\/wp\/v2\/posts\/1275\/revisions\/1283"}],"wp:attachment":[{"href":"https:\/\/suomenkuvalehti.fi\/rajalla\/wp-json\/wp\/v2\/media?parent=1275"}],"wp:term":[{"taxonomy":"category","embeddable":true,"href":"https:\/\/suomenkuvalehti.fi\/rajalla\/wp-json\/wp\/v2\/categories?post=1275"},{"taxonomy":"post_tag","embeddable":true,"href":"https:\/\/suomenkuvalehti.fi\/rajalla\/wp-json\/wp\/v2\/tags?post=1275"}],"curies":[{"name":"wp","href":"https:\/\/api.w.org\/{rel}","templated":true}]}}